{"id":153788,"date":"2025-12-11T06:45:00","date_gmt":"2025-12-11T09:45:00","guid":{"rendered":"https:\/\/www.correiobraziliense.com.br\/cbradar\/?p=153788"},"modified":"2025-12-10T10:54:50","modified_gmt":"2025-12-10T13:54:50","slug":"nomes-compostos-que-dao-prazer-em-ouvir-e-por-que-algumas-combinacoes-funcionam-tao-bem","status":"publish","type":"post","link":"https:\/\/www.correiobraziliense.com.br\/cbradar\/nomes-compostos-que-dao-prazer-em-ouvir-e-por-que-algumas-combinacoes-funcionam-tao-bem\/","title":{"rendered":"Nomes compostos que d\u00e3o prazer em ouvir e por que algumas combina\u00e7\u00f5es funcionam t\u00e3o bem"},"content":{"rendered":"\n<p>Em 2025, muitos pais continuam buscando nomes compostos que soem harmoniosos, modernos e agrad\u00e1veis de ouvir. Combina\u00e7\u00f5es como <strong>Maria Flor<\/strong>, <strong>Jo\u00e3o Miguel<\/strong> e <strong>Ana Lu\u00edsa<\/strong> permanecem populares porque equilibram leveza, ritmo e significado, tr\u00eas fatores que <a href=\"https:\/\/www.correiobraziliense.com.br\/cbradar\/nomes-de-menina-com-3-letras-que-estao-bombando-em-2025\" target=\"_blank\" rel=\"noreferrer noopener\">influenciam diretamente a escolha<\/a>.<\/p>\n\n\n\n<h2 class=\"wp-block-heading\">O que faz um nome composto soar t\u00e3o harmonioso?<\/h2>\n\n\n\n<p>A sonoridade \u00e9 um dos elementos mais importantes. Nomes compostos funcionam melhor quando existe um <strong>ritmo natural<\/strong> entre as s\u00edlabas: uma combina\u00e7\u00e3o de nome curto com outro mais longo, ou um nome suave seguido de um nome forte.<\/p>\n\n\n\n<p>Al\u00e9m disso, nomes que alternam vogais e consoantes de maneira fluida criam um som cont\u00ednuo, f\u00e1cil de pronunciar e memor\u00e1vel. \u00c9 por isso que combina\u00e7\u00f5es com duas a tr\u00eas s\u00edlabas no total tendem a ser as favoritas.<\/p>\n\n\n<div class=\"wp-block-image\">\n<figure class=\"aligncenter size-large\"><img decoding=\"async\" width=\"1024\" height=\"576\" src=\"https:\/\/www.correiobraziliense.com.br\/cbradar\/wp-content\/uploads\/2025\/12\/baby-boy_1765309859431-1024x576.jpg\" alt=\"Nomes compostos que d\u00e3o prazer em ouvir e por que algumas combina\u00e7\u00f5es funcionam t\u00e3o bem\" class=\"wp-image-153387\" srcset=\"https:\/\/www.correiobraziliense.com.br\/cbradar\/wp-content\/uploads\/2025\/12\/baby-boy_1765309859431-1024x576.jpg 1024w, https:\/\/www.correiobraziliense.com.br\/cbradar\/wp-content\/uploads\/2025\/12\/baby-boy_1765309859431-300x169.jpg 300w, https:\/\/www.correiobraziliense.com.br\/cbradar\/wp-content\/uploads\/2025\/12\/baby-boy_1765309859431-768x432.jpg 768w, https:\/\/www.correiobraziliense.com.br\/cbradar\/wp-content\/uploads\/2025\/12\/baby-boy_1765309859431-750x422.jpg 750w, https:\/\/www.correiobraziliense.com.br\/cbradar\/wp-content\/uploads\/2025\/12\/baby-boy_1765309859431-1140x641.jpg 1140w, https:\/\/www.correiobraziliense.com.br\/cbradar\/wp-content\/uploads\/2025\/12\/baby-boy_1765309859431.jpg 1280w\" sizes=\"(max-width: 1024px) 100vw, 1024px\" \/><figcaption class=\"wp-element-caption\">Nomes compostos funcionam melhor quando existe um ritmo natural entre as s\u00edlabas &#8211; Cr\u00e9ditos: depositphotos.com \/ NatashaFedorova<\/figcaption><\/figure><\/div>\n\n\n<h2 class=\"wp-block-heading\">Por que Maria Flor, Jo\u00e3o Miguel e Ana Lu\u00edsa continuam entre os mais escolhidos?<\/h2>\n\n\n\n<p><strong>Maria Flor<\/strong> combina o cl\u00e1ssico com o moderno: \u201cMaria\u201d traz tradi\u00e7\u00e3o e suavidade, enquanto \u201cFlor\u201d adiciona leveza e um toque po\u00e9tico. O resultado \u00e9 curto, doce e de pron\u00fancia f\u00e1cil.<\/p>\n\n\n\n<p><strong>Jo\u00e3o Miguel<\/strong> mistura for\u00e7a e tradi\u00e7\u00e3o. Jo\u00e3o \u00e9 um dos nomes mais antigos e populares do Brasil; Miguel, por sua vez, acrescenta energia e atualidade. O conjunto soa firme, equilibrado e universal.<\/p>\n\n\n\n<p><strong>Ana Lu\u00edsa<\/strong> funciona pela fluidez. \u201cAna\u201d \u00e9 curto e suave, enquanto \u201cLu\u00edsa\u201d tem musicalidade e movimento. As vogais abertas no final tornam o nome agrad\u00e1vel ao ouvido.<\/p>\n\n\n\n<h2 class=\"wp-block-heading\">Outras combina\u00e7\u00f5es que est\u00e3o em alta em 2025:<\/h2>\n\n\n\n<p>Al\u00e9m dos cl\u00e1ssicos, algumas combina\u00e7\u00f5es recentes v\u00eam ganhando for\u00e7a entre fam\u00edlias que buscam nomes bonitos e modernos:<\/p>\n\n\n\n<ul class=\"wp-block-list\">\n<li><strong>Isa Clara<\/strong> \u2014 leve, atual e com ritmo r\u00e1pido;<\/li>\n\n\n\n<li><strong>Ben\u00edcio Luca<\/strong> \u2014 mistura contempor\u00e2nea e elegante;<\/li>\n\n\n\n<li><strong>Lia Maria<\/strong> \u2014 curto, delicado e f\u00e1cil de falar;<\/li>\n\n\n\n<li><strong>Heitor Jo\u00e3o<\/strong> \u2014 forte, tradicional e com boa cad\u00eancia;<\/li>\n\n\n\n<li><strong>Eva Luna<\/strong> \u2014 suave, internacional e sonoro.<\/li>\n<\/ul>\n\n\n\n<p>Esses nomes seguem o mesmo padr\u00e3o de equil\u00edbrio entre tradi\u00e7\u00e3o e novidade, al\u00e9m de manterem uma estrutura sonora fluida.<\/p>\n\n\n<div class=\"wp-block-image\">\n<figure class=\"aligncenter size-large\"><img decoding=\"async\" width=\"1024\" height=\"576\" src=\"https:\/\/www.correiobraziliense.com.br\/cbradar\/wp-content\/uploads\/2025\/12\/toddler-girl_1765301197830-1024x576.jpg\" alt=\"Nomes compostos que d\u00e3o prazer em ouvir e por que algumas combina\u00e7\u00f5es funcionam t\u00e3o bem\" class=\"wp-image-153324\" srcset=\"https:\/\/www.correiobraziliense.com.br\/cbradar\/wp-content\/uploads\/2025\/12\/toddler-girl_1765301197830-1024x576.jpg 1024w, https:\/\/www.correiobraziliense.com.br\/cbradar\/wp-content\/uploads\/2025\/12\/toddler-girl_1765301197830-300x169.jpg 300w, https:\/\/www.correiobraziliense.com.br\/cbradar\/wp-content\/uploads\/2025\/12\/toddler-girl_1765301197830-768x432.jpg 768w, https:\/\/www.correiobraziliense.com.br\/cbradar\/wp-content\/uploads\/2025\/12\/toddler-girl_1765301197830-750x422.jpg 750w, https:\/\/www.correiobraziliense.com.br\/cbradar\/wp-content\/uploads\/2025\/12\/toddler-girl_1765301197830-1140x641.jpg 1140w, https:\/\/www.correiobraziliense.com.br\/cbradar\/wp-content\/uploads\/2025\/12\/toddler-girl_1765301197830.jpg 1280w\" sizes=\"(max-width: 1024px) 100vw, 1024px\" \/><figcaption class=\"wp-element-caption\">Uma boa combina\u00e7\u00e3o come\u00e7a avaliando tr\u00eas pontos: ritmo, significado e facilidade de pron\u00fancia &#8211; Cr\u00e9ditos: depositphotos.com \/ HayDmitriy<\/figcaption><\/figure><\/div>\n\n\n<h2 class=\"wp-block-heading\">Como escolher um nome composto que combine bem?<\/h2>\n\n\n\n<p>Uma boa combina\u00e7\u00e3o come\u00e7a avaliando tr\u00eas pontos: <strong>ritmo, significado e facilidade de pron\u00fancia<\/strong>. Nomes com n\u00famero diferente de s\u00edlabas costumam combinar melhor, por exemplo, um nome curto seguido de um m\u00e9dio.<\/p>\n\n\n\n<p>Nomes compostos podem ter diversas combina\u00e7\u00f5es, abaixo, um v\u00eddeo por <strong>universodosbebes <\/strong>no TikTok para ideias:<\/p>\n\n\n\n<figure class=\"wp-block-embed is-type-video is-provider-tiktok wp-block-embed-tiktok\"><div class=\"wp-block-embed__wrapper\">\n<blockquote class=\"tiktok-embed\" cite=\"https:\/\/www.tiktok.com\/@universodosbebes\/video\/7362546770674519301\" data-video-id=\"7362546770674519301\" data-embed-from=\"oembed\" style=\"max-width:605px; min-width:325px;\"> <section> <a target=\"_blank\" title=\"@universodosbebes\" href=\"https:\/\/www.tiktok.com\/@universodosbebes?refer=embed\">@universodosbebes<\/a> <p>Nomes compostos lindos para menina <a title=\"nome\" target=\"_blank\" href=\"https:\/\/www.tiktok.com\/tag\/nome?refer=embed\">#nome<\/a> <a title=\"nombres\" target=\"_blank\" href=\"https:\/\/www.tiktok.com\/tag\/nombres?refer=embed\">#nombres<\/a> <a title=\"maternidade\" target=\"_blank\" href=\"https:\/\/www.tiktok.com\/tag\/maternidade?refer=embed\">#maternidade<\/a> <a title=\"inspiracao\" target=\"_blank\" href=\"https:\/\/www.tiktok.com\/tag\/inspiracao?refer=embed\">#inspiracao<\/a> <a title=\"nombresdeni\u00f1a\" target=\"_blank\" href=\"https:\/\/www.tiktok.com\/tag\/nombresdeni%C3%B1a?refer=embed\">#nombresdeni\u00f1a<\/a> <a title=\"maedemenina\" target=\"_blank\" href=\"https:\/\/www.tiktok.com\/tag\/maedemenina?refer=embed\">#maedemenina<\/a> <\/p> <a target=\"_blank\" title=\"\u266c See You Again - Melodia Simples\" href=\"https:\/\/www.tiktok.com\/music\/See-You-Again-7304704881092184066?refer=embed\">\u266c See You Again &#8211; Melodia Simples<\/a> <\/section> <\/blockquote> <script async src=\"https:\/\/www.tiktok.com\/embed.js\"><\/script>\n<\/div><\/figure>\n\n\n\n<p>Outra dica \u00e9 observar como o nome completo soa com o sobrenome da fam\u00edlia. Quando o conjunto inteiro tem fluidez, a escolha tende a se tornar ainda mais agrad\u00e1vel. Por fim, optar por nomes com significados complementares cria uma sensa\u00e7\u00e3o simb\u00f3lica que muitos pais valorizam.<\/p>\n","protected":false},"excerpt":{"rendered":"<p>Em 2025, muitos pais continuam buscando nomes compostos que soem harmoniosos, modernos e agrad\u00e1veis de ouvir. Combina\u00e7\u00f5es como Maria Flor, Jo\u00e3o Miguel e Ana Lu\u00edsa permanecem populares porque equilibram leveza, ritmo e significado, tr\u00eas fatores que influenciam diretamente a escolha. O que faz um nome composto soar t\u00e3o harmonioso? A sonoridade \u00e9 um dos elementos [&hellip;]<\/p>\n","protected":false},"author":18,"featured_media":153792,"comment_status":"open","ping_status":"open","sticky":false,"template":"","format":"standard","meta":{"_yoast_wpseo_focuskw":"nomes compostos e por que combinam","_yoast_wpseo_title":"","_yoast_wpseo_metadesc":"Nomes compostos como Maria Flor e Jo\u00e3o Miguel seguem encantando em 2025 por sua sonoridade \u00fanica e significado profundo.","jnews-multi-image_gallery":[],"jnews_single_post":{"format":"standard"},"jnews_primary_category":[],"jnews_social_meta":[],"jnews_override_counter":[],"footnotes":""},"categories":[112],"post_tag":[7284,5202,12551,12232],"class_list":["post-153788","post","type-post","status-publish","format-standard","has-post-thumbnail","hentry","category-curiosidades","tag-harmonia","tag-nomes","tag-nomes-compostos","tag-popularidade"],"yoast_head":"<!-- This site is optimized with the Yoast SEO plugin v24.6 - https:\/\/yoast.com\/wordpress\/plugins\/seo\/ -->\n<title>Nomes compostos que d\u00e3o prazer em ouvir e por que algumas combina\u00e7\u00f5es funcionam t\u00e3o bem - Correio Braziliense - Radar<\/title>\n<meta name=\"description\" content=\"Nomes compostos como Maria Flor e Jo\u00e3o Miguel seguem encantando em 2025 por sua sonoridade \u00fanica e significado profundo.\" \/>\n<meta name=\"robots\" content=\"index, follow, max-snippet:-1, max-image-preview:large, max-video-preview:-1\" \/>\n<link rel=\"canonical\" href=\"https:\/\/www.correiobraziliense.com.br\/cbradar\/nomes-compostos-que-dao-prazer-em-ouvir-e-por-que-algumas-combinacoes-funcionam-tao-bem\/\" \/>\n<meta property=\"og:locale\" content=\"pt_BR\" \/>\n<meta property=\"og:type\" content=\"article\" \/>\n<meta property=\"og:title\" content=\"Nomes compostos que d\u00e3o prazer em ouvir e por que algumas combina\u00e7\u00f5es funcionam t\u00e3o bem - Correio Braziliense - Radar\" \/>\n<meta property=\"og:description\" content=\"Nomes compostos como Maria Flor e Jo\u00e3o Miguel seguem encantando em 2025 por sua sonoridade \u00fanica e significado profundo.\" \/>\n<meta property=\"og:url\" content=\"https:\/\/www.correiobraziliense.com.br\/cbradar\/nomes-compostos-que-dao-prazer-em-ouvir-e-por-que-algumas-combinacoes-funcionam-tao-bem\/\" \/>\n<meta property=\"og:site_name\" content=\"Correio Braziliense - Radar\" \/>\n<meta property=\"article:published_time\" content=\"2025-12-11T09:45:00+00:00\" \/>\n<meta property=\"og:image\" content=\"https:\/\/www.correiobraziliense.com.br\/cbradar\/wp-content\/uploads\/2025\/12\/babies_1765374789981.jpg\" \/>\n\t<meta property=\"og:image:width\" content=\"1280\" \/>\n\t<meta property=\"og:image:height\" content=\"720\" \/>\n\t<meta property=\"og:image:type\" content=\"image\/jpeg\" \/>\n<meta name=\"author\" content=\"Maria Eduarda Pacheco\" \/>\n<meta name=\"twitter:card\" content=\"summary_large_image\" \/>\n<meta name=\"twitter:label1\" content=\"Escrito por\" \/>\n\t<meta name=\"twitter:data1\" content=\"Maria Eduarda Pacheco\" \/>\n\t<meta name=\"twitter:label2\" content=\"Est. tempo de leitura\" \/>\n\t<meta name=\"twitter:data2\" content=\"4 minutos\" \/>\n<!-- \/ Yoast SEO plugin. -->","yoast_head_json":{"title":"Nomes compostos que d\u00e3o prazer em ouvir e por que algumas combina\u00e7\u00f5es funcionam t\u00e3o bem - Correio Braziliense - Radar","description":"Nomes compostos como Maria Flor e Jo\u00e3o Miguel seguem encantando em 2025 por sua sonoridade \u00fanica e significado profundo.","robots":{"index":"index","follow":"follow","max-snippet":"max-snippet:-1","max-image-preview":"max-image-preview:large","max-video-preview":"max-video-preview:-1"},"canonical":"https:\/\/www.correiobraziliense.com.br\/cbradar\/nomes-compostos-que-dao-prazer-em-ouvir-e-por-que-algumas-combinacoes-funcionam-tao-bem\/","og_locale":"pt_BR","og_type":"article","og_title":"Nomes compostos que d\u00e3o prazer em ouvir e por que algumas combina\u00e7\u00f5es funcionam t\u00e3o bem - Correio Braziliense - Radar","og_description":"Nomes compostos como Maria Flor e Jo\u00e3o Miguel seguem encantando em 2025 por sua sonoridade \u00fanica e significado profundo.","og_url":"https:\/\/www.correiobraziliense.com.br\/cbradar\/nomes-compostos-que-dao-prazer-em-ouvir-e-por-que-algumas-combinacoes-funcionam-tao-bem\/","og_site_name":"Correio Braziliense - Radar","article_published_time":"2025-12-11T09:45:00+00:00","og_image":[{"width":1280,"height":720,"url":"https:\/\/www.correiobraziliense.com.br\/cbradar\/wp-content\/uploads\/2025\/12\/babies_1765374789981.jpg","type":"image\/jpeg"}],"author":"Maria Eduarda Pacheco","twitter_card":"summary_large_image","twitter_misc":{"Escrito por":"Maria Eduarda Pacheco","Est. tempo de leitura":"4 minutos"},"schema":{"@context":"https:\/\/schema.org","@graph":[{"@type":"WebPage","@id":"https:\/\/www.correiobraziliense.com.br\/cbradar\/nomes-compostos-que-dao-prazer-em-ouvir-e-por-que-algumas-combinacoes-funcionam-tao-bem\/","url":"https:\/\/www.correiobraziliense.com.br\/cbradar\/nomes-compostos-que-dao-prazer-em-ouvir-e-por-que-algumas-combinacoes-funcionam-tao-bem\/","name":"Nomes compostos que d\u00e3o prazer em ouvir e por que algumas combina\u00e7\u00f5es funcionam t\u00e3o bem - Correio Braziliense - Radar","isPartOf":{"@id":"https:\/\/www.correiobraziliense.com.br\/cbradar\/#website"},"primaryImageOfPage":{"@id":"https:\/\/www.correiobraziliense.com.br\/cbradar\/nomes-compostos-que-dao-prazer-em-ouvir-e-por-que-algumas-combinacoes-funcionam-tao-bem\/#primaryimage"},"image":{"@id":"https:\/\/www.correiobraziliense.com.br\/cbradar\/nomes-compostos-que-dao-prazer-em-ouvir-e-por-que-algumas-combinacoes-funcionam-tao-bem\/#primaryimage"},"thumbnailUrl":"https:\/\/www.correiobraziliense.com.br\/cbradar\/wp-content\/uploads\/2025\/12\/babies_1765374789981.jpg","datePublished":"2025-12-11T09:45:00+00:00","author":{"@id":"https:\/\/www.correiobraziliense.com.br\/cbradar\/#\/schema\/person\/6fdd694c4c0d658f15df15f390ddf066"},"description":"Nomes compostos como Maria Flor e Jo\u00e3o Miguel seguem encantando em 2025 por sua sonoridade \u00fanica e significado profundo.","breadcrumb":{"@id":"https:\/\/www.correiobraziliense.com.br\/cbradar\/nomes-compostos-que-dao-prazer-em-ouvir-e-por-que-algumas-combinacoes-funcionam-tao-bem\/#breadcrumb"},"inLanguage":"pt-BR","potentialAction":[{"@type":"ReadAction","target":["https:\/\/www.correiobraziliense.com.br\/cbradar\/nomes-compostos-que-dao-prazer-em-ouvir-e-por-que-algumas-combinacoes-funcionam-tao-bem\/"]}]},{"@type":"ImageObject","inLanguage":"pt-BR","@id":"https:\/\/www.correiobraziliense.com.br\/cbradar\/nomes-compostos-que-dao-prazer-em-ouvir-e-por-que-algumas-combinacoes-funcionam-tao-bem\/#primaryimage","url":"https:\/\/www.correiobraziliense.com.br\/cbradar\/wp-content\/uploads\/2025\/12\/babies_1765374789981.jpg","contentUrl":"https:\/\/www.correiobraziliense.com.br\/cbradar\/wp-content\/uploads\/2025\/12\/babies_1765374789981.jpg","width":1280,"height":720,"caption":"Os especialistas destacam que o Brasil combina influ\u00eancias ind\u00edgenas, africanas, europeias e regionais, formando uma mistura que permite grande liberdade na cria\u00e7\u00e3o de nomes - Cr\u00e9ditos: depositphotos.com \/ ZOOMYimages"},{"@type":"BreadcrumbList","@id":"https:\/\/www.correiobraziliense.com.br\/cbradar\/nomes-compostos-que-dao-prazer-em-ouvir-e-por-que-algumas-combinacoes-funcionam-tao-bem\/#breadcrumb","itemListElement":[{"@type":"ListItem","position":1,"name":"In\u00edcio","item":"https:\/\/www.correiobraziliense.com.br\/cbradar\/"},{"@type":"ListItem","position":2,"name":"Nomes compostos que d\u00e3o prazer em ouvir e por que algumas combina\u00e7\u00f5es funcionam t\u00e3o bem"}]},{"@type":"WebSite","@id":"https:\/\/www.correiobraziliense.com.br\/cbradar\/#website","url":"https:\/\/www.correiobraziliense.com.br\/cbradar\/","name":"Correio Braziliense - Radar","description":"Acompanhe as \u00faltimas not\u00edcias e fique bem informado sobre tudo o que acontece no Brasil e no mundo.","potentialAction":[{"@type":"SearchAction","target":{"@type":"EntryPoint","urlTemplate":"https:\/\/www.correiobraziliense.com.br\/cbradar\/?s={search_term_string}"},"query-input":{"@type":"PropertyValueSpecification","valueRequired":true,"valueName":"search_term_string"}}],"inLanguage":"pt-BR"},{"@type":"Person","@id":"https:\/\/www.correiobraziliense.com.br\/cbradar\/#\/schema\/person\/6fdd694c4c0d658f15df15f390ddf066","name":"Maria Eduarda Pacheco","image":{"@type":"ImageObject","inLanguage":"pt-BR","@id":"https:\/\/www.correiobraziliense.com.br\/cbradar\/#\/schema\/person\/image\/","url":"https:\/\/secure.gravatar.com\/avatar\/f72a487b26fdeec08ba4868875ea328e?s=96&d=mm&r=g","contentUrl":"https:\/\/secure.gravatar.com\/avatar\/f72a487b26fdeec08ba4868875ea328e?s=96&d=mm&r=g","caption":"Maria Eduarda Pacheco"},"sameAs":["https:\/\/www.correiobraziliense.com.br\/cbradar\/"],"url":"https:\/\/www.correiobraziliense.com.br\/cbradar\/author\/maria-eduarda\/"}]}},"_links":{"self":[{"href":"https:\/\/www.correiobraziliense.com.br\/cbradar\/wp-json\/wp\/v2\/posts\/153788","targetHints":{"allow":["GET"]}}],"collection":[{"href":"https:\/\/www.correiobraziliense.com.br\/cbradar\/wp-json\/wp\/v2\/posts"}],"about":[{"href":"https:\/\/www.correiobraziliense.com.br\/cbradar\/wp-json\/wp\/v2\/types\/post"}],"author":[{"embeddable":true,"href":"https:\/\/www.correiobraziliense.com.br\/cbradar\/wp-json\/wp\/v2\/users\/18"}],"replies":[{"embeddable":true,"href":"https:\/\/www.correiobraziliense.com.br\/cbradar\/wp-json\/wp\/v2\/comments?post=153788"}],"version-history":[{"count":1,"href":"https:\/\/www.correiobraziliense.com.br\/cbradar\/wp-json\/wp\/v2\/posts\/153788\/revisions"}],"predecessor-version":[{"id":153793,"href":"https:\/\/www.correiobraziliense.com.br\/cbradar\/wp-json\/wp\/v2\/posts\/153788\/revisions\/153793"}],"wp:featuredmedia":[{"embeddable":true,"href":"https:\/\/www.correiobraziliense.com.br\/cbradar\/wp-json\/wp\/v2\/media\/153792"}],"wp:attachment":[{"href":"https:\/\/www.correiobraziliense.com.br\/cbradar\/wp-json\/wp\/v2\/media?parent=153788"}],"wp:term":[{"taxonomy":"category","embeddable":true,"href":"https:\/\/www.correiobraziliense.com.br\/cbradar\/wp-json\/wp\/v2\/categories?post=153788"},{"taxonomy":"post_tag","embeddable":true,"href":"https:\/\/www.correiobraziliense.com.br\/cbradar\/wp-json\/wp\/v2\/post_tag?post=153788"}],"curies":[{"name":"wp","href":"https:\/\/api.w.org\/{rel}","templated":true}]}}