{"id":153805,"date":"2025-12-11T08:45:00","date_gmt":"2025-12-11T11:45:00","guid":{"rendered":"https:\/\/www.correiobraziliense.com.br\/cbradar\/?p=153805"},"modified":"2025-12-10T11:16:40","modified_gmt":"2025-12-10T14:16:40","slug":"a-origem-de-sapere-aude-e-por-que-ela-se-tornou-um-lema-moderno-para-quem-busca-conhecimento","status":"publish","type":"post","link":"https:\/\/www.correiobraziliense.com.br\/cbradar\/a-origem-de-sapere-aude-e-por-que-ela-se-tornou-um-lema-moderno-para-quem-busca-conhecimento\/","title":{"rendered":"A origem de &#8220;Sapere aude&#8221; e por que ela se tornou um lema moderno para quem busca conhecimento"},"content":{"rendered":"\n<p>A express\u00e3o latina <strong>\u201cSapere aude\u201d<\/strong> significa <strong>\u201couse saber\u201d<\/strong> ou \u201catreva-se a conhecer\u201d. Em 2025, ela voltou a aparecer com for\u00e7a em debates sobre educa\u00e7\u00e3o, curiosidade intelectual e autonomia do pensamento. Embora seja antiga, a ideia por tr\u00e1s da frase continua profundamente atual, especialmente em um mundo marcado por excesso de informa\u00e7\u00e3o, tecnologia e decis\u00f5es cada vez mais complexas.<\/p>\n\n\n\n<h2 class=\"wp-block-heading\">Qual a origem da express\u00e3o e seu significado filos\u00f3fico?<\/h2>\n\n\n\n<p>O lema surgiu no s\u00e9culo I a.C., atribu\u00eddo ao poeta romano <strong>Hor\u00e1cio<\/strong>. No contexto original, \u201cSapere aude\u201d era uma convoca\u00e7\u00e3o \u00e0 coragem: ter iniciativa, romper a hesita\u00e7\u00e3o e agir movido pela raz\u00e3o. Com o tempo, a frase foi reinterpretada como <a href=\"https:\/\/www.correiobraziliense.com.br\/cbradar\/essa-frase-de-um-filosofo-da-grecia-antiga-esta-mexendo-com-a-mente-das-pessoas-hoje\/\" target=\"_blank\" rel=\"noreferrer noopener\">um chamado ao conhecimento<\/a>, n\u00e3o apenas saber algo, mas ter ousadia para aprender, investigar e questionar.<\/p>\n\n\n\n<p>S\u00e9culos depois, o fil\u00f3sofo Immanuel Kant retomou a express\u00e3o no ensaio <em>O que \u00e9 o Iluminismo?<\/em>, de 1784, transformando-a no lema central do movimento iluminista. Para Kant, \u201couse saber\u201d significava libertar-se da tutoria intelectual e pensar por conta pr\u00f3pria.<\/p>\n\n\n\n<figure class=\"wp-block-image size-large\"><img decoding=\"async\" width=\"1024\" height=\"576\" src=\"https:\/\/www.correiobraziliense.com.br\/cbradar\/wp-content\/uploads\/2025\/12\/roman-philosophy_1765375946626-1024x576.jpg\" alt=\"A origem de &quot;Sapere aude&quot; e por que ela se tornou um lema moderno para quem busca conhecimento\" class=\"wp-image-153813\" srcset=\"https:\/\/www.correiobraziliense.com.br\/cbradar\/wp-content\/uploads\/2025\/12\/roman-philosophy_1765375946626-1024x576.jpg 1024w, https:\/\/www.correiobraziliense.com.br\/cbradar\/wp-content\/uploads\/2025\/12\/roman-philosophy_1765375946626-300x169.jpg 300w, https:\/\/www.correiobraziliense.com.br\/cbradar\/wp-content\/uploads\/2025\/12\/roman-philosophy_1765375946626-768x432.jpg 768w, https:\/\/www.correiobraziliense.com.br\/cbradar\/wp-content\/uploads\/2025\/12\/roman-philosophy_1765375946626-750x422.jpg 750w, https:\/\/www.correiobraziliense.com.br\/cbradar\/wp-content\/uploads\/2025\/12\/roman-philosophy_1765375946626-1140x641.jpg 1140w, https:\/\/www.correiobraziliense.com.br\/cbradar\/wp-content\/uploads\/2025\/12\/roman-philosophy_1765375946626.jpg 1280w\" sizes=\"(max-width: 1024px) 100vw, 1024px\" \/><figcaption class=\"wp-element-caption\">O lema surgiu no s\u00e9culo I a.C., atribu\u00eddo ao poeta romano Hor\u00e1cio &#8211; Cr\u00e9ditos: depositphotos.com \/ HokuShine<\/figcaption><\/figure>\n\n\n\n<h2 class=\"wp-block-heading\">Por que Sapere aude virou s\u00edmbolo do pensamento cr\u00edtico?<\/h2>\n\n\n\n<p>A for\u00e7a dessa frase est\u00e1 na ideia de autonomia. Ela prop\u00f5e que cada pessoa seja respons\u00e1vel por buscar conhecimento e formar seu pr\u00f3prio julgamento, em vez de aceitar respostas prontas. Esse princ\u00edpio combina perfeitamente com debates modernos sobre educa\u00e7\u00e3o mais ativa, acesso livre \u00e0 informa\u00e7\u00e3o e combate \u00e0 desinforma\u00e7\u00e3o.<\/p>\n\n\n\n<p>Em 2025, marcados por intelig\u00eancia artificial, redes sociais e excesso de est\u00edmulos, o lema funciona como um alerta: conhecer exige esfor\u00e7o, discernimento e vontade de ir al\u00e9m da superf\u00edcie. \u201cSapere aude\u201d representa justamente essa postura, como menciona <strong>Mateus Salvadori<\/strong> em seu v\u00eddeo no TikTok:<\/p>\n\n\n\n<figure class=\"wp-block-embed is-type-video is-provider-tiktok wp-block-embed-tiktok\"><div class=\"wp-block-embed__wrapper\">\n<blockquote class=\"tiktok-embed\" cite=\"https:\/\/www.tiktok.com\/@mateus.salvadori\/video\/7322430079835835654\" data-video-id=\"7322430079835835654\" data-embed-from=\"oembed\" style=\"max-width:605px; min-width:325px;\"> <section> <a target=\"_blank\" title=\"@mateus.salvadori\" href=\"https:\/\/www.tiktok.com\/@mateus.salvadori?refer=embed\">@mateus.salvadori<\/a> <p>Sapere aude <a title=\"fy\" target=\"_blank\" href=\"https:\/\/www.tiktok.com\/tag\/fy?refer=embed\">#fy<\/a> <a title=\"filosofia\" target=\"_blank\" href=\"https:\/\/www.tiktok.com\/tag\/filosofia?refer=embed\">#filosofia<\/a> <a title=\"kant\" target=\"_blank\" href=\"https:\/\/www.tiktok.com\/tag\/kant?refer=embed\">#kant<\/a> <\/p> <a target=\"_blank\" title=\"\u266c som original - Mateus Salvadori\" href=\"https:\/\/www.tiktok.com\/music\/som-original-7322430085036034821?refer=embed\">\u266c som original &#8211; Mateus Salvadori<\/a> <\/section> <\/blockquote> <script async src=\"https:\/\/www.tiktok.com\/embed.js\"><\/script>\n<\/div><\/figure>\n\n\n\n<h2 class=\"wp-block-heading\">O lema na educa\u00e7\u00e3o contempor\u00e2nea<\/h2>\n\n\n\n<p>Educadores afirmam que a frase expressa a transi\u00e7\u00e3o de um modelo de ensino baseado apenas na transmiss\u00e3o de conte\u00fado para um formato que valoriza <strong>participa\u00e7\u00e3o, investiga\u00e7\u00e3o e pensamento cr\u00edtico<\/strong>. Em sala de aula, incentivar o aluno a \u201cousar saber\u201d significa criar espa\u00e7o para perguntas, d\u00favidas, interpreta\u00e7\u00f5es pr\u00f3prias e autonomia intelectual.<\/p>\n\n\n\n<p>Esse movimento tamb\u00e9m conversa com a educa\u00e7\u00e3o digital. Em um ambiente em que informa\u00e7\u00f5es circulam rapidamente, a capacidade de checar, comparar e entender contextos se tornou essencial, e isso exige justamente a coragem de pensar por conta pr\u00f3pria.<\/p>\n\n\n<div class=\"wp-block-image\">\n<figure class=\"aligncenter size-large\"><img decoding=\"async\" width=\"1024\" height=\"576\" src=\"https:\/\/www.correiobraziliense.com.br\/cbradar\/wp-content\/uploads\/2025\/12\/books_1765231160636-1024x576.jpg\" alt=\"A origem de &quot;Sapere aude&quot; e por que ela se tornou um lema moderno para quem busca conhecimento\" class=\"wp-image-152936\" srcset=\"https:\/\/www.correiobraziliense.com.br\/cbradar\/wp-content\/uploads\/2025\/12\/books_1765231160636-1024x576.jpg 1024w, https:\/\/www.correiobraziliense.com.br\/cbradar\/wp-content\/uploads\/2025\/12\/books_1765231160636-300x169.jpg 300w, https:\/\/www.correiobraziliense.com.br\/cbradar\/wp-content\/uploads\/2025\/12\/books_1765231160636-768x432.jpg 768w, https:\/\/www.correiobraziliense.com.br\/cbradar\/wp-content\/uploads\/2025\/12\/books_1765231160636-750x422.jpg 750w, https:\/\/www.correiobraziliense.com.br\/cbradar\/wp-content\/uploads\/2025\/12\/books_1765231160636-1140x641.jpg 1140w, https:\/\/www.correiobraziliense.com.br\/cbradar\/wp-content\/uploads\/2025\/12\/books_1765231160636.jpg 1280w\" sizes=\"(max-width: 1024px) 100vw, 1024px\" \/><figcaption class=\"wp-element-caption\">Educadores afirmam que a frase expressa a transi\u00e7\u00e3o de um modelo de ensino baseado apenas na transmiss\u00e3o de conte\u00fado para um formato que valoriza participa\u00e7\u00e3o &#8211; Cr\u00e9ditos: depositphotos.com \/ Ischukigor<\/figcaption><\/figure><\/div>\n\n\n<h2 class=\"wp-block-heading\">Sapere aude age como lema pessoal para quem busca aprender mais?<\/h2>\n\n\n\n<p>Muitas pessoas adotam a frase como um princ\u00edpio de vida. Ela funciona como lembrete para n\u00e3o ter medo de come\u00e7ar algo novo, de mergulhar em temas complexos ou de admitir a pr\u00f3pria ignor\u00e2ncia para ent\u00e3o crescer. O lema inspira estudantes, pesquisadores e qualquer pessoa que valorize a curiosidade intelectual.<\/p>\n\n\n\n<p>Em 2025, com tantas oportunidades de aprendizagem on-line e tantas \u00e1reas emergentes, da programa\u00e7\u00e3o \u00e0 filosofia aplicada, \u201cSapere aude\u201d se transforma em um incentivo para abra\u00e7ar o desconhecido, questionar o \u00f3bvio e continuar aprendendo ao longo da vida.<\/p>\n","protected":false},"excerpt":{"rendered":"<p>A express\u00e3o latina \u201cSapere aude\u201d significa \u201couse saber\u201d ou \u201catreva-se a conhecer\u201d. Em 2025, ela voltou a aparecer com for\u00e7a em debates sobre educa\u00e7\u00e3o, curiosidade intelectual e autonomia do pensamento. Embora seja antiga, a ideia por tr\u00e1s da frase continua profundamente atual, especialmente em um mundo marcado por excesso de informa\u00e7\u00e3o, tecnologia e decis\u00f5es cada [&hellip;]<\/p>\n","protected":false},"author":18,"featured_media":153814,"comment_status":"open","ping_status":"open","sticky":false,"template":"","format":"standard","meta":{"_yoast_wpseo_focuskw":"Qual a origem de Sapere Aude","_yoast_wpseo_title":"","_yoast_wpseo_metadesc":"Em tempos de excesso de informa\u00e7\u00e3o, Sapere aude se tornou s\u00edmbolo de coragem intelectual. Saiba por que ela est\u00e1 t\u00e3o atual em 2025.","jnews-multi-image_gallery":[],"jnews_single_post":{"format":"standard"},"jnews_primary_category":[],"jnews_social_meta":[],"jnews_override_counter":[],"footnotes":""},"categories":[112],"post_tag":[12311,5078,9444,12552],"class_list":["post-153805","post","type-post","status-publish","format-standard","has-post-thumbnail","hentry","category-curiosidades","tag-expressao","tag-filosofia","tag-pensamento","tag-sapere-aude"],"yoast_head":"<!-- This site is optimized with the Yoast SEO plugin v24.6 - https:\/\/yoast.com\/wordpress\/plugins\/seo\/ -->\n<title>A origem de &quot;Sapere aude&quot; e por que ela se tornou um lema moderno para quem busca conhecimento - Correio Braziliense - Radar<\/title>\n<meta name=\"description\" content=\"Em tempos de excesso de informa\u00e7\u00e3o, Sapere aude se tornou s\u00edmbolo de coragem intelectual. Saiba por que ela est\u00e1 t\u00e3o atual em 2025.\" \/>\n<meta name=\"robots\" content=\"index, follow, max-snippet:-1, max-image-preview:large, max-video-preview:-1\" \/>\n<link rel=\"canonical\" href=\"https:\/\/www.correiobraziliense.com.br\/cbradar\/a-origem-de-sapere-aude-e-por-que-ela-se-tornou-um-lema-moderno-para-quem-busca-conhecimento\/\" \/>\n<meta property=\"og:locale\" content=\"pt_BR\" \/>\n<meta property=\"og:type\" content=\"article\" \/>\n<meta property=\"og:title\" content=\"A origem de &quot;Sapere aude&quot; e por que ela se tornou um lema moderno para quem busca conhecimento - Correio Braziliense - Radar\" \/>\n<meta property=\"og:description\" content=\"Em tempos de excesso de informa\u00e7\u00e3o, Sapere aude se tornou s\u00edmbolo de coragem intelectual. Saiba por que ela est\u00e1 t\u00e3o atual em 2025.\" \/>\n<meta property=\"og:url\" content=\"https:\/\/www.correiobraziliense.com.br\/cbradar\/a-origem-de-sapere-aude-e-por-que-ela-se-tornou-um-lema-moderno-para-quem-busca-conhecimento\/\" \/>\n<meta property=\"og:site_name\" content=\"Correio Braziliense - Radar\" \/>\n<meta property=\"article:published_time\" content=\"2025-12-11T11:45:00+00:00\" \/>\n<meta property=\"og:image\" content=\"https:\/\/www.correiobraziliense.com.br\/cbradar\/wp-content\/uploads\/2025\/12\/filosofia_1765375865834.jpg\" \/>\n\t<meta property=\"og:image:width\" content=\"1280\" \/>\n\t<meta property=\"og:image:height\" content=\"720\" \/>\n\t<meta property=\"og:image:type\" content=\"image\/jpeg\" \/>\n<meta name=\"author\" content=\"Maria Eduarda Pacheco\" \/>\n<meta name=\"twitter:card\" content=\"summary_large_image\" \/>\n<meta name=\"twitter:label1\" content=\"Escrito por\" \/>\n\t<meta name=\"twitter:data1\" content=\"Maria Eduarda Pacheco\" \/>\n\t<meta name=\"twitter:label2\" content=\"Est. tempo de leitura\" \/>\n\t<meta name=\"twitter:data2\" content=\"4 minutos\" \/>\n<!-- \/ Yoast SEO plugin. -->","yoast_head_json":{"title":"A origem de \"Sapere aude\" e por que ela se tornou um lema moderno para quem busca conhecimento - Correio Braziliense - Radar","description":"Em tempos de excesso de informa\u00e7\u00e3o, Sapere aude se tornou s\u00edmbolo de coragem intelectual. Saiba por que ela est\u00e1 t\u00e3o atual em 2025.","robots":{"index":"index","follow":"follow","max-snippet":"max-snippet:-1","max-image-preview":"max-image-preview:large","max-video-preview":"max-video-preview:-1"},"canonical":"https:\/\/www.correiobraziliense.com.br\/cbradar\/a-origem-de-sapere-aude-e-por-que-ela-se-tornou-um-lema-moderno-para-quem-busca-conhecimento\/","og_locale":"pt_BR","og_type":"article","og_title":"A origem de \"Sapere aude\" e por que ela se tornou um lema moderno para quem busca conhecimento - Correio Braziliense - Radar","og_description":"Em tempos de excesso de informa\u00e7\u00e3o, Sapere aude se tornou s\u00edmbolo de coragem intelectual. Saiba por que ela est\u00e1 t\u00e3o atual em 2025.","og_url":"https:\/\/www.correiobraziliense.com.br\/cbradar\/a-origem-de-sapere-aude-e-por-que-ela-se-tornou-um-lema-moderno-para-quem-busca-conhecimento\/","og_site_name":"Correio Braziliense - Radar","article_published_time":"2025-12-11T11:45:00+00:00","og_image":[{"width":1280,"height":720,"url":"https:\/\/www.correiobraziliense.com.br\/cbradar\/wp-content\/uploads\/2025\/12\/filosofia_1765375865834.jpg","type":"image\/jpeg"}],"author":"Maria Eduarda Pacheco","twitter_card":"summary_large_image","twitter_misc":{"Escrito por":"Maria Eduarda Pacheco","Est. tempo de leitura":"4 minutos"},"schema":{"@context":"https:\/\/schema.org","@graph":[{"@type":"WebPage","@id":"https:\/\/www.correiobraziliense.com.br\/cbradar\/a-origem-de-sapere-aude-e-por-que-ela-se-tornou-um-lema-moderno-para-quem-busca-conhecimento\/","url":"https:\/\/www.correiobraziliense.com.br\/cbradar\/a-origem-de-sapere-aude-e-por-que-ela-se-tornou-um-lema-moderno-para-quem-busca-conhecimento\/","name":"A origem de \"Sapere aude\" e por que ela se tornou um lema moderno para quem busca conhecimento - Correio Braziliense - Radar","isPartOf":{"@id":"https:\/\/www.correiobraziliense.com.br\/cbradar\/#website"},"primaryImageOfPage":{"@id":"https:\/\/www.correiobraziliense.com.br\/cbradar\/a-origem-de-sapere-aude-e-por-que-ela-se-tornou-um-lema-moderno-para-quem-busca-conhecimento\/#primaryimage"},"image":{"@id":"https:\/\/www.correiobraziliense.com.br\/cbradar\/a-origem-de-sapere-aude-e-por-que-ela-se-tornou-um-lema-moderno-para-quem-busca-conhecimento\/#primaryimage"},"thumbnailUrl":"https:\/\/www.correiobraziliense.com.br\/cbradar\/wp-content\/uploads\/2025\/12\/filosofia_1765375865834.jpg","datePublished":"2025-12-11T11:45:00+00:00","author":{"@id":"https:\/\/www.correiobraziliense.com.br\/cbradar\/#\/schema\/person\/6fdd694c4c0d658f15df15f390ddf066"},"description":"Em tempos de excesso de informa\u00e7\u00e3o, Sapere aude se tornou s\u00edmbolo de coragem intelectual. Saiba por que ela est\u00e1 t\u00e3o atual em 2025.","breadcrumb":{"@id":"https:\/\/www.correiobraziliense.com.br\/cbradar\/a-origem-de-sapere-aude-e-por-que-ela-se-tornou-um-lema-moderno-para-quem-busca-conhecimento\/#breadcrumb"},"inLanguage":"pt-BR","potentialAction":[{"@type":"ReadAction","target":["https:\/\/www.correiobraziliense.com.br\/cbradar\/a-origem-de-sapere-aude-e-por-que-ela-se-tornou-um-lema-moderno-para-quem-busca-conhecimento\/"]}]},{"@type":"ImageObject","inLanguage":"pt-BR","@id":"https:\/\/www.correiobraziliense.com.br\/cbradar\/a-origem-de-sapere-aude-e-por-que-ela-se-tornou-um-lema-moderno-para-quem-busca-conhecimento\/#primaryimage","url":"https:\/\/www.correiobraziliense.com.br\/cbradar\/wp-content\/uploads\/2025\/12\/filosofia_1765375865834.jpg","contentUrl":"https:\/\/www.correiobraziliense.com.br\/cbradar\/wp-content\/uploads\/2025\/12\/filosofia_1765375865834.jpg","width":1280,"height":720,"caption":"Em 2025, ela voltou a aparecer com for\u00e7a em debates sobre educa\u00e7\u00e3o, curiosidade intelectual e autonomia do pensamento - Cr\u00e9ditos: depositphotos.com \/ lucianmilasan"},{"@type":"BreadcrumbList","@id":"https:\/\/www.correiobraziliense.com.br\/cbradar\/a-origem-de-sapere-aude-e-por-que-ela-se-tornou-um-lema-moderno-para-quem-busca-conhecimento\/#breadcrumb","itemListElement":[{"@type":"ListItem","position":1,"name":"In\u00edcio","item":"https:\/\/www.correiobraziliense.com.br\/cbradar\/"},{"@type":"ListItem","position":2,"name":"A origem de &#8220;Sapere aude&#8221; e por que ela se tornou um lema moderno para quem busca conhecimento"}]},{"@type":"WebSite","@id":"https:\/\/www.correiobraziliense.com.br\/cbradar\/#website","url":"https:\/\/www.correiobraziliense.com.br\/cbradar\/","name":"Correio Braziliense - Radar","description":"Acompanhe as \u00faltimas not\u00edcias e fique bem informado sobre tudo o que acontece no Brasil e no mundo.","potentialAction":[{"@type":"SearchAction","target":{"@type":"EntryPoint","urlTemplate":"https:\/\/www.correiobraziliense.com.br\/cbradar\/?s={search_term_string}"},"query-input":{"@type":"PropertyValueSpecification","valueRequired":true,"valueName":"search_term_string"}}],"inLanguage":"pt-BR"},{"@type":"Person","@id":"https:\/\/www.correiobraziliense.com.br\/cbradar\/#\/schema\/person\/6fdd694c4c0d658f15df15f390ddf066","name":"Maria Eduarda Pacheco","image":{"@type":"ImageObject","inLanguage":"pt-BR","@id":"https:\/\/www.correiobraziliense.com.br\/cbradar\/#\/schema\/person\/image\/","url":"https:\/\/secure.gravatar.com\/avatar\/f72a487b26fdeec08ba4868875ea328e?s=96&d=mm&r=g","contentUrl":"https:\/\/secure.gravatar.com\/avatar\/f72a487b26fdeec08ba4868875ea328e?s=96&d=mm&r=g","caption":"Maria Eduarda Pacheco"},"sameAs":["https:\/\/www.correiobraziliense.com.br\/cbradar\/"],"url":"https:\/\/www.correiobraziliense.com.br\/cbradar\/author\/maria-eduarda\/"}]}},"_links":{"self":[{"href":"https:\/\/www.correiobraziliense.com.br\/cbradar\/wp-json\/wp\/v2\/posts\/153805","targetHints":{"allow":["GET"]}}],"collection":[{"href":"https:\/\/www.correiobraziliense.com.br\/cbradar\/wp-json\/wp\/v2\/posts"}],"about":[{"href":"https:\/\/www.correiobraziliense.com.br\/cbradar\/wp-json\/wp\/v2\/types\/post"}],"author":[{"embeddable":true,"href":"https:\/\/www.correiobraziliense.com.br\/cbradar\/wp-json\/wp\/v2\/users\/18"}],"replies":[{"embeddable":true,"href":"https:\/\/www.correiobraziliense.com.br\/cbradar\/wp-json\/wp\/v2\/comments?post=153805"}],"version-history":[{"count":1,"href":"https:\/\/www.correiobraziliense.com.br\/cbradar\/wp-json\/wp\/v2\/posts\/153805\/revisions"}],"predecessor-version":[{"id":153818,"href":"https:\/\/www.correiobraziliense.com.br\/cbradar\/wp-json\/wp\/v2\/posts\/153805\/revisions\/153818"}],"wp:featuredmedia":[{"embeddable":true,"href":"https:\/\/www.correiobraziliense.com.br\/cbradar\/wp-json\/wp\/v2\/media\/153814"}],"wp:attachment":[{"href":"https:\/\/www.correiobraziliense.com.br\/cbradar\/wp-json\/wp\/v2\/media?parent=153805"}],"wp:term":[{"taxonomy":"category","embeddable":true,"href":"https:\/\/www.correiobraziliense.com.br\/cbradar\/wp-json\/wp\/v2\/categories?post=153805"},{"taxonomy":"post_tag","embeddable":true,"href":"https:\/\/www.correiobraziliense.com.br\/cbradar\/wp-json\/wp\/v2\/post_tag?post=153805"}],"curies":[{"name":"wp","href":"https:\/\/api.w.org\/{rel}","templated":true}]}}