{"id":153808,"date":"2025-12-11T13:15:00","date_gmt":"2025-12-11T16:15:00","guid":{"rendered":"https:\/\/www.correiobraziliense.com.br\/cbradar\/?p=153808"},"modified":"2025-12-10T11:12:05","modified_gmt":"2025-12-10T14:12:05","slug":"o-alimento-milenar-que-se-tornou-popular-por-ajudar-na-saude-do-intestino","status":"publish","type":"post","link":"https:\/\/www.correiobraziliense.com.br\/cbradar\/o-alimento-milenar-que-se-tornou-popular-por-ajudar-na-saude-do-intestino\/","title":{"rendered":"O alimento milenar que se tornou popular por ajudar na sa\u00fade do intestino"},"content":{"rendered":"\n<p>O <strong>Kefir<\/strong>, uma bebida fermentada de origem antiga, tem sido cada vez mais promovido como uma solu\u00e7\u00e3o para aprimorar a sa\u00fade intestinal. Neste contexto, \u00e9 fundamental destacar que condi\u00e7\u00f5es digestivas persistentes exigem uma avalia\u00e7\u00e3o m\u00e9dica adequada. Assim, o Kefir deve ser encarado como um alimento funcional, e n\u00e3o como uma solu\u00e7\u00e3o para doen\u00e7as. No entanto, a incorpora\u00e7\u00e3o regular do Kefir em uma dieta balanceada pode trazer benef\u00edcios significativos para o sistema digestivo.<\/p>\n\n\n\n<p>Produzido atrav\u00e9s da fermenta\u00e7\u00e3o do leite por meio de gr\u00e3os de Kefir, esta bebida se distingue notavelmente do iogurte devido \u00e0 sua diversidade microbiana. Os gr\u00e3os de Kefir s\u00e3o uma combina\u00e7\u00e3o simbi\u00f3tica de bact\u00e9rias e leveduras, resultando em mais de 50 cepas diferentes, ao contr\u00e1rio das poucas encontradas no iogurte. Esta rica diversidade de microrganismos faz do Kefir uma potente fonte de probi\u00f3ticos, que desempenham um papel essencial na melhoria da sa\u00fade digestiva.<\/p>\n\n\n\n<h2 class=\"wp-block-heading\">Como o consumo de Kefir afeta o intestino?<\/h2>\n\n\n\n<p>O consumo cont\u00ednuo de Kefir introduz uma quantidade significativa de bact\u00e9rias ben\u00e9ficas ao trato gastrointestinal, promovendo o reequil\u00edbrio da flora intestinal ou eubiose. Os probi\u00f3ticos presentes no Kefir competem com microrganismos potencialmente nocivos, reduzindo sua presen\u00e7a. Al\u00e9m disso, eles produzem compostos ben\u00e9ficos, como \u00e1cidos graxos de cadeia curta, que alimentam as c\u00e9lulas do revestimento intestinal, auxiliando na manuten\u00e7\u00e3o de um ambiente intestinal saud\u00e1vel.<\/p>\n\n\n<div class=\"wp-block-image\">\n<figure class=\"aligncenter size-large\"><img decoding=\"async\" width=\"1024\" height=\"576\" src=\"https:\/\/www.correiobraziliense.com.br\/cbradar\/wp-content\/uploads\/2025\/05\/kefir_1747590298295-1024x576.jpg\" alt=\"\" class=\"wp-image-38993\" srcset=\"https:\/\/www.correiobraziliense.com.br\/cbradar\/wp-content\/uploads\/2025\/05\/kefir_1747590298295-1024x576.jpg 1024w, https:\/\/www.correiobraziliense.com.br\/cbradar\/wp-content\/uploads\/2025\/05\/kefir_1747590298295-300x169.jpg 300w, https:\/\/www.correiobraziliense.com.br\/cbradar\/wp-content\/uploads\/2025\/05\/kefir_1747590298295-768x432.jpg 768w, https:\/\/www.correiobraziliense.com.br\/cbradar\/wp-content\/uploads\/2025\/05\/kefir_1747590298295-750x422.jpg 750w, https:\/\/www.correiobraziliense.com.br\/cbradar\/wp-content\/uploads\/2025\/05\/kefir_1747590298295-1140x641.jpg 1140w, https:\/\/www.correiobraziliense.com.br\/cbradar\/wp-content\/uploads\/2025\/05\/kefir_1747590298295.jpg 1280w\" sizes=\"(max-width: 1024px) 100vw, 1024px\" \/><figcaption class=\"wp-element-caption\">kefir, iogurte e chucrute: benef\u00edcios que surpreendem &#8211; Cr\u00e9ditos: depositphotos.com \/ karissaa<\/figcaption><\/figure><\/div>\n\n\n<h2 class=\"wp-block-heading\">E quais s\u00e3o os benef\u00edcios digestivos?<\/h2>\n\n\n\n<p>Ap\u00f3s um per\u00edodo regular de consumo, o Kefir pode trazer melhorias vis\u00edveis na digest\u00e3o. A bebida contribui para a regulariza\u00e7\u00e3o dos movimentos intestinais, atuando tanto em casos de constipa\u00e7\u00e3o leve como na consist\u00eancia das fezes. Al\u00e9m disso, ao equilibrar a microbiota intestinal, o kefir pode atenuar a forma\u00e7\u00e3o excessiva de gases, reduzindo a sensa\u00e7\u00e3o de incha\u00e7o. Para muitos, o Kefir \u00e9 bem tolerado mesmo em casos de intoler\u00e2ncia \u00e0 lactose, gra\u00e7as \u00e0 enzima lactase produzida durante sua fermenta\u00e7\u00e3o.<\/p>\n\n\n\n<h2 class=\"wp-block-heading\">O Kefir beneficia mais do que o intestino?<\/h2>\n\n\n\n<p><strong>Sim.<\/strong>\u00a0A rela\u00e7\u00e3o entre o intestino e a sa\u00fade geral \u00e9 incrivelmente interconectada, envolvendo o eixo intestino-c\u00e9rebro. Um intestino saud\u00e1vel \u00e9 crucial para o sistema imunol\u00f3gico, visto que 70% desse sistema \u00e9 encontrado na regi\u00e3o digestiva. Al\u00e9m disso, a serotonina, que exerce influ\u00eancia sobre o humor e o bem-estar, em grande parte, \u00e9 produzida no intestino. Assim, a melhoria da <a href=\"https:\/\/www.correiobraziliense.com.br\/cbradar\/dra-najla-smaili-implantes-hormonais-aliviam-sintomas-da-menopausa\/\" target=\"_blank\" rel=\"noreferrer noopener\">sa\u00fade <\/a>intestinal tem potencial para efeitos positivos em outras \u00e1reas do organismo, embora mais pesquisas sejam necess\u00e1rias para entender completamente essa rela\u00e7\u00e3o.<\/p>\n\n\n\n<h2 class=\"wp-block-heading\">O consumo de Kefir \u00e9 seguro para todos?<\/h2>\n\n\n\n<p>Para a maioria, consumir Kefir diariamente \u00e9 seguro. Contudo, algumas considera\u00e7\u00f5es s\u00e3o importantes. Ao iniciar o consumo, certos indiv\u00edduos podem experimentar gases ou incha\u00e7o tempor\u00e1rio; portanto, \u00e9 aconselh\u00e1vel come\u00e7ar com pequenas quantidades e aumentar gradualmente. Pessoas com intoler\u00e2ncia severa \u00e0 lactose ou alergia a prote\u00ednas do leite devem optar por varia\u00e7\u00f5es de Kefir de \u00e1gua ou leites vegetais. Quem possui sistema imunol\u00f3gico comprometido deve consultar um profissional de sa\u00fade antes de incorporar probi\u00f3ticos na dieta. Em todos os casos, a orienta\u00e7\u00e3o de um nutricionista pode otimizar o uso desse valioso alimento funcional.<\/p>\n\n\n<a href=\"https:\/\/www.instagram.com\/dra.annaluisabf\/\" target=\"_blank\" rel=\"noopener\" style=\"text-decoration: none; color: inherit;\">\n    <span style=\"display: inline-block; border: 1px solid #ccc; border-radius: 10px; padding: 15px; max-width: 550px; font-family: sans-serif; box-shadow: 0 2px 5px rgba(0,0,0,0.1); width: 100%;\">\n\n      <!-- T\u00edtulo -->\n      <span style=\"display: block; margin: 0 0 15px 0; font-weight: bold; color: #2c3e50; text-align: center;\">\n        Entre em contato:\n      <\/span>\n\n      <!-- Linha do perfil -->\n      <span style=\"display: flex; align-items: center; gap: 15px;\">\n        <img decoding=\"async\"\n          src=\"https:\/\/www.correiobraziliense.com.br\/cbradar\/wp-content\/uploads\/2025\/08\/dra_anna_luisa.jpeg\"\n          alt=\"Foto da Dra. Anna Lu\u00edsa\"\n          style=\"border-radius: 50%; width: 80px; height: 80px; object-fit: cover;\"\n        \/>\n        <span style=\"display: flex; flex-direction: column;\">\n          <span style=\"font-size: 18px; font-weight: 700; color: #2c3e50;\">Dra. Anna Lu\u00edsa Barbosa Fernandes<\/span>\n          <span style=\"color: #555;\">CRM-GO 33.271<\/span>\n        <\/span>\n      <\/span>\n\n      <!-- Redes -->\n      <span style=\"display: flex; align-items: center; gap: 10px; margin-top: 12px;\">\n        <img decoding=\"async\" src=\"https:\/\/cdn-icons-png.flaticon.com\/24\/1384\/1384063.png\" alt=\"Instagram\" width=\"24\" height=\"24\" \/>\n        <span style=\"text-decoration: underline; color: #2c3e50;\">@dra.annaluisabf<\/span>\n      <\/span>\n\n    <\/span>\n  <\/a>","protected":false},"excerpt":{"rendered":"<p>O Kefir, uma bebida fermentada de origem antiga, tem sido cada vez mais promovido como uma solu\u00e7\u00e3o para aprimorar a sa\u00fade intestinal. Neste contexto, \u00e9 fundamental destacar que condi\u00e7\u00f5es digestivas persistentes exigem uma avalia\u00e7\u00e3o m\u00e9dica adequada. Assim, o Kefir deve ser encarado como um alimento funcional, e n\u00e3o como uma solu\u00e7\u00e3o para doen\u00e7as. No entanto, [&hellip;]<\/p>\n","protected":false},"author":14,"featured_media":56346,"comment_status":"open","ping_status":"open","sticky":false,"template":"","format":"standard","meta":{"_yoast_wpseo_focuskw":"Kefir","_yoast_wpseo_title":"","_yoast_wpseo_metadesc":"Este alimento tem mais de 50 cepas probi\u00f3ticas que regulam o intestino e reduzem desconfortos digestivos. Veja se ele \u00e9 indicado para voc\u00ea.","jnews-multi-image_gallery":[],"jnews_single_post":{"format":"standard"},"jnews_primary_category":[],"jnews_social_meta":[],"jnews_override_counter":[],"footnotes":""},"categories":[4404],"tags":[281,1423,120,1318],"class_list":["post-153808","post","type-post","status-publish","format-standard","has-post-thumbnail","hentry","category-saude","tag-alimentacao","tag-alimentos","tag-bem-estar","tag-saude-2"],"yoast_head":"<!-- This site is optimized with the Yoast SEO plugin v24.6 - https:\/\/yoast.com\/wordpress\/plugins\/seo\/ -->\n<title>O alimento milenar que se tornou popular por ajudar na sa\u00fade do intestino - Correio Braziliense - Radar<\/title>\n<meta name=\"description\" content=\"Este alimento tem mais de 50 cepas probi\u00f3ticas que regulam o intestino e reduzem desconfortos digestivos. Veja se ele \u00e9 indicado para voc\u00ea.\" \/>\n<meta name=\"robots\" content=\"index, follow, max-snippet:-1, max-image-preview:large, max-video-preview:-1\" \/>\n<link rel=\"canonical\" href=\"https:\/\/www.correiobraziliense.com.br\/cbradar\/o-alimento-milenar-que-se-tornou-popular-por-ajudar-na-saude-do-intestino\/\" \/>\n<meta property=\"og:locale\" content=\"pt_BR\" \/>\n<meta property=\"og:type\" content=\"article\" \/>\n<meta property=\"og:title\" content=\"O alimento milenar que se tornou popular por ajudar na sa\u00fade do intestino - Correio Braziliense - Radar\" \/>\n<meta property=\"og:description\" content=\"Este alimento tem mais de 50 cepas probi\u00f3ticas que regulam o intestino e reduzem desconfortos digestivos. Veja se ele \u00e9 indicado para voc\u00ea.\" \/>\n<meta property=\"og:url\" content=\"https:\/\/www.correiobraziliense.com.br\/cbradar\/o-alimento-milenar-que-se-tornou-popular-por-ajudar-na-saude-do-intestino\/\" \/>\n<meta property=\"og:site_name\" content=\"Correio Braziliense - Radar\" \/>\n<meta property=\"article:published_time\" content=\"2025-12-11T16:15:00+00:00\" \/>\n<meta property=\"og:image\" content=\"https:\/\/www.correiobraziliense.com.br\/cbradar\/wp-content\/uploads\/2025\/06\/kefir_1750424909133.jpg\" \/>\n\t<meta property=\"og:image:width\" content=\"1280\" \/>\n\t<meta property=\"og:image:height\" content=\"720\" \/>\n\t<meta property=\"og:image:type\" content=\"image\/jpeg\" \/>\n<meta name=\"author\" content=\"guilherme_saude\" \/>\n<meta name=\"twitter:card\" content=\"summary_large_image\" \/>\n<meta name=\"twitter:label1\" content=\"Escrito por\" \/>\n\t<meta name=\"twitter:data1\" content=\"guilherme_saude\" \/>\n\t<meta name=\"twitter:label2\" content=\"Est. tempo de leitura\" \/>\n\t<meta name=\"twitter:data2\" content=\"4 minutos\" \/>\n<!-- \/ Yoast SEO plugin. -->","yoast_head_json":{"title":"O alimento milenar que se tornou popular por ajudar na sa\u00fade do intestino - Correio Braziliense - Radar","description":"Este alimento tem mais de 50 cepas probi\u00f3ticas que regulam o intestino e reduzem desconfortos digestivos. Veja se ele \u00e9 indicado para voc\u00ea.","robots":{"index":"index","follow":"follow","max-snippet":"max-snippet:-1","max-image-preview":"max-image-preview:large","max-video-preview":"max-video-preview:-1"},"canonical":"https:\/\/www.correiobraziliense.com.br\/cbradar\/o-alimento-milenar-que-se-tornou-popular-por-ajudar-na-saude-do-intestino\/","og_locale":"pt_BR","og_type":"article","og_title":"O alimento milenar que se tornou popular por ajudar na sa\u00fade do intestino - Correio Braziliense - Radar","og_description":"Este alimento tem mais de 50 cepas probi\u00f3ticas que regulam o intestino e reduzem desconfortos digestivos. Veja se ele \u00e9 indicado para voc\u00ea.","og_url":"https:\/\/www.correiobraziliense.com.br\/cbradar\/o-alimento-milenar-que-se-tornou-popular-por-ajudar-na-saude-do-intestino\/","og_site_name":"Correio Braziliense - Radar","article_published_time":"2025-12-11T16:15:00+00:00","og_image":[{"width":1280,"height":720,"url":"https:\/\/www.correiobraziliense.com.br\/cbradar\/wp-content\/uploads\/2025\/06\/kefir_1750424909133.jpg","type":"image\/jpeg"}],"author":"guilherme_saude","twitter_card":"summary_large_image","twitter_misc":{"Escrito por":"guilherme_saude","Est. tempo de leitura":"4 minutos"},"schema":{"@context":"https:\/\/schema.org","@graph":[{"@type":"WebPage","@id":"https:\/\/www.correiobraziliense.com.br\/cbradar\/o-alimento-milenar-que-se-tornou-popular-por-ajudar-na-saude-do-intestino\/","url":"https:\/\/www.correiobraziliense.com.br\/cbradar\/o-alimento-milenar-que-se-tornou-popular-por-ajudar-na-saude-do-intestino\/","name":"O alimento milenar que se tornou popular por ajudar na sa\u00fade do intestino - Correio Braziliense - Radar","isPartOf":{"@id":"https:\/\/www.correiobraziliense.com.br\/cbradar\/#website"},"primaryImageOfPage":{"@id":"https:\/\/www.correiobraziliense.com.br\/cbradar\/o-alimento-milenar-que-se-tornou-popular-por-ajudar-na-saude-do-intestino\/#primaryimage"},"image":{"@id":"https:\/\/www.correiobraziliense.com.br\/cbradar\/o-alimento-milenar-que-se-tornou-popular-por-ajudar-na-saude-do-intestino\/#primaryimage"},"thumbnailUrl":"https:\/\/www.correiobraziliense.com.br\/cbradar\/wp-content\/uploads\/2025\/06\/kefir_1750424909133.jpg","datePublished":"2025-12-11T16:15:00+00:00","author":{"@id":"https:\/\/www.correiobraziliense.com.br\/cbradar\/#\/schema\/person\/5aa4bf3c8fa699c267933611de12978b"},"description":"Este alimento tem mais de 50 cepas probi\u00f3ticas que regulam o intestino e reduzem desconfortos digestivos. Veja se ele \u00e9 indicado para voc\u00ea.","breadcrumb":{"@id":"https:\/\/www.correiobraziliense.com.br\/cbradar\/o-alimento-milenar-que-se-tornou-popular-por-ajudar-na-saude-do-intestino\/#breadcrumb"},"inLanguage":"pt-BR","potentialAction":[{"@type":"ReadAction","target":["https:\/\/www.correiobraziliense.com.br\/cbradar\/o-alimento-milenar-que-se-tornou-popular-por-ajudar-na-saude-do-intestino\/"]}]},{"@type":"ImageObject","inLanguage":"pt-BR","@id":"https:\/\/www.correiobraziliense.com.br\/cbradar\/o-alimento-milenar-que-se-tornou-popular-por-ajudar-na-saude-do-intestino\/#primaryimage","url":"https:\/\/www.correiobraziliense.com.br\/cbradar\/wp-content\/uploads\/2025\/06\/kefir_1750424909133.jpg","contentUrl":"https:\/\/www.correiobraziliense.com.br\/cbradar\/wp-content\/uploads\/2025\/06\/kefir_1750424909133.jpg","width":1280,"height":720,"caption":"Kefir - Cr\u00e9ditos: depositphotos.com \/ MadeleineSteinbach"},{"@type":"BreadcrumbList","@id":"https:\/\/www.correiobraziliense.com.br\/cbradar\/o-alimento-milenar-que-se-tornou-popular-por-ajudar-na-saude-do-intestino\/#breadcrumb","itemListElement":[{"@type":"ListItem","position":1,"name":"In\u00edcio","item":"https:\/\/www.correiobraziliense.com.br\/cbradar\/"},{"@type":"ListItem","position":2,"name":"O alimento milenar que se tornou popular por ajudar na sa\u00fade do intestino"}]},{"@type":"WebSite","@id":"https:\/\/www.correiobraziliense.com.br\/cbradar\/#website","url":"https:\/\/www.correiobraziliense.com.br\/cbradar\/","name":"Correio Braziliense - Radar","description":"Acompanhe as \u00faltimas not\u00edcias e fique bem informado sobre tudo o que acontece no Brasil e no mundo.","potentialAction":[{"@type":"SearchAction","target":{"@type":"EntryPoint","urlTemplate":"https:\/\/www.correiobraziliense.com.br\/cbradar\/?s={search_term_string}"},"query-input":{"@type":"PropertyValueSpecification","valueRequired":true,"valueName":"search_term_string"}}],"inLanguage":"pt-BR"},{"@type":"Person","@id":"https:\/\/www.correiobraziliense.com.br\/cbradar\/#\/schema\/person\/5aa4bf3c8fa699c267933611de12978b","name":"guilherme_saude","image":{"@type":"ImageObject","inLanguage":"pt-BR","@id":"https:\/\/www.correiobraziliense.com.br\/cbradar\/#\/schema\/person\/image\/","url":"https:\/\/secure.gravatar.com\/avatar\/df9adfb835d344bc0af109d41756253f?s=96&d=mm&r=g","contentUrl":"https:\/\/secure.gravatar.com\/avatar\/df9adfb835d344bc0af109d41756253f?s=96&d=mm&r=g","caption":"guilherme_saude"},"url":"https:\/\/www.correiobraziliense.com.br\/cbradar\/author\/guilherme_saude\/"}]}},"_links":{"self":[{"href":"https:\/\/www.correiobraziliense.com.br\/cbradar\/wp-json\/wp\/v2\/posts\/153808","targetHints":{"allow":["GET"]}}],"collection":[{"href":"https:\/\/www.correiobraziliense.com.br\/cbradar\/wp-json\/wp\/v2\/posts"}],"about":[{"href":"https:\/\/www.correiobraziliense.com.br\/cbradar\/wp-json\/wp\/v2\/types\/post"}],"author":[{"embeddable":true,"href":"https:\/\/www.correiobraziliense.com.br\/cbradar\/wp-json\/wp\/v2\/users\/14"}],"replies":[{"embeddable":true,"href":"https:\/\/www.correiobraziliense.com.br\/cbradar\/wp-json\/wp\/v2\/comments?post=153808"}],"version-history":[{"count":1,"href":"https:\/\/www.correiobraziliense.com.br\/cbradar\/wp-json\/wp\/v2\/posts\/153808\/revisions"}],"predecessor-version":[{"id":153810,"href":"https:\/\/www.correiobraziliense.com.br\/cbradar\/wp-json\/wp\/v2\/posts\/153808\/revisions\/153810"}],"wp:featuredmedia":[{"embeddable":true,"href":"https:\/\/www.correiobraziliense.com.br\/cbradar\/wp-json\/wp\/v2\/media\/56346"}],"wp:attachment":[{"href":"https:\/\/www.correiobraziliense.com.br\/cbradar\/wp-json\/wp\/v2\/media?parent=153808"}],"wp:term":[{"taxonomy":"category","embeddable":true,"href":"https:\/\/www.correiobraziliense.com.br\/cbradar\/wp-json\/wp\/v2\/categories?post=153808"},{"taxonomy":"post_tag","embeddable":true,"href":"https:\/\/www.correiobraziliense.com.br\/cbradar\/wp-json\/wp\/v2\/tags?post=153808"}],"curies":[{"name":"wp","href":"https:\/\/api.w.org\/{rel}","templated":true}]}}