{"id":153830,"date":"2025-12-11T21:35:00","date_gmt":"2025-12-12T00:35:00","guid":{"rendered":"https:\/\/www.correiobraziliense.com.br\/cbradar\/?p=153830"},"modified":"2025-12-10T11:35:03","modified_gmt":"2025-12-10T14:35:03","slug":"conheca-a-melhor-fruta-para-limpar-o-colon-naturalmente","status":"publish","type":"post","link":"https:\/\/www.correiobraziliense.com.br\/cbradar\/conheca-a-melhor-fruta-para-limpar-o-colon-naturalmente\/","title":{"rendered":"Conhe\u00e7a a melhor fruta para limpar o c\u00f3lon naturalmente"},"content":{"rendered":"\n<p>O <strong>C\u00f3lon<\/strong>, tamb\u00e9m chamado de intestino grosso, \u00e9 uma parte crucial do sistema digestivo humano. Estendendo-se do \u00edleo at\u00e9 o \u00e2nus, este \u00f3rg\u00e3o mede aproximadamente 1,5 metros e desempenha fun\u00e7\u00f5es essenciais, como a absor\u00e7\u00e3o de \u00e1gua e nutrientes, al\u00e9m do armazenamento de res\u00edduos antes da elimina\u00e7\u00e3o. A manuten\u00e7\u00e3o de um C\u00f3lon saud\u00e1vel \u00e9 vital para assegurar que o corpo funcione de maneira otimizada, prevenindo assim doen\u00e7as e desconfortos associados.<\/p>\n\n\n\n<p>Al\u00e9m de sua fun\u00e7\u00e3o na digest\u00e3o, o C\u00f3lon tamb\u00e9m atua no equil\u00edbrio do microbioma intestinal, essencial para o sistema imunol\u00f3gico e o bem-estar geral. Portanto, garantir que o C\u00f3lon esteja saud\u00e1vel \u00e9 importante n\u00e3o apenas para a digest\u00e3o, mas tamb\u00e9m para a sa\u00fade completa do organismo.<\/p>\n\n\n\n<h2 class=\"wp-block-heading\">Quais os sinais de alerta: sintomas comuns de doen\u00e7as do C\u00f3lon?<\/h2>\n\n\n\n<p>Doen\u00e7as do C\u00f3lon muitas vezes se manifestam atrav\u00e9s de mudan\u00e7as no h\u00e1bito intestinal. Entre os sinais mais comuns est\u00e3o a constipa\u00e7\u00e3o, diarreia, dor abdominal e presen\u00e7a de sangue nas fezes. Tais sintomas podem significar desde condi\u00e7\u00f5es benignas at\u00e9 problemas mais s\u00e9rios, como a s\u00edndrome do intestino irrit\u00e1vel ou a doen\u00e7a de Crohn.<\/p>\n\n\n\n<p>Diagn\u00f3sticos precoces desempenham um papel crucial na gest\u00e3o e tratamento bem-sucedidos de doen\u00e7as do C\u00f3lon. A colonoscopia \u00e9 considerada o padr\u00e3o ouro para examinar diretamente o interior do C\u00f3lon, identificando anormalidades precocemente.<\/p>\n\n\n<div class=\"wp-block-image\">\n<figure class=\"aligncenter size-large\"><img decoding=\"async\" width=\"1024\" height=\"576\" src=\"https:\/\/www.correiobraziliense.com.br\/cbradar\/wp-content\/uploads\/2025\/09\/maca_1758232643591-1024x576.jpg\" alt=\"\" class=\"wp-image-105967\" srcset=\"https:\/\/www.correiobraziliense.com.br\/cbradar\/wp-content\/uploads\/2025\/09\/maca_1758232643591-1024x576.jpg 1024w, https:\/\/www.correiobraziliense.com.br\/cbradar\/wp-content\/uploads\/2025\/09\/maca_1758232643591-300x169.jpg 300w, https:\/\/www.correiobraziliense.com.br\/cbradar\/wp-content\/uploads\/2025\/09\/maca_1758232643591-768x432.jpg 768w, https:\/\/www.correiobraziliense.com.br\/cbradar\/wp-content\/uploads\/2025\/09\/maca_1758232643591-750x422.jpg 750w, https:\/\/www.correiobraziliense.com.br\/cbradar\/wp-content\/uploads\/2025\/09\/maca_1758232643591-1140x641.jpg 1140w, https:\/\/www.correiobraziliense.com.br\/cbradar\/wp-content\/uploads\/2025\/09\/maca_1758232643591.jpg 1280w\" sizes=\"(max-width: 1024px) 100vw, 1024px\" \/><figcaption class=\"wp-element-caption\">Ma\u00e7\u00e3 &#8211; Cr\u00e9ditos: depositphotos.com \/ KateNovikova<\/figcaption><\/figure><\/div>\n\n\n<h2 class=\"wp-block-heading\">Qual o papel da ma\u00e7\u00e3 na sa\u00fade do C\u00f3lon?<\/h2>\n\n\n\n<p>A ma\u00e7\u00e3 \u00e9 destacada por suas propriedades ben\u00e9ficas para a limpeza e manuten\u00e7\u00e3o do C\u00f3lon saud\u00e1vel. Rica em pectina, uma fibra sol\u00favel, a ma\u00e7\u00e3 ajuda na desinflama\u00e7\u00e3o da mucosa digestiva, sendo especialmente \u00fatil em condi\u00e7\u00f5es como a colite e s\u00edndrome do intestino irrit\u00e1vel. Al\u00e9m disso, a ingest\u00e3o regular de ma\u00e7\u00e3 contribui para uma dieta equilibrada, j\u00e1 que \u00e9 baixa em calorias e rica em fibras e \u00e1gua.<\/p>\n\n\n\n<p>Outro benef\u00edcio do consumo de ma\u00e7\u00e3 est\u00e1 relacionado ao seu alto conte\u00fado de pot\u00e1ssio, que ajuda a eliminar o excesso de s\u00f3dio e favorece o equil\u00edbrio da press\u00e3o arterial. Os compostos antioxidantes encontrados na ma\u00e7\u00e3 tamb\u00e9m favorecem um ambiente intestinal saud\u00e1vel, prevenindo a prolifera\u00e7\u00e3o de bact\u00e9rias nocivas.<\/p>\n\n\n\n<h2 class=\"wp-block-heading\">A ma\u00e7\u00e3 pode ser consumida a qualquer hora?<\/h2>\n\n\n\n<p>Devido ao seu baixo \u00edndice glic\u00eamico, a ma\u00e7\u00e3 \u00e9 uma excelente escolha para ser consumida em qualquer hor\u00e1rio, inclusive antes de dormir. Ela promove o relaxamento dos m\u00fasculos e nervos sem interferir negativamente no sono. Contudo, \u00e9 importante notar que as sementes devem ser evitadas, pois cont\u00eam amigdalina, que pode liberar cianeto se triturada ou mastigada.<\/p>\n\n\n<a href=\"https:\/\/www.instagram.com\/dra.annaluisabf\/\" target=\"_blank\" rel=\"noopener\" style=\"text-decoration: none; color: inherit;\">\n    <span style=\"display: inline-block; border: 1px solid #ccc; border-radius: 10px; padding: 15px; max-width: 550px; font-family: sans-serif; box-shadow: 0 2px 5px rgba(0,0,0,0.1); width: 100%;\">\n\n      <!-- T\u00edtulo -->\n      <span style=\"display: block; margin: 0 0 15px 0; font-weight: bold; color: #2c3e50; text-align: center;\">\n        Entre em contato:\n      <\/span>\n\n      <!-- Linha do perfil -->\n      <span style=\"display: flex; align-items: center; gap: 15px;\">\n        <img decoding=\"async\"\n          src=\"https:\/\/www.correiobraziliense.com.br\/cbradar\/wp-content\/uploads\/2025\/08\/dra_anna_luisa.jpeg\"\n          alt=\"Foto da Dra. Anna Lu\u00edsa\"\n          style=\"border-radius: 50%; width: 80px; height: 80px; object-fit: cover;\"\n        \/>\n        <span style=\"display: flex; flex-direction: column;\">\n          <span style=\"font-size: 18px; font-weight: 700; color: #2c3e50;\">Dra. Anna Lu\u00edsa Barbosa Fernandes<\/span>\n          <span style=\"color: #555;\">CRM-GO 33.271<\/span>\n        <\/span>\n      <\/span>\n\n      <!-- Redes -->\n      <span style=\"display: flex; align-items: center; gap: 10px; margin-top: 12px;\">\n        <img decoding=\"async\" src=\"https:\/\/cdn-icons-png.flaticon.com\/24\/1384\/1384063.png\" alt=\"Instagram\" width=\"24\" height=\"24\" \/>\n        <span style=\"text-decoration: underline; color: #2c3e50;\">@dra.annaluisabf<\/span>\n      <\/span>\n\n    <\/span>\n  <\/a>","protected":false},"excerpt":{"rendered":"<p>O C\u00f3lon, tamb\u00e9m chamado de intestino grosso, \u00e9 uma parte crucial do sistema digestivo humano. Estendendo-se do \u00edleo at\u00e9 o \u00e2nus, este \u00f3rg\u00e3o mede aproximadamente 1,5 metros e desempenha fun\u00e7\u00f5es essenciais, como a absor\u00e7\u00e3o de \u00e1gua e nutrientes, al\u00e9m do armazenamento de res\u00edduos antes da elimina\u00e7\u00e3o. A manuten\u00e7\u00e3o de um C\u00f3lon saud\u00e1vel \u00e9 vital para [&hellip;]<\/p>\n","protected":false},"author":14,"featured_media":109268,"comment_status":"open","ping_status":"open","sticky":false,"template":"","format":"standard","meta":{"_yoast_wpseo_focuskw":"C\u00f3lon","_yoast_wpseo_title":"","_yoast_wpseo_metadesc":"Sente dor abdominal, constipa\u00e7\u00e3o ou incha\u00e7o? Pode ser o c\u00f3lon. Veja como a ma\u00e7\u00e3 ajuda a equilibrar o intestino e prevenir doen\u00e7as digestivas.","jnews-multi-image_gallery":[],"jnews_single_post":{"format":"standard"},"jnews_primary_category":[],"jnews_social_meta":[],"jnews_override_counter":[],"footnotes":""},"categories":[4404],"tags":[281,120,12553,1318],"class_list":["post-153830","post","type-post","status-publish","format-standard","has-post-thumbnail","hentry","category-saude","tag-alimentacao","tag-bem-estar","tag-colon","tag-saude-2"],"yoast_head":"<!-- This site is optimized with the Yoast SEO plugin v24.6 - https:\/\/yoast.com\/wordpress\/plugins\/seo\/ -->\n<title>Conhe\u00e7a a melhor fruta para limpar o c\u00f3lon naturalmente - Correio Braziliense - Radar<\/title>\n<meta name=\"description\" content=\"Sente dor abdominal, constipa\u00e7\u00e3o ou incha\u00e7o? Pode ser o c\u00f3lon. Veja como a ma\u00e7\u00e3 ajuda a equilibrar o intestino e prevenir doen\u00e7as digestivas.\" \/>\n<meta name=\"robots\" content=\"index, follow, max-snippet:-1, max-image-preview:large, max-video-preview:-1\" \/>\n<link rel=\"canonical\" href=\"https:\/\/www.correiobraziliense.com.br\/cbradar\/conheca-a-melhor-fruta-para-limpar-o-colon-naturalmente\/\" \/>\n<meta property=\"og:locale\" content=\"pt_BR\" \/>\n<meta property=\"og:type\" content=\"article\" \/>\n<meta property=\"og:title\" content=\"Conhe\u00e7a a melhor fruta para limpar o c\u00f3lon naturalmente - Correio Braziliense - Radar\" \/>\n<meta property=\"og:description\" content=\"Sente dor abdominal, constipa\u00e7\u00e3o ou incha\u00e7o? Pode ser o c\u00f3lon. Veja como a ma\u00e7\u00e3 ajuda a equilibrar o intestino e prevenir doen\u00e7as digestivas.\" \/>\n<meta property=\"og:url\" content=\"https:\/\/www.correiobraziliense.com.br\/cbradar\/conheca-a-melhor-fruta-para-limpar-o-colon-naturalmente\/\" \/>\n<meta property=\"og:site_name\" content=\"Correio Braziliense - Radar\" \/>\n<meta property=\"article:published_time\" content=\"2025-12-12T00:35:00+00:00\" \/>\n<meta property=\"og:image\" content=\"https:\/\/www.correiobraziliense.com.br\/cbradar\/wp-content\/uploads\/2025\/09\/Colon_1758777405940.jpg\" \/>\n\t<meta property=\"og:image:width\" content=\"1280\" \/>\n\t<meta property=\"og:image:height\" content=\"720\" \/>\n\t<meta property=\"og:image:type\" content=\"image\/jpeg\" \/>\n<meta name=\"author\" content=\"guilherme_saude\" \/>\n<meta name=\"twitter:card\" content=\"summary_large_image\" \/>\n<meta name=\"twitter:label1\" content=\"Escrito por\" \/>\n\t<meta name=\"twitter:data1\" content=\"guilherme_saude\" \/>\n\t<meta name=\"twitter:label2\" content=\"Est. tempo de leitura\" \/>\n\t<meta name=\"twitter:data2\" content=\"4 minutos\" \/>\n<!-- \/ Yoast SEO plugin. -->","yoast_head_json":{"title":"Conhe\u00e7a a melhor fruta para limpar o c\u00f3lon naturalmente - Correio Braziliense - Radar","description":"Sente dor abdominal, constipa\u00e7\u00e3o ou incha\u00e7o? Pode ser o c\u00f3lon. Veja como a ma\u00e7\u00e3 ajuda a equilibrar o intestino e prevenir doen\u00e7as digestivas.","robots":{"index":"index","follow":"follow","max-snippet":"max-snippet:-1","max-image-preview":"max-image-preview:large","max-video-preview":"max-video-preview:-1"},"canonical":"https:\/\/www.correiobraziliense.com.br\/cbradar\/conheca-a-melhor-fruta-para-limpar-o-colon-naturalmente\/","og_locale":"pt_BR","og_type":"article","og_title":"Conhe\u00e7a a melhor fruta para limpar o c\u00f3lon naturalmente - Correio Braziliense - Radar","og_description":"Sente dor abdominal, constipa\u00e7\u00e3o ou incha\u00e7o? Pode ser o c\u00f3lon. Veja como a ma\u00e7\u00e3 ajuda a equilibrar o intestino e prevenir doen\u00e7as digestivas.","og_url":"https:\/\/www.correiobraziliense.com.br\/cbradar\/conheca-a-melhor-fruta-para-limpar-o-colon-naturalmente\/","og_site_name":"Correio Braziliense - Radar","article_published_time":"2025-12-12T00:35:00+00:00","og_image":[{"width":1280,"height":720,"url":"https:\/\/www.correiobraziliense.com.br\/cbradar\/wp-content\/uploads\/2025\/09\/Colon_1758777405940.jpg","type":"image\/jpeg"}],"author":"guilherme_saude","twitter_card":"summary_large_image","twitter_misc":{"Escrito por":"guilherme_saude","Est. tempo de leitura":"4 minutos"},"schema":{"@context":"https:\/\/schema.org","@graph":[{"@type":"WebPage","@id":"https:\/\/www.correiobraziliense.com.br\/cbradar\/conheca-a-melhor-fruta-para-limpar-o-colon-naturalmente\/","url":"https:\/\/www.correiobraziliense.com.br\/cbradar\/conheca-a-melhor-fruta-para-limpar-o-colon-naturalmente\/","name":"Conhe\u00e7a a melhor fruta para limpar o c\u00f3lon naturalmente - Correio Braziliense - Radar","isPartOf":{"@id":"https:\/\/www.correiobraziliense.com.br\/cbradar\/#website"},"primaryImageOfPage":{"@id":"https:\/\/www.correiobraziliense.com.br\/cbradar\/conheca-a-melhor-fruta-para-limpar-o-colon-naturalmente\/#primaryimage"},"image":{"@id":"https:\/\/www.correiobraziliense.com.br\/cbradar\/conheca-a-melhor-fruta-para-limpar-o-colon-naturalmente\/#primaryimage"},"thumbnailUrl":"https:\/\/www.correiobraziliense.com.br\/cbradar\/wp-content\/uploads\/2025\/09\/Colon_1758777405940.jpg","datePublished":"2025-12-12T00:35:00+00:00","author":{"@id":"https:\/\/www.correiobraziliense.com.br\/cbradar\/#\/schema\/person\/5aa4bf3c8fa699c267933611de12978b"},"description":"Sente dor abdominal, constipa\u00e7\u00e3o ou incha\u00e7o? Pode ser o c\u00f3lon. Veja como a ma\u00e7\u00e3 ajuda a equilibrar o intestino e prevenir doen\u00e7as digestivas.","breadcrumb":{"@id":"https:\/\/www.correiobraziliense.com.br\/cbradar\/conheca-a-melhor-fruta-para-limpar-o-colon-naturalmente\/#breadcrumb"},"inLanguage":"pt-BR","potentialAction":[{"@type":"ReadAction","target":["https:\/\/www.correiobraziliense.com.br\/cbradar\/conheca-a-melhor-fruta-para-limpar-o-colon-naturalmente\/"]}]},{"@type":"ImageObject","inLanguage":"pt-BR","@id":"https:\/\/www.correiobraziliense.com.br\/cbradar\/conheca-a-melhor-fruta-para-limpar-o-colon-naturalmente\/#primaryimage","url":"https:\/\/www.correiobraziliense.com.br\/cbradar\/wp-content\/uploads\/2025\/09\/Colon_1758777405940.jpg","contentUrl":"https:\/\/www.correiobraziliense.com.br\/cbradar\/wp-content\/uploads\/2025\/09\/Colon_1758777405940.jpg","width":1280,"height":720,"caption":"Colon - Cr\u00e9ditos: depositphotos.com \/ KostyaKlimenko"},{"@type":"BreadcrumbList","@id":"https:\/\/www.correiobraziliense.com.br\/cbradar\/conheca-a-melhor-fruta-para-limpar-o-colon-naturalmente\/#breadcrumb","itemListElement":[{"@type":"ListItem","position":1,"name":"In\u00edcio","item":"https:\/\/www.correiobraziliense.com.br\/cbradar\/"},{"@type":"ListItem","position":2,"name":"Conhe\u00e7a a melhor fruta para limpar o c\u00f3lon naturalmente"}]},{"@type":"WebSite","@id":"https:\/\/www.correiobraziliense.com.br\/cbradar\/#website","url":"https:\/\/www.correiobraziliense.com.br\/cbradar\/","name":"Correio Braziliense - Radar","description":"Acompanhe as \u00faltimas not\u00edcias e fique bem informado sobre tudo o que acontece no Brasil e no mundo.","potentialAction":[{"@type":"SearchAction","target":{"@type":"EntryPoint","urlTemplate":"https:\/\/www.correiobraziliense.com.br\/cbradar\/?s={search_term_string}"},"query-input":{"@type":"PropertyValueSpecification","valueRequired":true,"valueName":"search_term_string"}}],"inLanguage":"pt-BR"},{"@type":"Person","@id":"https:\/\/www.correiobraziliense.com.br\/cbradar\/#\/schema\/person\/5aa4bf3c8fa699c267933611de12978b","name":"guilherme_saude","image":{"@type":"ImageObject","inLanguage":"pt-BR","@id":"https:\/\/www.correiobraziliense.com.br\/cbradar\/#\/schema\/person\/image\/","url":"https:\/\/secure.gravatar.com\/avatar\/df9adfb835d344bc0af109d41756253f?s=96&d=mm&r=g","contentUrl":"https:\/\/secure.gravatar.com\/avatar\/df9adfb835d344bc0af109d41756253f?s=96&d=mm&r=g","caption":"guilherme_saude"},"url":"https:\/\/www.correiobraziliense.com.br\/cbradar\/author\/guilherme_saude\/"}]}},"_links":{"self":[{"href":"https:\/\/www.correiobraziliense.com.br\/cbradar\/wp-json\/wp\/v2\/posts\/153830","targetHints":{"allow":["GET"]}}],"collection":[{"href":"https:\/\/www.correiobraziliense.com.br\/cbradar\/wp-json\/wp\/v2\/posts"}],"about":[{"href":"https:\/\/www.correiobraziliense.com.br\/cbradar\/wp-json\/wp\/v2\/types\/post"}],"author":[{"embeddable":true,"href":"https:\/\/www.correiobraziliense.com.br\/cbradar\/wp-json\/wp\/v2\/users\/14"}],"replies":[{"embeddable":true,"href":"https:\/\/www.correiobraziliense.com.br\/cbradar\/wp-json\/wp\/v2\/comments?post=153830"}],"version-history":[{"count":1,"href":"https:\/\/www.correiobraziliense.com.br\/cbradar\/wp-json\/wp\/v2\/posts\/153830\/revisions"}],"predecessor-version":[{"id":153831,"href":"https:\/\/www.correiobraziliense.com.br\/cbradar\/wp-json\/wp\/v2\/posts\/153830\/revisions\/153831"}],"wp:featuredmedia":[{"embeddable":true,"href":"https:\/\/www.correiobraziliense.com.br\/cbradar\/wp-json\/wp\/v2\/media\/109268"}],"wp:attachment":[{"href":"https:\/\/www.correiobraziliense.com.br\/cbradar\/wp-json\/wp\/v2\/media?parent=153830"}],"wp:term":[{"taxonomy":"category","embeddable":true,"href":"https:\/\/www.correiobraziliense.com.br\/cbradar\/wp-json\/wp\/v2\/categories?post=153830"},{"taxonomy":"post_tag","embeddable":true,"href":"https:\/\/www.correiobraziliense.com.br\/cbradar\/wp-json\/wp\/v2\/tags?post=153830"}],"curies":[{"name":"wp","href":"https:\/\/api.w.org\/{rel}","templated":true}]}}