{"id":153841,"date":"2025-12-11T11:35:00","date_gmt":"2025-12-11T14:35:00","guid":{"rendered":"https:\/\/www.correiobraziliense.com.br\/cbradar\/?p=153841"},"modified":"2025-12-10T11:48:13","modified_gmt":"2025-12-10T14:48:13","slug":"poucos-sabem-por-que-deixar-pilhas-usadas-guardadas-em-casa-pode-ser-perigoso","status":"publish","type":"post","link":"https:\/\/www.correiobraziliense.com.br\/cbradar\/poucos-sabem-por-que-deixar-pilhas-usadas-guardadas-em-casa-pode-ser-perigoso\/","title":{"rendered":"Poucos sabem por que deixar pilhas usadas guardadas em casa pode ser perigoso"},"content":{"rendered":"\n<p>Muita gente guarda pilhas usadas em gavetas, caixas ou potes \u201cpara jogar fora depois\u201d, mas esse h\u00e1bito comum pode trazer riscos. Em 2025, especialistas em meio ambiente e sa\u00fade refor\u00e7am que <strong>pilhas velhas podem vazar metais pesados<\/strong> com o tempo, contaminando superf\u00edcies, objetos e at\u00e9 o ar do ambiente. O problema aumenta quando v\u00e1rias pilhas ficam acumuladas no mesmo lugar.<\/p>\n\n\n\n<h2 class=\"wp-block-heading\">Por que as pilhas usadas podem oferecer risco \u00e0 sa\u00fade?<\/h2>\n\n\n\n<p>Com o passar dos meses, a estrutura externa das pilhas come\u00e7a a oxidar e enfraquecer. Quando isso acontece, elas podem vazar subst\u00e2ncias como <strong>merc\u00fario, chumbo, c\u00e1dmio e n\u00edquel<\/strong>, metais pesados relacionados a irrita\u00e7\u00f5es na pele, problemas respirat\u00f3rios e, em casos extremos, danos neurol\u00f3gicos, <a href=\"https:\/\/www.correiobraziliense.com.br\/cbradar\/ficar-sem-beber-agua-pode-baguncar-sua-cabeca-mais-cedo-do-que-voce-pensa\/\" target=\"_blank\" rel=\"noreferrer noopener\">problemas graves de sa\u00fade<\/a>.<\/p>\n\n\n\n<p>O risco \u00e9 maior em ambientes fechados, \u00famidos ou quentes, onde o revestimento se deteriora mais r\u00e1pido. Crian\u00e7as e pets ficam ainda mais vulner\u00e1veis, j\u00e1 que podem ter contato direto com res\u00edduos t\u00f3xicos.<\/p>\n\n\n<div class=\"wp-block-image\">\n<figure class=\"aligncenter size-large\"><img decoding=\"async\" width=\"1024\" height=\"576\" src=\"https:\/\/www.correiobraziliense.com.br\/cbradar\/wp-content\/uploads\/2025\/12\/batteries_1765377835697-1024x576.jpg\" alt=\"Poucos sabem por que deixar pilhas usadas guardadas em casa pode ser perigoso\" class=\"wp-image-153843\" srcset=\"https:\/\/www.correiobraziliense.com.br\/cbradar\/wp-content\/uploads\/2025\/12\/batteries_1765377835697-1024x576.jpg 1024w, https:\/\/www.correiobraziliense.com.br\/cbradar\/wp-content\/uploads\/2025\/12\/batteries_1765377835697-300x169.jpg 300w, https:\/\/www.correiobraziliense.com.br\/cbradar\/wp-content\/uploads\/2025\/12\/batteries_1765377835697-768x432.jpg 768w, https:\/\/www.correiobraziliense.com.br\/cbradar\/wp-content\/uploads\/2025\/12\/batteries_1765377835697-750x422.jpg 750w, https:\/\/www.correiobraziliense.com.br\/cbradar\/wp-content\/uploads\/2025\/12\/batteries_1765377835697-1140x641.jpg 1140w, https:\/\/www.correiobraziliense.com.br\/cbradar\/wp-content\/uploads\/2025\/12\/batteries_1765377835697.jpg 1280w\" sizes=\"(max-width: 1024px) 100vw, 1024px\" \/><figcaption class=\"wp-element-caption\">O risco \u00e9 maior em ambientes fechados, \u00famidos ou quentes, onde o revestimento se deteriora mais r\u00e1pido &#8211; Cr\u00e9ditos: depositphotos.com \/ monticello<\/figcaption><\/figure><\/div>\n\n\n<h2 class=\"wp-block-heading\">Impactos ambientais do ac\u00famulo e descarte inadequado<\/h2>\n\n\n\n<p>Quando pilhas usadas s\u00e3o esquecidas em casa por muito tempo, elas se tornam potenciais contaminantes. Caso sejam descartadas no lixo comum, os metais podem infiltrar-se no solo e chegar a rios e len\u00e7\u00f3is fre\u00e1ticos, afetando ecossistemas e at\u00e9 o abastecimento de \u00e1gua.<\/p>\n\n\n\n<p>Por esse motivo, \u00f3rg\u00e3os ambientais refor\u00e7am que pilhas e baterias devem ser tratadas como <strong>res\u00edduos perigosos<\/strong>, exigindo um destino espec\u00edfico para evitar danos ao meio ambiente, abaixo, <strong>\u00farsula | pedagogia_sustentavel <\/strong>mostra no TikTok como se desfazer corretamente:<\/p>\n\n\n\n<figure class=\"wp-block-embed is-type-video is-provider-tiktok wp-block-embed-tiktok\"><div class=\"wp-block-embed__wrapper\">\n<blockquote class=\"tiktok-embed\" cite=\"https:\/\/www.tiktok.com\/@pedagogia_sustentavel\/video\/7071605917564865797\" data-video-id=\"7071605917564865797\" data-embed-from=\"oembed\" style=\"max-width:605px; min-width:325px;\"> <section> <a target=\"_blank\" title=\"@pedagogia_sustentavel\" href=\"https:\/\/www.tiktok.com\/@pedagogia_sustentavel?refer=embed\">@pedagogia_sustentavel<\/a> <p>sabia que devemos descartar lixo eletr\u00f4nico em pontos espec\u00edficos? <a title=\"educa\u00e7\u00e3oambiental\" target=\"_blank\" href=\"https:\/\/www.tiktok.com\/tag\/educa%C3%A7%C3%A3oambiental?refer=embed\">#educa\u00e7\u00e3oambiental<\/a> <a title=\"sustentabilidade\" target=\"_blank\" href=\"https:\/\/www.tiktok.com\/tag\/sustentabilidade?refer=embed\">#sustentabilidade<\/a> <a title=\"ecycle\" target=\"_blank\" href=\"https:\/\/www.tiktok.com\/tag\/ecycle?refer=embed\">#ecycle<\/a> <a title=\"eco\" target=\"_blank\" href=\"https:\/\/www.tiktok.com\/tag\/eco?refer=embed\">#eco<\/a> <a title=\"descartecorreto\" target=\"_blank\" href=\"https:\/\/www.tiktok.com\/tag\/descartecorreto?refer=embed\">#descartecorreto<\/a> <a title=\"fy\" target=\"_blank\" href=\"https:\/\/www.tiktok.com\/tag\/fy?refer=embed\">#fy<\/a> <a title=\"fyp\" target=\"_blank\" href=\"https:\/\/www.tiktok.com\/tag\/fyp?refer=embed\">#fyp<\/a><\/p> <a target=\"_blank\" title=\"\u266c Two Weeks - Grizzly Bear\" href=\"https:\/\/www.tiktok.com\/music\/Two-Weeks-6771810672880650241?refer=embed\">\u266c Two Weeks &#8211; Grizzly Bear<\/a> <\/section> <\/blockquote> <script async src=\"https:\/\/www.tiktok.com\/embed.js\"><\/script>\n<\/div><\/figure>\n\n\n\n<h2 class=\"wp-block-heading\">Como identificar quando uma pilha est\u00e1 prestes a vazar?<\/h2>\n\n\n\n<p>Alguns sinais ajudam a perceber quando uma pilha j\u00e1 n\u00e3o deve ficar em casa: corros\u00e3o na parte met\u00e1lica, manchas brancas em p\u00f3 na superf\u00edcie, odor estranho ou deforma\u00e7\u00f5es no corpo da pilha. Caso isso aconte\u00e7a, \u00e9 importante evitar o toque direto e separar a pilha para descarte imediato.<\/p>\n\n\n\n<p>Guardar pilhas usadas junto de objetos met\u00e1licos tamb\u00e9m aumenta o risco de curto-circuito, especialmente no caso de pilhas de l\u00edtio.<\/p>\n\n\n<div class=\"wp-block-image\">\n<figure class=\"aligncenter size-large\"><img decoding=\"async\" width=\"1024\" height=\"576\" src=\"https:\/\/www.correiobraziliense.com.br\/cbradar\/wp-content\/uploads\/2025\/12\/batteries_1765377860128-1024x576.jpg\" alt=\"Poucos sabem por que deixar pilhas usadas guardadas em casa pode ser perigoso\" class=\"wp-image-153844\" srcset=\"https:\/\/www.correiobraziliense.com.br\/cbradar\/wp-content\/uploads\/2025\/12\/batteries_1765377860128-1024x576.jpg 1024w, https:\/\/www.correiobraziliense.com.br\/cbradar\/wp-content\/uploads\/2025\/12\/batteries_1765377860128-300x169.jpg 300w, https:\/\/www.correiobraziliense.com.br\/cbradar\/wp-content\/uploads\/2025\/12\/batteries_1765377860128-768x432.jpg 768w, https:\/\/www.correiobraziliense.com.br\/cbradar\/wp-content\/uploads\/2025\/12\/batteries_1765377860128-750x422.jpg 750w, https:\/\/www.correiobraziliense.com.br\/cbradar\/wp-content\/uploads\/2025\/12\/batteries_1765377860128-1140x641.jpg 1140w, https:\/\/www.correiobraziliense.com.br\/cbradar\/wp-content\/uploads\/2025\/12\/batteries_1765377860128.jpg 1280w\" sizes=\"(max-width: 1024px) 100vw, 1024px\" \/><figcaption class=\"wp-element-caption\">Guardar pilhas usadas junto de objetos met\u00e1licos tamb\u00e9m aumenta o risco de curto-circuito, especialmente no caso de pilhas de l\u00edtio &#8211; Cr\u00e9ditos: depositphotos.com \/ vorobevaola<\/figcaption><\/figure><\/div>\n\n\n<h2 class=\"wp-block-heading\">Como descartar pilhas de forma correta e segura?<\/h2>\n\n\n\n<p>O descarte correto \u00e9 simples e acess\u00edvel. Supermercados, lojas de eletr\u00f4nicos e alguns postos de reciclagem possuem coletores espec\u00edficos para pilhas e baterias, um servi\u00e7o regulamentado no Brasil. Basta entregar as pilhas usadas nesses pontos para garantir o tratamento adequado.<\/p>\n\n\n\n<p>Outra recomenda\u00e7\u00e3o \u00e9 evitar guardar pilhas por longos per\u00edodos em casa. Quando acabar o uso, junte-as em um recipiente isolado e leve ao ponto de coleta o quanto antes. Al\u00e9m disso, sempre que poss\u00edvel, opte por pilhas recarreg\u00e1veis, que reduzem o<a href=\"https:\/\/pnla.mma.gov.br\/estudos-ambientais\" target=\"_blank\" rel=\"noreferrer noopener\"> impacto ambiental<\/a>.<\/p>\n","protected":false},"excerpt":{"rendered":"<p>Muita gente guarda pilhas usadas em gavetas, caixas ou potes \u201cpara jogar fora depois\u201d, mas esse h\u00e1bito comum pode trazer riscos. Em 2025, especialistas em meio ambiente e sa\u00fade refor\u00e7am que pilhas velhas podem vazar metais pesados com o tempo, contaminando superf\u00edcies, objetos e at\u00e9 o ar do ambiente. O problema aumenta quando v\u00e1rias pilhas [&hellip;]<\/p>\n","protected":false},"author":18,"featured_media":153845,"comment_status":"open","ping_status":"open","sticky":false,"template":"","format":"standard","meta":{"_yoast_wpseo_focuskw":"por que n\u00e3o guardar pilhas","_yoast_wpseo_title":"","_yoast_wpseo_metadesc":"Guardar pilhas usadas pode causar vazamentos t\u00f3xicos e contamina\u00e7\u00e3o do ar. Entenda os riscos e o jeito certo de descart\u00e1-las com seguran\u00e7a.","jnews-multi-image_gallery":[],"jnews_single_post":{"format":"standard"},"jnews_primary_category":[],"jnews_social_meta":[],"jnews_override_counter":[],"footnotes":""},"categories":[112],"tags":[12555,1101,12554,1318],"class_list":["post-153841","post","type-post","status-publish","format-standard","has-post-thumbnail","hentry","category-curiosidades","tag-armazentamento","tag-cuidados","tag-pilhas","tag-saude-2"],"yoast_head":"<!-- This site is optimized with the Yoast SEO plugin v24.6 - https:\/\/yoast.com\/wordpress\/plugins\/seo\/ -->\n<title>Poucos sabem por que deixar pilhas usadas guardadas em casa pode ser perigoso - Correio Braziliense - Radar<\/title>\n<meta name=\"description\" content=\"Guardar pilhas usadas pode causar vazamentos t\u00f3xicos e contamina\u00e7\u00e3o do ar. Entenda os riscos e o jeito certo de descart\u00e1-las com seguran\u00e7a.\" \/>\n<meta name=\"robots\" content=\"index, follow, max-snippet:-1, max-image-preview:large, max-video-preview:-1\" \/>\n<link rel=\"canonical\" href=\"https:\/\/www.correiobraziliense.com.br\/cbradar\/poucos-sabem-por-que-deixar-pilhas-usadas-guardadas-em-casa-pode-ser-perigoso\/\" \/>\n<meta property=\"og:locale\" content=\"pt_BR\" \/>\n<meta property=\"og:type\" content=\"article\" \/>\n<meta property=\"og:title\" content=\"Poucos sabem por que deixar pilhas usadas guardadas em casa pode ser perigoso - Correio Braziliense - Radar\" \/>\n<meta property=\"og:description\" content=\"Guardar pilhas usadas pode causar vazamentos t\u00f3xicos e contamina\u00e7\u00e3o do ar. Entenda os riscos e o jeito certo de descart\u00e1-las com seguran\u00e7a.\" \/>\n<meta property=\"og:url\" content=\"https:\/\/www.correiobraziliense.com.br\/cbradar\/poucos-sabem-por-que-deixar-pilhas-usadas-guardadas-em-casa-pode-ser-perigoso\/\" \/>\n<meta property=\"og:site_name\" content=\"Correio Braziliense - Radar\" \/>\n<meta property=\"article:published_time\" content=\"2025-12-11T14:35:00+00:00\" \/>\n<meta property=\"og:image\" content=\"https:\/\/www.correiobraziliense.com.br\/cbradar\/wp-content\/uploads\/2025\/12\/mosaico_1765377942780.jpg\" \/>\n\t<meta property=\"og:image:width\" content=\"1280\" \/>\n\t<meta property=\"og:image:height\" content=\"720\" \/>\n\t<meta property=\"og:image:type\" content=\"image\/jpeg\" \/>\n<meta name=\"author\" content=\"Maria Eduarda Pacheco\" \/>\n<meta name=\"twitter:card\" content=\"summary_large_image\" \/>\n<meta name=\"twitter:label1\" content=\"Escrito por\" \/>\n\t<meta name=\"twitter:data1\" content=\"Maria Eduarda Pacheco\" \/>\n\t<meta name=\"twitter:label2\" content=\"Est. tempo de leitura\" \/>\n\t<meta name=\"twitter:data2\" content=\"4 minutos\" \/>\n<!-- \/ Yoast SEO plugin. -->","yoast_head_json":{"title":"Poucos sabem por que deixar pilhas usadas guardadas em casa pode ser perigoso - Correio Braziliense - Radar","description":"Guardar pilhas usadas pode causar vazamentos t\u00f3xicos e contamina\u00e7\u00e3o do ar. Entenda os riscos e o jeito certo de descart\u00e1-las com seguran\u00e7a.","robots":{"index":"index","follow":"follow","max-snippet":"max-snippet:-1","max-image-preview":"max-image-preview:large","max-video-preview":"max-video-preview:-1"},"canonical":"https:\/\/www.correiobraziliense.com.br\/cbradar\/poucos-sabem-por-que-deixar-pilhas-usadas-guardadas-em-casa-pode-ser-perigoso\/","og_locale":"pt_BR","og_type":"article","og_title":"Poucos sabem por que deixar pilhas usadas guardadas em casa pode ser perigoso - Correio Braziliense - Radar","og_description":"Guardar pilhas usadas pode causar vazamentos t\u00f3xicos e contamina\u00e7\u00e3o do ar. Entenda os riscos e o jeito certo de descart\u00e1-las com seguran\u00e7a.","og_url":"https:\/\/www.correiobraziliense.com.br\/cbradar\/poucos-sabem-por-que-deixar-pilhas-usadas-guardadas-em-casa-pode-ser-perigoso\/","og_site_name":"Correio Braziliense - Radar","article_published_time":"2025-12-11T14:35:00+00:00","og_image":[{"width":1280,"height":720,"url":"https:\/\/www.correiobraziliense.com.br\/cbradar\/wp-content\/uploads\/2025\/12\/mosaico_1765377942780.jpg","type":"image\/jpeg"}],"author":"Maria Eduarda Pacheco","twitter_card":"summary_large_image","twitter_misc":{"Escrito por":"Maria Eduarda Pacheco","Est. tempo de leitura":"4 minutos"},"schema":{"@context":"https:\/\/schema.org","@graph":[{"@type":"WebPage","@id":"https:\/\/www.correiobraziliense.com.br\/cbradar\/poucos-sabem-por-que-deixar-pilhas-usadas-guardadas-em-casa-pode-ser-perigoso\/","url":"https:\/\/www.correiobraziliense.com.br\/cbradar\/poucos-sabem-por-que-deixar-pilhas-usadas-guardadas-em-casa-pode-ser-perigoso\/","name":"Poucos sabem por que deixar pilhas usadas guardadas em casa pode ser perigoso - Correio Braziliense - Radar","isPartOf":{"@id":"https:\/\/www.correiobraziliense.com.br\/cbradar\/#website"},"primaryImageOfPage":{"@id":"https:\/\/www.correiobraziliense.com.br\/cbradar\/poucos-sabem-por-que-deixar-pilhas-usadas-guardadas-em-casa-pode-ser-perigoso\/#primaryimage"},"image":{"@id":"https:\/\/www.correiobraziliense.com.br\/cbradar\/poucos-sabem-por-que-deixar-pilhas-usadas-guardadas-em-casa-pode-ser-perigoso\/#primaryimage"},"thumbnailUrl":"https:\/\/www.correiobraziliense.com.br\/cbradar\/wp-content\/uploads\/2025\/12\/mosaico_1765377942780.jpg","datePublished":"2025-12-11T14:35:00+00:00","author":{"@id":"https:\/\/www.correiobraziliense.com.br\/cbradar\/#\/schema\/person\/6fdd694c4c0d658f15df15f390ddf066"},"description":"Guardar pilhas usadas pode causar vazamentos t\u00f3xicos e contamina\u00e7\u00e3o do ar. Entenda os riscos e o jeito certo de descart\u00e1-las com seguran\u00e7a.","breadcrumb":{"@id":"https:\/\/www.correiobraziliense.com.br\/cbradar\/poucos-sabem-por-que-deixar-pilhas-usadas-guardadas-em-casa-pode-ser-perigoso\/#breadcrumb"},"inLanguage":"pt-BR","potentialAction":[{"@type":"ReadAction","target":["https:\/\/www.correiobraziliense.com.br\/cbradar\/poucos-sabem-por-que-deixar-pilhas-usadas-guardadas-em-casa-pode-ser-perigoso\/"]}]},{"@type":"ImageObject","inLanguage":"pt-BR","@id":"https:\/\/www.correiobraziliense.com.br\/cbradar\/poucos-sabem-por-que-deixar-pilhas-usadas-guardadas-em-casa-pode-ser-perigoso\/#primaryimage","url":"https:\/\/www.correiobraziliense.com.br\/cbradar\/wp-content\/uploads\/2025\/12\/mosaico_1765377942780.jpg","contentUrl":"https:\/\/www.correiobraziliense.com.br\/cbradar\/wp-content\/uploads\/2025\/12\/mosaico_1765377942780.jpg","width":1280,"height":720,"caption":"Cr\u00e9ditos: depositphotos.com \/ AndrewLozovyi Cr\u00e9ditos: depositphotos.com \/ KostyaKlimenko"},{"@type":"BreadcrumbList","@id":"https:\/\/www.correiobraziliense.com.br\/cbradar\/poucos-sabem-por-que-deixar-pilhas-usadas-guardadas-em-casa-pode-ser-perigoso\/#breadcrumb","itemListElement":[{"@type":"ListItem","position":1,"name":"In\u00edcio","item":"https:\/\/www.correiobraziliense.com.br\/cbradar\/"},{"@type":"ListItem","position":2,"name":"Poucos sabem por que deixar pilhas usadas guardadas em casa pode ser perigoso"}]},{"@type":"WebSite","@id":"https:\/\/www.correiobraziliense.com.br\/cbradar\/#website","url":"https:\/\/www.correiobraziliense.com.br\/cbradar\/","name":"Correio Braziliense - Radar","description":"Acompanhe as \u00faltimas not\u00edcias e fique bem informado sobre tudo o que acontece no Brasil e no mundo.","potentialAction":[{"@type":"SearchAction","target":{"@type":"EntryPoint","urlTemplate":"https:\/\/www.correiobraziliense.com.br\/cbradar\/?s={search_term_string}"},"query-input":{"@type":"PropertyValueSpecification","valueRequired":true,"valueName":"search_term_string"}}],"inLanguage":"pt-BR"},{"@type":"Person","@id":"https:\/\/www.correiobraziliense.com.br\/cbradar\/#\/schema\/person\/6fdd694c4c0d658f15df15f390ddf066","name":"Maria Eduarda Pacheco","image":{"@type":"ImageObject","inLanguage":"pt-BR","@id":"https:\/\/www.correiobraziliense.com.br\/cbradar\/#\/schema\/person\/image\/","url":"https:\/\/secure.gravatar.com\/avatar\/f72a487b26fdeec08ba4868875ea328e?s=96&d=mm&r=g","contentUrl":"https:\/\/secure.gravatar.com\/avatar\/f72a487b26fdeec08ba4868875ea328e?s=96&d=mm&r=g","caption":"Maria Eduarda Pacheco"},"sameAs":["https:\/\/www.correiobraziliense.com.br\/cbradar\/"],"url":"https:\/\/www.correiobraziliense.com.br\/cbradar\/author\/maria-eduarda\/"}]}},"_links":{"self":[{"href":"https:\/\/www.correiobraziliense.com.br\/cbradar\/wp-json\/wp\/v2\/posts\/153841","targetHints":{"allow":["GET"]}}],"collection":[{"href":"https:\/\/www.correiobraziliense.com.br\/cbradar\/wp-json\/wp\/v2\/posts"}],"about":[{"href":"https:\/\/www.correiobraziliense.com.br\/cbradar\/wp-json\/wp\/v2\/types\/post"}],"author":[{"embeddable":true,"href":"https:\/\/www.correiobraziliense.com.br\/cbradar\/wp-json\/wp\/v2\/users\/18"}],"replies":[{"embeddable":true,"href":"https:\/\/www.correiobraziliense.com.br\/cbradar\/wp-json\/wp\/v2\/comments?post=153841"}],"version-history":[{"count":1,"href":"https:\/\/www.correiobraziliense.com.br\/cbradar\/wp-json\/wp\/v2\/posts\/153841\/revisions"}],"predecessor-version":[{"id":153848,"href":"https:\/\/www.correiobraziliense.com.br\/cbradar\/wp-json\/wp\/v2\/posts\/153841\/revisions\/153848"}],"wp:featuredmedia":[{"embeddable":true,"href":"https:\/\/www.correiobraziliense.com.br\/cbradar\/wp-json\/wp\/v2\/media\/153845"}],"wp:attachment":[{"href":"https:\/\/www.correiobraziliense.com.br\/cbradar\/wp-json\/wp\/v2\/media?parent=153841"}],"wp:term":[{"taxonomy":"category","embeddable":true,"href":"https:\/\/www.correiobraziliense.com.br\/cbradar\/wp-json\/wp\/v2\/categories?post=153841"},{"taxonomy":"post_tag","embeddable":true,"href":"https:\/\/www.correiobraziliense.com.br\/cbradar\/wp-json\/wp\/v2\/tags?post=153841"}],"curies":[{"name":"wp","href":"https:\/\/api.w.org\/{rel}","templated":true}]}}