{"id":153849,"date":"2025-12-11T12:15:00","date_gmt":"2025-12-11T15:15:00","guid":{"rendered":"https:\/\/www.correiobraziliense.com.br\/cbradar\/?p=153849"},"modified":"2025-12-10T12:02:56","modified_gmt":"2025-12-10T15:02:56","slug":"o-que-quer-dizer-homo-homini-lupus-e-por-que-essa-frase-ainda-define-nossa-sociedade","status":"publish","type":"post","link":"https:\/\/www.correiobraziliense.com.br\/cbradar\/o-que-quer-dizer-homo-homini-lupus-e-por-que-essa-frase-ainda-define-nossa-sociedade\/","title":{"rendered":"O que quer dizer Homo homini lupus e por que essa frase ainda define nossa sociedade"},"content":{"rendered":"\n<p>A express\u00e3o latina <strong>\u201cHomo homini lupus\u201d<\/strong> significa <strong>\u201co homem \u00e9 o lobo do homem\u201d<\/strong>. A frase, escrita pelo dramaturgo romano Plauto h\u00e1 mais de dois mil anos, descreve a capacidade humana de agir com hostilidade, competi\u00e7\u00e3o e ego\u00edsmo. S\u00e9culos depois, o fil\u00f3sofo Thomas Hobbes resgatou o termo para explicar a natureza humana em seu estado mais bruto, algo que, em 2025, ainda encontra paralelos diretos com o comportamento social contempor\u00e2neo.<\/p>\n\n\n\n<h2 class=\"wp-block-heading\">Qual a origem da frase e por que Plauto usou a met\u00e1fora do lobo?<\/h2>\n\n\n\n<p>Plauto empregou a express\u00e3o para mostrar que, quando n\u00e3o h\u00e1 regras ou limites sociais, os seres humanos podem agir movidos por interesses pr\u00f3prios, \u00e0s vezes prejudicando o outro para se proteger ou obter vantagem. O lobo, visto na Antiguidade como s\u00edmbolo de ferocidade e instinto, servia como imagem perfeita para essa compara\u00e7\u00e3o.<\/p>\n\n\n\n<p>Embora fosse uma cr\u00edtica ao comportamento individual em situa\u00e7\u00f5es espec\u00edficas, a frase acabou se tornando um retrato mais amplo da <a href=\"https:\/\/www.correiobraziliense.com.br\/cbradar\/o-que-significa-quando-alguem-some-de-repente\/\" target=\"_blank\" rel=\"noreferrer noopener\">fragilidade das rela\u00e7\u00f5es humanas<\/a> quando falta conviv\u00eancia civilizada.<\/p>\n\n\n<div class=\"wp-block-image\">\n<figure class=\"aligncenter size-large\"><img decoding=\"async\" width=\"1024\" height=\"576\" src=\"https:\/\/www.correiobraziliense.com.br\/cbradar\/wp-content\/uploads\/2025\/12\/conflict_1765378475566-1024x576.jpg\" alt=\"O que quer dizer Homo homini lupus e por que essa frase ainda define nossa sociedade\" class=\"wp-image-153852\" srcset=\"https:\/\/www.correiobraziliense.com.br\/cbradar\/wp-content\/uploads\/2025\/12\/conflict_1765378475566-1024x576.jpg 1024w, https:\/\/www.correiobraziliense.com.br\/cbradar\/wp-content\/uploads\/2025\/12\/conflict_1765378475566-300x169.jpg 300w, https:\/\/www.correiobraziliense.com.br\/cbradar\/wp-content\/uploads\/2025\/12\/conflict_1765378475566-768x432.jpg 768w, https:\/\/www.correiobraziliense.com.br\/cbradar\/wp-content\/uploads\/2025\/12\/conflict_1765378475566-750x422.jpg 750w, https:\/\/www.correiobraziliense.com.br\/cbradar\/wp-content\/uploads\/2025\/12\/conflict_1765378475566-1140x641.jpg 1140w, https:\/\/www.correiobraziliense.com.br\/cbradar\/wp-content\/uploads\/2025\/12\/conflict_1765378475566.jpg 1280w\" sizes=\"(max-width: 1024px) 100vw, 1024px\" \/><figcaption class=\"wp-element-caption\">Plauto empregou a express\u00e3o para mostrar que, quando n\u00e3o h\u00e1 regras ou limites sociais, os seres humanos podem agir movidos por interesses pr\u00f3prios &#8211; Cr\u00e9ditos: depositphotos.com \/ eelnosiva<\/figcaption><\/figure><\/div>\n\n\n<h2 class=\"wp-block-heading\">Como Hobbes reinterpretou Homo homini lupus?<\/h2>\n\n\n\n<p>No s\u00e9culo XVII, Hobbes recuperou a express\u00e3o em sua obra <em>Leviat\u00e3<\/em>. Para ele, sem leis e institui\u00e7\u00f5es fortes, a vida humana tenderia ao conflito permanente, marcada pela inseguran\u00e7a e pelo medo. O fil\u00f3sofo descreve esse cen\u00e1rio como \u201cestado de natureza\u201d, no qual cada indiv\u00edduo busca preservar sua pr\u00f3pria sobreviv\u00eancia, mesmo que isso signifique confronto.<\/p>\n\n\n\n<p>Essa vis\u00e3o ajudou a fundamentar teorias pol\u00edticas modernas, mostrando que a sociedade precisa de regras para evitar que a conviv\u00eancia humana se transforme em disputa constante, como mostrado no v\u00eddeo de <strong>Maria Baderna<\/strong> no TikTok:<\/p>\n\n\n\n<figure class=\"wp-block-embed is-type-video is-provider-tiktok wp-block-embed-tiktok\"><div class=\"wp-block-embed__wrapper\">\n<blockquote class=\"tiktok-embed\" cite=\"https:\/\/www.tiktok.com\/@mariabaderna_\/video\/7439382052543188280\" data-video-id=\"7439382052543188280\" data-embed-from=\"oembed\" style=\"max-width:605px; min-width:325px;\"> <section> <a target=\"_blank\" title=\"@mariabaderna_\" href=\"https:\/\/www.tiktok.com\/@mariabaderna_?refer=embed\">@mariabaderna_<\/a> <p>Os Homens s\u00e3o maus por natureza? <a title=\"ensinarnotiktok\" target=\"_blank\" href=\"https:\/\/www.tiktok.com\/tag\/ensinarnotiktok?refer=embed\">#ensinarnotiktok<\/a> <a title=\"filosofia\" target=\"_blank\" href=\"https:\/\/www.tiktok.com\/tag\/filosofia?refer=embed\">#filosofia<\/a> <a title=\"filosofiamoderna\" target=\"_blank\" href=\"https:\/\/www.tiktok.com\/tag\/filosofiamoderna?refer=embed\">#filosofiamoderna<\/a> <a title=\"filosofiapolitica\" target=\"_blank\" href=\"https:\/\/www.tiktok.com\/tag\/filosofiapolitica?refer=embed\">#filosofiapolitica<\/a> <a title=\"hobbes\" target=\"_blank\" href=\"https:\/\/www.tiktok.com\/tag\/hobbes?refer=embed\">#hobbes<\/a> <a title=\"fyp\" target=\"_blank\" href=\"https:\/\/www.tiktok.com\/tag\/fyp?refer=embed\">#fyp<\/a> <\/p> <a target=\"_blank\" title=\"\u266c som original - Maria Baderna\" href=\"https:\/\/www.tiktok.com\/music\/som-original-7439382101480639288?refer=embed\">\u266c som original &#8211; Maria Baderna<\/a> <\/section> <\/blockquote> <script async src=\"https:\/\/www.tiktok.com\/embed.js\"><\/script>\n<\/div><\/figure>\n\n\n\n<h2 class=\"wp-block-heading\">Por que a frase continua atual em 2025?<\/h2>\n\n\n\n<p>Apesar de ter sido escrita na Roma Antiga, \u201cHomo homini lupus\u201d ainda encontra eco na sociedade moderna. O aumento da competitividade, as tens\u00f5es sociais nas cidades e a polariza\u00e7\u00e3o em ambientes digitais refor\u00e7am a ideia de que, em determinadas situa\u00e7\u00f5es, o ser humano tende a priorizar seus pr\u00f3prios interesses.<\/p>\n\n\n\n<p>Na era das redes sociais, por exemplo, conflitos simb\u00f3licos se tornam frequentes: disputas por aten\u00e7\u00e3o, valida\u00e7\u00e3o e posicionamento p\u00fablico muitas vezes reproduzem essa l\u00f3gica hobbesiana de rivalidade, ainda que em escala virtual.<\/p>\n\n\n<div class=\"wp-block-image\">\n<figure class=\"aligncenter size-large\"><img decoding=\"async\" width=\"1024\" height=\"576\" src=\"https:\/\/www.correiobraziliense.com.br\/cbradar\/wp-content\/uploads\/2025\/12\/conflict_1765378495294-1024x576.jpg\" alt=\"O que quer dizer Homo homini lupus e por que essa frase ainda define nossa sociedade\" class=\"wp-image-153853\" srcset=\"https:\/\/www.correiobraziliense.com.br\/cbradar\/wp-content\/uploads\/2025\/12\/conflict_1765378495294-1024x576.jpg 1024w, https:\/\/www.correiobraziliense.com.br\/cbradar\/wp-content\/uploads\/2025\/12\/conflict_1765378495294-300x169.jpg 300w, https:\/\/www.correiobraziliense.com.br\/cbradar\/wp-content\/uploads\/2025\/12\/conflict_1765378495294-768x432.jpg 768w, https:\/\/www.correiobraziliense.com.br\/cbradar\/wp-content\/uploads\/2025\/12\/conflict_1765378495294-750x422.jpg 750w, https:\/\/www.correiobraziliense.com.br\/cbradar\/wp-content\/uploads\/2025\/12\/conflict_1765378495294-1140x641.jpg 1140w, https:\/\/www.correiobraziliense.com.br\/cbradar\/wp-content\/uploads\/2025\/12\/conflict_1765378495294.jpg 1280w\" sizes=\"(max-width: 1024px) 100vw, 1024px\" \/><figcaption class=\"wp-element-caption\">O aumento da competitividade, as tens\u00f5es sociais nas cidades e a polariza\u00e7\u00e3o em ambientes digitais refor\u00e7am a ideia de que, em determinadas situa\u00e7\u00f5es &#8211; Cr\u00e9ditos: depositphotos.com \/ VitalikRadko<\/figcaption><\/figure><\/div>\n\n\n<h2 class=\"wp-block-heading\">O que a express\u00e3o revela sobre comportamento humano e conviv\u00eancia social?<\/h2>\n\n\n\n<p>A frase nos lembra que o conv\u00edvio humano \u00e9 complexo e exige mecanismos para equilibrar interesses individuais e coletivos. Educa\u00e7\u00e3o, empatia e regras claras ajudam a evitar que pequenos conflitos se tornem disputas maiores.<\/p>\n\n\n\n<p>Em 2025, a express\u00e3o continua sendo uma ferramenta \u00fatil para refletir sobre como lidamos com diferen\u00e7as, responsabilidades e conviv\u00eancia em comunidade, e sobre como ainda precisamos fortalecer a coopera\u00e7\u00e3o para n\u00e3o repetir a l\u00f3gica do \u201clobo\u201d nas rela\u00e7\u00f5es cotidianas.<\/p>\n","protected":false},"excerpt":{"rendered":"<p>A express\u00e3o latina \u201cHomo homini lupus\u201d significa \u201co homem \u00e9 o lobo do homem\u201d. A frase, escrita pelo dramaturgo romano Plauto h\u00e1 mais de dois mil anos, descreve a capacidade humana de agir com hostilidade, competi\u00e7\u00e3o e ego\u00edsmo. S\u00e9culos depois, o fil\u00f3sofo Thomas Hobbes resgatou o termo para explicar a natureza humana em seu estado [&hellip;]<\/p>\n","protected":false},"author":18,"featured_media":153851,"comment_status":"open","ping_status":"open","sticky":false,"template":"","format":"standard","meta":{"_yoast_wpseo_focuskw":"O que quer dizer Homo homini lupus","_yoast_wpseo_title":"","_yoast_wpseo_metadesc":"Escrita h\u00e1 mais de dois mil anos, a frase Homo homini lupus continua explicando conflitos sociais e rivalidades em pleno 2025.","jnews-multi-image_gallery":[],"jnews_single_post":{"format":"standard"},"jnews_primary_category":[],"jnews_social_meta":[],"jnews_override_counter":[],"footnotes":""},"categories":[112],"post_tag":[12399,5078,11104,12556],"class_list":["post-153849","post","type-post","status-publish","format-standard","has-post-thumbnail","hentry","category-curiosidades","tag-ensinamentos","tag-filosofia","tag-metaforas","tag-plauto"],"yoast_head":"<!-- This site is optimized with the Yoast SEO plugin v24.6 - https:\/\/yoast.com\/wordpress\/plugins\/seo\/ -->\n<title>O que quer dizer Homo homini lupus e por que essa frase ainda define nossa sociedade - Correio Braziliense - Radar<\/title>\n<meta name=\"description\" content=\"Escrita h\u00e1 mais de dois mil anos, a frase Homo homini lupus continua explicando conflitos sociais e rivalidades em pleno 2025.\" \/>\n<meta name=\"robots\" content=\"index, follow, max-snippet:-1, max-image-preview:large, max-video-preview:-1\" \/>\n<link rel=\"canonical\" href=\"https:\/\/www.correiobraziliense.com.br\/cbradar\/o-que-quer-dizer-homo-homini-lupus-e-por-que-essa-frase-ainda-define-nossa-sociedade\/\" \/>\n<meta property=\"og:locale\" content=\"pt_BR\" \/>\n<meta property=\"og:type\" content=\"article\" \/>\n<meta property=\"og:title\" content=\"O que quer dizer Homo homini lupus e por que essa frase ainda define nossa sociedade - Correio Braziliense - Radar\" \/>\n<meta property=\"og:description\" content=\"Escrita h\u00e1 mais de dois mil anos, a frase Homo homini lupus continua explicando conflitos sociais e rivalidades em pleno 2025.\" \/>\n<meta property=\"og:url\" content=\"https:\/\/www.correiobraziliense.com.br\/cbradar\/o-que-quer-dizer-homo-homini-lupus-e-por-que-essa-frase-ainda-define-nossa-sociedade\/\" \/>\n<meta property=\"og:site_name\" content=\"Correio Braziliense - Radar\" \/>\n<meta property=\"article:published_time\" content=\"2025-12-11T15:15:00+00:00\" \/>\n<meta property=\"og:image\" content=\"https:\/\/www.correiobraziliense.com.br\/cbradar\/wp-content\/uploads\/2025\/12\/conflict_1765378464757.jpg\" \/>\n\t<meta property=\"og:image:width\" content=\"1280\" \/>\n\t<meta property=\"og:image:height\" content=\"720\" \/>\n\t<meta property=\"og:image:type\" content=\"image\/jpeg\" \/>\n<meta name=\"author\" content=\"Maria Eduarda Pacheco\" \/>\n<meta name=\"twitter:card\" content=\"summary_large_image\" \/>\n<meta name=\"twitter:label1\" content=\"Escrito por\" \/>\n\t<meta name=\"twitter:data1\" content=\"Maria Eduarda Pacheco\" \/>\n\t<meta name=\"twitter:label2\" content=\"Est. tempo de leitura\" \/>\n\t<meta name=\"twitter:data2\" content=\"4 minutos\" \/>\n<!-- \/ Yoast SEO plugin. -->","yoast_head_json":{"title":"O que quer dizer Homo homini lupus e por que essa frase ainda define nossa sociedade - Correio Braziliense - Radar","description":"Escrita h\u00e1 mais de dois mil anos, a frase Homo homini lupus continua explicando conflitos sociais e rivalidades em pleno 2025.","robots":{"index":"index","follow":"follow","max-snippet":"max-snippet:-1","max-image-preview":"max-image-preview:large","max-video-preview":"max-video-preview:-1"},"canonical":"https:\/\/www.correiobraziliense.com.br\/cbradar\/o-que-quer-dizer-homo-homini-lupus-e-por-que-essa-frase-ainda-define-nossa-sociedade\/","og_locale":"pt_BR","og_type":"article","og_title":"O que quer dizer Homo homini lupus e por que essa frase ainda define nossa sociedade - Correio Braziliense - Radar","og_description":"Escrita h\u00e1 mais de dois mil anos, a frase Homo homini lupus continua explicando conflitos sociais e rivalidades em pleno 2025.","og_url":"https:\/\/www.correiobraziliense.com.br\/cbradar\/o-que-quer-dizer-homo-homini-lupus-e-por-que-essa-frase-ainda-define-nossa-sociedade\/","og_site_name":"Correio Braziliense - Radar","article_published_time":"2025-12-11T15:15:00+00:00","og_image":[{"width":1280,"height":720,"url":"https:\/\/www.correiobraziliense.com.br\/cbradar\/wp-content\/uploads\/2025\/12\/conflict_1765378464757.jpg","type":"image\/jpeg"}],"author":"Maria Eduarda Pacheco","twitter_card":"summary_large_image","twitter_misc":{"Escrito por":"Maria Eduarda Pacheco","Est. tempo de leitura":"4 minutos"},"schema":{"@context":"https:\/\/schema.org","@graph":[{"@type":"WebPage","@id":"https:\/\/www.correiobraziliense.com.br\/cbradar\/o-que-quer-dizer-homo-homini-lupus-e-por-que-essa-frase-ainda-define-nossa-sociedade\/","url":"https:\/\/www.correiobraziliense.com.br\/cbradar\/o-que-quer-dizer-homo-homini-lupus-e-por-que-essa-frase-ainda-define-nossa-sociedade\/","name":"O que quer dizer Homo homini lupus e por que essa frase ainda define nossa sociedade - Correio Braziliense - Radar","isPartOf":{"@id":"https:\/\/www.correiobraziliense.com.br\/cbradar\/#website"},"primaryImageOfPage":{"@id":"https:\/\/www.correiobraziliense.com.br\/cbradar\/o-que-quer-dizer-homo-homini-lupus-e-por-que-essa-frase-ainda-define-nossa-sociedade\/#primaryimage"},"image":{"@id":"https:\/\/www.correiobraziliense.com.br\/cbradar\/o-que-quer-dizer-homo-homini-lupus-e-por-que-essa-frase-ainda-define-nossa-sociedade\/#primaryimage"},"thumbnailUrl":"https:\/\/www.correiobraziliense.com.br\/cbradar\/wp-content\/uploads\/2025\/12\/conflict_1765378464757.jpg","datePublished":"2025-12-11T15:15:00+00:00","author":{"@id":"https:\/\/www.correiobraziliense.com.br\/cbradar\/#\/schema\/person\/6fdd694c4c0d658f15df15f390ddf066"},"description":"Escrita h\u00e1 mais de dois mil anos, a frase Homo homini lupus continua explicando conflitos sociais e rivalidades em pleno 2025.","breadcrumb":{"@id":"https:\/\/www.correiobraziliense.com.br\/cbradar\/o-que-quer-dizer-homo-homini-lupus-e-por-que-essa-frase-ainda-define-nossa-sociedade\/#breadcrumb"},"inLanguage":"pt-BR","potentialAction":[{"@type":"ReadAction","target":["https:\/\/www.correiobraziliense.com.br\/cbradar\/o-que-quer-dizer-homo-homini-lupus-e-por-que-essa-frase-ainda-define-nossa-sociedade\/"]}]},{"@type":"ImageObject","inLanguage":"pt-BR","@id":"https:\/\/www.correiobraziliense.com.br\/cbradar\/o-que-quer-dizer-homo-homini-lupus-e-por-que-essa-frase-ainda-define-nossa-sociedade\/#primaryimage","url":"https:\/\/www.correiobraziliense.com.br\/cbradar\/wp-content\/uploads\/2025\/12\/conflict_1765378464757.jpg","contentUrl":"https:\/\/www.correiobraziliense.com.br\/cbradar\/wp-content\/uploads\/2025\/12\/conflict_1765378464757.jpg","width":1280,"height":720,"caption":"A frase, escrita pelo dramaturgo romano Plauto h\u00e1 mais de dois mil anos, descreve a capacidade humana de agir com hostilidade - Cr\u00e9ditos: depositphotos.com \/ eelnosiva"},{"@type":"BreadcrumbList","@id":"https:\/\/www.correiobraziliense.com.br\/cbradar\/o-que-quer-dizer-homo-homini-lupus-e-por-que-essa-frase-ainda-define-nossa-sociedade\/#breadcrumb","itemListElement":[{"@type":"ListItem","position":1,"name":"In\u00edcio","item":"https:\/\/www.correiobraziliense.com.br\/cbradar\/"},{"@type":"ListItem","position":2,"name":"O que quer dizer Homo homini lupus e por que essa frase ainda define nossa sociedade"}]},{"@type":"WebSite","@id":"https:\/\/www.correiobraziliense.com.br\/cbradar\/#website","url":"https:\/\/www.correiobraziliense.com.br\/cbradar\/","name":"Correio Braziliense - Radar","description":"Acompanhe as \u00faltimas not\u00edcias e fique bem informado sobre tudo o que acontece no Brasil e no mundo.","potentialAction":[{"@type":"SearchAction","target":{"@type":"EntryPoint","urlTemplate":"https:\/\/www.correiobraziliense.com.br\/cbradar\/?s={search_term_string}"},"query-input":{"@type":"PropertyValueSpecification","valueRequired":true,"valueName":"search_term_string"}}],"inLanguage":"pt-BR"},{"@type":"Person","@id":"https:\/\/www.correiobraziliense.com.br\/cbradar\/#\/schema\/person\/6fdd694c4c0d658f15df15f390ddf066","name":"Maria Eduarda Pacheco","image":{"@type":"ImageObject","inLanguage":"pt-BR","@id":"https:\/\/www.correiobraziliense.com.br\/cbradar\/#\/schema\/person\/image\/","url":"https:\/\/secure.gravatar.com\/avatar\/f72a487b26fdeec08ba4868875ea328e?s=96&d=mm&r=g","contentUrl":"https:\/\/secure.gravatar.com\/avatar\/f72a487b26fdeec08ba4868875ea328e?s=96&d=mm&r=g","caption":"Maria Eduarda Pacheco"},"sameAs":["https:\/\/www.correiobraziliense.com.br\/cbradar\/"],"url":"https:\/\/www.correiobraziliense.com.br\/cbradar\/author\/maria-eduarda\/"}]}},"_links":{"self":[{"href":"https:\/\/www.correiobraziliense.com.br\/cbradar\/wp-json\/wp\/v2\/posts\/153849","targetHints":{"allow":["GET"]}}],"collection":[{"href":"https:\/\/www.correiobraziliense.com.br\/cbradar\/wp-json\/wp\/v2\/posts"}],"about":[{"href":"https:\/\/www.correiobraziliense.com.br\/cbradar\/wp-json\/wp\/v2\/types\/post"}],"author":[{"embeddable":true,"href":"https:\/\/www.correiobraziliense.com.br\/cbradar\/wp-json\/wp\/v2\/users\/18"}],"replies":[{"embeddable":true,"href":"https:\/\/www.correiobraziliense.com.br\/cbradar\/wp-json\/wp\/v2\/comments?post=153849"}],"version-history":[{"count":2,"href":"https:\/\/www.correiobraziliense.com.br\/cbradar\/wp-json\/wp\/v2\/posts\/153849\/revisions"}],"predecessor-version":[{"id":153858,"href":"https:\/\/www.correiobraziliense.com.br\/cbradar\/wp-json\/wp\/v2\/posts\/153849\/revisions\/153858"}],"wp:featuredmedia":[{"embeddable":true,"href":"https:\/\/www.correiobraziliense.com.br\/cbradar\/wp-json\/wp\/v2\/media\/153851"}],"wp:attachment":[{"href":"https:\/\/www.correiobraziliense.com.br\/cbradar\/wp-json\/wp\/v2\/media?parent=153849"}],"wp:term":[{"taxonomy":"category","embeddable":true,"href":"https:\/\/www.correiobraziliense.com.br\/cbradar\/wp-json\/wp\/v2\/categories?post=153849"},{"taxonomy":"post_tag","embeddable":true,"href":"https:\/\/www.correiobraziliense.com.br\/cbradar\/wp-json\/wp\/v2\/post_tag?post=153849"}],"curies":[{"name":"wp","href":"https:\/\/api.w.org\/{rel}","templated":true}]}}