{"id":153872,"date":"2025-12-11T15:15:00","date_gmt":"2025-12-11T18:15:00","guid":{"rendered":"https:\/\/www.correiobraziliense.com.br\/cbradar\/?p=153872"},"modified":"2025-12-10T12:33:53","modified_gmt":"2025-12-10T15:33:53","slug":"por-que-usamos-a-palavra-virtude-e-o-que-ela-realmente-significava-na-roma-antiga","status":"publish","type":"post","link":"https:\/\/www.correiobraziliense.com.br\/cbradar\/por-que-usamos-a-palavra-virtude-e-o-que-ela-realmente-significava-na-roma-antiga\/","title":{"rendered":"Por que usamos a palavra virtude e o que ela realmente significava na Roma Antiga"},"content":{"rendered":"\n<p>A palavra <strong>virtude<\/strong>, t\u00e3o comum no vocabul\u00e1rio moral e religioso de hoje, tem uma origem muito diferente daquela que costumamos imaginar. Em 2025, quando falamos em virtude, pensamos em bondade, car\u00e1ter e \u00e9tica. Mas, na Roma Antiga, o termo latino <strong>virtus<\/strong> carregava um sentido mais amplo e mais intenso, ligado \u00e0 coragem, disciplina e for\u00e7a moral, qualidades essenciais para a vida p\u00fablica e militar romana.<\/p>\n\n\n\n<h2 class=\"wp-block-heading\">Qual a origem da palavra e o que virtus significava para os romanos?<\/h2>\n\n\n\n<p>No latim, <strong>virtus<\/strong> deriva de <em>vir<\/em>, que significa \u201chomem\u201d. Originalmente, a palavra descrevia o conjunto de qualidades consideradas pr\u00f3prias de um cidad\u00e3o romano exemplar: bravura, valentia no campo de batalha, autocontrole e capacidade de agir em favor do bem comum.<\/p>\n\n\n\n<p>Virtus era, antes de tudo, uma ideia pr\u00e1tica. N\u00e3o se tratava apenas de ser bom, mas de demonstrar for\u00e7a de car\u00e1ter diante das dificuldades. Era uma virtude quase sempre associada a l\u00edderes militares, pol\u00edticos e figuras p\u00fablicas.<\/p>\n\n\n<div class=\"wp-block-image\">\n<figure class=\"aligncenter size-large\"><img decoding=\"async\" width=\"1024\" height=\"576\" src=\"https:\/\/www.correiobraziliense.com.br\/cbradar\/wp-content\/uploads\/2025\/12\/chill-person_1765380731826-1024x576.jpg\" alt=\"Por que usamos a palavra virtude e o que ela realmente significava na Roma Antiga\" class=\"wp-image-153876\" srcset=\"https:\/\/www.correiobraziliense.com.br\/cbradar\/wp-content\/uploads\/2025\/12\/chill-person_1765380731826-1024x576.jpg 1024w, https:\/\/www.correiobraziliense.com.br\/cbradar\/wp-content\/uploads\/2025\/12\/chill-person_1765380731826-300x169.jpg 300w, https:\/\/www.correiobraziliense.com.br\/cbradar\/wp-content\/uploads\/2025\/12\/chill-person_1765380731826-768x432.jpg 768w, https:\/\/www.correiobraziliense.com.br\/cbradar\/wp-content\/uploads\/2025\/12\/chill-person_1765380731826-750x422.jpg 750w, https:\/\/www.correiobraziliense.com.br\/cbradar\/wp-content\/uploads\/2025\/12\/chill-person_1765380731826-1140x641.jpg 1140w, https:\/\/www.correiobraziliense.com.br\/cbradar\/wp-content\/uploads\/2025\/12\/chill-person_1765380731826.jpg 1280w\" sizes=\"(max-width: 1024px) 100vw, 1024px\" \/><figcaption class=\"wp-element-caption\">N\u00e3o se tratava apenas de ser bom, mas de demonstrar for\u00e7a de car\u00e1ter diante das dificuldades &#8211; Cr\u00e9ditos: depositphotos.com \/ HayDmitriy<\/figcaption><\/figure><\/div>\n\n\n<h2 class=\"wp-block-heading\">Como o significado da palavra evoluiu ao longo dos s\u00e9culos?<\/h2>\n\n\n\n<p>Com o passar do tempo, o termo deixou de estar ligado exclusivamente ao universo masculino e militar. <a href=\"https:\/\/www.correiobraziliense.com.br\/cbradar\/o-que-significa-lagom-e-por-que-esse-conceito-sueco-virou-alerta-para-a-vida-moderna\/\" target=\"_blank\" rel=\"noreferrer noopener\">Fil\u00f3sofos ampliaram seu sentido <\/a>para incluir prud\u00eancia, justi\u00e7a e temperan\u00e7a, valores que faziam parte da vida moral e intelectual do cidad\u00e3o romano.<\/p>\n\n\n\n<p>J\u00e1 na Idade M\u00e9dia, influenciada pelo pensamento crist\u00e3o, a palavra passou a ser ligada principalmente \u00e0 moralidade, \u00e0 bondade e ao comportamento correto. Assim, virtude deixou de significar apenas coragem e passou a abranger atitudes \u00e9ticas e espirituais, como mostra <strong>Kau\u00ea Alcantara\ud83c\uddfb\ud83c\udde6 <\/strong>em seu TikTok:<\/p>\n\n\n\n<figure class=\"wp-block-embed is-type-video is-provider-tiktok wp-block-embed-tiktok\"><div class=\"wp-block-embed__wrapper\">\n<blockquote class=\"tiktok-embed\" cite=\"https:\/\/www.tiktok.com\/@kaue.de.alcantara\/video\/7537141849643945272\" data-video-id=\"7537141849643945272\" data-embed-from=\"oembed\" style=\"max-width:605px; min-width:325px;\"> <section> <a target=\"_blank\" title=\"@kaue.de.alcantara\" href=\"https:\/\/www.tiktok.com\/@kaue.de.alcantara?refer=embed\">@kaue.de.alcantara<\/a> <p>Nesse v\u00eddeo eu explico resumidamente o que \u00e9 uma virtude, segundo os moldes da filosofia. A virtude \u00e9 uma casa caracter\u00edsticas mais importantes da vida crist\u00e3, pois sem o dom\u00ednio ordenado das nossas paix\u00f5es, \u00e9 imposs\u00edvel seguir genuinamente a Cristo. <a title=\"catolicos\" target=\"_blank\" href=\"https:\/\/www.tiktok.com\/tag\/catolicos?refer=embed\">#catolicos<\/a>  <a title=\"diadospais\" target=\"_blank\" href=\"https:\/\/www.tiktok.com\/tag\/diadospais?refer=embed\">#diadospais<\/a>  <a title=\"virtude\" target=\"_blank\" href=\"https:\/\/www.tiktok.com\/tag\/virtude?refer=embed\">#virtude<\/a> <\/p> <a target=\"_blank\" title=\"\u266c Nocturne (Chopin) calm piano solo - \u3082\u3064\" href=\"https:\/\/www.tiktok.com\/music\/Nocturne-Chopin-6817179217642424321?refer=embed\">\u266c Nocturne (Chopin) calm piano solo &#8211; \u3082\u3064<\/a> <\/section> <\/blockquote> <script async src=\"https:\/\/www.tiktok.com\/embed.js\"><\/script>\n<\/div><\/figure>\n\n\n\n<h2 class=\"wp-block-heading\">A virtude como ideal filos\u00f3fico e moral<\/h2>\n\n\n\n<p>Com a filosofia moral europeia, especialmente a partir de Santo Agostinho e Tom\u00e1s de Aquino, virtude ganhou um significado interiorizado: tornou-se uma disposi\u00e7\u00e3o da alma, algo a ser cultivado ao longo da vida. A coragem continuou sendo importante, mas agora ao lado da humildade, caridade e modera\u00e7\u00e3o.<\/p>\n\n\n\n<p>Nesse per\u00edodo, o termo tamb\u00e9m passou a ser aplicado a qualquer pessoa, n\u00e3o mais restrito a l\u00edderes ou homens, ganhando dimens\u00e3o universal.<\/p>\n\n\n<div class=\"wp-block-image\">\n<figure class=\"aligncenter size-large\"><img decoding=\"async\" width=\"1024\" height=\"576\" src=\"https:\/\/www.correiobraziliense.com.br\/cbradar\/wp-content\/uploads\/2025\/12\/chill-person_1765380744477-1024x576.jpg\" alt=\"Por que usamos a palavra virtude e o que ela realmente significava na Roma Antiga\" class=\"wp-image-153877\" srcset=\"https:\/\/www.correiobraziliense.com.br\/cbradar\/wp-content\/uploads\/2025\/12\/chill-person_1765380744477-1024x576.jpg 1024w, https:\/\/www.correiobraziliense.com.br\/cbradar\/wp-content\/uploads\/2025\/12\/chill-person_1765380744477-300x169.jpg 300w, https:\/\/www.correiobraziliense.com.br\/cbradar\/wp-content\/uploads\/2025\/12\/chill-person_1765380744477-768x432.jpg 768w, https:\/\/www.correiobraziliense.com.br\/cbradar\/wp-content\/uploads\/2025\/12\/chill-person_1765380744477-750x422.jpg 750w, https:\/\/www.correiobraziliense.com.br\/cbradar\/wp-content\/uploads\/2025\/12\/chill-person_1765380744477-1140x641.jpg 1140w, https:\/\/www.correiobraziliense.com.br\/cbradar\/wp-content\/uploads\/2025\/12\/chill-person_1765380744477.jpg 1280w\" sizes=\"(max-width: 1024px) 100vw, 1024px\" \/><figcaption class=\"wp-element-caption\">O termo carrega ecos de sua origem romana, mas com um sentido mais amplo e inclusivo &#8211; Cr\u00e9ditos: depositphotos.com \/ HayDmitriy<\/figcaption><\/figure><\/div>\n\n\n<h2 class=\"wp-block-heading\">O que virtude significa para n\u00f3s em 2025?<\/h2>\n\n\n\n<p>Hoje, falamos em virtude para descrever comportamentos positivos, \u00e9tica pessoal e escolhas que promovem o bem coletivo. O termo carrega ecos de sua origem romana, mas com um sentido mais amplo e inclusivo.<\/p>\n\n\n\n<p>Em uma sociedade marcada por debates sobre integridade, responsabilidade e cidadania, a ideia de virtude volta a ganhar relev\u00e2ncia. Ela nos convida a refletir n\u00e3o apenas sobre a for\u00e7a moral que os romanos valorizavam, mas tamb\u00e9m sobre como nossas a\u00e7\u00f5es di\u00e1rias constroem rela\u00e7\u00f5es sociais mais equilibradas e justas.<\/p>\n","protected":false},"excerpt":{"rendered":"<p>A palavra virtude, t\u00e3o comum no vocabul\u00e1rio moral e religioso de hoje, tem uma origem muito diferente daquela que costumamos imaginar. Em 2025, quando falamos em virtude, pensamos em bondade, car\u00e1ter e \u00e9tica. Mas, na Roma Antiga, o termo latino virtus carregava um sentido mais amplo e mais intenso, ligado \u00e0 coragem, disciplina e for\u00e7a [&hellip;]<\/p>\n","protected":false},"author":18,"featured_media":153875,"comment_status":"open","ping_status":"open","sticky":false,"template":"","format":"standard","meta":{"_yoast_wpseo_focuskw":"de onde vem a palavra virtude","_yoast_wpseo_title":"","_yoast_wpseo_metadesc":"Virtude j\u00e1 foi sin\u00f4nimo de coragem e disciplina na Roma Antiga. Veja como esse termo evoluiu e o que ele representa hoje.","jnews-multi-image_gallery":[],"jnews_single_post":{"format":"standard"},"jnews_primary_category":[],"jnews_social_meta":[],"jnews_override_counter":[],"footnotes":""},"categories":[112],"post_tag":[4243,3290,12562,12561],"class_list":["post-153872","post","type-post","status-publish","format-standard","has-post-thumbnail","hentry","category-curiosidades","tag-origem","tag-romanos","tag-virtude","tag-virtus"],"yoast_head":"<!-- This site is optimized with the Yoast SEO plugin v24.6 - https:\/\/yoast.com\/wordpress\/plugins\/seo\/ -->\n<title>Por que usamos a palavra virtude e o que ela realmente significava na Roma Antiga - Correio Braziliense - Radar<\/title>\n<meta name=\"description\" content=\"Virtude j\u00e1 foi sin\u00f4nimo de coragem e disciplina na Roma Antiga. Veja como esse termo evoluiu e o que ele representa hoje.\" \/>\n<meta name=\"robots\" content=\"index, follow, max-snippet:-1, max-image-preview:large, max-video-preview:-1\" \/>\n<link rel=\"canonical\" href=\"https:\/\/www.correiobraziliense.com.br\/cbradar\/por-que-usamos-a-palavra-virtude-e-o-que-ela-realmente-significava-na-roma-antiga\/\" \/>\n<meta property=\"og:locale\" content=\"pt_BR\" \/>\n<meta property=\"og:type\" content=\"article\" \/>\n<meta property=\"og:title\" content=\"Por que usamos a palavra virtude e o que ela realmente significava na Roma Antiga - Correio Braziliense - Radar\" \/>\n<meta property=\"og:description\" content=\"Virtude j\u00e1 foi sin\u00f4nimo de coragem e disciplina na Roma Antiga. Veja como esse termo evoluiu e o que ele representa hoje.\" \/>\n<meta property=\"og:url\" content=\"https:\/\/www.correiobraziliense.com.br\/cbradar\/por-que-usamos-a-palavra-virtude-e-o-que-ela-realmente-significava-na-roma-antiga\/\" \/>\n<meta property=\"og:site_name\" content=\"Correio Braziliense - Radar\" \/>\n<meta property=\"article:published_time\" content=\"2025-12-11T18:15:00+00:00\" \/>\n<meta property=\"og:image\" content=\"https:\/\/www.correiobraziliense.com.br\/cbradar\/wp-content\/uploads\/2025\/12\/chill-person_1765380721819.jpg\" \/>\n\t<meta property=\"og:image:width\" content=\"1280\" \/>\n\t<meta property=\"og:image:height\" content=\"720\" \/>\n\t<meta property=\"og:image:type\" content=\"image\/jpeg\" \/>\n<meta name=\"author\" content=\"Maria Eduarda Pacheco\" \/>\n<meta name=\"twitter:card\" content=\"summary_large_image\" \/>\n<meta name=\"twitter:label1\" content=\"Escrito por\" \/>\n\t<meta name=\"twitter:data1\" content=\"Maria Eduarda Pacheco\" \/>\n\t<meta name=\"twitter:label2\" content=\"Est. tempo de leitura\" \/>\n\t<meta name=\"twitter:data2\" content=\"4 minutos\" \/>\n<!-- \/ Yoast SEO plugin. -->","yoast_head_json":{"title":"Por que usamos a palavra virtude e o que ela realmente significava na Roma Antiga - Correio Braziliense - Radar","description":"Virtude j\u00e1 foi sin\u00f4nimo de coragem e disciplina na Roma Antiga. Veja como esse termo evoluiu e o que ele representa hoje.","robots":{"index":"index","follow":"follow","max-snippet":"max-snippet:-1","max-image-preview":"max-image-preview:large","max-video-preview":"max-video-preview:-1"},"canonical":"https:\/\/www.correiobraziliense.com.br\/cbradar\/por-que-usamos-a-palavra-virtude-e-o-que-ela-realmente-significava-na-roma-antiga\/","og_locale":"pt_BR","og_type":"article","og_title":"Por que usamos a palavra virtude e o que ela realmente significava na Roma Antiga - Correio Braziliense - Radar","og_description":"Virtude j\u00e1 foi sin\u00f4nimo de coragem e disciplina na Roma Antiga. Veja como esse termo evoluiu e o que ele representa hoje.","og_url":"https:\/\/www.correiobraziliense.com.br\/cbradar\/por-que-usamos-a-palavra-virtude-e-o-que-ela-realmente-significava-na-roma-antiga\/","og_site_name":"Correio Braziliense - Radar","article_published_time":"2025-12-11T18:15:00+00:00","og_image":[{"width":1280,"height":720,"url":"https:\/\/www.correiobraziliense.com.br\/cbradar\/wp-content\/uploads\/2025\/12\/chill-person_1765380721819.jpg","type":"image\/jpeg"}],"author":"Maria Eduarda Pacheco","twitter_card":"summary_large_image","twitter_misc":{"Escrito por":"Maria Eduarda Pacheco","Est. tempo de leitura":"4 minutos"},"schema":{"@context":"https:\/\/schema.org","@graph":[{"@type":"WebPage","@id":"https:\/\/www.correiobraziliense.com.br\/cbradar\/por-que-usamos-a-palavra-virtude-e-o-que-ela-realmente-significava-na-roma-antiga\/","url":"https:\/\/www.correiobraziliense.com.br\/cbradar\/por-que-usamos-a-palavra-virtude-e-o-que-ela-realmente-significava-na-roma-antiga\/","name":"Por que usamos a palavra virtude e o que ela realmente significava na Roma Antiga - Correio Braziliense - Radar","isPartOf":{"@id":"https:\/\/www.correiobraziliense.com.br\/cbradar\/#website"},"primaryImageOfPage":{"@id":"https:\/\/www.correiobraziliense.com.br\/cbradar\/por-que-usamos-a-palavra-virtude-e-o-que-ela-realmente-significava-na-roma-antiga\/#primaryimage"},"image":{"@id":"https:\/\/www.correiobraziliense.com.br\/cbradar\/por-que-usamos-a-palavra-virtude-e-o-que-ela-realmente-significava-na-roma-antiga\/#primaryimage"},"thumbnailUrl":"https:\/\/www.correiobraziliense.com.br\/cbradar\/wp-content\/uploads\/2025\/12\/chill-person_1765380721819.jpg","datePublished":"2025-12-11T18:15:00+00:00","author":{"@id":"https:\/\/www.correiobraziliense.com.br\/cbradar\/#\/schema\/person\/6fdd694c4c0d658f15df15f390ddf066"},"description":"Virtude j\u00e1 foi sin\u00f4nimo de coragem e disciplina na Roma Antiga. Veja como esse termo evoluiu e o que ele representa hoje.","breadcrumb":{"@id":"https:\/\/www.correiobraziliense.com.br\/cbradar\/por-que-usamos-a-palavra-virtude-e-o-que-ela-realmente-significava-na-roma-antiga\/#breadcrumb"},"inLanguage":"pt-BR","potentialAction":[{"@type":"ReadAction","target":["https:\/\/www.correiobraziliense.com.br\/cbradar\/por-que-usamos-a-palavra-virtude-e-o-que-ela-realmente-significava-na-roma-antiga\/"]}]},{"@type":"ImageObject","inLanguage":"pt-BR","@id":"https:\/\/www.correiobraziliense.com.br\/cbradar\/por-que-usamos-a-palavra-virtude-e-o-que-ela-realmente-significava-na-roma-antiga\/#primaryimage","url":"https:\/\/www.correiobraziliense.com.br\/cbradar\/wp-content\/uploads\/2025\/12\/chill-person_1765380721819.jpg","contentUrl":"https:\/\/www.correiobraziliense.com.br\/cbradar\/wp-content\/uploads\/2025\/12\/chill-person_1765380721819.jpg","width":1280,"height":720,"caption":"A palavra virtude, t\u00e3o comum no vocabul\u00e1rio moral e religioso de hoje, tem uma origem muito diferente daquela que costumamos imaginar - Cr\u00e9ditos: depositphotos.com \/ HayDmitriy"},{"@type":"BreadcrumbList","@id":"https:\/\/www.correiobraziliense.com.br\/cbradar\/por-que-usamos-a-palavra-virtude-e-o-que-ela-realmente-significava-na-roma-antiga\/#breadcrumb","itemListElement":[{"@type":"ListItem","position":1,"name":"In\u00edcio","item":"https:\/\/www.correiobraziliense.com.br\/cbradar\/"},{"@type":"ListItem","position":2,"name":"Por que usamos a palavra virtude e o que ela realmente significava na Roma Antiga"}]},{"@type":"WebSite","@id":"https:\/\/www.correiobraziliense.com.br\/cbradar\/#website","url":"https:\/\/www.correiobraziliense.com.br\/cbradar\/","name":"Correio Braziliense - Radar","description":"Acompanhe as \u00faltimas not\u00edcias e fique bem informado sobre tudo o que acontece no Brasil e no mundo.","potentialAction":[{"@type":"SearchAction","target":{"@type":"EntryPoint","urlTemplate":"https:\/\/www.correiobraziliense.com.br\/cbradar\/?s={search_term_string}"},"query-input":{"@type":"PropertyValueSpecification","valueRequired":true,"valueName":"search_term_string"}}],"inLanguage":"pt-BR"},{"@type":"Person","@id":"https:\/\/www.correiobraziliense.com.br\/cbradar\/#\/schema\/person\/6fdd694c4c0d658f15df15f390ddf066","name":"Maria Eduarda Pacheco","image":{"@type":"ImageObject","inLanguage":"pt-BR","@id":"https:\/\/www.correiobraziliense.com.br\/cbradar\/#\/schema\/person\/image\/","url":"https:\/\/secure.gravatar.com\/avatar\/f72a487b26fdeec08ba4868875ea328e?s=96&d=mm&r=g","contentUrl":"https:\/\/secure.gravatar.com\/avatar\/f72a487b26fdeec08ba4868875ea328e?s=96&d=mm&r=g","caption":"Maria Eduarda Pacheco"},"sameAs":["https:\/\/www.correiobraziliense.com.br\/cbradar\/"],"url":"https:\/\/www.correiobraziliense.com.br\/cbradar\/author\/maria-eduarda\/"}]}},"_links":{"self":[{"href":"https:\/\/www.correiobraziliense.com.br\/cbradar\/wp-json\/wp\/v2\/posts\/153872","targetHints":{"allow":["GET"]}}],"collection":[{"href":"https:\/\/www.correiobraziliense.com.br\/cbradar\/wp-json\/wp\/v2\/posts"}],"about":[{"href":"https:\/\/www.correiobraziliense.com.br\/cbradar\/wp-json\/wp\/v2\/types\/post"}],"author":[{"embeddable":true,"href":"https:\/\/www.correiobraziliense.com.br\/cbradar\/wp-json\/wp\/v2\/users\/18"}],"replies":[{"embeddable":true,"href":"https:\/\/www.correiobraziliense.com.br\/cbradar\/wp-json\/wp\/v2\/comments?post=153872"}],"version-history":[{"count":1,"href":"https:\/\/www.correiobraziliense.com.br\/cbradar\/wp-json\/wp\/v2\/posts\/153872\/revisions"}],"predecessor-version":[{"id":153878,"href":"https:\/\/www.correiobraziliense.com.br\/cbradar\/wp-json\/wp\/v2\/posts\/153872\/revisions\/153878"}],"wp:featuredmedia":[{"embeddable":true,"href":"https:\/\/www.correiobraziliense.com.br\/cbradar\/wp-json\/wp\/v2\/media\/153875"}],"wp:attachment":[{"href":"https:\/\/www.correiobraziliense.com.br\/cbradar\/wp-json\/wp\/v2\/media?parent=153872"}],"wp:term":[{"taxonomy":"category","embeddable":true,"href":"https:\/\/www.correiobraziliense.com.br\/cbradar\/wp-json\/wp\/v2\/categories?post=153872"},{"taxonomy":"post_tag","embeddable":true,"href":"https:\/\/www.correiobraziliense.com.br\/cbradar\/wp-json\/wp\/v2\/post_tag?post=153872"}],"curies":[{"name":"wp","href":"https:\/\/api.w.org\/{rel}","templated":true}]}}