{"id":153898,"date":"2025-12-11T18:15:00","date_gmt":"2025-12-11T21:15:00","guid":{"rendered":"https:\/\/www.correiobraziliense.com.br\/cbradar\/?p=153898"},"modified":"2025-12-10T13:21:53","modified_gmt":"2025-12-10T16:21:53","slug":"o-que-significa-carpe-diem-e-por-que-o-mundo-moderno-entendeu-essa-frase-de-forma-errada","status":"publish","type":"post","link":"https:\/\/www.correiobraziliense.com.br\/cbradar\/o-que-significa-carpe-diem-e-por-que-o-mundo-moderno-entendeu-essa-frase-de-forma-errada\/","title":{"rendered":"O que significa Carpe diem e por que o mundo moderno entendeu essa frase de forma errada"},"content":{"rendered":"\n<p>A express\u00e3o latina <strong>\u201cCarpe diem\u201d<\/strong>, escrita pelo poeta romano Hor\u00e1cio no s\u00e9culo I a.C., costuma ser traduzida como \u201caproveite o dia\u201d. Em 2025, ela ainda aparece em tatuagens, filmes e discursos motivacionais, quase sempre associada \u00e0 ideia de viver intensamente, sem limites ou consequ\u00eancias. Mas esse n\u00e3o era o sentido original da frase. Para Hor\u00e1cio, <strong>Carpe diem era um convite \u00e0 consci\u00eancia, n\u00e3o ao impulso<\/strong>.<\/p>\n\n\n\n<h2 class=\"wp-block-heading\">O verdadeiro significado de Carpe diem na obra de Hor\u00e1cio<\/h2>\n\n\n\n<p>No poema em que a frase aparece, Hor\u00e1cio aconselha sua amiga Leuc\u00f4noe a n\u00e3o confiar no futuro nem depender de previs\u00f5es. O mundo \u00e9 incerto, e exatamente por isso devemos valorizar o presente, mas de forma l\u00facida, moderada e equilibrada.<\/p>\n\n\n\n<p>O verbo latino <em>carpere<\/em> significa \u201ccolher\u201d, como quem colhe uma fruta no momento certo. Ou seja, Hor\u00e1cio defendia aproveitar o presente com sabedoria, reconhecendo que a vida \u00e9 breve, mas sem exageros ou imprud\u00eancias. Era uma filosofia de aten\u00e7\u00e3o, n\u00e3o de aventura desenfreada.<\/p>\n\n\n<div class=\"wp-block-image\">\n<figure class=\"aligncenter size-large\"><img decoding=\"async\" width=\"1024\" height=\"576\" src=\"https:\/\/www.correiobraziliense.com.br\/cbradar\/wp-content\/uploads\/2025\/12\/nietzsche_1765382880807-1024x576.jpg\" alt=\"O que significa Carpe diem e por que o mundo moderno entendeu essa frase de forma errada\" class=\"wp-image-153895\" srcset=\"https:\/\/www.correiobraziliense.com.br\/cbradar\/wp-content\/uploads\/2025\/12\/nietzsche_1765382880807-1024x576.jpg 1024w, https:\/\/www.correiobraziliense.com.br\/cbradar\/wp-content\/uploads\/2025\/12\/nietzsche_1765382880807-300x169.jpg 300w, https:\/\/www.correiobraziliense.com.br\/cbradar\/wp-content\/uploads\/2025\/12\/nietzsche_1765382880807-768x432.jpg 768w, https:\/\/www.correiobraziliense.com.br\/cbradar\/wp-content\/uploads\/2025\/12\/nietzsche_1765382880807-750x422.jpg 750w, https:\/\/www.correiobraziliense.com.br\/cbradar\/wp-content\/uploads\/2025\/12\/nietzsche_1765382880807-1140x641.jpg 1140w, https:\/\/www.correiobraziliense.com.br\/cbradar\/wp-content\/uploads\/2025\/12\/nietzsche_1765382880807.jpg 1280w\" sizes=\"(max-width: 1024px) 100vw, 1024px\" \/><figcaption class=\"wp-element-caption\">No poema em que a frase aparece, Hor\u00e1cio aconselha sua amiga Leuc\u00f4noe a n\u00e3o confiar no futuro nem depender de previs\u00f5es &#8211; Cr\u00e9ditos: depositphotos.com \/ KostyaKlimenko<\/figcaption><\/figure><\/div>\n\n\n<h2 class=\"wp-block-heading\">Por que a interpreta\u00e7\u00e3o moderna distorceu o sentido original?<\/h2>\n\n\n\n<p>Ao longo dos s\u00e9culos, especialmente a partir do romantismo e da cultura pop contempor\u00e2nea, Carpe diem passou a ser associado a viver cada momento como se fosse o \u00faltimo, muitas vezes traduzido em impulsividade, consumo r\u00e1pido e busca constante por experi\u00eancias intensas.<\/p>\n\n\n\n<p>O mundo moderno transformou o lema filos\u00f3fico em slogan motivacional, reduzindo sua profundidade. A mensagem passou a ser: \u201cfa\u00e7a tudo agora\u201d, quando na verdade Hor\u00e1cio dizia: <strong>\u201caproveite o que est\u00e1 ao seu alcance hoje, porque o futuro \u00e9 incerto, mas fa\u00e7a isso com medida\u201d<\/strong>.<\/p>\n\n\n\n<p>Carpe Diem \u00e9 uma frase muito usada em redes sociais, muitos acreditam inclusive, que se originou de l\u00e1, abaixo, <strong>sombradacaverna <\/strong>fala sobre em seu TikTok:<\/p>\n\n\n\n<figure class=\"wp-block-embed is-type-video is-provider-tiktok wp-block-embed-tiktok\"><div class=\"wp-block-embed__wrapper\">\n<blockquote class=\"tiktok-embed\" cite=\"https:\/\/www.tiktok.com\/@sombradacaverna\/video\/7547477097619475718\" data-video-id=\"7547477097619475718\" data-embed-from=\"oembed\" style=\"max-width:605px; min-width:325px;\"> <section> <a target=\"_blank\" title=\"@sombradacaverna\" href=\"https:\/\/www.tiktok.com\/@sombradacaverna?refer=embed\">@sombradacaverna<\/a> <p>Voc\u00ea sabe de onde vem a frase Carpe Diem? Ela n\u00e3o nasceu em frases motivacionais modernas, mas no cora\u00e7\u00e3o da Roma Antiga, com o poeta Hor\u00e1cio. Um lembrete eterno: o amanh\u00e3 \u00e9 incerto, mas o agora \u00e9 nosso. <a title=\"filosofia\" target=\"_blank\" href=\"https:\/\/www.tiktok.com\/tag\/filosofia?refer=embed\">#Filosofia<\/a> <a title=\"carpediem\" target=\"_blank\" href=\"https:\/\/www.tiktok.com\/tag\/carpediem?refer=embed\">#CarpeDiem<\/a> <a title=\"horacio\" target=\"_blank\" href=\"https:\/\/www.tiktok.com\/tag\/horacio?refer=embed\">#Horacio<\/a> <a title=\"filosofiaantiga\" target=\"_blank\" href=\"https:\/\/www.tiktok.com\/tag\/filosofiaantiga?refer=embed\">#FilosofiaAntiga<\/a> <a title=\"reflex\u00e3o\" target=\"_blank\" href=\"https:\/\/www.tiktok.com\/tag\/reflex%C3%A3o?refer=embed\">#Reflex\u00e3o<\/a><\/p> <a target=\"_blank\" title=\"\u266c Cathedral - cleanmindsounds\" href=\"https:\/\/www.tiktok.com\/music\/Cathedral-7320279534669072386?refer=embed\">\u266c Cathedral &#8211; cleanmindsounds<\/a> <\/section> <\/blockquote> <script async src=\"https:\/\/www.tiktok.com\/embed.js\"><\/script>\n<\/div><\/figure>\n\n\n\n<h2 class=\"wp-block-heading\">Como aplicar o Carpe diem verdadeiro no cotidiano?<\/h2>\n\n\n\n<p>No dia a dia, o sentido original da frase nos convida a prestar mais aten\u00e7\u00e3o ao presente. Isso pode significar valorizar conversas, administrar melhor o tempo, n\u00e3o adiar projetos importantes e viver com mais presen\u00e7a, sem a pressa e a euforia impostas pelas redes sociais.<\/p>\n\n\n\n<p>Carpe diem, nesse contexto, \u00e9 sobre reconhecer que o \u201cagora\u201d \u00e9 tudo o que temos garantido, e que cultivar pequenos gestos, como descansar, aprender algo novo, estar com quem amamos, tem um impacto real na qualidade de vida.<\/p>\n\n\n<div class=\"wp-block-image\">\n<figure class=\"aligncenter size-large\"><img decoding=\"async\" width=\"1024\" height=\"576\" src=\"https:\/\/www.correiobraziliense.com.br\/cbradar\/wp-content\/uploads\/2025\/12\/dicionario_1765048921143-1024x576.jpg\" alt=\"O que significa Carpe diem e por que o mundo moderno entendeu essa frase de forma errada\" class=\"wp-image-151169\" srcset=\"https:\/\/www.correiobraziliense.com.br\/cbradar\/wp-content\/uploads\/2025\/12\/dicionario_1765048921143-1024x576.jpg 1024w, https:\/\/www.correiobraziliense.com.br\/cbradar\/wp-content\/uploads\/2025\/12\/dicionario_1765048921143-300x169.jpg 300w, https:\/\/www.correiobraziliense.com.br\/cbradar\/wp-content\/uploads\/2025\/12\/dicionario_1765048921143-768x432.jpg 768w, https:\/\/www.correiobraziliense.com.br\/cbradar\/wp-content\/uploads\/2025\/12\/dicionario_1765048921143-750x422.jpg 750w, https:\/\/www.correiobraziliense.com.br\/cbradar\/wp-content\/uploads\/2025\/12\/dicionario_1765048921143-1140x641.jpg 1140w, https:\/\/www.correiobraziliense.com.br\/cbradar\/wp-content\/uploads\/2025\/12\/dicionario_1765048921143.jpg 1280w\" sizes=\"(max-width: 1024px) 100vw, 1024px\" \/><figcaption class=\"wp-element-caption\"> Isso pode significar valorizar conversas, administrar melhor o tempo, n\u00e3o adiar projetos importantes e viver com mais presen\u00e7a &#8211; Cr\u00e9ditos: depositphotos.com \/ Fotokresba<\/figcaption><\/figure><\/div>\n\n\n<h2 class=\"wp-block-heading\">Por que Carpe diem faz sentido em 2025?<\/h2>\n\n\n\n<p>Vivemos em uma era marcada por excesso de est\u00edmulos, ansiedade e expectativas altas. A frase de Hor\u00e1cio soa atual justamente porque nos lembra do contr\u00e1rio: <strong>a vida se constr\u00f3i no ritmo do presente, n\u00e3o na pressa do futuro<\/strong>. Aproveitar o dia n\u00e3o exige extravag\u00e2ncia, mas consci\u00eancia.<\/p>\n\n\n\n<p>Ao resgatar o sentido filos\u00f3fico original, percebemos que Carpe diem \u00e9 menos sobre viver sem limites e mais sobre viver com inten\u00e7\u00e3o, apreciando aquilo que realmente importa enquanto o tempo nos permite colher.<\/p>\n","protected":false},"excerpt":{"rendered":"<p>A express\u00e3o latina \u201cCarpe diem\u201d, escrita pelo poeta romano Hor\u00e1cio no s\u00e9culo I a.C., costuma ser traduzida como \u201caproveite o dia\u201d. Em 2025, ela ainda aparece em tatuagens, filmes e discursos motivacionais, quase sempre associada \u00e0 ideia de viver intensamente, sem limites ou consequ\u00eancias. Mas esse n\u00e3o era o sentido original da frase. Para Hor\u00e1cio, [&hellip;]<\/p>\n","protected":false},"author":18,"featured_media":153899,"comment_status":"open","ping_status":"open","sticky":false,"template":"","format":"standard","meta":{"_yoast_wpseo_focuskw":"O que significa Carpe diem","_yoast_wpseo_title":"","_yoast_wpseo_metadesc":"Em 2025, a ideia de aproveitar o presente ganhou um novo olhar. Veja por que Carpe diem \u00e9 mais sobre equil\u00edbrio do que intensidade.","jnews-multi-image_gallery":[],"jnews_single_post":{"format":"standard"},"jnews_primary_category":[],"jnews_social_meta":[],"jnews_override_counter":[],"footnotes":""},"categories":[112],"post_tag":[11053,12564,12565,11064],"class_list":["post-153898","post","type-post","status-publish","format-standard","has-post-thumbnail","hentry","category-curiosidades","tag-carpe-diem","tag-horacio","tag-interpretacao","tag-linguas"],"yoast_head":"<!-- This site is optimized with the Yoast SEO plugin v24.6 - https:\/\/yoast.com\/wordpress\/plugins\/seo\/ -->\n<title>O que significa Carpe diem e por que o mundo moderno entendeu essa frase de forma errada - Correio Braziliense - Radar<\/title>\n<meta name=\"description\" content=\"Em 2025, a ideia de aproveitar o presente ganhou um novo olhar. Veja por que Carpe diem \u00e9 mais sobre equil\u00edbrio do que intensidade.\" \/>\n<meta name=\"robots\" content=\"index, follow, max-snippet:-1, max-image-preview:large, max-video-preview:-1\" \/>\n<link rel=\"canonical\" href=\"https:\/\/www.correiobraziliense.com.br\/cbradar\/o-que-significa-carpe-diem-e-por-que-o-mundo-moderno-entendeu-essa-frase-de-forma-errada\/\" \/>\n<meta property=\"og:locale\" content=\"pt_BR\" \/>\n<meta property=\"og:type\" content=\"article\" \/>\n<meta property=\"og:title\" content=\"O que significa Carpe diem e por que o mundo moderno entendeu essa frase de forma errada - Correio Braziliense - Radar\" \/>\n<meta property=\"og:description\" content=\"Em 2025, a ideia de aproveitar o presente ganhou um novo olhar. Veja por que Carpe diem \u00e9 mais sobre equil\u00edbrio do que intensidade.\" \/>\n<meta property=\"og:url\" content=\"https:\/\/www.correiobraziliense.com.br\/cbradar\/o-que-significa-carpe-diem-e-por-que-o-mundo-moderno-entendeu-essa-frase-de-forma-errada\/\" \/>\n<meta property=\"og:site_name\" content=\"Correio Braziliense - Radar\" \/>\n<meta property=\"article:published_time\" content=\"2025-12-11T21:15:00+00:00\" \/>\n<meta property=\"og:image\" content=\"https:\/\/www.correiobraziliense.com.br\/cbradar\/wp-content\/uploads\/2025\/12\/Carpe_Diem__wooden_sign.jpg\" \/>\n\t<meta property=\"og:image:width\" content=\"1280\" \/>\n\t<meta property=\"og:image:height\" content=\"720\" \/>\n\t<meta property=\"og:image:type\" content=\"image\/jpeg\" \/>\n<meta name=\"author\" content=\"Maria Eduarda Pacheco\" \/>\n<meta name=\"twitter:card\" content=\"summary_large_image\" \/>\n<meta name=\"twitter:label1\" content=\"Escrito por\" \/>\n\t<meta name=\"twitter:data1\" content=\"Maria Eduarda Pacheco\" \/>\n\t<meta name=\"twitter:label2\" content=\"Est. tempo de leitura\" \/>\n\t<meta name=\"twitter:data2\" content=\"4 minutos\" \/>\n<!-- \/ Yoast SEO plugin. -->","yoast_head_json":{"title":"O que significa Carpe diem e por que o mundo moderno entendeu essa frase de forma errada - Correio Braziliense - Radar","description":"Em 2025, a ideia de aproveitar o presente ganhou um novo olhar. Veja por que Carpe diem \u00e9 mais sobre equil\u00edbrio do que intensidade.","robots":{"index":"index","follow":"follow","max-snippet":"max-snippet:-1","max-image-preview":"max-image-preview:large","max-video-preview":"max-video-preview:-1"},"canonical":"https:\/\/www.correiobraziliense.com.br\/cbradar\/o-que-significa-carpe-diem-e-por-que-o-mundo-moderno-entendeu-essa-frase-de-forma-errada\/","og_locale":"pt_BR","og_type":"article","og_title":"O que significa Carpe diem e por que o mundo moderno entendeu essa frase de forma errada - Correio Braziliense - Radar","og_description":"Em 2025, a ideia de aproveitar o presente ganhou um novo olhar. Veja por que Carpe diem \u00e9 mais sobre equil\u00edbrio do que intensidade.","og_url":"https:\/\/www.correiobraziliense.com.br\/cbradar\/o-que-significa-carpe-diem-e-por-que-o-mundo-moderno-entendeu-essa-frase-de-forma-errada\/","og_site_name":"Correio Braziliense - Radar","article_published_time":"2025-12-11T21:15:00+00:00","og_image":[{"width":1280,"height":720,"url":"https:\/\/www.correiobraziliense.com.br\/cbradar\/wp-content\/uploads\/2025\/12\/Carpe_Diem__wooden_sign.jpg","type":"image\/jpeg"}],"author":"Maria Eduarda Pacheco","twitter_card":"summary_large_image","twitter_misc":{"Escrito por":"Maria Eduarda Pacheco","Est. tempo de leitura":"4 minutos"},"schema":{"@context":"https:\/\/schema.org","@graph":[{"@type":"WebPage","@id":"https:\/\/www.correiobraziliense.com.br\/cbradar\/o-que-significa-carpe-diem-e-por-que-o-mundo-moderno-entendeu-essa-frase-de-forma-errada\/","url":"https:\/\/www.correiobraziliense.com.br\/cbradar\/o-que-significa-carpe-diem-e-por-que-o-mundo-moderno-entendeu-essa-frase-de-forma-errada\/","name":"O que significa Carpe diem e por que o mundo moderno entendeu essa frase de forma errada - Correio Braziliense - Radar","isPartOf":{"@id":"https:\/\/www.correiobraziliense.com.br\/cbradar\/#website"},"primaryImageOfPage":{"@id":"https:\/\/www.correiobraziliense.com.br\/cbradar\/o-que-significa-carpe-diem-e-por-que-o-mundo-moderno-entendeu-essa-frase-de-forma-errada\/#primaryimage"},"image":{"@id":"https:\/\/www.correiobraziliense.com.br\/cbradar\/o-que-significa-carpe-diem-e-por-que-o-mundo-moderno-entendeu-essa-frase-de-forma-errada\/#primaryimage"},"thumbnailUrl":"https:\/\/www.correiobraziliense.com.br\/cbradar\/wp-content\/uploads\/2025\/12\/Carpe_Diem__wooden_sign.jpg","datePublished":"2025-12-11T21:15:00+00:00","author":{"@id":"https:\/\/www.correiobraziliense.com.br\/cbradar\/#\/schema\/person\/6fdd694c4c0d658f15df15f390ddf066"},"description":"Em 2025, a ideia de aproveitar o presente ganhou um novo olhar. Veja por que Carpe diem \u00e9 mais sobre equil\u00edbrio do que intensidade.","breadcrumb":{"@id":"https:\/\/www.correiobraziliense.com.br\/cbradar\/o-que-significa-carpe-diem-e-por-que-o-mundo-moderno-entendeu-essa-frase-de-forma-errada\/#breadcrumb"},"inLanguage":"pt-BR","potentialAction":[{"@type":"ReadAction","target":["https:\/\/www.correiobraziliense.com.br\/cbradar\/o-que-significa-carpe-diem-e-por-que-o-mundo-moderno-entendeu-essa-frase-de-forma-errada\/"]}]},{"@type":"ImageObject","inLanguage":"pt-BR","@id":"https:\/\/www.correiobraziliense.com.br\/cbradar\/o-que-significa-carpe-diem-e-por-que-o-mundo-moderno-entendeu-essa-frase-de-forma-errada\/#primaryimage","url":"https:\/\/www.correiobraziliense.com.br\/cbradar\/wp-content\/uploads\/2025\/12\/Carpe_Diem__wooden_sign.jpg","contentUrl":"https:\/\/www.correiobraziliense.com.br\/cbradar\/wp-content\/uploads\/2025\/12\/Carpe_Diem__wooden_sign.jpg","width":1280,"height":720,"caption":"A express\u00e3o latina \u201cCarpe diem\u201d, escrita pelo poeta romano Hor\u00e1cio no s\u00e9culo I a.C., costuma ser traduzida como \u201caproveite o dia\u201d - Cr\u00e9ditos: depositphotos.com \/ gustavofrazao"},{"@type":"BreadcrumbList","@id":"https:\/\/www.correiobraziliense.com.br\/cbradar\/o-que-significa-carpe-diem-e-por-que-o-mundo-moderno-entendeu-essa-frase-de-forma-errada\/#breadcrumb","itemListElement":[{"@type":"ListItem","position":1,"name":"In\u00edcio","item":"https:\/\/www.correiobraziliense.com.br\/cbradar\/"},{"@type":"ListItem","position":2,"name":"O que significa Carpe diem e por que o mundo moderno entendeu essa frase de forma errada"}]},{"@type":"WebSite","@id":"https:\/\/www.correiobraziliense.com.br\/cbradar\/#website","url":"https:\/\/www.correiobraziliense.com.br\/cbradar\/","name":"Correio Braziliense - Radar","description":"Acompanhe as \u00faltimas not\u00edcias e fique bem informado sobre tudo o que acontece no Brasil e no mundo.","potentialAction":[{"@type":"SearchAction","target":{"@type":"EntryPoint","urlTemplate":"https:\/\/www.correiobraziliense.com.br\/cbradar\/?s={search_term_string}"},"query-input":{"@type":"PropertyValueSpecification","valueRequired":true,"valueName":"search_term_string"}}],"inLanguage":"pt-BR"},{"@type":"Person","@id":"https:\/\/www.correiobraziliense.com.br\/cbradar\/#\/schema\/person\/6fdd694c4c0d658f15df15f390ddf066","name":"Maria Eduarda Pacheco","image":{"@type":"ImageObject","inLanguage":"pt-BR","@id":"https:\/\/www.correiobraziliense.com.br\/cbradar\/#\/schema\/person\/image\/","url":"https:\/\/secure.gravatar.com\/avatar\/f72a487b26fdeec08ba4868875ea328e?s=96&d=mm&r=g","contentUrl":"https:\/\/secure.gravatar.com\/avatar\/f72a487b26fdeec08ba4868875ea328e?s=96&d=mm&r=g","caption":"Maria Eduarda Pacheco"},"sameAs":["https:\/\/www.correiobraziliense.com.br\/cbradar\/"],"url":"https:\/\/www.correiobraziliense.com.br\/cbradar\/author\/maria-eduarda\/"}]}},"_links":{"self":[{"href":"https:\/\/www.correiobraziliense.com.br\/cbradar\/wp-json\/wp\/v2\/posts\/153898","targetHints":{"allow":["GET"]}}],"collection":[{"href":"https:\/\/www.correiobraziliense.com.br\/cbradar\/wp-json\/wp\/v2\/posts"}],"about":[{"href":"https:\/\/www.correiobraziliense.com.br\/cbradar\/wp-json\/wp\/v2\/types\/post"}],"author":[{"embeddable":true,"href":"https:\/\/www.correiobraziliense.com.br\/cbradar\/wp-json\/wp\/v2\/users\/18"}],"replies":[{"embeddable":true,"href":"https:\/\/www.correiobraziliense.com.br\/cbradar\/wp-json\/wp\/v2\/comments?post=153898"}],"version-history":[{"count":2,"href":"https:\/\/www.correiobraziliense.com.br\/cbradar\/wp-json\/wp\/v2\/posts\/153898\/revisions"}],"predecessor-version":[{"id":153901,"href":"https:\/\/www.correiobraziliense.com.br\/cbradar\/wp-json\/wp\/v2\/posts\/153898\/revisions\/153901"}],"wp:featuredmedia":[{"embeddable":true,"href":"https:\/\/www.correiobraziliense.com.br\/cbradar\/wp-json\/wp\/v2\/media\/153899"}],"wp:attachment":[{"href":"https:\/\/www.correiobraziliense.com.br\/cbradar\/wp-json\/wp\/v2\/media?parent=153898"}],"wp:term":[{"taxonomy":"category","embeddable":true,"href":"https:\/\/www.correiobraziliense.com.br\/cbradar\/wp-json\/wp\/v2\/categories?post=153898"},{"taxonomy":"post_tag","embeddable":true,"href":"https:\/\/www.correiobraziliense.com.br\/cbradar\/wp-json\/wp\/v2\/post_tag?post=153898"}],"curies":[{"name":"wp","href":"https:\/\/api.w.org\/{rel}","templated":true}]}}