{"id":1539,"date":"2025-02-10T08:59:00","date_gmt":"2025-02-10T11:59:00","guid":{"rendered":"https:\/\/www.correiobraziliense.com.br\/cbradar\/?p=1539"},"modified":"2025-02-10T04:22:03","modified_gmt":"2025-02-10T07:22:03","slug":"o-novo-destino-turistico-que-esta-conquistando-o-brasil-e-o-mundo","status":"publish","type":"post","link":"https:\/\/www.correiobraziliense.com.br\/cbradar\/o-novo-destino-turistico-que-esta-conquistando-o-brasil-e-o-mundo\/","title":{"rendered":"O Novo Destino Tur\u00edstico que Est\u00e1 Conquistando o Brasil e o mundo"},"content":{"rendered":"\n<p>Jo\u00e3o Pessoa, capital da Para\u00edba, est\u00e1 se destacando como um destino tur\u00edstico em ascens\u00e3o no Brasil. Com suas <a href=\"https:\/\/www.correiobraziliense.com.br\/cbradar\/eleita-a-cidade-de-praia-com-mais-qualidade-de-vida-para-aposentados\/\" target=\"_blank\" rel=\"noreferrer noopener\">praias<\/a> encantadoras e um clima acolhedor, a cidade tem atra\u00eddo um n\u00famero crescente de visitantes. Este fen\u00f4meno \u00e9 resultado de um planejamento estrat\u00e9gico e investimentos que visam real\u00e7ar suas diversas atra\u00e7\u00f5es.<\/p>\n\n\n\n<p>Conhecida por sua tranquilidade, Jo\u00e3o Pessoa est\u00e1 se reposicionando no cen\u00e1rio tur\u00edstico, ganhando reconhecimento tanto nacional quanto internacionalmente. Esta mudan\u00e7a de imagem reflete um esfor\u00e7o conjunto para promover a cidade como um destino vibrante e imperd\u00edvel.<\/p>\n\n\n\n<h2 class=\"wp-block-heading\">Fatores que Impulsionam o Turismo em Jo\u00e3o Pessoa<\/h2>\n\n\n\n<p>O aumento do turismo em <a href=\"https:\/\/pt.wikipedia.org\/wiki\/Jo%C3%A3o_Pessoa\" target=\"_blank\" rel=\"noreferrer noopener\">Jo\u00e3o Pessoa<\/a> pode ser atribu\u00eddo a v\u00e1rios fatores. Investimentos em infraestrutura, como melhorias nas estradas e na rede hoteleira, tornaram a cidade mais acess\u00edvel e atraente para os visitantes. Al\u00e9m disso, campanhas de marketing eficazes t\u00eam ajudado a divulgar as belezas naturais e culturais da regi\u00e3o.<\/p>\n\n\n\n<p>As redes sociais tamb\u00e9m desempenham um papel crucial na promo\u00e7\u00e3o de Jo\u00e3o Pessoa. Visitantes compartilham suas experi\u00eancias online, aumentando a visibilidade da cidade e despertando o interesse de novos turistas. Este tipo de divulga\u00e7\u00e3o espont\u00e2nea tem sido fundamental para atrair um p\u00fablico mais amplo.<\/p>\n\n\n\n<figure class=\"wp-block-gallery has-nested-images columns-default is-cropped wp-block-gallery-1 is-layout-flex wp-block-gallery-is-layout-flex\">\n<figure class=\"wp-block-image size-large\"><img decoding=\"async\" width=\"1024\" height=\"576\" data-id=\"1541\" src=\"https:\/\/www.correiobraziliense.com.br\/cbradar\/wp-content\/uploads\/2025\/02\/joao-pessoa_1739171836500-1024x576.jpg\" alt=\"P\u00f4r do sol na famosa Praia do Jacar\u00e9, Cabedelo, pr\u00f3ximo a Jo\u00e3o Pessoa, Para\u00edba, Brasil Cr\u00e9ditos: depositphotos.com \/ contato@caciomurilo.com.br\" class=\"wp-image-1541\" srcset=\"https:\/\/www.correiobraziliense.com.br\/cbradar\/wp-content\/uploads\/2025\/02\/joao-pessoa_1739171836500-1024x576.jpg 1024w, https:\/\/www.correiobraziliense.com.br\/cbradar\/wp-content\/uploads\/2025\/02\/joao-pessoa_1739171836500-300x169.jpg 300w, https:\/\/www.correiobraziliense.com.br\/cbradar\/wp-content\/uploads\/2025\/02\/joao-pessoa_1739171836500-768x432.jpg 768w, https:\/\/www.correiobraziliense.com.br\/cbradar\/wp-content\/uploads\/2025\/02\/joao-pessoa_1739171836500-750x422.jpg 750w, https:\/\/www.correiobraziliense.com.br\/cbradar\/wp-content\/uploads\/2025\/02\/joao-pessoa_1739171836500-1140x641.jpg 1140w, https:\/\/www.correiobraziliense.com.br\/cbradar\/wp-content\/uploads\/2025\/02\/joao-pessoa_1739171836500.jpg 1280w\" sizes=\"(max-width: 1024px) 100vw, 1024px\" \/><figcaption class=\"wp-element-caption\">P\u00f4r do sol na famosa Praia do Jacar\u00e9, Cabedelo, pr\u00f3ximo a Jo\u00e3o Pessoa, Para\u00edba, Brasil Cr\u00e9ditos: depositphotos.com \/ contato@caciomurilo.com.br<\/figcaption><\/figure>\n<\/figure>\n\n\n\n<h2 class=\"wp-block-heading\">Desafios do Crescimento Tur\u00edstico<\/h2>\n\n\n\n<p>Com o aumento do turismo, Jo\u00e3o Pessoa enfrenta desafios significativos. A infraestrutura urbana precisa se adaptar para lidar com o fluxo crescente de visitantes, evitando problemas como congestionamentos e aumento do custo de vida. \u00c9 essencial que a cidade encontre um equil\u00edbrio para acomodar os turistas sem prejudicar a qualidade de vida dos moradores.<\/p>\n\n\n\n<p>A preserva\u00e7\u00e3o ambiental \u00e9 outro desafio importante. As paisagens naturais, que s\u00e3o um dos principais atrativos da cidade, precisam ser protegidas para evitar danos causados pela atividade tur\u00edstica intensa. A implementa\u00e7\u00e3o de pr\u00e1ticas de turismo sustent\u00e1vel \u00e9 crucial para garantir a conserva\u00e7\u00e3o desses recursos.<\/p>\n\n\n\n<h2 class=\"wp-block-heading\">Estrat\u00e9gias para um Turismo Sustent\u00e1vel<\/h2>\n\n\n\n<p>Para assegurar um futuro sustent\u00e1vel, Jo\u00e3o Pessoa deve adotar pr\u00e1ticas de turismo que respeitem o meio ambiente e a cultura local. Isso inclui o desenvolvimento de pol\u00edticas de transporte sustent\u00e1vel e o uso respons\u00e1vel das \u00e1reas tur\u00edsticas. A participa\u00e7\u00e3o da comunidade local \u00e9 vital para garantir que o desenvolvimento tur\u00edstico seja equilibrado e ben\u00e9fico para todos.<\/p>\n\n\n\n<p>Envolver os moradores nas decis\u00f5es de planejamento e garantir que os benef\u00edcios do turismo sejam distribu\u00eddos de forma justa s\u00e3o passos importantes para um crescimento sustent\u00e1vel. Assim, a cidade pode prosperar economicamente enquanto preserva sua identidade e recursos naturais.<\/p>\n\n\n\n<h2 class=\"wp-block-heading\">Perspectivas Futuras para o Turismo em Jo\u00e3o Pessoa<\/h2>\n\n\n\n<p>Com um planejamento cuidadoso, Jo\u00e3o Pessoa tem o potencial de se tornar um exemplo de turismo sustent\u00e1vel. Ao focar na preserva\u00e7\u00e3o cultural e ambiental, a cidade pode continuar a atrair visitantes, ao mesmo tempo em que melhora a qualidade de vida de seus habitantes.<\/p>\n\n\n\n<p>O sucesso a longo prazo depender\u00e1 da capacidade de equilibrar o crescimento econ\u00f4mico com a prote\u00e7\u00e3o do patrim\u00f4nio natural. Dessa forma, Jo\u00e3o Pessoa pode se consolidar como um destino tur\u00edstico de destaque, mantendo sua ess\u00eancia e garantindo um futuro pr\u00f3spero para as pr\u00f3ximas gera\u00e7\u00f5es.<\/p>\n","protected":false},"excerpt":{"rendered":"<p>Essa cidade est\u00e1 se destacando como um destino tur\u00edstico em ascens\u00e3o no Brasil. Com suas praias encantadoras e um clima acolhedor<\/p>\n","protected":false},"author":4,"featured_media":1540,"comment_status":"open","ping_status":"open","sticky":false,"template":"","format":"standard","meta":{"jnews-multi-image_gallery":[],"jnews_single_post":{"format":"standard"},"jnews_primary_category":[],"jnews_social_meta":[],"jnews_override_counter":[],"footnotes":""},"categories":[108,111],"post_tag":[515,536,538,537],"class_list":["post-1539","post","type-post","status-publish","format-standard","has-post-thumbnail","hentry","category-cidades","category-turismo","tag-joao-pessoa","tag-paraiba","tag-praias-brasileiras","tag-viagens-ao-brasil"],"yoast_head":"<!-- This site is optimized with the Yoast SEO plugin v24.6 - https:\/\/yoast.com\/wordpress\/plugins\/seo\/ -->\n<title>O Novo Destino Tur\u00edstico que Est\u00e1 Conquistando o Brasil e o mundo - Correio Braziliense - Radar<\/title>\n<meta name=\"description\" content=\"Essa cidade est\u00e1 se destacando como um destino tur\u00edstico em ascens\u00e3o no Brasil. Com suas praias encantadoras e um clima acolhedor\" \/>\n<meta name=\"robots\" content=\"index, follow, max-snippet:-1, max-image-preview:large, max-video-preview:-1\" \/>\n<link rel=\"canonical\" href=\"https:\/\/www.correiobraziliense.com.br\/cbradar\/o-novo-destino-turistico-que-esta-conquistando-o-brasil-e-o-mundo\/\" \/>\n<meta property=\"og:locale\" content=\"pt_BR\" \/>\n<meta property=\"og:type\" content=\"article\" \/>\n<meta property=\"og:title\" content=\"O Novo Destino Tur\u00edstico que Est\u00e1 Conquistando o Brasil e o mundo - Correio Braziliense - Radar\" \/>\n<meta property=\"og:description\" content=\"Essa cidade est\u00e1 se destacando como um destino tur\u00edstico em ascens\u00e3o no Brasil. Com suas praias encantadoras e um clima acolhedor\" \/>\n<meta property=\"og:url\" content=\"https:\/\/www.correiobraziliense.com.br\/cbradar\/o-novo-destino-turistico-que-esta-conquistando-o-brasil-e-o-mundo\/\" \/>\n<meta property=\"og:site_name\" content=\"Correio Braziliense - Radar\" \/>\n<meta property=\"article:published_time\" content=\"2025-02-10T11:59:00+00:00\" \/>\n<meta property=\"og:image\" content=\"https:\/\/www.correiobraziliense.com.br\/cbradar\/wp-content\/uploads\/2025\/02\/httpsneural.myth_.devstaticcachef0eeaff6-ea1c-4072-8d75-a20ccee7991b.jpeg\" \/>\n\t<meta property=\"og:image:width\" content=\"1280\" \/>\n\t<meta property=\"og:image:height\" content=\"720\" \/>\n\t<meta property=\"og:image:type\" content=\"image\/jpeg\" \/>\n<meta name=\"author\" content=\"Guilherme Cremaschi\" \/>\n<meta name=\"twitter:card\" content=\"summary_large_image\" \/>\n<meta name=\"twitter:label1\" content=\"Escrito por\" \/>\n\t<meta name=\"twitter:data1\" content=\"Guilherme Cremaschi\" \/>\n\t<meta name=\"twitter:label2\" content=\"Est. tempo de leitura\" \/>\n\t<meta name=\"twitter:data2\" content=\"4 minutos\" \/>\n<!-- \/ Yoast SEO plugin. -->","yoast_head_json":{"title":"O Novo Destino Tur\u00edstico que Est\u00e1 Conquistando o Brasil e o mundo - Correio Braziliense - Radar","description":"Essa cidade est\u00e1 se destacando como um destino tur\u00edstico em ascens\u00e3o no Brasil. Com suas praias encantadoras e um clima acolhedor","robots":{"index":"index","follow":"follow","max-snippet":"max-snippet:-1","max-image-preview":"max-image-preview:large","max-video-preview":"max-video-preview:-1"},"canonical":"https:\/\/www.correiobraziliense.com.br\/cbradar\/o-novo-destino-turistico-que-esta-conquistando-o-brasil-e-o-mundo\/","og_locale":"pt_BR","og_type":"article","og_title":"O Novo Destino Tur\u00edstico que Est\u00e1 Conquistando o Brasil e o mundo - Correio Braziliense - Radar","og_description":"Essa cidade est\u00e1 se destacando como um destino tur\u00edstico em ascens\u00e3o no Brasil. Com suas praias encantadoras e um clima acolhedor","og_url":"https:\/\/www.correiobraziliense.com.br\/cbradar\/o-novo-destino-turistico-que-esta-conquistando-o-brasil-e-o-mundo\/","og_site_name":"Correio Braziliense - Radar","article_published_time":"2025-02-10T11:59:00+00:00","og_image":[{"width":1280,"height":720,"url":"https:\/\/www.correiobraziliense.com.br\/cbradar\/wp-content\/uploads\/2025\/02\/httpsneural.myth_.devstaticcachef0eeaff6-ea1c-4072-8d75-a20ccee7991b.jpeg","type":"image\/jpeg"}],"author":"Guilherme Cremaschi","twitter_card":"summary_large_image","twitter_misc":{"Escrito por":"Guilherme Cremaschi","Est. tempo de leitura":"4 minutos"},"schema":{"@context":"https:\/\/schema.org","@graph":[{"@type":"WebPage","@id":"https:\/\/www.correiobraziliense.com.br\/cbradar\/o-novo-destino-turistico-que-esta-conquistando-o-brasil-e-o-mundo\/","url":"https:\/\/www.correiobraziliense.com.br\/cbradar\/o-novo-destino-turistico-que-esta-conquistando-o-brasil-e-o-mundo\/","name":"O Novo Destino Tur\u00edstico que Est\u00e1 Conquistando o Brasil e o mundo - Correio Braziliense - Radar","isPartOf":{"@id":"https:\/\/www.correiobraziliense.com.br\/cbradar\/#website"},"primaryImageOfPage":{"@id":"https:\/\/www.correiobraziliense.com.br\/cbradar\/o-novo-destino-turistico-que-esta-conquistando-o-brasil-e-o-mundo\/#primaryimage"},"image":{"@id":"https:\/\/www.correiobraziliense.com.br\/cbradar\/o-novo-destino-turistico-que-esta-conquistando-o-brasil-e-o-mundo\/#primaryimage"},"thumbnailUrl":"https:\/\/www.correiobraziliense.com.br\/cbradar\/wp-content\/uploads\/2025\/02\/httpsneural.myth_.devstaticcachef0eeaff6-ea1c-4072-8d75-a20ccee7991b.jpeg","datePublished":"2025-02-10T11:59:00+00:00","author":{"@id":"https:\/\/www.correiobraziliense.com.br\/cbradar\/#\/schema\/person\/4760856b25506e84ce34d5de2b0d95f1"},"description":"Essa cidade est\u00e1 se destacando como um destino tur\u00edstico em ascens\u00e3o no Brasil. Com suas praias encantadoras e um clima acolhedor","breadcrumb":{"@id":"https:\/\/www.correiobraziliense.com.br\/cbradar\/o-novo-destino-turistico-que-esta-conquistando-o-brasil-e-o-mundo\/#breadcrumb"},"inLanguage":"pt-BR","potentialAction":[{"@type":"ReadAction","target":["https:\/\/www.correiobraziliense.com.br\/cbradar\/o-novo-destino-turistico-que-esta-conquistando-o-brasil-e-o-mundo\/"]}]},{"@type":"ImageObject","inLanguage":"pt-BR","@id":"https:\/\/www.correiobraziliense.com.br\/cbradar\/o-novo-destino-turistico-que-esta-conquistando-o-brasil-e-o-mundo\/#primaryimage","url":"https:\/\/www.correiobraziliense.com.br\/cbradar\/wp-content\/uploads\/2025\/02\/httpsneural.myth_.devstaticcachef0eeaff6-ea1c-4072-8d75-a20ccee7991b.jpeg","contentUrl":"https:\/\/www.correiobraziliense.com.br\/cbradar\/wp-content\/uploads\/2025\/02\/httpsneural.myth_.devstaticcachef0eeaff6-ea1c-4072-8d75-a20ccee7991b.jpeg","width":1280,"height":720,"caption":"O Novo Destino Tur\u00edstico que Est\u00e1 Conquistando o Brasil e o mundo Cr\u00e9ditos: depositphotos.com \/ vbacarin"},{"@type":"BreadcrumbList","@id":"https:\/\/www.correiobraziliense.com.br\/cbradar\/o-novo-destino-turistico-que-esta-conquistando-o-brasil-e-o-mundo\/#breadcrumb","itemListElement":[{"@type":"ListItem","position":1,"name":"In\u00edcio","item":"https:\/\/www.correiobraziliense.com.br\/cbradar\/"},{"@type":"ListItem","position":2,"name":"O Novo Destino Tur\u00edstico que Est\u00e1 Conquistando o Brasil e o mundo"}]},{"@type":"WebSite","@id":"https:\/\/www.correiobraziliense.com.br\/cbradar\/#website","url":"https:\/\/www.correiobraziliense.com.br\/cbradar\/","name":"Correio Braziliense - Radar","description":"Acompanhe as \u00faltimas not\u00edcias e fique bem informado sobre tudo o que acontece no Brasil e no mundo.","potentialAction":[{"@type":"SearchAction","target":{"@type":"EntryPoint","urlTemplate":"https:\/\/www.correiobraziliense.com.br\/cbradar\/?s={search_term_string}"},"query-input":{"@type":"PropertyValueSpecification","valueRequired":true,"valueName":"search_term_string"}}],"inLanguage":"pt-BR"},{"@type":"Person","@id":"https:\/\/www.correiobraziliense.com.br\/cbradar\/#\/schema\/person\/4760856b25506e84ce34d5de2b0d95f1","name":"Guilherme Cremaschi","image":{"@type":"ImageObject","inLanguage":"pt-BR","@id":"https:\/\/www.correiobraziliense.com.br\/cbradar\/#\/schema\/person\/image\/","url":"https:\/\/secure.gravatar.com\/avatar\/6a059d20d980bdeb1d1d6b0fa2b4633c?s=96&d=mm&r=g","contentUrl":"https:\/\/secure.gravatar.com\/avatar\/6a059d20d980bdeb1d1d6b0fa2b4633c?s=96&d=mm&r=g","caption":"Guilherme Cremaschi"},"sameAs":["https:\/\/www.correiobraziliense.com.br\/"],"url":"https:\/\/www.correiobraziliense.com.br\/cbradar\/author\/guilhermemyth\/"}]}},"_links":{"self":[{"href":"https:\/\/www.correiobraziliense.com.br\/cbradar\/wp-json\/wp\/v2\/posts\/1539","targetHints":{"allow":["GET"]}}],"collection":[{"href":"https:\/\/www.correiobraziliense.com.br\/cbradar\/wp-json\/wp\/v2\/posts"}],"about":[{"href":"https:\/\/www.correiobraziliense.com.br\/cbradar\/wp-json\/wp\/v2\/types\/post"}],"author":[{"embeddable":true,"href":"https:\/\/www.correiobraziliense.com.br\/cbradar\/wp-json\/wp\/v2\/users\/4"}],"replies":[{"embeddable":true,"href":"https:\/\/www.correiobraziliense.com.br\/cbradar\/wp-json\/wp\/v2\/comments?post=1539"}],"version-history":[{"count":3,"href":"https:\/\/www.correiobraziliense.com.br\/cbradar\/wp-json\/wp\/v2\/posts\/1539\/revisions"}],"predecessor-version":[{"id":1545,"href":"https:\/\/www.correiobraziliense.com.br\/cbradar\/wp-json\/wp\/v2\/posts\/1539\/revisions\/1545"}],"wp:featuredmedia":[{"embeddable":true,"href":"https:\/\/www.correiobraziliense.com.br\/cbradar\/wp-json\/wp\/v2\/media\/1540"}],"wp:attachment":[{"href":"https:\/\/www.correiobraziliense.com.br\/cbradar\/wp-json\/wp\/v2\/media?parent=1539"}],"wp:term":[{"taxonomy":"category","embeddable":true,"href":"https:\/\/www.correiobraziliense.com.br\/cbradar\/wp-json\/wp\/v2\/categories?post=1539"},{"taxonomy":"post_tag","embeddable":true,"href":"https:\/\/www.correiobraziliense.com.br\/cbradar\/wp-json\/wp\/v2\/post_tag?post=1539"}],"curies":[{"name":"wp","href":"https:\/\/api.w.org\/{rel}","templated":true}]}}