{"id":15390,"date":"2025-03-25T21:50:00","date_gmt":"2025-03-26T00:50:00","guid":{"rendered":"https:\/\/www.correiobraziliense.com.br\/cbradar\/?p=15390"},"modified":"2025-03-24T21:49:36","modified_gmt":"2025-03-25T00:49:36","slug":"conheca-a-cidade-pernambucana-que-se-destacam-no-uso-de-energia-solar","status":"publish","type":"post","link":"https:\/\/www.correiobraziliense.com.br\/cbradar\/conheca-a-cidade-pernambucana-que-se-destacam-no-uso-de-energia-solar\/","title":{"rendered":"Conhe\u00e7a a cidade pernambucana que se destacam no uso de energia solar"},"content":{"rendered":"\n<p><strong>S\u00e3o Vicente F\u00e9rrer<\/strong>, um pequeno munic\u00edpio no <strong>Agreste de Pernambuco<\/strong>, est\u00e1 se destacando por sua iniciativa inovadora em energia renov\u00e1vel. Com uma popula\u00e7\u00e3o de apenas 16.677 habitantes, a cidade investiu em pain\u00e9is solares para todos os seus pr\u00e9dios p\u00fablicos, incluindo escolas e hospitais, al\u00e9m de adquirir uma frota de carros el\u00e9tricos. Essa estrat\u00e9gia visa economizar at\u00e9 R$ 1,5 milh\u00e3o por ano, segundo a prefeitura local.<\/p>\n\n\n\n<p>A instala\u00e7\u00e3o dos pain\u00e9is solares come\u00e7ou em 2023, ap\u00f3s a obten\u00e7\u00e3o de um cr\u00e9dito de R$ 4 milh\u00f5es junto ao <strong>Banco do Brasil<\/strong>. A ideia inicial era construir uma usina fotovoltaica, mas estudos indicaram que seria mais eficaz instalar pequenas usinas nos telhados dos pr\u00e9dios p\u00fablicos. Assim, 1.850 pain\u00e9is foram distribu\u00eddos em 15 im\u00f3veis, entre eles escolas, creches e unidades hospitalares.<\/p>\n\n\n\n<h2 class=\"wp-block-heading\">Quais s\u00e3o os benef\u00edcios da energia solar para S\u00e3o Vicente F\u00e9rrer?<\/h2>\n\n\n\n<p>Os benef\u00edcios da energia solar para S\u00e3o Vicente F\u00e9rrer s\u00e3o significativos. A economia gerada na conta de energia el\u00e9trica ser\u00e1 reinvestida em servi\u00e7os essenciais, como sa\u00fade. Al\u00e9m disso, a cidade est\u00e1 localizada em uma regi\u00e3o com altos \u00edndices de radia\u00e7\u00e3o solar, o que maximiza o potencial de gera\u00e7\u00e3o de energia fotovoltaica.<\/p>\n\n\n\n<p>Al\u00e9m dos pain\u00e9is solares, a cidade adquiriu quatro carros el\u00e9tricos, que ser\u00e3o utilizados em \u00e1reas como educa\u00e7\u00e3o e sa\u00fade. Este investimento, que totalizou R$ 700 mil, foi financiado com recursos pr\u00f3prios e do <strong>Fundo de Manuten\u00e7\u00e3o e Desenvolvimento da Educa\u00e7\u00e3o B\u00e1sica (Fundeb).<\/strong> A renova\u00e7\u00e3o da frota municipal est\u00e1 prevista para ser conclu\u00edda em 2025.<\/p>\n\n\n\n<figure class=\"wp-block-image size-large\"><img decoding=\"async\" width=\"1024\" height=\"576\" src=\"https:\/\/www.correiobraziliense.com.br\/cbradar\/wp-content\/uploads\/2025\/03\/energia-solar_1742839931010-1024x576.jpg\" alt=\"Conhe\u00e7a a cidade pernambucana que se destacam no uso de energia solar\" class=\"wp-image-15395\" srcset=\"https:\/\/www.correiobraziliense.com.br\/cbradar\/wp-content\/uploads\/2025\/03\/energia-solar_1742839931010-1024x576.jpg 1024w, https:\/\/www.correiobraziliense.com.br\/cbradar\/wp-content\/uploads\/2025\/03\/energia-solar_1742839931010-300x169.jpg 300w, https:\/\/www.correiobraziliense.com.br\/cbradar\/wp-content\/uploads\/2025\/03\/energia-solar_1742839931010-768x432.jpg 768w, https:\/\/www.correiobraziliense.com.br\/cbradar\/wp-content\/uploads\/2025\/03\/energia-solar_1742839931010-750x422.jpg 750w, https:\/\/www.correiobraziliense.com.br\/cbradar\/wp-content\/uploads\/2025\/03\/energia-solar_1742839931010-1140x641.jpg 1140w, https:\/\/www.correiobraziliense.com.br\/cbradar\/wp-content\/uploads\/2025\/03\/energia-solar_1742839931010.jpg 1280w\" sizes=\"(max-width: 1024px) 100vw, 1024px\" \/><figcaption class=\"wp-element-caption\">energia solar. Cr\u00e9ditos: depositphotos.com \/ Smileus<\/figcaption><\/figure>\n\n\n\n<h2 class=\"wp-block-heading\">Como a energia solar contribui para a matriz energ\u00e9tica do Brasil?<\/h2>\n\n\n\n<p>Investir em energia solar \u00e9 uma estrat\u00e9gia para diversificar a matriz energ\u00e9tica do Brasil, que ainda depende fortemente de hidrel\u00e9tricas. A energia solar n\u00e3o s\u00f3 reduz a emiss\u00e3o de carbono, mas tamb\u00e9m ajuda na distribui\u00e7\u00e3o de energia para o sistema el\u00e9trico nacional. Segundo especialistas, o Brasil registrou um crescimento significativo na gera\u00e7\u00e3o de energia solar nos \u00faltimos 15 anos, alcan\u00e7ando uma capacidade de produ\u00e7\u00e3o de cerca de 54 gigawatts.<\/p>\n\n\n\n<p>Apesar das vantagens, o custo inicial de instala\u00e7\u00e3o das placas solares ainda \u00e9 um desafio. No entanto, o retorno financeiro pode ser observado ap\u00f3s alguns anos de uso, tornando essa op\u00e7\u00e3o cada vez mais vi\u00e1vel para cidades que buscam sustentabilidade.<\/p>\n\n\n\n<h2 class=\"wp-block-heading\">Quais s\u00e3o os desafios e oportunidades da energia solar no Brasil?<\/h2>\n\n\n\n<p>O principal desafio para a expans\u00e3o da energia solar no Brasil \u00e9 o alto custo de instala\u00e7\u00e3o. Muitas cidades dependem de financiamentos externos para viabilizar projetos de energia solar. Contudo, o potencial de retorno financeiro e a contribui\u00e7\u00e3o para a redu\u00e7\u00e3o de gases do efeito estufa s\u00e3o fatores que incentivam o investimento nesse setor.<\/p>\n\n\n\n<p>Al\u00e9m disso, a energia solar oferece a oportunidade de integrar a produ\u00e7\u00e3o excedente \u00e0 rede el\u00e9trica nacional, gerando cr\u00e9ditos para os munic\u00edpios. Essa integra\u00e7\u00e3o \u00e9 facilitada pelo sistema interligado do pa\u00eds, que permite que a energia gerada em uma regi\u00e3o seja utilizada em outra, aumentando a efici\u00eancia e a sustentabilidade da matriz energ\u00e9tica brasileira.<\/p>\n\n\n\n<p>S\u00e3o Vicente F\u00e9rrer se apresenta como um exemplo de como pequenas cidades podem liderar a transi\u00e7\u00e3o para fontes de energia mais limpas e sustent\u00e1veis, contribuindo para um futuro mais verde e econ\u00f4mico.<\/p>\n","protected":false},"excerpt":{"rendered":"<p>A pequena cidade de S\u00e3o Vicente F\u00e9rrer mostra o caminho para um futuro mais verde e econ\u00f4mico com sua iniciativa de energia solar.<\/p>\n","protected":false},"author":3,"featured_media":15393,"comment_status":"open","ping_status":"open","sticky":false,"template":"","format":"standard","meta":{"_yoast_wpseo_focuskw":"cidade energia solar","_yoast_wpseo_title":"%%title%%","_yoast_wpseo_metadesc":"A pequena cidade de S\u00e3o Vicente F\u00e9rrer mostra o caminho para um futuro mais verde e econ\u00f4mico com sua iniciativa de energia solar.","jnews-multi-image_gallery":[],"jnews_single_post":{"format":"standard"},"jnews_primary_category":[],"jnews_social_meta":[],"jnews_override_counter":[],"footnotes":""},"categories":[108],"tags":[109],"class_list":["post-15390","post","type-post","status-publish","format-standard","has-post-thumbnail","hentry","category-cidades","tag-cidades"],"yoast_head":"<!-- This site is optimized with the Yoast SEO plugin v24.6 - https:\/\/yoast.com\/wordpress\/plugins\/seo\/ -->\n<title>Conhe\u00e7a a cidade pernambucana que se destacam no uso de energia solar<\/title>\n<meta name=\"description\" content=\"A pequena cidade de S\u00e3o Vicente F\u00e9rrer mostra o caminho para um futuro mais verde e econ\u00f4mico com sua iniciativa de energia solar.\" \/>\n<meta name=\"robots\" content=\"index, follow, max-snippet:-1, max-image-preview:large, max-video-preview:-1\" \/>\n<link rel=\"canonical\" href=\"https:\/\/www.correiobraziliense.com.br\/cbradar\/conheca-a-cidade-pernambucana-que-se-destacam-no-uso-de-energia-solar\/\" \/>\n<meta property=\"og:locale\" content=\"pt_BR\" \/>\n<meta property=\"og:type\" content=\"article\" \/>\n<meta property=\"og:title\" content=\"Conhe\u00e7a a cidade pernambucana que se destacam no uso de energia solar\" \/>\n<meta property=\"og:description\" content=\"A pequena cidade de S\u00e3o Vicente F\u00e9rrer mostra o caminho para um futuro mais verde e econ\u00f4mico com sua iniciativa de energia solar.\" \/>\n<meta property=\"og:url\" content=\"https:\/\/www.correiobraziliense.com.br\/cbradar\/conheca-a-cidade-pernambucana-que-se-destacam-no-uso-de-energia-solar\/\" \/>\n<meta property=\"og:site_name\" content=\"Correio Braziliense - Radar\" \/>\n<meta property=\"article:published_time\" content=\"2025-03-26T00:50:00+00:00\" \/>\n<meta property=\"og:image\" content=\"https:\/\/www.correiobraziliense.com.br\/cbradar\/wp-content\/uploads\/2025\/03\/energia-solar_1742839896436.jpg\" \/>\n\t<meta property=\"og:image:width\" content=\"1280\" \/>\n\t<meta property=\"og:image:height\" content=\"720\" \/>\n\t<meta property=\"og:image:type\" content=\"image\/jpeg\" \/>\n<meta name=\"author\" content=\"Larissa Carvalho\" \/>\n<meta name=\"twitter:card\" content=\"summary_large_image\" \/>\n<meta name=\"twitter:label1\" content=\"Escrito por\" \/>\n\t<meta name=\"twitter:data1\" content=\"Larissa Carvalho\" \/>\n\t<meta name=\"twitter:label2\" content=\"Est. tempo de leitura\" \/>\n\t<meta name=\"twitter:data2\" content=\"4 minutos\" \/>\n<!-- \/ Yoast SEO plugin. -->","yoast_head_json":{"title":"Conhe\u00e7a a cidade pernambucana que se destacam no uso de energia solar","description":"A pequena cidade de S\u00e3o Vicente F\u00e9rrer mostra o caminho para um futuro mais verde e econ\u00f4mico com sua iniciativa de energia solar.","robots":{"index":"index","follow":"follow","max-snippet":"max-snippet:-1","max-image-preview":"max-image-preview:large","max-video-preview":"max-video-preview:-1"},"canonical":"https:\/\/www.correiobraziliense.com.br\/cbradar\/conheca-a-cidade-pernambucana-que-se-destacam-no-uso-de-energia-solar\/","og_locale":"pt_BR","og_type":"article","og_title":"Conhe\u00e7a a cidade pernambucana que se destacam no uso de energia solar","og_description":"A pequena cidade de S\u00e3o Vicente F\u00e9rrer mostra o caminho para um futuro mais verde e econ\u00f4mico com sua iniciativa de energia solar.","og_url":"https:\/\/www.correiobraziliense.com.br\/cbradar\/conheca-a-cidade-pernambucana-que-se-destacam-no-uso-de-energia-solar\/","og_site_name":"Correio Braziliense - Radar","article_published_time":"2025-03-26T00:50:00+00:00","og_image":[{"width":1280,"height":720,"url":"https:\/\/www.correiobraziliense.com.br\/cbradar\/wp-content\/uploads\/2025\/03\/energia-solar_1742839896436.jpg","type":"image\/jpeg"}],"author":"Larissa Carvalho","twitter_card":"summary_large_image","twitter_misc":{"Escrito por":"Larissa Carvalho","Est. tempo de leitura":"4 minutos"},"schema":{"@context":"https:\/\/schema.org","@graph":[{"@type":"WebPage","@id":"https:\/\/www.correiobraziliense.com.br\/cbradar\/conheca-a-cidade-pernambucana-que-se-destacam-no-uso-de-energia-solar\/","url":"https:\/\/www.correiobraziliense.com.br\/cbradar\/conheca-a-cidade-pernambucana-que-se-destacam-no-uso-de-energia-solar\/","name":"Conhe\u00e7a a cidade pernambucana que se destacam no uso de energia solar","isPartOf":{"@id":"https:\/\/www.correiobraziliense.com.br\/cbradar\/#website"},"primaryImageOfPage":{"@id":"https:\/\/www.correiobraziliense.com.br\/cbradar\/conheca-a-cidade-pernambucana-que-se-destacam-no-uso-de-energia-solar\/#primaryimage"},"image":{"@id":"https:\/\/www.correiobraziliense.com.br\/cbradar\/conheca-a-cidade-pernambucana-que-se-destacam-no-uso-de-energia-solar\/#primaryimage"},"thumbnailUrl":"https:\/\/www.correiobraziliense.com.br\/cbradar\/wp-content\/uploads\/2025\/03\/energia-solar_1742839896436.jpg","datePublished":"2025-03-26T00:50:00+00:00","author":{"@id":"https:\/\/www.correiobraziliense.com.br\/cbradar\/#\/schema\/person\/58422787644df994b53a19d3e56c1513"},"description":"A pequena cidade de S\u00e3o Vicente F\u00e9rrer mostra o caminho para um futuro mais verde e econ\u00f4mico com sua iniciativa de energia solar.","breadcrumb":{"@id":"https:\/\/www.correiobraziliense.com.br\/cbradar\/conheca-a-cidade-pernambucana-que-se-destacam-no-uso-de-energia-solar\/#breadcrumb"},"inLanguage":"pt-BR","potentialAction":[{"@type":"ReadAction","target":["https:\/\/www.correiobraziliense.com.br\/cbradar\/conheca-a-cidade-pernambucana-que-se-destacam-no-uso-de-energia-solar\/"]}]},{"@type":"ImageObject","inLanguage":"pt-BR","@id":"https:\/\/www.correiobraziliense.com.br\/cbradar\/conheca-a-cidade-pernambucana-que-se-destacam-no-uso-de-energia-solar\/#primaryimage","url":"https:\/\/www.correiobraziliense.com.br\/cbradar\/wp-content\/uploads\/2025\/03\/energia-solar_1742839896436.jpg","contentUrl":"https:\/\/www.correiobraziliense.com.br\/cbradar\/wp-content\/uploads\/2025\/03\/energia-solar_1742839896436.jpg","width":1280,"height":720,"caption":"energia solar. Cr\u00e9ditos: depositphotos.com \/ Petkov"},{"@type":"BreadcrumbList","@id":"https:\/\/www.correiobraziliense.com.br\/cbradar\/conheca-a-cidade-pernambucana-que-se-destacam-no-uso-de-energia-solar\/#breadcrumb","itemListElement":[{"@type":"ListItem","position":1,"name":"In\u00edcio","item":"https:\/\/www.correiobraziliense.com.br\/cbradar\/"},{"@type":"ListItem","position":2,"name":"Conhe\u00e7a a cidade pernambucana que se destacam no uso de energia solar"}]},{"@type":"WebSite","@id":"https:\/\/www.correiobraziliense.com.br\/cbradar\/#website","url":"https:\/\/www.correiobraziliense.com.br\/cbradar\/","name":"Correio Braziliense - Radar","description":"Acompanhe as \u00faltimas not\u00edcias e fique bem informado sobre tudo o que acontece no Brasil e no mundo.","potentialAction":[{"@type":"SearchAction","target":{"@type":"EntryPoint","urlTemplate":"https:\/\/www.correiobraziliense.com.br\/cbradar\/?s={search_term_string}"},"query-input":{"@type":"PropertyValueSpecification","valueRequired":true,"valueName":"search_term_string"}}],"inLanguage":"pt-BR"},{"@type":"Person","@id":"https:\/\/www.correiobraziliense.com.br\/cbradar\/#\/schema\/person\/58422787644df994b53a19d3e56c1513","name":"Larissa Carvalho","image":{"@type":"ImageObject","inLanguage":"pt-BR","@id":"https:\/\/www.correiobraziliense.com.br\/cbradar\/#\/schema\/person\/image\/","url":"https:\/\/secure.gravatar.com\/avatar\/fe4f91a0de32b52a838d0d612abdc1aa?s=96&d=mm&r=g","contentUrl":"https:\/\/secure.gravatar.com\/avatar\/fe4f91a0de32b52a838d0d612abdc1aa?s=96&d=mm&r=g","caption":"Larissa Carvalho"},"url":"https:\/\/www.correiobraziliense.com.br\/cbradar\/author\/larissamyth\/"}]}},"_links":{"self":[{"href":"https:\/\/www.correiobraziliense.com.br\/cbradar\/wp-json\/wp\/v2\/posts\/15390","targetHints":{"allow":["GET"]}}],"collection":[{"href":"https:\/\/www.correiobraziliense.com.br\/cbradar\/wp-json\/wp\/v2\/posts"}],"about":[{"href":"https:\/\/www.correiobraziliense.com.br\/cbradar\/wp-json\/wp\/v2\/types\/post"}],"author":[{"embeddable":true,"href":"https:\/\/www.correiobraziliense.com.br\/cbradar\/wp-json\/wp\/v2\/users\/3"}],"replies":[{"embeddable":true,"href":"https:\/\/www.correiobraziliense.com.br\/cbradar\/wp-json\/wp\/v2\/comments?post=15390"}],"version-history":[{"count":1,"href":"https:\/\/www.correiobraziliense.com.br\/cbradar\/wp-json\/wp\/v2\/posts\/15390\/revisions"}],"predecessor-version":[{"id":15396,"href":"https:\/\/www.correiobraziliense.com.br\/cbradar\/wp-json\/wp\/v2\/posts\/15390\/revisions\/15396"}],"wp:featuredmedia":[{"embeddable":true,"href":"https:\/\/www.correiobraziliense.com.br\/cbradar\/wp-json\/wp\/v2\/media\/15393"}],"wp:attachment":[{"href":"https:\/\/www.correiobraziliense.com.br\/cbradar\/wp-json\/wp\/v2\/media?parent=15390"}],"wp:term":[{"taxonomy":"category","embeddable":true,"href":"https:\/\/www.correiobraziliense.com.br\/cbradar\/wp-json\/wp\/v2\/categories?post=15390"},{"taxonomy":"post_tag","embeddable":true,"href":"https:\/\/www.correiobraziliense.com.br\/cbradar\/wp-json\/wp\/v2\/tags?post=15390"}],"curies":[{"name":"wp","href":"https:\/\/api.w.org\/{rel}","templated":true}]}}