{"id":153909,"date":"2025-12-11T20:05:00","date_gmt":"2025-12-11T23:05:00","guid":{"rendered":"https:\/\/www.correiobraziliense.com.br\/cbradar\/?p=153909"},"modified":"2025-12-10T13:46:21","modified_gmt":"2025-12-10T16:46:21","slug":"o-que-significa-cogito-ergo-sum-a-frase-que-mudou-a-forma-como-pensamos-sobre-a-existencia","status":"publish","type":"post","link":"https:\/\/www.correiobraziliense.com.br\/cbradar\/o-que-significa-cogito-ergo-sum-a-frase-que-mudou-a-forma-como-pensamos-sobre-a-existencia\/","title":{"rendered":"O que significa &#8220;Cogito ergo sum&#8221;, a frase que mudou a forma como pensamos sobre a exist\u00eancia"},"content":{"rendered":"\n<p>A frase latina <strong>\u201cCogito, ergo sum\u201d<\/strong> significa <strong>\u201cpenso, logo existo\u201d<\/strong>. Escrita pelo fil\u00f3sofo franc\u00eas Ren\u00e9 Descartes no s\u00e9culo XVII, ela se tornou um dos pilares da filosofia moderna. Em 2025, a express\u00e3o ainda desperta curiosidade porque toca em uma quest\u00e3o essencial: como sabemos que realmente existimos? Para Descartes, a resposta estava no pr\u00f3prio ato de pensar.<\/p>\n\n\n\n<h2 class=\"wp-block-heading\">Como Descartes chegou a essa conclus\u00e3o?<\/h2>\n\n\n\n<p>Descartes <a href=\"https:\/\/www.correiobraziliense.com.br\/cbradar\/o-que-significa-lagom-e-por-que-esse-conceito-sueco-virou-alerta-para-a-vida-moderna\/\" target=\"_blank\" rel=\"noreferrer noopener\">buscava uma verdade absoluta<\/a>, algo que n\u00e3o pudesse ser colocado em d\u00favida. Ele questionou tudo: os sentidos podem enganar, as tradi\u00e7\u00f5es podem estar erradas, at\u00e9 mesmo os sonhos podem ser confundidos com a realidade. No meio dessa incerteza radical, havia apenas uma coisa imposs\u00edvel de negar: <strong>se eu estou duvidando, ent\u00e3o estou pensando<\/strong>. E, se estou pensando, \u00e9 porque existo.<\/p>\n\n\n\n<p>Essa descoberta marcou um ponto de virada na filosofia. O pensamento, e n\u00e3o a tradi\u00e7\u00e3o, a autoridade ou a religi\u00e3o, tornou-se o ponto inicial para construir conhecimento seguro.<\/p>\n\n\n<div class=\"wp-block-image\">\n<figure class=\"aligncenter size-large\"><img decoding=\"async\" width=\"1024\" height=\"576\" src=\"https:\/\/www.correiobraziliense.com.br\/cbradar\/wp-content\/uploads\/2025\/12\/books_1765231176054-1024x576.jpg\" alt=\"O que significa &quot;Cogito ergo sum&quot;, a frase que mudou a forma como pensamos sobre a exist\u00eancia\" class=\"wp-image-152937\" srcset=\"https:\/\/www.correiobraziliense.com.br\/cbradar\/wp-content\/uploads\/2025\/12\/books_1765231176054-1024x576.jpg 1024w, https:\/\/www.correiobraziliense.com.br\/cbradar\/wp-content\/uploads\/2025\/12\/books_1765231176054-300x169.jpg 300w, https:\/\/www.correiobraziliense.com.br\/cbradar\/wp-content\/uploads\/2025\/12\/books_1765231176054-768x432.jpg 768w, https:\/\/www.correiobraziliense.com.br\/cbradar\/wp-content\/uploads\/2025\/12\/books_1765231176054-750x422.jpg 750w, https:\/\/www.correiobraziliense.com.br\/cbradar\/wp-content\/uploads\/2025\/12\/books_1765231176054-1140x641.jpg 1140w, https:\/\/www.correiobraziliense.com.br\/cbradar\/wp-content\/uploads\/2025\/12\/books_1765231176054.jpg 1280w\" sizes=\"(max-width: 1024px) 100vw, 1024px\" \/><figcaption class=\"wp-element-caption\">O pensamento, e n\u00e3o a tradi\u00e7\u00e3o, a autoridade ou a religi\u00e3o, tornou-se o ponto inicial para construir conhecimento seguro &#8211; Cr\u00e9ditos: depositphotos.com \/ worac<\/figcaption><\/figure><\/div>\n\n\n<h2 class=\"wp-block-heading\">Por que Cogito ergo sum virou s\u00edmbolo da filosofia moderna?<\/h2>\n\n\n\n<p>A frase representa a confian\u00e7a na raz\u00e3o humana e inaugurou uma nova forma de entender o mundo. Em vez de aceitar verdades prontas, Descartes prop\u00f4s que cada indiv\u00edduo poderia investigar, analisar e chegar \u00e0s pr\u00f3prias conclus\u00f5es. Foi um rompimento com a filosofia medieval e um passo decisivo para o pensamento cient\u00edfico.<\/p>\n\n\n\n<p>Ela tamb\u00e9m refor\u00e7a a ideia de subjetividade: cada pessoa \u00e9 um centro de consci\u00eancia capaz de refletir sobre si mesma e sobre o mundo, algo fundamental para \u00e1reas como psicologia, ci\u00eancia cognitiva e \u00e9tica, como fala<strong> Professor Thiago Hot <\/strong>em seu TikTok:<\/p>\n\n\n\n<figure class=\"wp-block-embed is-type-video is-provider-tiktok wp-block-embed-tiktok\"><div class=\"wp-block-embed__wrapper\">\n<blockquote class=\"tiktok-embed\" cite=\"https:\/\/www.tiktok.com\/@professorthiagohot\/video\/7361601163503865093\" data-video-id=\"7361601163503865093\" data-embed-from=\"oembed\" style=\"max-width:605px; min-width:325px;\"> <section> <a target=\"_blank\" title=\"@professorthiagohot\" href=\"https:\/\/www.tiktok.com\/@professorthiagohot?refer=embed\">@professorthiagohot<\/a> <p>3 tipos de ideias em Descartes!<\/p> <a target=\"_blank\" title=\"\u266c som original - Professor Thiago Hot\" href=\"https:\/\/www.tiktok.com\/music\/som-original-7361601185283967750?refer=embed\">\u266c som original &#8211; Professor Thiago Hot<\/a> <\/section> <\/blockquote> <script async src=\"https:\/\/www.tiktok.com\/embed.js\"><\/script>\n<\/div><\/figure>\n\n\n\n<h2 class=\"wp-block-heading\">Como essa frase se conecta \u00e0 vida contempor\u00e2nea?<\/h2>\n\n\n\n<p>Em um mundo cheio de d\u00favidas, not\u00edcias falsas, excesso de informa\u00e7\u00e3o, tecnologias que confundem realidade e simula\u00e7\u00e3o, a frase de Descartes continua atual. Ela nos lembra que o primeiro passo para entender o mundo \u00e9 <strong>pensar de forma cr\u00edtica<\/strong>. A consci\u00eancia \u00e9 nosso ponto de partida seguro.<\/p>\n\n\n\n<p>Em momentos de crise pessoal ou mudan\u00e7as importantes, \u201cpenso, logo existo\u201d pode ser lido como um retorno ao essencial: reconhecer a pr\u00f3pria mente, observar os pensamentos e encontrar clareza dentro de si.<\/p>\n\n\n<div class=\"wp-block-image\">\n<figure class=\"aligncenter size-large\"><img decoding=\"async\" width=\"1024\" height=\"576\" src=\"https:\/\/www.correiobraziliense.com.br\/cbradar\/wp-content\/uploads\/2025\/12\/old-books_1765052160414-1024x576.jpg\" alt=\"O que significa &quot;Cogito ergo sum&quot;, a frase que mudou a forma como pensamos sobre a exist\u00eancia\" class=\"wp-image-151235\" srcset=\"https:\/\/www.correiobraziliense.com.br\/cbradar\/wp-content\/uploads\/2025\/12\/old-books_1765052160414-1024x576.jpg 1024w, https:\/\/www.correiobraziliense.com.br\/cbradar\/wp-content\/uploads\/2025\/12\/old-books_1765052160414-300x169.jpg 300w, https:\/\/www.correiobraziliense.com.br\/cbradar\/wp-content\/uploads\/2025\/12\/old-books_1765052160414-768x432.jpg 768w, https:\/\/www.correiobraziliense.com.br\/cbradar\/wp-content\/uploads\/2025\/12\/old-books_1765052160414-750x422.jpg 750w, https:\/\/www.correiobraziliense.com.br\/cbradar\/wp-content\/uploads\/2025\/12\/old-books_1765052160414-1140x641.jpg 1140w, https:\/\/www.correiobraziliense.com.br\/cbradar\/wp-content\/uploads\/2025\/12\/old-books_1765052160414.jpg 1280w\" sizes=\"(max-width: 1024px) 100vw, 1024px\" \/><figcaption class=\"wp-element-caption\">Em um mundo cheio de d\u00favidas, not\u00edcias falsas, excesso de informa\u00e7\u00e3o, tecnologias que confundem realidade e simula\u00e7\u00e3o, a frase de Descartes continua atual &#8211; Cr\u00e9ditos: depositphotos.com \/ kvkirillov<\/figcaption><\/figure><\/div>\n\n\n<h2 class=\"wp-block-heading\">Por que Cogito ergo sum ainda faz sentido para quem busca autoconhecimento?<\/h2>\n\n\n\n<p>Para muitas pessoas, o caminho do autoconhecimento come\u00e7a pelo mesmo ponto que Descartes destacou: prestar aten\u00e7\u00e3o nos pr\u00f3prios pensamentos. Entender quem somos passa por observar como pensamos, de onde v\u00eam nossas certezas e o que nos faz duvidar.<\/p>\n\n\n\n<p>Assim, a frase que nasceu como um exerc\u00edcio filos\u00f3fico se transformou em um lembrete moderno de que a mente \u00e9 nossa principal ferramenta para navegar a realidade, e de que refletir sobre ela \u00e9 uma forma profunda de existir com consci\u00eancia.<\/p>\n","protected":false},"excerpt":{"rendered":"<p>A frase latina \u201cCogito, ergo sum\u201d significa \u201cpenso, logo existo\u201d. Escrita pelo fil\u00f3sofo franc\u00eas Ren\u00e9 Descartes no s\u00e9culo XVII, ela se tornou um dos pilares da filosofia moderna. Em 2025, a express\u00e3o ainda desperta curiosidade porque toca em uma quest\u00e3o essencial: como sabemos que realmente existimos? Para Descartes, a resposta estava no pr\u00f3prio ato de [&hellip;]<\/p>\n","protected":false},"author":18,"featured_media":153910,"comment_status":"open","ping_status":"open","sticky":false,"template":"","format":"standard","meta":{"_yoast_wpseo_focuskw":"O que significa Cogito ergo sum","_yoast_wpseo_title":"","_yoast_wpseo_metadesc":"Pensar \u00e9 existir. A frase de Descartes marcou a hist\u00f3ria e pode te ajudar a encontrar clareza em tempos de incerteza e excesso de informa\u00e7\u00e3o.","jnews-multi-image_gallery":[],"jnews_single_post":{"format":"standard"},"jnews_primary_category":[],"jnews_social_meta":[],"jnews_override_counter":[],"footnotes":""},"categories":[112],"tags":[12567,12566,5078,9444],"class_list":["post-153909","post","type-post","status-publish","format-standard","has-post-thumbnail","hentry","category-curiosidades","tag-cogito-ergo-sum","tag-descarter","tag-filosofia","tag-pensamento"],"yoast_head":"<!-- This site is optimized with the Yoast SEO plugin v24.6 - https:\/\/yoast.com\/wordpress\/plugins\/seo\/ -->\n<title>O que significa &quot;Cogito ergo sum&quot;, a frase que mudou a forma como pensamos sobre a exist\u00eancia - Correio Braziliense - Radar<\/title>\n<meta name=\"description\" content=\"Pensar \u00e9 existir. A frase de Descartes marcou a hist\u00f3ria e pode te ajudar a encontrar clareza em tempos de incerteza e excesso de informa\u00e7\u00e3o.\" \/>\n<meta name=\"robots\" content=\"index, follow, max-snippet:-1, max-image-preview:large, max-video-preview:-1\" \/>\n<link rel=\"canonical\" href=\"https:\/\/www.correiobraziliense.com.br\/cbradar\/o-que-significa-cogito-ergo-sum-a-frase-que-mudou-a-forma-como-pensamos-sobre-a-existencia\/\" \/>\n<meta property=\"og:locale\" content=\"pt_BR\" \/>\n<meta property=\"og:type\" content=\"article\" \/>\n<meta property=\"og:title\" content=\"O que significa &quot;Cogito ergo sum&quot;, a frase que mudou a forma como pensamos sobre a exist\u00eancia - Correio Braziliense - Radar\" \/>\n<meta property=\"og:description\" content=\"Pensar \u00e9 existir. A frase de Descartes marcou a hist\u00f3ria e pode te ajudar a encontrar clareza em tempos de incerteza e excesso de informa\u00e7\u00e3o.\" \/>\n<meta property=\"og:url\" content=\"https:\/\/www.correiobraziliense.com.br\/cbradar\/o-que-significa-cogito-ergo-sum-a-frase-que-mudou-a-forma-como-pensamos-sobre-a-existencia\/\" \/>\n<meta property=\"og:site_name\" content=\"Correio Braziliense - Radar\" \/>\n<meta property=\"article:published_time\" content=\"2025-12-11T23:05:00+00:00\" \/>\n<meta property=\"og:image\" content=\"https:\/\/www.correiobraziliense.com.br\/cbradar\/wp-content\/uploads\/2025\/12\/rene-descartes_1765384866534.jpg\" \/>\n\t<meta property=\"og:image:width\" content=\"1280\" \/>\n\t<meta property=\"og:image:height\" content=\"720\" \/>\n\t<meta property=\"og:image:type\" content=\"image\/jpeg\" \/>\n<meta name=\"author\" content=\"Maria Eduarda Pacheco\" \/>\n<meta name=\"twitter:card\" content=\"summary_large_image\" \/>\n<meta name=\"twitter:label1\" content=\"Escrito por\" \/>\n\t<meta name=\"twitter:data1\" content=\"Maria Eduarda Pacheco\" \/>\n\t<meta name=\"twitter:label2\" content=\"Est. tempo de leitura\" \/>\n\t<meta name=\"twitter:data2\" content=\"4 minutos\" \/>\n<!-- \/ Yoast SEO plugin. -->","yoast_head_json":{"title":"O que significa \"Cogito ergo sum\", a frase que mudou a forma como pensamos sobre a exist\u00eancia - Correio Braziliense - Radar","description":"Pensar \u00e9 existir. A frase de Descartes marcou a hist\u00f3ria e pode te ajudar a encontrar clareza em tempos de incerteza e excesso de informa\u00e7\u00e3o.","robots":{"index":"index","follow":"follow","max-snippet":"max-snippet:-1","max-image-preview":"max-image-preview:large","max-video-preview":"max-video-preview:-1"},"canonical":"https:\/\/www.correiobraziliense.com.br\/cbradar\/o-que-significa-cogito-ergo-sum-a-frase-que-mudou-a-forma-como-pensamos-sobre-a-existencia\/","og_locale":"pt_BR","og_type":"article","og_title":"O que significa \"Cogito ergo sum\", a frase que mudou a forma como pensamos sobre a exist\u00eancia - Correio Braziliense - Radar","og_description":"Pensar \u00e9 existir. A frase de Descartes marcou a hist\u00f3ria e pode te ajudar a encontrar clareza em tempos de incerteza e excesso de informa\u00e7\u00e3o.","og_url":"https:\/\/www.correiobraziliense.com.br\/cbradar\/o-que-significa-cogito-ergo-sum-a-frase-que-mudou-a-forma-como-pensamos-sobre-a-existencia\/","og_site_name":"Correio Braziliense - Radar","article_published_time":"2025-12-11T23:05:00+00:00","og_image":[{"width":1280,"height":720,"url":"https:\/\/www.correiobraziliense.com.br\/cbradar\/wp-content\/uploads\/2025\/12\/rene-descartes_1765384866534.jpg","type":"image\/jpeg"}],"author":"Maria Eduarda Pacheco","twitter_card":"summary_large_image","twitter_misc":{"Escrito por":"Maria Eduarda Pacheco","Est. tempo de leitura":"4 minutos"},"schema":{"@context":"https:\/\/schema.org","@graph":[{"@type":"WebPage","@id":"https:\/\/www.correiobraziliense.com.br\/cbradar\/o-que-significa-cogito-ergo-sum-a-frase-que-mudou-a-forma-como-pensamos-sobre-a-existencia\/","url":"https:\/\/www.correiobraziliense.com.br\/cbradar\/o-que-significa-cogito-ergo-sum-a-frase-que-mudou-a-forma-como-pensamos-sobre-a-existencia\/","name":"O que significa \"Cogito ergo sum\", a frase que mudou a forma como pensamos sobre a exist\u00eancia - Correio Braziliense - Radar","isPartOf":{"@id":"https:\/\/www.correiobraziliense.com.br\/cbradar\/#website"},"primaryImageOfPage":{"@id":"https:\/\/www.correiobraziliense.com.br\/cbradar\/o-que-significa-cogito-ergo-sum-a-frase-que-mudou-a-forma-como-pensamos-sobre-a-existencia\/#primaryimage"},"image":{"@id":"https:\/\/www.correiobraziliense.com.br\/cbradar\/o-que-significa-cogito-ergo-sum-a-frase-que-mudou-a-forma-como-pensamos-sobre-a-existencia\/#primaryimage"},"thumbnailUrl":"https:\/\/www.correiobraziliense.com.br\/cbradar\/wp-content\/uploads\/2025\/12\/rene-descartes_1765384866534.jpg","datePublished":"2025-12-11T23:05:00+00:00","author":{"@id":"https:\/\/www.correiobraziliense.com.br\/cbradar\/#\/schema\/person\/6fdd694c4c0d658f15df15f390ddf066"},"description":"Pensar \u00e9 existir. A frase de Descartes marcou a hist\u00f3ria e pode te ajudar a encontrar clareza em tempos de incerteza e excesso de informa\u00e7\u00e3o.","breadcrumb":{"@id":"https:\/\/www.correiobraziliense.com.br\/cbradar\/o-que-significa-cogito-ergo-sum-a-frase-que-mudou-a-forma-como-pensamos-sobre-a-existencia\/#breadcrumb"},"inLanguage":"pt-BR","potentialAction":[{"@type":"ReadAction","target":["https:\/\/www.correiobraziliense.com.br\/cbradar\/o-que-significa-cogito-ergo-sum-a-frase-que-mudou-a-forma-como-pensamos-sobre-a-existencia\/"]}]},{"@type":"ImageObject","inLanguage":"pt-BR","@id":"https:\/\/www.correiobraziliense.com.br\/cbradar\/o-que-significa-cogito-ergo-sum-a-frase-que-mudou-a-forma-como-pensamos-sobre-a-existencia\/#primaryimage","url":"https:\/\/www.correiobraziliense.com.br\/cbradar\/wp-content\/uploads\/2025\/12\/rene-descartes_1765384866534.jpg","contentUrl":"https:\/\/www.correiobraziliense.com.br\/cbradar\/wp-content\/uploads\/2025\/12\/rene-descartes_1765384866534.jpg","width":1280,"height":720,"caption":"Escrita pelo fil\u00f3sofo franc\u00eas Ren\u00e9 Descartes no s\u00e9culo XVII, ela se tornou um dos pilares da filosofia moderna. Em 2025, a express\u00e3o ainda desperta curiosidade - Cr\u00e9ditos: depositphotos.com \/ yurizap"},{"@type":"BreadcrumbList","@id":"https:\/\/www.correiobraziliense.com.br\/cbradar\/o-que-significa-cogito-ergo-sum-a-frase-que-mudou-a-forma-como-pensamos-sobre-a-existencia\/#breadcrumb","itemListElement":[{"@type":"ListItem","position":1,"name":"In\u00edcio","item":"https:\/\/www.correiobraziliense.com.br\/cbradar\/"},{"@type":"ListItem","position":2,"name":"O que significa &#8220;Cogito ergo sum&#8221;, a frase que mudou a forma como pensamos sobre a exist\u00eancia"}]},{"@type":"WebSite","@id":"https:\/\/www.correiobraziliense.com.br\/cbradar\/#website","url":"https:\/\/www.correiobraziliense.com.br\/cbradar\/","name":"Correio Braziliense - Radar","description":"Acompanhe as \u00faltimas not\u00edcias e fique bem informado sobre tudo o que acontece no Brasil e no mundo.","potentialAction":[{"@type":"SearchAction","target":{"@type":"EntryPoint","urlTemplate":"https:\/\/www.correiobraziliense.com.br\/cbradar\/?s={search_term_string}"},"query-input":{"@type":"PropertyValueSpecification","valueRequired":true,"valueName":"search_term_string"}}],"inLanguage":"pt-BR"},{"@type":"Person","@id":"https:\/\/www.correiobraziliense.com.br\/cbradar\/#\/schema\/person\/6fdd694c4c0d658f15df15f390ddf066","name":"Maria Eduarda Pacheco","image":{"@type":"ImageObject","inLanguage":"pt-BR","@id":"https:\/\/www.correiobraziliense.com.br\/cbradar\/#\/schema\/person\/image\/","url":"https:\/\/secure.gravatar.com\/avatar\/f72a487b26fdeec08ba4868875ea328e?s=96&d=mm&r=g","contentUrl":"https:\/\/secure.gravatar.com\/avatar\/f72a487b26fdeec08ba4868875ea328e?s=96&d=mm&r=g","caption":"Maria Eduarda Pacheco"},"sameAs":["https:\/\/www.correiobraziliense.com.br\/cbradar\/"],"url":"https:\/\/www.correiobraziliense.com.br\/cbradar\/author\/maria-eduarda\/"}]}},"_links":{"self":[{"href":"https:\/\/www.correiobraziliense.com.br\/cbradar\/wp-json\/wp\/v2\/posts\/153909","targetHints":{"allow":["GET"]}}],"collection":[{"href":"https:\/\/www.correiobraziliense.com.br\/cbradar\/wp-json\/wp\/v2\/posts"}],"about":[{"href":"https:\/\/www.correiobraziliense.com.br\/cbradar\/wp-json\/wp\/v2\/types\/post"}],"author":[{"embeddable":true,"href":"https:\/\/www.correiobraziliense.com.br\/cbradar\/wp-json\/wp\/v2\/users\/18"}],"replies":[{"embeddable":true,"href":"https:\/\/www.correiobraziliense.com.br\/cbradar\/wp-json\/wp\/v2\/comments?post=153909"}],"version-history":[{"count":2,"href":"https:\/\/www.correiobraziliense.com.br\/cbradar\/wp-json\/wp\/v2\/posts\/153909\/revisions"}],"predecessor-version":[{"id":153914,"href":"https:\/\/www.correiobraziliense.com.br\/cbradar\/wp-json\/wp\/v2\/posts\/153909\/revisions\/153914"}],"wp:featuredmedia":[{"embeddable":true,"href":"https:\/\/www.correiobraziliense.com.br\/cbradar\/wp-json\/wp\/v2\/media\/153910"}],"wp:attachment":[{"href":"https:\/\/www.correiobraziliense.com.br\/cbradar\/wp-json\/wp\/v2\/media?parent=153909"}],"wp:term":[{"taxonomy":"category","embeddable":true,"href":"https:\/\/www.correiobraziliense.com.br\/cbradar\/wp-json\/wp\/v2\/categories?post=153909"},{"taxonomy":"post_tag","embeddable":true,"href":"https:\/\/www.correiobraziliense.com.br\/cbradar\/wp-json\/wp\/v2\/tags?post=153909"}],"curies":[{"name":"wp","href":"https:\/\/api.w.org\/{rel}","templated":true}]}}