{"id":153931,"date":"2025-12-11T22:25:00","date_gmt":"2025-12-12T01:25:00","guid":{"rendered":"https:\/\/www.correiobraziliense.com.br\/cbradar\/?p=153931"},"modified":"2025-12-10T14:45:10","modified_gmt":"2025-12-10T17:45:10","slug":"poucos-sabem-por-que-colocar-arroz-cru-dentro-do-saleiro-evita-que-o-sal-empedre","status":"publish","type":"post","link":"https:\/\/www.correiobraziliense.com.br\/cbradar\/poucos-sabem-por-que-colocar-arroz-cru-dentro-do-saleiro-evita-que-o-sal-empedre\/","title":{"rendered":"Poucos sabem por que colocar arroz cru dentro do saleiro evita que o sal empedre"},"content":{"rendered":"\n<p>Um truque dom\u00e9stico muito antigo voltou a ganhar destaque em 2025: colocar alguns gr\u00e3os de <strong>arroz cru<\/strong> dentro do saleiro. Embora pare\u00e7a apenas uma tradi\u00e7\u00e3o de cozinha, a t\u00e9cnica tem uma explica\u00e7\u00e3o simples e eficiente. O arroz funciona como um pequeno desumidificador natural, ajudando a manter o sal soltinho por muito mais tempo, algo essencial em regi\u00f5es quentes ou \u00famidas.<\/p>\n\n\n\n<h2 class=\"wp-block-heading\">Qual o papel do arroz na absor\u00e7\u00e3o de umidade?<\/h2>\n\n\n\n<p>O arroz cru possui gr\u00e3os secos e porosos, capazes de <strong>absorver a umidade do ar<\/strong> ao seu redor. Essa \u00e9 a mesma propriedade que faz o arroz ser usado em situa\u00e7\u00f5es como salvar celulares molhados ou conservar alimentos.<\/p>\n\n\n\n<p>No saleiro, ele atua como uma barreira contra a umidade, evitando que o sal absorva \u00e1gua e forme blocos duros. Assim, o tempero permanece solto, f\u00e1cil de dosar e mais pr\u00e1tico para cozinhar.<\/p>\n\n\n<div class=\"wp-block-image\">\n<figure class=\"aligncenter size-large\"><img decoding=\"async\" width=\"1024\" height=\"576\" src=\"https:\/\/www.correiobraziliense.com.br\/cbradar\/wp-content\/uploads\/2025\/12\/rice_1765382175192-1024x576.jpg\" alt=\"Poucos sabem por que colocar arroz cru dentro do saleiro evita que o sal empedre\" class=\"wp-image-153888\" srcset=\"https:\/\/www.correiobraziliense.com.br\/cbradar\/wp-content\/uploads\/2025\/12\/rice_1765382175192-1024x576.jpg 1024w, https:\/\/www.correiobraziliense.com.br\/cbradar\/wp-content\/uploads\/2025\/12\/rice_1765382175192-300x169.jpg 300w, https:\/\/www.correiobraziliense.com.br\/cbradar\/wp-content\/uploads\/2025\/12\/rice_1765382175192-768x432.jpg 768w, https:\/\/www.correiobraziliense.com.br\/cbradar\/wp-content\/uploads\/2025\/12\/rice_1765382175192-750x422.jpg 750w, https:\/\/www.correiobraziliense.com.br\/cbradar\/wp-content\/uploads\/2025\/12\/rice_1765382175192-1140x641.jpg 1140w, https:\/\/www.correiobraziliense.com.br\/cbradar\/wp-content\/uploads\/2025\/12\/rice_1765382175192.jpg 1280w\" sizes=\"(max-width: 1024px) 100vw, 1024px\" \/><figcaption class=\"wp-element-caption\">O arroz cru possui gr\u00e3os secos e porosos, capazes de absorver a umidade do ar ao seu redor &#8211; Cr\u00e9ditos: depositphotos.com \/ VadimVasenin<\/figcaption><\/figure><\/div>\n\n\n<h2 class=\"wp-block-heading\">Por que o sal empedra com tanta facilidade?<\/h2>\n\n\n\n<p>O sal \u00e9 altamente higrosc\u00f3pico, ou seja, ele atrai mol\u00e9culas de \u00e1gua do ambiente. Em locais \u00famidos, como cozinhas, ele rapidamente absorve essa umidade, formando grumos e peda\u00e7os compactados.<\/p>\n\n\n\n<p>Isso n\u00e3o altera a qualidade do sal, mas atrapalha o uso no dia a dia. Cada vez que a tampa do saleiro \u00e9 aberta, o sal entra em contato com o vapor de \u00e1gua e come\u00e7a a endurecer. \u00c9 a\u00ed que o arroz faz toda a diferen\u00e7a.<\/p>\n\n\n\n<p>A dica \u00e9 utilizada no Brasil e muitas pessoas n\u00e3o sabem de onde vem isto,<strong> carolblue.oficial<\/strong> comparitlha sua hist\u00f3ria no TikTok:<\/p>\n\n\n\n<figure class=\"wp-block-embed is-type-video is-provider-tiktok wp-block-embed-tiktok\"><div class=\"wp-block-embed__wrapper\">\n<blockquote class=\"tiktok-embed\" cite=\"https:\/\/www.tiktok.com\/@carolblue.oficial\/video\/7522812415545855238\" data-video-id=\"7522812415545855238\" data-embed-from=\"oembed\" style=\"max-width:605px; min-width:325px;\"> <section> <a target=\"_blank\" title=\"@carolblue.oficial\" href=\"https:\/\/www.tiktok.com\/@carolblue.oficial?refer=embed\">@carolblue.oficial<\/a> <p>Respondendo a @valnicesanchez esse hist\u00f3ria \u00e9 engra\u00e7ada e me marcou muito. <a title=\"opiniao\" target=\"_blank\" href=\"https:\/\/www.tiktok.com\/tag\/opiniao?refer=embed\">#opiniao<\/a> <a title=\"dica\" target=\"_blank\" href=\"https:\/\/www.tiktok.com\/tag\/dica?refer=embed\">#dica<\/a> <a title=\"dicas\" target=\"_blank\" href=\"https:\/\/www.tiktok.com\/tag\/dicas?refer=embed\">#dicas<\/a> <a title=\"mesaposta\" target=\"_blank\" href=\"https:\/\/www.tiktok.com\/tag\/mesaposta?refer=embed\">#mesaposta<\/a> <a title=\"etiqueta\" target=\"_blank\" href=\"https:\/\/www.tiktok.com\/tag\/etiqueta?refer=embed\">#etiqueta<\/a> <\/p> <a target=\"_blank\" title=\"\u266c SOM CALMO - Calmaria\" href=\"https:\/\/www.tiktok.com\/music\/SOM-CALMO-7434222046252369936?refer=embed\">\u266c SOM CALMO &#8211; Calmaria<\/a> <\/section> <\/blockquote> <script async src=\"https:\/\/www.tiktok.com\/embed.js\"><\/script>\n<\/div><\/figure>\n\n\n\n<h2 class=\"wp-block-heading\">Como usar o arroz dentro do saleiro de forma correta?<\/h2>\n\n\n\n<p>Basta adicionar de 6 a 10 gr\u00e3os de arroz cru dentro do saleiro, misturados ao sal ou colocados em um pequeno saquinho de tecido. O arroz vai acumular a umidade que o sal normalmente absorveria, mantendo a textura solta.<\/p>\n\n\n\n<p>A troca dos gr\u00e3os pode ser feita a cada dois ou tr\u00eas meses, dependendo do clima da regi\u00e3o e da frequ\u00eancia de uso. Em dias muito \u00famidos, o arroz pode escurecer ou inchar, sinal de que j\u00e1 absorveu o m\u00e1ximo poss\u00edvel e precisa ser substitu\u00eddo.<\/p>\n\n\n<div class=\"wp-block-image\">\n<figure class=\"aligncenter size-large\"><img decoding=\"async\" width=\"1024\" height=\"576\" src=\"https:\/\/www.correiobraziliense.com.br\/cbradar\/wp-content\/uploads\/2025\/12\/salt_1765387238536-1024x576.jpg\" alt=\"Poucos sabem por que colocar arroz cru dentro do saleiro evita que o sal empedre\" class=\"wp-image-153933\" srcset=\"https:\/\/www.correiobraziliense.com.br\/cbradar\/wp-content\/uploads\/2025\/12\/salt_1765387238536-1024x576.jpg 1024w, https:\/\/www.correiobraziliense.com.br\/cbradar\/wp-content\/uploads\/2025\/12\/salt_1765387238536-300x169.jpg 300w, https:\/\/www.correiobraziliense.com.br\/cbradar\/wp-content\/uploads\/2025\/12\/salt_1765387238536-768x432.jpg 768w, https:\/\/www.correiobraziliense.com.br\/cbradar\/wp-content\/uploads\/2025\/12\/salt_1765387238536-750x422.jpg 750w, https:\/\/www.correiobraziliense.com.br\/cbradar\/wp-content\/uploads\/2025\/12\/salt_1765387238536-1140x641.jpg 1140w, https:\/\/www.correiobraziliense.com.br\/cbradar\/wp-content\/uploads\/2025\/12\/salt_1765387238536.jpg 1280w\" sizes=\"(max-width: 1024px) 100vw, 1024px\" \/><figcaption class=\"wp-element-caption\">Basta adicionar de 6 a 10 gr\u00e3os de arroz cru dentro do saleiro, misturados ao sal ou colocados em um pequeno saquinho de tecido &#8211; Cr\u00e9ditos: depositphotos.com \/ duskbabe<\/figcaption><\/figure><\/div>\n\n\n<h2 class=\"wp-block-heading\">Por que essa dica melhora o uso na cozinha?<\/h2>\n\n\n\n<p>Al\u00e9m de deixar o sal sempre pronto para uso, o truque do arroz evita desperd\u00edcios e facilita o tempero durante o preparo dos alimentos. \u00c9 uma solu\u00e7\u00e3o natural, barata e acess\u00edvel, ideal para quem vive em regi\u00f5es tropicais ou em casas onde a umidade \u00e9 alta.<\/p>\n\n\n\n<p>S<a href=\"https:\/\/www.correiobraziliense.com.br\/cbradar\/esse-habito-comum-pode-estar-danificando-suas-tacas-e-talheres-sem-que-voce-perceba\/\" target=\"_blank\" rel=\"noreferrer noopener\">imples e eficaz, essa t\u00e9cnica mostra como pequenos cuidados podem agilizar a rotina<\/a> da cozinha e preservar melhor os ingredientes do dia a dia.<\/p>\n","protected":false},"excerpt":{"rendered":"<p>Um truque dom\u00e9stico muito antigo voltou a ganhar destaque em 2025: colocar alguns gr\u00e3os de arroz cru dentro do saleiro. Embora pare\u00e7a apenas uma tradi\u00e7\u00e3o de cozinha, a t\u00e9cnica tem uma explica\u00e7\u00e3o simples e eficiente. O arroz funciona como um pequeno desumidificador natural, ajudando a manter o sal soltinho por muito mais tempo, algo essencial [&hellip;]<\/p>\n","protected":false},"author":18,"featured_media":153932,"comment_status":"open","ping_status":"open","sticky":false,"template":"","format":"standard","meta":{"_yoast_wpseo_focuskw":"por que colocar sal no saleiro","_yoast_wpseo_title":"","_yoast_wpseo_metadesc":"Truque dom\u00e9stico simples e eficaz, veja por que o arroz no saleiro mant\u00e9m o sal seco mesmo em dias \u00famidos.","jnews-multi-image_gallery":[],"jnews_single_post":{"format":"standard"},"jnews_primary_category":[],"jnews_social_meta":[],"jnews_override_counter":[],"footnotes":""},"categories":[112],"tags":[899,4684,10969,2861],"class_list":["post-153931","post","type-post","status-publish","format-standard","has-post-thumbnail","hentry","category-curiosidades","tag-arroz","tag-sal","tag-truque","tag-umidade"],"yoast_head":"<!-- This site is optimized with the Yoast SEO plugin v24.6 - https:\/\/yoast.com\/wordpress\/plugins\/seo\/ -->\n<title>Poucos sabem por que colocar arroz cru dentro do saleiro evita que o sal empedre - Correio Braziliense - Radar<\/title>\n<meta name=\"description\" content=\"Truque dom\u00e9stico simples e eficaz, veja por que o arroz no saleiro mant\u00e9m o sal seco mesmo em dias \u00famidos.\" \/>\n<meta name=\"robots\" content=\"index, follow, max-snippet:-1, max-image-preview:large, max-video-preview:-1\" \/>\n<link rel=\"canonical\" href=\"https:\/\/www.correiobraziliense.com.br\/cbradar\/poucos-sabem-por-que-colocar-arroz-cru-dentro-do-saleiro-evita-que-o-sal-empedre\/\" \/>\n<meta property=\"og:locale\" content=\"pt_BR\" \/>\n<meta property=\"og:type\" content=\"article\" \/>\n<meta property=\"og:title\" content=\"Poucos sabem por que colocar arroz cru dentro do saleiro evita que o sal empedre - Correio Braziliense - Radar\" \/>\n<meta property=\"og:description\" content=\"Truque dom\u00e9stico simples e eficaz, veja por que o arroz no saleiro mant\u00e9m o sal seco mesmo em dias \u00famidos.\" \/>\n<meta property=\"og:url\" content=\"https:\/\/www.correiobraziliense.com.br\/cbradar\/poucos-sabem-por-que-colocar-arroz-cru-dentro-do-saleiro-evita-que-o-sal-empedre\/\" \/>\n<meta property=\"og:site_name\" content=\"Correio Braziliense - Radar\" \/>\n<meta property=\"article:published_time\" content=\"2025-12-12T01:25:00+00:00\" \/>\n<meta property=\"og:image\" content=\"https:\/\/www.correiobraziliense.com.br\/cbradar\/wp-content\/uploads\/2025\/12\/salt_1765387230529.jpg\" \/>\n\t<meta property=\"og:image:width\" content=\"1280\" \/>\n\t<meta property=\"og:image:height\" content=\"720\" \/>\n\t<meta property=\"og:image:type\" content=\"image\/jpeg\" \/>\n<meta name=\"author\" content=\"Maria Eduarda Pacheco\" \/>\n<meta name=\"twitter:card\" content=\"summary_large_image\" \/>\n<meta name=\"twitter:label1\" content=\"Escrito por\" \/>\n\t<meta name=\"twitter:data1\" content=\"Maria Eduarda Pacheco\" \/>\n\t<meta name=\"twitter:label2\" content=\"Est. tempo de leitura\" \/>\n\t<meta name=\"twitter:data2\" content=\"4 minutos\" \/>\n<!-- \/ Yoast SEO plugin. -->","yoast_head_json":{"title":"Poucos sabem por que colocar arroz cru dentro do saleiro evita que o sal empedre - Correio Braziliense - Radar","description":"Truque dom\u00e9stico simples e eficaz, veja por que o arroz no saleiro mant\u00e9m o sal seco mesmo em dias \u00famidos.","robots":{"index":"index","follow":"follow","max-snippet":"max-snippet:-1","max-image-preview":"max-image-preview:large","max-video-preview":"max-video-preview:-1"},"canonical":"https:\/\/www.correiobraziliense.com.br\/cbradar\/poucos-sabem-por-que-colocar-arroz-cru-dentro-do-saleiro-evita-que-o-sal-empedre\/","og_locale":"pt_BR","og_type":"article","og_title":"Poucos sabem por que colocar arroz cru dentro do saleiro evita que o sal empedre - Correio Braziliense - Radar","og_description":"Truque dom\u00e9stico simples e eficaz, veja por que o arroz no saleiro mant\u00e9m o sal seco mesmo em dias \u00famidos.","og_url":"https:\/\/www.correiobraziliense.com.br\/cbradar\/poucos-sabem-por-que-colocar-arroz-cru-dentro-do-saleiro-evita-que-o-sal-empedre\/","og_site_name":"Correio Braziliense - Radar","article_published_time":"2025-12-12T01:25:00+00:00","og_image":[{"width":1280,"height":720,"url":"https:\/\/www.correiobraziliense.com.br\/cbradar\/wp-content\/uploads\/2025\/12\/salt_1765387230529.jpg","type":"image\/jpeg"}],"author":"Maria Eduarda Pacheco","twitter_card":"summary_large_image","twitter_misc":{"Escrito por":"Maria Eduarda Pacheco","Est. tempo de leitura":"4 minutos"},"schema":{"@context":"https:\/\/schema.org","@graph":[{"@type":"WebPage","@id":"https:\/\/www.correiobraziliense.com.br\/cbradar\/poucos-sabem-por-que-colocar-arroz-cru-dentro-do-saleiro-evita-que-o-sal-empedre\/","url":"https:\/\/www.correiobraziliense.com.br\/cbradar\/poucos-sabem-por-que-colocar-arroz-cru-dentro-do-saleiro-evita-que-o-sal-empedre\/","name":"Poucos sabem por que colocar arroz cru dentro do saleiro evita que o sal empedre - Correio Braziliense - Radar","isPartOf":{"@id":"https:\/\/www.correiobraziliense.com.br\/cbradar\/#website"},"primaryImageOfPage":{"@id":"https:\/\/www.correiobraziliense.com.br\/cbradar\/poucos-sabem-por-que-colocar-arroz-cru-dentro-do-saleiro-evita-que-o-sal-empedre\/#primaryimage"},"image":{"@id":"https:\/\/www.correiobraziliense.com.br\/cbradar\/poucos-sabem-por-que-colocar-arroz-cru-dentro-do-saleiro-evita-que-o-sal-empedre\/#primaryimage"},"thumbnailUrl":"https:\/\/www.correiobraziliense.com.br\/cbradar\/wp-content\/uploads\/2025\/12\/salt_1765387230529.jpg","datePublished":"2025-12-12T01:25:00+00:00","author":{"@id":"https:\/\/www.correiobraziliense.com.br\/cbradar\/#\/schema\/person\/6fdd694c4c0d658f15df15f390ddf066"},"description":"Truque dom\u00e9stico simples e eficaz, veja por que o arroz no saleiro mant\u00e9m o sal seco mesmo em dias \u00famidos.","breadcrumb":{"@id":"https:\/\/www.correiobraziliense.com.br\/cbradar\/poucos-sabem-por-que-colocar-arroz-cru-dentro-do-saleiro-evita-que-o-sal-empedre\/#breadcrumb"},"inLanguage":"pt-BR","potentialAction":[{"@type":"ReadAction","target":["https:\/\/www.correiobraziliense.com.br\/cbradar\/poucos-sabem-por-que-colocar-arroz-cru-dentro-do-saleiro-evita-que-o-sal-empedre\/"]}]},{"@type":"ImageObject","inLanguage":"pt-BR","@id":"https:\/\/www.correiobraziliense.com.br\/cbradar\/poucos-sabem-por-que-colocar-arroz-cru-dentro-do-saleiro-evita-que-o-sal-empedre\/#primaryimage","url":"https:\/\/www.correiobraziliense.com.br\/cbradar\/wp-content\/uploads\/2025\/12\/salt_1765387230529.jpg","contentUrl":"https:\/\/www.correiobraziliense.com.br\/cbradar\/wp-content\/uploads\/2025\/12\/salt_1765387230529.jpg","width":1280,"height":720,"caption":"Um truque dom\u00e9stico muito antigo voltou a ganhar destaque em 2025: colocar alguns gr\u00e3os de arroz cru dentro do saleiro - Cr\u00e9ditos: depositphotos.com \/ robynmac"},{"@type":"BreadcrumbList","@id":"https:\/\/www.correiobraziliense.com.br\/cbradar\/poucos-sabem-por-que-colocar-arroz-cru-dentro-do-saleiro-evita-que-o-sal-empedre\/#breadcrumb","itemListElement":[{"@type":"ListItem","position":1,"name":"In\u00edcio","item":"https:\/\/www.correiobraziliense.com.br\/cbradar\/"},{"@type":"ListItem","position":2,"name":"Poucos sabem por que colocar arroz cru dentro do saleiro evita que o sal empedre"}]},{"@type":"WebSite","@id":"https:\/\/www.correiobraziliense.com.br\/cbradar\/#website","url":"https:\/\/www.correiobraziliense.com.br\/cbradar\/","name":"Correio Braziliense - Radar","description":"Acompanhe as \u00faltimas not\u00edcias e fique bem informado sobre tudo o que acontece no Brasil e no mundo.","potentialAction":[{"@type":"SearchAction","target":{"@type":"EntryPoint","urlTemplate":"https:\/\/www.correiobraziliense.com.br\/cbradar\/?s={search_term_string}"},"query-input":{"@type":"PropertyValueSpecification","valueRequired":true,"valueName":"search_term_string"}}],"inLanguage":"pt-BR"},{"@type":"Person","@id":"https:\/\/www.correiobraziliense.com.br\/cbradar\/#\/schema\/person\/6fdd694c4c0d658f15df15f390ddf066","name":"Maria Eduarda Pacheco","image":{"@type":"ImageObject","inLanguage":"pt-BR","@id":"https:\/\/www.correiobraziliense.com.br\/cbradar\/#\/schema\/person\/image\/","url":"https:\/\/secure.gravatar.com\/avatar\/f72a487b26fdeec08ba4868875ea328e?s=96&d=mm&r=g","contentUrl":"https:\/\/secure.gravatar.com\/avatar\/f72a487b26fdeec08ba4868875ea328e?s=96&d=mm&r=g","caption":"Maria Eduarda Pacheco"},"sameAs":["https:\/\/www.correiobraziliense.com.br\/cbradar\/"],"url":"https:\/\/www.correiobraziliense.com.br\/cbradar\/author\/maria-eduarda\/"}]}},"_links":{"self":[{"href":"https:\/\/www.correiobraziliense.com.br\/cbradar\/wp-json\/wp\/v2\/posts\/153931","targetHints":{"allow":["GET"]}}],"collection":[{"href":"https:\/\/www.correiobraziliense.com.br\/cbradar\/wp-json\/wp\/v2\/posts"}],"about":[{"href":"https:\/\/www.correiobraziliense.com.br\/cbradar\/wp-json\/wp\/v2\/types\/post"}],"author":[{"embeddable":true,"href":"https:\/\/www.correiobraziliense.com.br\/cbradar\/wp-json\/wp\/v2\/users\/18"}],"replies":[{"embeddable":true,"href":"https:\/\/www.correiobraziliense.com.br\/cbradar\/wp-json\/wp\/v2\/comments?post=153931"}],"version-history":[{"count":3,"href":"https:\/\/www.correiobraziliense.com.br\/cbradar\/wp-json\/wp\/v2\/posts\/153931\/revisions"}],"predecessor-version":[{"id":153936,"href":"https:\/\/www.correiobraziliense.com.br\/cbradar\/wp-json\/wp\/v2\/posts\/153931\/revisions\/153936"}],"wp:featuredmedia":[{"embeddable":true,"href":"https:\/\/www.correiobraziliense.com.br\/cbradar\/wp-json\/wp\/v2\/media\/153932"}],"wp:attachment":[{"href":"https:\/\/www.correiobraziliense.com.br\/cbradar\/wp-json\/wp\/v2\/media?parent=153931"}],"wp:term":[{"taxonomy":"category","embeddable":true,"href":"https:\/\/www.correiobraziliense.com.br\/cbradar\/wp-json\/wp\/v2\/categories?post=153931"},{"taxonomy":"post_tag","embeddable":true,"href":"https:\/\/www.correiobraziliense.com.br\/cbradar\/wp-json\/wp\/v2\/tags?post=153931"}],"curies":[{"name":"wp","href":"https:\/\/api.w.org\/{rel}","templated":true}]}}