{"id":154097,"date":"2025-12-14T17:05:00","date_gmt":"2025-12-14T20:05:00","guid":{"rendered":"https:\/\/www.correiobraziliense.com.br\/cbradar\/?p=154097"},"modified":"2025-12-11T17:10:14","modified_gmt":"2025-12-11T20:10:14","slug":"por-que-o-cerebro-rejeita-uma-cena-de-stranger-things-segundo-um-psicologo","status":"publish","type":"post","link":"https:\/\/www.correiobraziliense.com.br\/cbradar\/por-que-o-cerebro-rejeita-uma-cena-de-stranger-things-segundo-um-psicologo\/","title":{"rendered":"Por que o c\u00e9rebro rejeita uma cena de Stranger Things, segundo um psic\u00f3logo"},"content":{"rendered":"\n<p>O impacto visual da quinta temporada de <strong>Stranger Things<\/strong> reacendeu um debate que j\u00e1 vinha ganhando espa\u00e7o no cinema e na televis\u00e3o: o uso do <strong>rejuvenescimento digital em atores conhecidos<\/strong>. A t\u00e9cnica, que permite fazer um int\u00e9rprete parecer mais jovem do que \u00e9, foi aplicada em <strong>Will Byers<\/strong>, personagem vivido por Noah Schnapp, e chamou aten\u00e7\u00e3o n\u00e3o apenas pela tecnologia, mas pela sensa\u00e7\u00e3o de estranhamento que gerou em parte do p\u00fablico.<\/p>\n\n\n\n<h2 class=\"wp-block-heading\">O que \u00e9 o vale inquietante e como esse fen\u00f4meno se manifesta<\/h2>\n\n\n\n<p>A express\u00e3o <strong>vale inquietante<\/strong> (ou <em>uncanny valley<\/em>) descreve um fen\u00f4meno em que figuras, rob\u00f4s ou rostos gerados por computador se aproximam muito da apar\u00eancia humana, mas n\u00e3o o suficiente para serem percebidos como totalmente naturais. Esse \u201cquase humano\u201d tende a causar <strong>desconforto psicol\u00f3gico<\/strong>, porque o c\u00e9rebro identifica algo familiar, por\u00e9m ligeiramente fora do padr\u00e3o esperado. Essa explica\u00e7\u00e3o foi dada pela psic\u00f3loga Dannielle Haig em entrevista ao portal <a href=\"https:\/\/www.ladbible.com\/entertainment\/netflix\/stranger-things-will-byers-netflix-de-aging-expert-unsettling-723383-20251127\" target=\"_blank\" rel=\"noreferrer noopener\">LADbible<\/a>.<\/p>\n\n\n\n<p>Especialistas em <strong>psicologia do comportamento<\/strong> apontam que seres humanos s\u00e3o muito r\u00e1pidos para interpretar microexpress\u00f5es, movimentos dos olhos e pequenos ajustes musculares no rosto. Quando algum desses elementos n\u00e3o corresponde ao padr\u00e3o real \u2014 seja pelo brilho diferente da pele, pelo olhar \u201cfixo demais\u201d ou por uma sincronia estranha entre fala e express\u00e3o \u2014 o c\u00e9rebro registra um alerta silencioso, gerando a sensa\u00e7\u00e3o de que h\u00e1 algo deslocado naquele rosto digitalmente rejuvenescido.<\/p>\n\n\n\n<figure class=\"wp-block-image size-large\"><img decoding=\"async\" width=\"1024\" height=\"576\" src=\"https:\/\/www.correiobraziliense.com.br\/cbradar\/wp-content\/uploads\/2025\/12\/Featured_Image_Psicologia_Stranger_Things_1280x720-1024x576.png\" alt=\"Por que o c\u00e9rebro rejeita uma cena de Stranger Things, segundo um psic\u00f3logo\" class=\"wp-image-154100\" srcset=\"https:\/\/www.correiobraziliense.com.br\/cbradar\/wp-content\/uploads\/2025\/12\/Featured_Image_Psicologia_Stranger_Things_1280x720-1024x576.png 1024w, https:\/\/www.correiobraziliense.com.br\/cbradar\/wp-content\/uploads\/2025\/12\/Featured_Image_Psicologia_Stranger_Things_1280x720-300x169.png 300w, https:\/\/www.correiobraziliense.com.br\/cbradar\/wp-content\/uploads\/2025\/12\/Featured_Image_Psicologia_Stranger_Things_1280x720-768x432.png 768w, https:\/\/www.correiobraziliense.com.br\/cbradar\/wp-content\/uploads\/2025\/12\/Featured_Image_Psicologia_Stranger_Things_1280x720-750x422.png 750w, https:\/\/www.correiobraziliense.com.br\/cbradar\/wp-content\/uploads\/2025\/12\/Featured_Image_Psicologia_Stranger_Things_1280x720-1140x641.png 1140w, https:\/\/www.correiobraziliense.com.br\/cbradar\/wp-content\/uploads\/2025\/12\/Featured_Image_Psicologia_Stranger_Things_1280x720.png 1280w\" sizes=\"(max-width: 1024px) 100vw, 1024px\" \/><figcaption class=\"wp-element-caption\">Stranger Things 5 reacende pol\u00eamica sobre rejuvenescimento digital em atores famosos na televis\u00e3o. <\/figcaption><\/figure>\n\n\n\n<h2 class=\"wp-block-heading\">Por que o rejuvenescimento digital em Stranger Things gera estranhamento<\/h2>\n\n\n\n<p>No caso espec\u00edfico de <strong>Stranger Things 5<\/strong>, o rejuvenescimento digital de Will Byers ocorre em um contexto em que a plateia j\u00e1 acompanhou o <strong>crescimento de Noah Schnapp<\/strong> ao longo dos anos. O p\u00fablico construiu uma mem\u00f3ria visual muito clara do ator em diferentes fases da adolesc\u00eancia, o que torna mais evidente qualquer tentativa de \u201cvoltar no tempo\u201d pela computa\u00e7\u00e3o gr\u00e1fica.<\/p>\n\n\n\n<p>Quando a nova cena apresenta um Will supostamente mais jovem, mas com pequenos tra\u00e7os que denunciam seu est\u00e1gio real de desenvolvimento, instala-se o choque entre lembran\u00e7a e percep\u00e7\u00e3o atual. Detalhes como textura da pele, discretas assimetrias e propor\u00e7\u00e3o do rosto interferem na <strong>no\u00e7\u00e3o de passagem do tempo<\/strong> e podem fazer com que o rosto pare\u00e7a artificial ou \u201cvazio\u201d, ativando com for\u00e7a o vale inquietante.<\/p>\n\n\n\n<h2 class=\"wp-block-heading\">Como a psicologia explica a rea\u00e7\u00e3o do p\u00fablico a rostos rejuvenescidos<\/h2>\n\n\n\n<p>Na perspectiva da <strong>psicologia cognitiva<\/strong>, o desconforto com o rejuvenescimento digital pode ser entendido como um conflito entre <strong>modelos mentais<\/strong>. O c\u00e9rebro mant\u00e9m uma esp\u00e9cie de arquivo interno de como determinada pessoa deveria se parecer em cada fase da vida, e qualquer imagem nova precisa competir com esse registro consolidado.<\/p>\n\n\n\n<p>A menor discrep\u00e2ncia \u2014 seja no movimento da boca, na luz refletida nos olhos ou na propor\u00e7\u00e3o do rosto \u2014 destaca a artificialidade do efeito e toca em temas simb\u00f3licos como finitude, controle sobre o corpo e limites entre o natural e o artificial. Ao ver um rosto sem marcas do tempo, mas com movimentos pouco espont\u00e2neos, parte do p\u00fablico reage com estranhamento, como se estivesse diante de algo que <strong>quebra regras impl\u00edcitas da experi\u00eancia humana<\/strong>.<\/p>\n\n\n\n<p>Al\u00e9m dessa explana\u00e7\u00e3o, diversas outras discuss\u00f5es psicol\u00f3gicas podem ser tiradas da s\u00e9rie. Como explica o psic\u00f3logo Jo\u00e3o Chesca em seu perfil @joaochesca:<\/p>\n\n\n\n<blockquote class=\"tiktok-embed\" cite=\"https:\/\/www.tiktok.com\/@joaochesca\/video\/7579317797033905428\" data-video-id=\"7579317797033905428\" style=\"max-width: 605px;min-width: 325px;\" > <section> <a target=\"_blank\" title=\"@joaochesca\" href=\"https:\/\/www.tiktok.com\/@joaochesca?refer=embed\">@joaochesca<\/a> <p>Stranger Things e a met\u00e1fora da nossa mente.<\/p> <a target=\"_blank\" title=\"\u266c som original - Jo\u00e3o Chesca\" href=\"https:\/\/www.tiktok.com\/music\/som-original-7579318025866824466?refer=embed\">\u266c som original &#8211; Jo\u00e3o Chesca<\/a> <\/section> <\/blockquote> <script async src=\"https:\/\/www.tiktok.com\/embed.js\"><\/script>\n\n\n\n<h2 class=\"wp-block-heading\">Quais tend\u00eancias a tecnologia de rejuvenescimento digital pode seguir no audiovisual<\/h2>\n\n\n\n<p>A presen\u00e7a de atores rejuvenescidos em s\u00e9ries de grande alcance indica que essa tecnologia deve continuar a evoluir. Est\u00fadios investem em solu\u00e7\u00f5es mais sofisticadas de <strong>deepfake<\/strong>, captura de movimento facial e <strong>intelig\u00eancia artificial generativa<\/strong> para reduzir o efeito do vale inquietante e tornar as express\u00f5es mais org\u00e2nicas e naturalistas.<\/p>\n\n\n\n<p>Ao mesmo tempo, h\u00e1 discuss\u00f5es em andamento sobre <strong>\u00e9tica, direitos de imagem e impacto psicol\u00f3gico<\/strong>. Entre os pontos frequentemente levantados est\u00e3o quest\u00f5es que afetam diretamente atores, herdeiros e o p\u00fablico:<\/p>\n\n\n\n<ul class=\"wp-block-list\">\n<li>O <strong>consentimento dos atores<\/strong> para uso prolongado de sua imagem \u201cjovem\u201d.<\/li>\n\n\n\n<li>A possibilidade de <strong>recria\u00e7\u00e3o digital de int\u00e9rpretes falecidos<\/strong> em novas obras.<\/li>\n\n\n\n<li>Os efeitos na percep\u00e7\u00e3o p\u00fablica de <strong>envelhecimento saud\u00e1vel<\/strong> e apar\u00eancia realista.<\/li>\n\n\n\n<li>O risco de normalizar <strong>padr\u00f5es est\u00e9ticos inating\u00edveis<\/strong> por meio de manipula\u00e7\u00e3o digital.<\/li>\n<\/ul>\n\n\n\n<p>Produtoras e plataformas de streaming tendem a equilibrar o uso dessas t\u00e9cnicas com solu\u00e7\u00f5es mais tradicionais, como maquiagem, dubl\u00eas de corpo e ajustes de ilumina\u00e7\u00e3o. Em muitos casos, a combina\u00e7\u00e3o de m\u00e9todos pr\u00e1ticos e recursos digitais reduz o risco de um resultado excessivamente artificial, mostrando como <strong>tecnologia, narrativa e psicologia<\/strong> se entrela\u00e7am na experi\u00eancia de assistir a uma s\u00e9rie em 2025.<\/p>\n","protected":false},"excerpt":{"rendered":"<p>Stranger Things 5 lidera Netflix: descubre por que o rejuvenescimento digital de Will causa estranhamento segundo a psicologia do vale inquietante<\/p>\n","protected":false},"author":3,"featured_media":154549,"comment_status":"open","ping_status":"open","sticky":false,"template":"","format":"standard","meta":{"_yoast_wpseo_focuskw":"cena stranger things","_yoast_wpseo_title":"%%title%%","_yoast_wpseo_metadesc":"Stranger Things 5 lidera Netflix: descubra por que o rejuvenescimento digital de Will causa estranhamento segundo a psicologia do vale inquietante","jnews-multi-image_gallery":[],"jnews_single_post":{"format":"standard"},"jnews_primary_category":[],"jnews_social_meta":[],"jnews_override_counter":[],"footnotes":""},"categories":[112],"tags":[698,144,404,142,752],"class_list":["post-154097","post","type-post","status-publish","format-standard","has-post-thumbnail","hentry","category-curiosidades","tag-cerebro","tag-curiosidades","tag-psicologia","tag-series","tag-stranger-things"],"yoast_head":"<!-- This site is optimized with the Yoast SEO plugin v24.6 - https:\/\/yoast.com\/wordpress\/plugins\/seo\/ -->\n<title>Por que o c\u00e9rebro rejeita uma cena de Stranger Things, segundo um psic\u00f3logo<\/title>\n<meta name=\"description\" content=\"Stranger Things 5 lidera Netflix: descubra por que o rejuvenescimento digital de Will causa estranhamento segundo a psicologia do vale inquietante\" \/>\n<meta name=\"robots\" content=\"index, follow, max-snippet:-1, max-image-preview:large, max-video-preview:-1\" \/>\n<link rel=\"canonical\" href=\"https:\/\/www.correiobraziliense.com.br\/cbradar\/por-que-o-cerebro-rejeita-uma-cena-de-stranger-things-segundo-um-psicologo\/\" \/>\n<meta property=\"og:locale\" content=\"pt_BR\" \/>\n<meta property=\"og:type\" content=\"article\" \/>\n<meta property=\"og:title\" content=\"Por que o c\u00e9rebro rejeita uma cena de Stranger Things, segundo um psic\u00f3logo\" \/>\n<meta property=\"og:description\" content=\"Stranger Things 5 lidera Netflix: descubra por que o rejuvenescimento digital de Will causa estranhamento segundo a psicologia do vale inquietante\" \/>\n<meta property=\"og:url\" content=\"https:\/\/www.correiobraziliense.com.br\/cbradar\/por-que-o-cerebro-rejeita-uma-cena-de-stranger-things-segundo-um-psicologo\/\" \/>\n<meta property=\"og:site_name\" content=\"Correio Braziliense - Radar\" \/>\n<meta property=\"article:published_time\" content=\"2025-12-14T20:05:00+00:00\" \/>\n<meta property=\"og:image\" content=\"https:\/\/www.correiobraziliense.com.br\/cbradar\/wp-content\/uploads\/2025\/12\/freepik__faa-uma-imagem-realista-de-uma-pessoa-demostrando-__69706-1.jpeg\" \/>\n\t<meta property=\"og:image:width\" content=\"1280\" \/>\n\t<meta property=\"og:image:height\" content=\"720\" \/>\n\t<meta property=\"og:image:type\" content=\"image\/jpeg\" \/>\n<meta name=\"author\" content=\"Larissa Carvalho\" \/>\n<meta name=\"twitter:card\" content=\"summary_large_image\" \/>\n<meta name=\"twitter:label1\" content=\"Escrito por\" \/>\n\t<meta name=\"twitter:data1\" content=\"Larissa Carvalho\" \/>\n\t<meta name=\"twitter:label2\" content=\"Est. tempo de leitura\" \/>\n\t<meta name=\"twitter:data2\" content=\"5 minutos\" \/>\n<!-- \/ Yoast SEO plugin. -->","yoast_head_json":{"title":"Por que o c\u00e9rebro rejeita uma cena de Stranger Things, segundo um psic\u00f3logo","description":"Stranger Things 5 lidera Netflix: descubra por que o rejuvenescimento digital de Will causa estranhamento segundo a psicologia do vale inquietante","robots":{"index":"index","follow":"follow","max-snippet":"max-snippet:-1","max-image-preview":"max-image-preview:large","max-video-preview":"max-video-preview:-1"},"canonical":"https:\/\/www.correiobraziliense.com.br\/cbradar\/por-que-o-cerebro-rejeita-uma-cena-de-stranger-things-segundo-um-psicologo\/","og_locale":"pt_BR","og_type":"article","og_title":"Por que o c\u00e9rebro rejeita uma cena de Stranger Things, segundo um psic\u00f3logo","og_description":"Stranger Things 5 lidera Netflix: descubra por que o rejuvenescimento digital de Will causa estranhamento segundo a psicologia do vale inquietante","og_url":"https:\/\/www.correiobraziliense.com.br\/cbradar\/por-que-o-cerebro-rejeita-uma-cena-de-stranger-things-segundo-um-psicologo\/","og_site_name":"Correio Braziliense - Radar","article_published_time":"2025-12-14T20:05:00+00:00","og_image":[{"width":1280,"height":720,"url":"https:\/\/www.correiobraziliense.com.br\/cbradar\/wp-content\/uploads\/2025\/12\/freepik__faa-uma-imagem-realista-de-uma-pessoa-demostrando-__69706-1.jpeg","type":"image\/jpeg"}],"author":"Larissa Carvalho","twitter_card":"summary_large_image","twitter_misc":{"Escrito por":"Larissa Carvalho","Est. tempo de leitura":"5 minutos"},"schema":{"@context":"https:\/\/schema.org","@graph":[{"@type":"WebPage","@id":"https:\/\/www.correiobraziliense.com.br\/cbradar\/por-que-o-cerebro-rejeita-uma-cena-de-stranger-things-segundo-um-psicologo\/","url":"https:\/\/www.correiobraziliense.com.br\/cbradar\/por-que-o-cerebro-rejeita-uma-cena-de-stranger-things-segundo-um-psicologo\/","name":"Por que o c\u00e9rebro rejeita uma cena de Stranger Things, segundo um psic\u00f3logo","isPartOf":{"@id":"https:\/\/www.correiobraziliense.com.br\/cbradar\/#website"},"primaryImageOfPage":{"@id":"https:\/\/www.correiobraziliense.com.br\/cbradar\/por-que-o-cerebro-rejeita-uma-cena-de-stranger-things-segundo-um-psicologo\/#primaryimage"},"image":{"@id":"https:\/\/www.correiobraziliense.com.br\/cbradar\/por-que-o-cerebro-rejeita-uma-cena-de-stranger-things-segundo-um-psicologo\/#primaryimage"},"thumbnailUrl":"https:\/\/www.correiobraziliense.com.br\/cbradar\/wp-content\/uploads\/2025\/12\/freepik__faa-uma-imagem-realista-de-uma-pessoa-demostrando-__69706-1.jpeg","datePublished":"2025-12-14T20:05:00+00:00","author":{"@id":"https:\/\/www.correiobraziliense.com.br\/cbradar\/#\/schema\/person\/58422787644df994b53a19d3e56c1513"},"description":"Stranger Things 5 lidera Netflix: descubra por que o rejuvenescimento digital de Will causa estranhamento segundo a psicologia do vale inquietante","breadcrumb":{"@id":"https:\/\/www.correiobraziliense.com.br\/cbradar\/por-que-o-cerebro-rejeita-uma-cena-de-stranger-things-segundo-um-psicologo\/#breadcrumb"},"inLanguage":"pt-BR","potentialAction":[{"@type":"ReadAction","target":["https:\/\/www.correiobraziliense.com.br\/cbradar\/por-que-o-cerebro-rejeita-uma-cena-de-stranger-things-segundo-um-psicologo\/"]}]},{"@type":"ImageObject","inLanguage":"pt-BR","@id":"https:\/\/www.correiobraziliense.com.br\/cbradar\/por-que-o-cerebro-rejeita-uma-cena-de-stranger-things-segundo-um-psicologo\/#primaryimage","url":"https:\/\/www.correiobraziliense.com.br\/cbradar\/wp-content\/uploads\/2025\/12\/freepik__faa-uma-imagem-realista-de-uma-pessoa-demostrando-__69706-1.jpeg","contentUrl":"https:\/\/www.correiobraziliense.com.br\/cbradar\/wp-content\/uploads\/2025\/12\/freepik__faa-uma-imagem-realista-de-uma-pessoa-demostrando-__69706-1.jpeg","width":1280,"height":720,"caption":"Parte do p\u00fablico relatou sensa\u00e7\u00e3o de estranhamento ao observar o resultado do rejuvenescimento digital"},{"@type":"BreadcrumbList","@id":"https:\/\/www.correiobraziliense.com.br\/cbradar\/por-que-o-cerebro-rejeita-uma-cena-de-stranger-things-segundo-um-psicologo\/#breadcrumb","itemListElement":[{"@type":"ListItem","position":1,"name":"In\u00edcio","item":"https:\/\/www.correiobraziliense.com.br\/cbradar\/"},{"@type":"ListItem","position":2,"name":"Por que o c\u00e9rebro rejeita uma cena de Stranger Things, segundo um psic\u00f3logo"}]},{"@type":"WebSite","@id":"https:\/\/www.correiobraziliense.com.br\/cbradar\/#website","url":"https:\/\/www.correiobraziliense.com.br\/cbradar\/","name":"Correio Braziliense - Radar","description":"Acompanhe as \u00faltimas not\u00edcias e fique bem informado sobre tudo o que acontece no Brasil e no mundo.","potentialAction":[{"@type":"SearchAction","target":{"@type":"EntryPoint","urlTemplate":"https:\/\/www.correiobraziliense.com.br\/cbradar\/?s={search_term_string}"},"query-input":{"@type":"PropertyValueSpecification","valueRequired":true,"valueName":"search_term_string"}}],"inLanguage":"pt-BR"},{"@type":"Person","@id":"https:\/\/www.correiobraziliense.com.br\/cbradar\/#\/schema\/person\/58422787644df994b53a19d3e56c1513","name":"Larissa Carvalho","image":{"@type":"ImageObject","inLanguage":"pt-BR","@id":"https:\/\/www.correiobraziliense.com.br\/cbradar\/#\/schema\/person\/image\/","url":"https:\/\/secure.gravatar.com\/avatar\/fe4f91a0de32b52a838d0d612abdc1aa?s=96&d=mm&r=g","contentUrl":"https:\/\/secure.gravatar.com\/avatar\/fe4f91a0de32b52a838d0d612abdc1aa?s=96&d=mm&r=g","caption":"Larissa Carvalho"},"url":"https:\/\/www.correiobraziliense.com.br\/cbradar\/author\/larissamyth\/"}]}},"_links":{"self":[{"href":"https:\/\/www.correiobraziliense.com.br\/cbradar\/wp-json\/wp\/v2\/posts\/154097","targetHints":{"allow":["GET"]}}],"collection":[{"href":"https:\/\/www.correiobraziliense.com.br\/cbradar\/wp-json\/wp\/v2\/posts"}],"about":[{"href":"https:\/\/www.correiobraziliense.com.br\/cbradar\/wp-json\/wp\/v2\/types\/post"}],"author":[{"embeddable":true,"href":"https:\/\/www.correiobraziliense.com.br\/cbradar\/wp-json\/wp\/v2\/users\/3"}],"replies":[{"embeddable":true,"href":"https:\/\/www.correiobraziliense.com.br\/cbradar\/wp-json\/wp\/v2\/comments?post=154097"}],"version-history":[{"count":3,"href":"https:\/\/www.correiobraziliense.com.br\/cbradar\/wp-json\/wp\/v2\/posts\/154097\/revisions"}],"predecessor-version":[{"id":154113,"href":"https:\/\/www.correiobraziliense.com.br\/cbradar\/wp-json\/wp\/v2\/posts\/154097\/revisions\/154113"}],"wp:featuredmedia":[{"embeddable":true,"href":"https:\/\/www.correiobraziliense.com.br\/cbradar\/wp-json\/wp\/v2\/media\/154549"}],"wp:attachment":[{"href":"https:\/\/www.correiobraziliense.com.br\/cbradar\/wp-json\/wp\/v2\/media?parent=154097"}],"wp:term":[{"taxonomy":"category","embeddable":true,"href":"https:\/\/www.correiobraziliense.com.br\/cbradar\/wp-json\/wp\/v2\/categories?post=154097"},{"taxonomy":"post_tag","embeddable":true,"href":"https:\/\/www.correiobraziliense.com.br\/cbradar\/wp-json\/wp\/v2\/tags?post=154097"}],"curies":[{"name":"wp","href":"https:\/\/api.w.org\/{rel}","templated":true}]}}