{"id":154153,"date":"2025-12-11T08:00:00","date_gmt":"2025-12-11T11:00:00","guid":{"rendered":"https:\/\/www.correiobraziliense.com.br\/cbradar\/?p=154153"},"modified":"2025-12-10T22:00:47","modified_gmt":"2025-12-11T01:00:47","slug":"quando-vai-ser-e-como-ver-o-eclipse-do-seculo-que-nao-se-repetira-em-decadas-e-sera-o-mais-longo-em-100-anos","status":"publish","type":"post","link":"https:\/\/www.correiobraziliense.com.br\/cbradar\/quando-vai-ser-e-como-ver-o-eclipse-do-seculo-que-nao-se-repetira-em-decadas-e-sera-o-mais-longo-em-100-anos\/","title":{"rendered":"Quando vai ser e como ver o eclipse do s\u00e9culo que n\u00e3o se repetir\u00e1 em d\u00e9cadas e ser\u00e1 o mais longo em 100 anos"},"content":{"rendered":"\n<p>O an\u00fancio de um <strong>eclipse solar total<\/strong> com dura\u00e7\u00e3o prevista de mais de seis minutos em agosto de 2027 reacendeu o interesse mundial pela <strong>astronomia<\/strong>. O fen\u00f4meno, descrito por pesquisadores como o <strong>eclipse solar mais longo do s\u00e9culo<\/strong>, dever\u00e1 escurecer o c\u00e9u em uma faixa que atravessa parte da Europa, do norte da \u00c1frica e do Oriente M\u00e9dio.<\/p>\n\n\n\n<h2 class=\"wp-block-heading\">O que torna o eclipse solar mais longo do s\u00e9culo especial para a ci\u00eancia e para o p\u00fablico<\/h2>\n\n\n\n<p>A express\u00e3o <strong>\u201ceclipse solar mais longo do s\u00e9culo\u201d<\/strong> surgiu pela dura\u00e7\u00e3o estimada da fase de <strong>totalidade<\/strong> em pontos estrat\u00e9gicos da trajet\u00f3ria da sombra da Lua. Em 2027, a Terra estar\u00e1 em uma posi\u00e7\u00e3o orbital em que o Sol aparenta ter um di\u00e2metro ligeiramente menor, enquanto a Lua estar\u00e1 mais pr\u00f3xima, parecendo um pouco maior, o que favorece uma <strong>cobertura ampla do disco solar<\/strong> e um per\u00edodo prolongado de escurid\u00e3o, estimado em mais de 6 minutos.<\/p>\n\n\n\n<p>Outro fator decisivo \u00e9 o <strong>caminho da sombra<\/strong> sobre a superf\u00edcie terrestre, que passar\u00e1 por regi\u00f5es pr\u00f3ximas ao Equador, onde rota\u00e7\u00e3o da Terra e movimento da sombra se combinam para alongar o tempo de totalidade. Essa converg\u00eancia torna o eclipse de 2027 um <strong>caso de refer\u00eancia<\/strong> em modelos de din\u00e2mica orbital, previs\u00f5es de eclipses futuros e planejamento de campanhas internacionais de observa\u00e7\u00e3o astron\u00f4mica.<\/p>\n\n\n\n<p>O perfil @ig.xplora trouxe um pouco dessa vis\u00e3o e de como vai funcionar a vis\u00e3o a partir da Terra:<\/p>\n\n\n\n<blockquote class=\"tiktok-embed\" cite=\"https:\/\/www.tiktok.com\/@ig.xplora\/video\/7530820054368275718\" data-video-id=\"7530820054368275718\" style=\"max-width: 605px;min-width: 325px;\" > <section> <a target=\"_blank\" title=\"@ig.xplora\" href=\"https:\/\/www.tiktok.com\/@ig.xplora?refer=embed\">@ig.xplora<\/a> Em 2027, o mundo vai parar por 6 minutos. O dia vai virar noite em um eclipse que s\u00f3 vai se repetir daqui a 100 anos. Voc\u00ea sabia disso? <a title=\"curiosidades\" target=\"_blank\" href=\"https:\/\/www.tiktok.com\/tag\/curiosidades?refer=embed\">#Curiosidades<\/a> <a title=\"eclipse2027\" target=\"_blank\" href=\"https:\/\/www.tiktok.com\/tag\/eclipse2027?refer=embed\">#Eclipse2027<\/a> <a title=\"mentescuriosas\" target=\"_blank\" href=\"https:\/\/www.tiktok.com\/tag\/mentescuriosas?refer=embed\">#MentesCuriosas<\/a> <a title=\"sabiaque\" target=\"_blank\" href=\"https:\/\/www.tiktok.com\/tag\/sabiaque?refer=embed\">#SabiaQue<\/a> <a title=\"fatosinteressantes\" target=\"_blank\" href=\"https:\/\/www.tiktok.com\/tag\/fatosinteressantes?refer=embed\">#FatosInteressantes<\/a> <a target=\"_blank\" title=\"\u266c som original - Xplora\" href=\"https:\/\/www.tiktok.com\/music\/som-original-7530820049763896120?refer=embed\">\u266c som original &#8211; Xplora<\/a> <\/section> <\/blockquote> <script async src=\"https:\/\/www.tiktok.com\/embed.js\"><\/script>\n\n\n\n<h2 class=\"wp-block-heading\">Onde o eclipse solar mais longo do s\u00e9culo poder\u00e1 ser observado com maior intensidade<\/h2>\n\n\n\n<p>O <strong>eclipse solar total de 2027<\/strong> ser\u00e1 vis\u00edvel em sua fase completa apenas dentro de uma faixa relativamente estreita, conhecida como <strong>caminho da totalidade<\/strong>. Cidades situadas ao longo desse corredor ter\u00e3o alguns minutos de \u201cnoite em pleno dia\u201d, enquanto \u00e1reas fora dele ver\u00e3o apenas um <strong>eclipse parcial<\/strong>, em que o Sol \u00e9 encoberto em maior ou menor grau, alterando a luminosidade ambiente de forma mais sutil.<\/p>\n\n\n\n<p>Entre os pa\u00edses contemplados pela sombra central est\u00e3o <strong>Espanha<\/strong> (regi\u00f5es do sul), <strong>Marrocos<\/strong>, <strong>Arg\u00e9lia<\/strong>, <strong>Tun\u00edsia<\/strong>, <strong>L\u00edbia<\/strong>, <strong>Egito<\/strong>, <strong>Sud\u00e3o<\/strong>, <strong>Ar\u00e1bia Saudita<\/strong>, <strong>I\u00eamen<\/strong> e partes do Chifre da \u00c1frica, com destaque para \u00e1reas do Egito que ter\u00e3o a maior dura\u00e7\u00e3o de escurid\u00e3o. Para quem planeja viajar, \u00e9 importante verificar com anteced\u00eancia mapas de visibilidade, previs\u00f5es de clima e infraestrutura local, pois a faixa de totalidade \u00e9 limitada e exige <strong>planejamento cuidadoso<\/strong>.<\/p>\n\n\n\n<ul class=\"wp-block-list\">\n<li><strong>Europa<\/strong>: \u00e1rea limitada ao sul da Pen\u00ednsula Ib\u00e9rica;<\/li>\n\n\n\n<li><strong>Norte da \u00c1frica<\/strong>: faixa cont\u00ednua do Marrocos ao Egito;<\/li>\n\n\n\n<li><strong>Oriente M\u00e9dio<\/strong>: trechos da Pen\u00ednsula Ar\u00e1bica;<\/li>\n\n\n\n<li><strong>\u00c1frica Oriental<\/strong>: regi\u00f5es costeiras pr\u00f3ximas ao final da trajet\u00f3ria da sombra.<\/li>\n<\/ul>\n\n\n\n<h2 class=\"wp-block-heading\">Como se preparar para observar o eclipse solar com seguran\u00e7a e boa visibilidade<\/h2>\n\n\n\n<p>A observa\u00e7\u00e3o de qualquer eclipse solar, inclusive o <strong>eclipse de 2027<\/strong>, exige <strong>cuidados espec\u00edficos<\/strong> para proteger a vis\u00e3o. A luz do Sol, mesmo parcialmente encoberta, pode causar <strong>danos permanentes aos olhos<\/strong> se for encarada diretamente sem filtros adequados, por isso institui\u00e7\u00f5es cient\u00edficas, associa\u00e7\u00f5es de astronomia e ag\u00eancias espaciais refor\u00e7am orienta\u00e7\u00f5es sobre o uso de <strong>equipamentos certificados<\/strong> e m\u00e9todos de observa\u00e7\u00e3o indireta.<\/p>\n\n\n\n<p>Entre as principais recomenda\u00e7\u00f5es para acompanhar o evento est\u00e3o o uso de <strong>\u00f3culos especiais para eclipse<\/strong> com certifica\u00e7\u00e3o internacional, a adapta\u00e7\u00e3o de telesc\u00f3pios, bin\u00f3culos e c\u00e2meras com <strong>filtros solares espec\u00edficos<\/strong> e a participa\u00e7\u00e3o em sess\u00f5es p\u00fablicas monitoradas. Durante os minutos de totalidade, \u00e9 poss\u00edvel retirar brevemente a prote\u00e7\u00e3o ocular para observar a <strong>coroa solar<\/strong>, mas assim que o primeiro filete de luz reaparece, \u00e9 fundamental recolocar os filtros imediatamente para preservar a sa\u00fade dos olhos.<\/p>\n\n\n\n<ol class=\"wp-block-list\">\n<li><strong>Utilizar \u00f3culos especiais para eclipse<\/strong>, com certifica\u00e7\u00e3o padr\u00e3o internacional (como ISO 12312-2), durante todas as fases em que o Sol n\u00e3o estiver totalmente coberto;<\/li>\n\n\n\n<li><strong>Adaptar telesc\u00f3pios, bin\u00f3culos e c\u00e2meras<\/strong> com filtros solares feitos especificamente para observa\u00e7\u00e3o astron\u00f4mica;<\/li>\n\n\n\n<li><strong>Evitar improvisos<\/strong>, como uso de \u00f3culos escuros comuns, chapas de raio X, vidros fum\u00ea ou outros materiais n\u00e3o certificados;<\/li>\n\n\n\n<li><strong>Seguir orienta\u00e7\u00f5es locais<\/strong> de clubes de astronomia, planet\u00e1rios e institui\u00e7\u00f5es de pesquisa, que costumam organizar sess\u00f5es p\u00fablicas monitoradas;<\/li>\n\n\n\n<li><strong>Acompanhar transmiss\u00f5es on-line<\/strong> em caso de impossibilidade de deslocamento para a faixa de totalidade.<\/li>\n<\/ol>\n\n\n\n<figure class=\"wp-block-image size-large\"><img decoding=\"async\" width=\"1024\" height=\"576\" src=\"https:\/\/www.correiobraziliense.com.br\/cbradar\/wp-content\/uploads\/2025\/12\/pessoa-no-telescopio_1765414808710-1024x576.jpg\" alt=\"Quando vai ser e como ver o eclipse do s\u00e9culo que n\u00e3o se repetir\u00e1 em d\u00e9cadas e ser\u00e1 o mais longo em 100 anos\" class=\"wp-image-154157\" srcset=\"https:\/\/www.correiobraziliense.com.br\/cbradar\/wp-content\/uploads\/2025\/12\/pessoa-no-telescopio_1765414808710-1024x576.jpg 1024w, https:\/\/www.correiobraziliense.com.br\/cbradar\/wp-content\/uploads\/2025\/12\/pessoa-no-telescopio_1765414808710-300x169.jpg 300w, https:\/\/www.correiobraziliense.com.br\/cbradar\/wp-content\/uploads\/2025\/12\/pessoa-no-telescopio_1765414808710-768x432.jpg 768w, https:\/\/www.correiobraziliense.com.br\/cbradar\/wp-content\/uploads\/2025\/12\/pessoa-no-telescopio_1765414808710-750x422.jpg 750w, https:\/\/www.correiobraziliense.com.br\/cbradar\/wp-content\/uploads\/2025\/12\/pessoa-no-telescopio_1765414808710-1140x641.jpg 1140w, https:\/\/www.correiobraziliense.com.br\/cbradar\/wp-content\/uploads\/2025\/12\/pessoa-no-telescopio_1765414808710.jpg 1280w\" sizes=\"(max-width: 1024px) 100vw, 1024px\" \/><figcaption class=\"wp-element-caption\">Eclipse solar total de agosto 2027 atinge 6min30s de totalidade na faixa Europa-\u00c1frica-Oriente M\u00e9dio. Cr\u00e9ditos: depositphotos.com \/ milangucci<\/figcaption><\/figure>\n\n\n\n<h2 class=\"wp-block-heading\">Quais impactos cient\u00edficos e culturais o eclipse de 2027 pode gerar no mundo<\/h2>\n\n\n\n<p>O <strong>eclipse solar mais longo do s\u00e9culo<\/strong> representa um verdadeiro <strong>laborat\u00f3rio natural<\/strong> para diversas \u00e1reas da ci\u00eancia. Pesquisadores planejam estudar a <strong>coroa solar<\/strong>, a varia\u00e7\u00e3o da <strong>temperatura atmosf\u00e9rica<\/strong>, a resposta de <strong>animais e plantas<\/strong> \u00e0 s\u00fabita mudan\u00e7a de luminosidade e at\u00e9 poss\u00edveis efeitos em sistemas de comunica\u00e7\u00e3o, combinando dados coletados em solo, avi\u00f5es, navios e sat\u00e9lites para aprimorar modelos sobre o Sol e a atmosfera terrestre.<\/p>\n\n\n\n<p>No campo cultural, cidades localizadas no caminho da sombra podem se tornar polos de <strong>turismo cient\u00edfico<\/strong>, unindo ci\u00eancia, hist\u00f3ria e tradi\u00e7\u00f5es locais em eventos especiais. Com a aproxima\u00e7\u00e3o de 2027, escolas, museus, observat\u00f3rios e meios de comunica\u00e7\u00e3o tendem a usar o tema do eclipse para explicar conceitos como <strong>\u00f3rbitas<\/strong>, <strong>gravita\u00e7\u00e3o<\/strong> e <strong>ciclos celestes<\/strong>, consolidando o evento como um dos <strong>marcos astron\u00f4micos<\/strong> mais comentados das pr\u00f3ximas d\u00e9cadas e estimulando o interesse duradouro pela astronomia.<\/p>\n","protected":false},"excerpt":{"rendered":"<p>Eclipse solar 2027: descubra o eclipse do s\u00e9culo, com 6 minutos e 22 segundos de dura\u00e7\u00e3o, rota global e dicas para observa\u00e7\u00e3o segura.<\/p>\n","protected":false},"author":3,"featured_media":154155,"comment_status":"open","ping_status":"open","sticky":false,"template":"","format":"standard","meta":{"_yoast_wpseo_focuskw":"eclipse solar","_yoast_wpseo_title":"%%title%%","_yoast_wpseo_metadesc":"Eclipse solar 2027: descubra o eclipse do s\u00e9culo, com 6 minutos e 22 segundos de dura\u00e7\u00e3o, rota global e dicas para observa\u00e7\u00e3o segura.","jnews-multi-image_gallery":[],"jnews_single_post":{"format":"standard"},"jnews_primary_category":[],"jnews_social_meta":[],"jnews_override_counter":[],"footnotes":""},"categories":[112],"post_tag":[179,736,144,2477,2478],"class_list":["post-154153","post","type-post","status-publish","format-standard","has-post-thumbnail","hentry","category-curiosidades","tag-astronomia","tag-ciencia","tag-curiosidades","tag-eclipse","tag-eclipse-solar"],"yoast_head":"<!-- This site is optimized with the Yoast SEO plugin v24.6 - https:\/\/yoast.com\/wordpress\/plugins\/seo\/ -->\n<title>Quando vai ser e como ver o eclipse do s\u00e9culo que n\u00e3o se repetir\u00e1 em d\u00e9cadas e ser\u00e1 o mais longo em 100 anos<\/title>\n<meta name=\"description\" content=\"Eclipse solar 2027: descubra o eclipse do s\u00e9culo, com 6 minutos e 22 segundos de dura\u00e7\u00e3o, rota global e dicas para observa\u00e7\u00e3o segura.\" \/>\n<meta name=\"robots\" content=\"index, follow, max-snippet:-1, max-image-preview:large, max-video-preview:-1\" \/>\n<link rel=\"canonical\" href=\"https:\/\/www.correiobraziliense.com.br\/cbradar\/quando-vai-ser-e-como-ver-o-eclipse-do-seculo-que-nao-se-repetira-em-decadas-e-sera-o-mais-longo-em-100-anos\/\" \/>\n<meta property=\"og:locale\" content=\"pt_BR\" \/>\n<meta property=\"og:type\" content=\"article\" \/>\n<meta property=\"og:title\" content=\"Quando vai ser e como ver o eclipse do s\u00e9culo que n\u00e3o se repetir\u00e1 em d\u00e9cadas e ser\u00e1 o mais longo em 100 anos\" \/>\n<meta property=\"og:description\" content=\"Eclipse solar 2027: descubra o eclipse do s\u00e9culo, com 6 minutos e 22 segundos de dura\u00e7\u00e3o, rota global e dicas para observa\u00e7\u00e3o segura.\" \/>\n<meta property=\"og:url\" content=\"https:\/\/www.correiobraziliense.com.br\/cbradar\/quando-vai-ser-e-como-ver-o-eclipse-do-seculo-que-nao-se-repetira-em-decadas-e-sera-o-mais-longo-em-100-anos\/\" \/>\n<meta property=\"og:site_name\" content=\"Correio Braziliense - Radar\" \/>\n<meta property=\"article:published_time\" content=\"2025-12-11T11:00:00+00:00\" \/>\n<meta property=\"og:image\" content=\"https:\/\/www.correiobraziliense.com.br\/cbradar\/wp-content\/uploads\/2025\/12\/mosaico_1765414756909.jpg\" \/>\n\t<meta property=\"og:image:width\" content=\"1280\" \/>\n\t<meta property=\"og:image:height\" content=\"720\" \/>\n\t<meta property=\"og:image:type\" content=\"image\/jpeg\" \/>\n<meta name=\"author\" content=\"Larissa Carvalho\" \/>\n<meta name=\"twitter:card\" content=\"summary_large_image\" \/>\n<meta name=\"twitter:label1\" content=\"Escrito por\" \/>\n\t<meta name=\"twitter:data1\" content=\"Larissa Carvalho\" \/>\n\t<meta name=\"twitter:label2\" content=\"Est. tempo de leitura\" \/>\n\t<meta name=\"twitter:data2\" content=\"5 minutos\" \/>\n<!-- \/ Yoast SEO plugin. -->","yoast_head_json":{"title":"Quando vai ser e como ver o eclipse do s\u00e9culo que n\u00e3o se repetir\u00e1 em d\u00e9cadas e ser\u00e1 o mais longo em 100 anos","description":"Eclipse solar 2027: descubra o eclipse do s\u00e9culo, com 6 minutos e 22 segundos de dura\u00e7\u00e3o, rota global e dicas para observa\u00e7\u00e3o segura.","robots":{"index":"index","follow":"follow","max-snippet":"max-snippet:-1","max-image-preview":"max-image-preview:large","max-video-preview":"max-video-preview:-1"},"canonical":"https:\/\/www.correiobraziliense.com.br\/cbradar\/quando-vai-ser-e-como-ver-o-eclipse-do-seculo-que-nao-se-repetira-em-decadas-e-sera-o-mais-longo-em-100-anos\/","og_locale":"pt_BR","og_type":"article","og_title":"Quando vai ser e como ver o eclipse do s\u00e9culo que n\u00e3o se repetir\u00e1 em d\u00e9cadas e ser\u00e1 o mais longo em 100 anos","og_description":"Eclipse solar 2027: descubra o eclipse do s\u00e9culo, com 6 minutos e 22 segundos de dura\u00e7\u00e3o, rota global e dicas para observa\u00e7\u00e3o segura.","og_url":"https:\/\/www.correiobraziliense.com.br\/cbradar\/quando-vai-ser-e-como-ver-o-eclipse-do-seculo-que-nao-se-repetira-em-decadas-e-sera-o-mais-longo-em-100-anos\/","og_site_name":"Correio Braziliense - Radar","article_published_time":"2025-12-11T11:00:00+00:00","og_image":[{"width":1280,"height":720,"url":"https:\/\/www.correiobraziliense.com.br\/cbradar\/wp-content\/uploads\/2025\/12\/mosaico_1765414756909.jpg","type":"image\/jpeg"}],"author":"Larissa Carvalho","twitter_card":"summary_large_image","twitter_misc":{"Escrito por":"Larissa Carvalho","Est. tempo de leitura":"5 minutos"},"schema":{"@context":"https:\/\/schema.org","@graph":[{"@type":"WebPage","@id":"https:\/\/www.correiobraziliense.com.br\/cbradar\/quando-vai-ser-e-como-ver-o-eclipse-do-seculo-que-nao-se-repetira-em-decadas-e-sera-o-mais-longo-em-100-anos\/","url":"https:\/\/www.correiobraziliense.com.br\/cbradar\/quando-vai-ser-e-como-ver-o-eclipse-do-seculo-que-nao-se-repetira-em-decadas-e-sera-o-mais-longo-em-100-anos\/","name":"Quando vai ser e como ver o eclipse do s\u00e9culo que n\u00e3o se repetir\u00e1 em d\u00e9cadas e ser\u00e1 o mais longo em 100 anos","isPartOf":{"@id":"https:\/\/www.correiobraziliense.com.br\/cbradar\/#website"},"primaryImageOfPage":{"@id":"https:\/\/www.correiobraziliense.com.br\/cbradar\/quando-vai-ser-e-como-ver-o-eclipse-do-seculo-que-nao-se-repetira-em-decadas-e-sera-o-mais-longo-em-100-anos\/#primaryimage"},"image":{"@id":"https:\/\/www.correiobraziliense.com.br\/cbradar\/quando-vai-ser-e-como-ver-o-eclipse-do-seculo-que-nao-se-repetira-em-decadas-e-sera-o-mais-longo-em-100-anos\/#primaryimage"},"thumbnailUrl":"https:\/\/www.correiobraziliense.com.br\/cbradar\/wp-content\/uploads\/2025\/12\/mosaico_1765414756909.jpg","datePublished":"2025-12-11T11:00:00+00:00","author":{"@id":"https:\/\/www.correiobraziliense.com.br\/cbradar\/#\/schema\/person\/58422787644df994b53a19d3e56c1513"},"description":"Eclipse solar 2027: descubra o eclipse do s\u00e9culo, com 6 minutos e 22 segundos de dura\u00e7\u00e3o, rota global e dicas para observa\u00e7\u00e3o segura.","breadcrumb":{"@id":"https:\/\/www.correiobraziliense.com.br\/cbradar\/quando-vai-ser-e-como-ver-o-eclipse-do-seculo-que-nao-se-repetira-em-decadas-e-sera-o-mais-longo-em-100-anos\/#breadcrumb"},"inLanguage":"pt-BR","potentialAction":[{"@type":"ReadAction","target":["https:\/\/www.correiobraziliense.com.br\/cbradar\/quando-vai-ser-e-como-ver-o-eclipse-do-seculo-que-nao-se-repetira-em-decadas-e-sera-o-mais-longo-em-100-anos\/"]}]},{"@type":"ImageObject","inLanguage":"pt-BR","@id":"https:\/\/www.correiobraziliense.com.br\/cbradar\/quando-vai-ser-e-como-ver-o-eclipse-do-seculo-que-nao-se-repetira-em-decadas-e-sera-o-mais-longo-em-100-anos\/#primaryimage","url":"https:\/\/www.correiobraziliense.com.br\/cbradar\/wp-content\/uploads\/2025\/12\/mosaico_1765414756909.jpg","contentUrl":"https:\/\/www.correiobraziliense.com.br\/cbradar\/wp-content\/uploads\/2025\/12\/mosaico_1765414756909.jpg","width":1280,"height":720,"caption":"Eclipse solar total de 2027 dura mais de 6 minutos, atravessando Europa, \u00c1frica e Oriente M\u00e9dio. Cr\u00e9ditos: depositphotos.com \/ kevron2002 e Cr\u00e9ditos: depositphotos.com \/ milangucci"},{"@type":"BreadcrumbList","@id":"https:\/\/www.correiobraziliense.com.br\/cbradar\/quando-vai-ser-e-como-ver-o-eclipse-do-seculo-que-nao-se-repetira-em-decadas-e-sera-o-mais-longo-em-100-anos\/#breadcrumb","itemListElement":[{"@type":"ListItem","position":1,"name":"In\u00edcio","item":"https:\/\/www.correiobraziliense.com.br\/cbradar\/"},{"@type":"ListItem","position":2,"name":"Quando vai ser e como ver o eclipse do s\u00e9culo que n\u00e3o se repetir\u00e1 em d\u00e9cadas e ser\u00e1 o mais longo em 100 anos"}]},{"@type":"WebSite","@id":"https:\/\/www.correiobraziliense.com.br\/cbradar\/#website","url":"https:\/\/www.correiobraziliense.com.br\/cbradar\/","name":"Correio Braziliense - Radar","description":"Acompanhe as \u00faltimas not\u00edcias e fique bem informado sobre tudo o que acontece no Brasil e no mundo.","potentialAction":[{"@type":"SearchAction","target":{"@type":"EntryPoint","urlTemplate":"https:\/\/www.correiobraziliense.com.br\/cbradar\/?s={search_term_string}"},"query-input":{"@type":"PropertyValueSpecification","valueRequired":true,"valueName":"search_term_string"}}],"inLanguage":"pt-BR"},{"@type":"Person","@id":"https:\/\/www.correiobraziliense.com.br\/cbradar\/#\/schema\/person\/58422787644df994b53a19d3e56c1513","name":"Larissa Carvalho","image":{"@type":"ImageObject","inLanguage":"pt-BR","@id":"https:\/\/www.correiobraziliense.com.br\/cbradar\/#\/schema\/person\/image\/","url":"https:\/\/secure.gravatar.com\/avatar\/fe4f91a0de32b52a838d0d612abdc1aa?s=96&d=mm&r=g","contentUrl":"https:\/\/secure.gravatar.com\/avatar\/fe4f91a0de32b52a838d0d612abdc1aa?s=96&d=mm&r=g","caption":"Larissa Carvalho"},"url":"https:\/\/www.correiobraziliense.com.br\/cbradar\/author\/larissamyth\/"}]}},"_links":{"self":[{"href":"https:\/\/www.correiobraziliense.com.br\/cbradar\/wp-json\/wp\/v2\/posts\/154153","targetHints":{"allow":["GET"]}}],"collection":[{"href":"https:\/\/www.correiobraziliense.com.br\/cbradar\/wp-json\/wp\/v2\/posts"}],"about":[{"href":"https:\/\/www.correiobraziliense.com.br\/cbradar\/wp-json\/wp\/v2\/types\/post"}],"author":[{"embeddable":true,"href":"https:\/\/www.correiobraziliense.com.br\/cbradar\/wp-json\/wp\/v2\/users\/3"}],"replies":[{"embeddable":true,"href":"https:\/\/www.correiobraziliense.com.br\/cbradar\/wp-json\/wp\/v2\/comments?post=154153"}],"version-history":[{"count":2,"href":"https:\/\/www.correiobraziliense.com.br\/cbradar\/wp-json\/wp\/v2\/posts\/154153\/revisions"}],"predecessor-version":[{"id":154158,"href":"https:\/\/www.correiobraziliense.com.br\/cbradar\/wp-json\/wp\/v2\/posts\/154153\/revisions\/154158"}],"wp:featuredmedia":[{"embeddable":true,"href":"https:\/\/www.correiobraziliense.com.br\/cbradar\/wp-json\/wp\/v2\/media\/154155"}],"wp:attachment":[{"href":"https:\/\/www.correiobraziliense.com.br\/cbradar\/wp-json\/wp\/v2\/media?parent=154153"}],"wp:term":[{"taxonomy":"category","embeddable":true,"href":"https:\/\/www.correiobraziliense.com.br\/cbradar\/wp-json\/wp\/v2\/categories?post=154153"},{"taxonomy":"post_tag","embeddable":true,"href":"https:\/\/www.correiobraziliense.com.br\/cbradar\/wp-json\/wp\/v2\/post_tag?post=154153"}],"curies":[{"name":"wp","href":"https:\/\/api.w.org\/{rel}","templated":true}]}}