{"id":154178,"date":"2025-12-11T17:30:00","date_gmt":"2025-12-11T20:30:00","guid":{"rendered":"https:\/\/www.correiobraziliense.com.br\/cbradar\/?p=154178"},"modified":"2025-12-10T22:20:52","modified_gmt":"2025-12-11T01:20:52","slug":"a-planta-que-harmoniza-o-ambiente-e-pode-crescer-em-um-simples-copo-de-plastico","status":"publish","type":"post","link":"https:\/\/www.correiobraziliense.com.br\/cbradar\/a-planta-que-harmoniza-o-ambiente-e-pode-crescer-em-um-simples-copo-de-plastico\/","title":{"rendered":"A planta que harmoniza o ambiente e pode crescer em um simples copo de pl\u00e1stico"},"content":{"rendered":"\n<p>Entre as <strong>plantas de interior mais populares em 2025<\/strong>, uma esp\u00e9cie chama aten\u00e7\u00e3o por crescer bem at\u00e9 em um simples copo descart\u00e1vel e, ao mesmo tempo, contribuir para a sensa\u00e7\u00e3o de equil\u00edbrio dentro de casa. Trata-se da <strong>Dracaena sanderiana<\/strong>, conhecida popularmente como <strong>bambu-da-sorte<\/strong>, muito usada em arranjos minimalistas, escrit\u00f3rios e halls de entrada, especialmente por quem busca <strong>praticidade, simbolismo de prosperidade<\/strong> e um toque de verde em espa\u00e7os compactos.<\/p>\n\n\n\n<h2 class=\"wp-block-heading\">Por que o bambu-da-sorte \u00e9 t\u00e3o procurado para ambientes internos<\/h2>\n\n\n\n<p>A <strong>Dracaena sanderiana<\/strong> \u00e9 considerada uma planta vers\u00e1til porque combina <strong>fun\u00e7\u00e3o decorativa<\/strong> com benef\u00edcios para o ambiente interno. Assim como outras plantas de interior, contribui para a <strong>renova\u00e7\u00e3o do ar<\/strong>, ajudando a manter uma atmosfera mais agrad\u00e1vel em locais fechados e com ventila\u00e7\u00e3o limitada.<\/p>\n\n\n\n<p>Em muitos lares, \u00e9 usada para compor cantos de descanso, \u00e1reas de trabalho e espa\u00e7os de conviv\u00eancia, criando pontos visuais de calma. Seu visual discreto, mas marcante, faz com que seja indicada por decoradores e praticantes de <strong>Feng Shui<\/strong> para refor\u00e7ar a ideia de equil\u00edbrio e bem-estar.<\/p>\n\n\n\n<p>Diversos perfis na internet come\u00e7aram a mostrar como o bambu-da-sorte pode ser usado em diversos ambientes inteiros, como no v\u00eddeo que trouxemos abaixo @raizvivaoficial:<\/p>\n\n\n\n<blockquote class=\"tiktok-embed\" cite=\"https:\/\/www.tiktok.com\/@raizvivaoficial\/video\/7561907950500039992\" data-video-id=\"7561907950500039992\" style=\"max-width: 605px;min-width: 325px;\" > <section> <a target=\"_blank\" title=\"@raizvivaoficial\" href=\"https:\/\/www.tiktok.com\/@raizvivaoficial?refer=embed\">@raizvivaoficial<\/a> O verde que muda o astral da casa \ud83d\udc9a Clique e garanta j\u00e1! <a title=\"planta\" target=\"_blank\" href=\"https:\/\/www.tiktok.com\/tag\/planta?refer=embed\">#planta<\/a> <a title=\"natureza\" target=\"_blank\" href=\"https:\/\/www.tiktok.com\/tag\/natureza?refer=embed\">#natureza<\/a> <a title=\"decora\u00e7\u00e3o\" target=\"_blank\" href=\"https:\/\/www.tiktok.com\/tag\/decora%C3%A7%C3%A3o?refer=embed\">#decora\u00e7\u00e3o<\/a> <a title=\"naturezaemcasa\" target=\"_blank\" href=\"https:\/\/www.tiktok.com\/tag\/naturezaemcasa?refer=embed\">#naturezaemcasa<\/a> <a title=\"plantas\" target=\"_blank\" href=\"https:\/\/www.tiktok.com\/tag\/plantas?refer=embed\">#plantas<\/a> <a title=\"bambudasorte\" target=\"_blank\" href=\"https:\/\/www.tiktok.com\/tag\/bambudasorte?refer=embed\">#bambudasorte<\/a> <a target=\"_blank\" title=\"\u266c som original  - Raizviva\" href=\"https:\/\/www.tiktok.com\/music\/som-original-Raizviva-7561907964370488120?refer=embed\">\u266c som original  &#8211; Raizviva<\/a> <\/section> <\/blockquote> <script async src=\"https:\/\/www.tiktok.com\/embed.js\"><\/script>\n\n\n\n<h2 class=\"wp-block-heading\">Como \u00e9 o aspecto decorativo do bambu-da-sorte em espa\u00e7os pequenos<\/h2>\n\n\n\n<p>Outro ponto que favorece o bambu-da-sorte \u00e9 o <strong>porte compacto<\/strong> e a forma ereta dos caules, que conferem um visual organizado e clean. Essa estrutura facilita a coloca\u00e7\u00e3o em <em>escrivaninhas<\/em>, prateleiras, balc\u00f5es de cozinha, mesas de recep\u00e7\u00e3o e at\u00e9 em banheiros bem iluminados.<\/p>\n\n\n\n<p>Por se tratar de uma planta que n\u00e3o precisa de substrato tradicional quando cultivada em \u00e1gua, dispensa vasos grandes e pesados. Isso torna o manuseio simples em mudan\u00e7as de layout e permite combina\u00e7\u00f5es com <strong>pedrinhas decorativas, fitas e suportes<\/strong> que refor\u00e7am a identidade visual do ambiente.<\/p>\n\n\n\n<h2 class=\"wp-block-heading\">Como cultivar bambu-da-sorte em copo ou vaso de pl\u00e1stico com \u00e1gua<\/h2>\n\n\n\n<p>O cultivo do <strong>bambu-da-sorte em \u00e1gua<\/strong> \u00e9 uma das raz\u00f5es para sua popularidade, j\u00e1 que elimina a necessidade de terra e facilita a limpeza. Com alguns cuidados b\u00e1sicos, os caules podem se manter saud\u00e1veis em recipientes pl\u00e1sticos, desde que alguns crit\u00e9rios sejam observados.<\/p>\n\n\n\n<p>O ideal \u00e9 que o vaso ou copo esteja sempre limpo e em boas condi\u00e7\u00f5es, reduzindo o risco de ac\u00famulo de res\u00edduos que prejudiquem as ra\u00edzes. A seguir est\u00e3o alguns passos simples que ajudam a manter o bambu saud\u00e1vel e com boa apar\u00eancia em recipientes pequenos:<\/p>\n\n\n\n<ul class=\"wp-block-list\">\n<li>Utilizar um copo ou vaso de pl\u00e1stico limpo, com altura suficiente para sustentar os caules.<\/li>\n\n\n\n<li>Posicionar os caules de forma que a base e as ra\u00edzes fiquem completamente submersas.<\/li>\n\n\n\n<li>Trocar a \u00e1gua a cada 7 a 14 dias, evitando mau cheiro e prolifera\u00e7\u00e3o de algas.<\/li>\n\n\n\n<li>Manter o bambu-da-sorte em local com <strong>luz indireta<\/strong>, sem exposi\u00e7\u00e3o prolongada ao sol direto.<\/li>\n<\/ul>\n\n\n\n<p>Quem deseja estimular o crescimento pode adicionar, em intervalos de um a dois meses, algumas gotas de <strong>fertilizante l\u00edquido pr\u00f3prio para plantas de interior<\/strong>. Essa suplementa\u00e7\u00e3o deve ser feita em pequena quantidade, de acordo com a recomenda\u00e7\u00e3o do fabricante, para evitar excesso de sais na \u00e1gua e danos \u00e0s ra\u00edzes.<\/p>\n\n\n\n<h2 class=\"wp-block-heading\">Quais s\u00e3o os principais benef\u00edcios do bambu-da-sorte em vaso de pl\u00e1stico<\/h2>\n\n\n\n<p>O uso do <strong>bambu-da-sorte no pl\u00e1stico<\/strong> ganhou espa\u00e7o principalmente em ambientes urbanos, onde a praticidade \u00e9 valorizada e o espa\u00e7o \u00e9 limitado. Entre os benef\u00edcios mais citados por quem cultiva essa planta, destacam-se a <strong>facilidade de manuten\u00e7\u00e3o<\/strong> e a flexibilidade decorativa, j\u00e1 que o recipiente pode ser neutro ou personalizado, conforme o estilo do espa\u00e7o.<\/p>\n\n\n\n<p>De forma geral, os pontos mais mencionados em rela\u00e7\u00e3o a essa esp\u00e9cie incluem <strong>baixa exig\u00eancia de cuidados<\/strong>, adapta\u00e7\u00e3o a pequenos espa\u00e7os e forte apelo simb\u00f3lico. Em correntes como o Feng Shui, o bambu-da-sorte \u00e9 relacionado \u00e0 ideia de equil\u00edbrio, prosperidade e harmonia, o que incentiva seu uso em <strong>mesas de trabalho, entradas de casas e \u00e1reas de estudo<\/strong>.<\/p>\n\n\n\n<figure class=\"wp-block-image size-large\"><img decoding=\"async\" width=\"1024\" height=\"576\" src=\"https:\/\/www.correiobraziliense.com.br\/cbradar\/wp-content\/uploads\/2025\/12\/bambu-da-sorte_1765415826154-1024x576.jpg\" alt=\"A planta que harmoniza o ambiente e pode crescer em um simples copo de pl\u00e1stico\" class=\"wp-image-154186\" srcset=\"https:\/\/www.correiobraziliense.com.br\/cbradar\/wp-content\/uploads\/2025\/12\/bambu-da-sorte_1765415826154-1024x576.jpg 1024w, https:\/\/www.correiobraziliense.com.br\/cbradar\/wp-content\/uploads\/2025\/12\/bambu-da-sorte_1765415826154-300x169.jpg 300w, https:\/\/www.correiobraziliense.com.br\/cbradar\/wp-content\/uploads\/2025\/12\/bambu-da-sorte_1765415826154-768x432.jpg 768w, https:\/\/www.correiobraziliense.com.br\/cbradar\/wp-content\/uploads\/2025\/12\/bambu-da-sorte_1765415826154-750x422.jpg 750w, https:\/\/www.correiobraziliense.com.br\/cbradar\/wp-content\/uploads\/2025\/12\/bambu-da-sorte_1765415826154-1140x641.jpg 1140w, https:\/\/www.correiobraziliense.com.br\/cbradar\/wp-content\/uploads\/2025\/12\/bambu-da-sorte_1765415826154.jpg 1280w\" sizes=\"(max-width: 1024px) 100vw, 1024px\" \/><figcaption class=\"wp-element-caption\">Coloque bambu-da-sorte no copo e sinta o verde leve trazendo frescor e sorte para cantinhos da casa.  Cr\u00e9ditos: depositphotos.com \/ Jahidul Islam<\/figcaption><\/figure>\n\n\n\n<h2 class=\"wp-block-heading\">Como personalizar o bambu-da-sorte em recipientes pl\u00e1sticos<\/h2>\n\n\n\n<p>Al\u00e9m disso, o pr\u00f3prio recipiente pode ser customizado, seja com fitas, pedras decorativas, adesivos ou pintura, permitindo que o mesmo vaso se adapte a diferentes estilos de decora\u00e7\u00e3o sem substituir a planta. Essa versatilidade \u00e9 interessante para quem gosta de renovar o visual do ambiente sem grandes investimentos.<\/p>\n\n\n\n<p>Para quem prefere op\u00e7\u00f5es econ\u00f4micas, o uso de copos e vasos pl\u00e1sticos reaproveitados tamb\u00e9m aparece como alternativa frequente. Nesses casos, \u00e9 importante garantir que o pl\u00e1stico esteja em boas condi\u00e7\u00f5es, sem rachaduras e devidamente higienizado, mantendo o conjunto bonito e seguro para o <strong>cultivo em \u00e1gua<\/strong>.<\/p>\n\n\n\n<h2 class=\"wp-block-heading\">Quais cuidados extras ajudam a manter o bambu-da-sorte saud\u00e1vel por mais tempo<\/h2>\n\n\n\n<p>Embora o <strong>bambu-da-sorte em \u00e1gua<\/strong> seja considerado de f\u00e1cil manuten\u00e7\u00e3o, alguns cuidados adicionais ajudam a prolongar sua vitalidade. A <strong>qualidade da \u00e1gua<\/strong> \u00e9 um dos fatores centrais: em locais onde a \u00e1gua da torneira \u00e9 muito clorada ou com alto teor de sais, muitas pessoas optam por usar \u00e1gua filtrada ou deixar a \u00e1gua descansar por algumas horas antes de utiliz\u00e1-la no vaso.<\/p>\n\n\n\n<p>Outro aspecto importante \u00e9 a observa\u00e7\u00e3o peri\u00f3dica das <strong>ra\u00edzes e das folhas<\/strong>. Ra\u00edzes escuras ou com odor desagrad\u00e1vel podem indicar necessidade de troca mais frequente da \u00e1gua ou limpeza do recipiente, enquanto folhas amareladas ou queimadas costumam estar ligadas a excesso de sol direto; nesses casos, costuma ser suficiente transferir a planta para um ponto com luz difusa.<\/p>\n","protected":false},"excerpt":{"rendered":"<p>Bambu-da-sorte em vaso pl\u00e1stico: purifica o ar, atrai boa energia, exige poucos cuidados e decora qualquer ambiente com eleg\u00e2ncia.<\/p>\n","protected":false},"author":3,"featured_media":154182,"comment_status":"open","ping_status":"open","sticky":false,"template":"","format":"standard","meta":{"_yoast_wpseo_focuskw":"Bambu-da-sorte","_yoast_wpseo_title":"%%title%%","_yoast_wpseo_metadesc":"Bambu-da-sorte em vaso pl\u00e1stico: purifica o ar, atrai boa energia, exige poucos cuidados e decora qualquer ambiente com eleg\u00e2ncia.","jnews-multi-image_gallery":[],"jnews_single_post":{"format":"standard"},"jnews_primary_category":[],"jnews_social_meta":[],"jnews_override_counter":[],"footnotes":""},"categories":[112],"post_tag":[10647,144,329,224],"class_list":["post-154178","post","type-post","status-publish","format-standard","has-post-thumbnail","hentry","category-curiosidades","tag-bambu-da-sorte","tag-curiosidades","tag-jardinagem","tag-plantas"],"yoast_head":"<!-- This site is optimized with the Yoast SEO plugin v24.6 - https:\/\/yoast.com\/wordpress\/plugins\/seo\/ -->\n<title>A planta que harmoniza o ambiente e pode crescer em um simples copo de pl\u00e1stico<\/title>\n<meta name=\"description\" content=\"Bambu-da-sorte em vaso pl\u00e1stico: purifica o ar, atrai boa energia, exige poucos cuidados e decora qualquer ambiente com eleg\u00e2ncia.\" \/>\n<meta name=\"robots\" content=\"index, follow, max-snippet:-1, max-image-preview:large, max-video-preview:-1\" \/>\n<link rel=\"canonical\" href=\"https:\/\/www.correiobraziliense.com.br\/cbradar\/a-planta-que-harmoniza-o-ambiente-e-pode-crescer-em-um-simples-copo-de-plastico\/\" \/>\n<meta property=\"og:locale\" content=\"pt_BR\" \/>\n<meta property=\"og:type\" content=\"article\" \/>\n<meta property=\"og:title\" content=\"A planta que harmoniza o ambiente e pode crescer em um simples copo de pl\u00e1stico\" \/>\n<meta property=\"og:description\" content=\"Bambu-da-sorte em vaso pl\u00e1stico: purifica o ar, atrai boa energia, exige poucos cuidados e decora qualquer ambiente com eleg\u00e2ncia.\" \/>\n<meta property=\"og:url\" content=\"https:\/\/www.correiobraziliense.com.br\/cbradar\/a-planta-que-harmoniza-o-ambiente-e-pode-crescer-em-um-simples-copo-de-plastico\/\" \/>\n<meta property=\"og:site_name\" content=\"Correio Braziliense - Radar\" \/>\n<meta property=\"article:published_time\" content=\"2025-12-11T20:30:00+00:00\" \/>\n<meta property=\"og:image\" content=\"https:\/\/www.correiobraziliense.com.br\/cbradar\/wp-content\/uploads\/2025\/12\/mosaico_1765415868754.jpg\" \/>\n\t<meta property=\"og:image:width\" content=\"1280\" \/>\n\t<meta property=\"og:image:height\" content=\"720\" \/>\n\t<meta property=\"og:image:type\" content=\"image\/jpeg\" \/>\n<meta name=\"author\" content=\"Larissa Carvalho\" \/>\n<meta name=\"twitter:card\" content=\"summary_large_image\" \/>\n<meta name=\"twitter:label1\" content=\"Escrito por\" \/>\n\t<meta name=\"twitter:data1\" content=\"Larissa Carvalho\" \/>\n\t<meta name=\"twitter:label2\" content=\"Est. tempo de leitura\" \/>\n\t<meta name=\"twitter:data2\" content=\"6 minutos\" \/>\n<!-- \/ Yoast SEO plugin. -->","yoast_head_json":{"title":"A planta que harmoniza o ambiente e pode crescer em um simples copo de pl\u00e1stico","description":"Bambu-da-sorte em vaso pl\u00e1stico: purifica o ar, atrai boa energia, exige poucos cuidados e decora qualquer ambiente com eleg\u00e2ncia.","robots":{"index":"index","follow":"follow","max-snippet":"max-snippet:-1","max-image-preview":"max-image-preview:large","max-video-preview":"max-video-preview:-1"},"canonical":"https:\/\/www.correiobraziliense.com.br\/cbradar\/a-planta-que-harmoniza-o-ambiente-e-pode-crescer-em-um-simples-copo-de-plastico\/","og_locale":"pt_BR","og_type":"article","og_title":"A planta que harmoniza o ambiente e pode crescer em um simples copo de pl\u00e1stico","og_description":"Bambu-da-sorte em vaso pl\u00e1stico: purifica o ar, atrai boa energia, exige poucos cuidados e decora qualquer ambiente com eleg\u00e2ncia.","og_url":"https:\/\/www.correiobraziliense.com.br\/cbradar\/a-planta-que-harmoniza-o-ambiente-e-pode-crescer-em-um-simples-copo-de-plastico\/","og_site_name":"Correio Braziliense - Radar","article_published_time":"2025-12-11T20:30:00+00:00","og_image":[{"width":1280,"height":720,"url":"https:\/\/www.correiobraziliense.com.br\/cbradar\/wp-content\/uploads\/2025\/12\/mosaico_1765415868754.jpg","type":"image\/jpeg"}],"author":"Larissa Carvalho","twitter_card":"summary_large_image","twitter_misc":{"Escrito por":"Larissa Carvalho","Est. tempo de leitura":"6 minutos"},"schema":{"@context":"https:\/\/schema.org","@graph":[{"@type":"WebPage","@id":"https:\/\/www.correiobraziliense.com.br\/cbradar\/a-planta-que-harmoniza-o-ambiente-e-pode-crescer-em-um-simples-copo-de-plastico\/","url":"https:\/\/www.correiobraziliense.com.br\/cbradar\/a-planta-que-harmoniza-o-ambiente-e-pode-crescer-em-um-simples-copo-de-plastico\/","name":"A planta que harmoniza o ambiente e pode crescer em um simples copo de pl\u00e1stico","isPartOf":{"@id":"https:\/\/www.correiobraziliense.com.br\/cbradar\/#website"},"primaryImageOfPage":{"@id":"https:\/\/www.correiobraziliense.com.br\/cbradar\/a-planta-que-harmoniza-o-ambiente-e-pode-crescer-em-um-simples-copo-de-plastico\/#primaryimage"},"image":{"@id":"https:\/\/www.correiobraziliense.com.br\/cbradar\/a-planta-que-harmoniza-o-ambiente-e-pode-crescer-em-um-simples-copo-de-plastico\/#primaryimage"},"thumbnailUrl":"https:\/\/www.correiobraziliense.com.br\/cbradar\/wp-content\/uploads\/2025\/12\/mosaico_1765415868754.jpg","datePublished":"2025-12-11T20:30:00+00:00","author":{"@id":"https:\/\/www.correiobraziliense.com.br\/cbradar\/#\/schema\/person\/58422787644df994b53a19d3e56c1513"},"description":"Bambu-da-sorte em vaso pl\u00e1stico: purifica o ar, atrai boa energia, exige poucos cuidados e decora qualquer ambiente com eleg\u00e2ncia.","breadcrumb":{"@id":"https:\/\/www.correiobraziliense.com.br\/cbradar\/a-planta-que-harmoniza-o-ambiente-e-pode-crescer-em-um-simples-copo-de-plastico\/#breadcrumb"},"inLanguage":"pt-BR","potentialAction":[{"@type":"ReadAction","target":["https:\/\/www.correiobraziliense.com.br\/cbradar\/a-planta-que-harmoniza-o-ambiente-e-pode-crescer-em-um-simples-copo-de-plastico\/"]}]},{"@type":"ImageObject","inLanguage":"pt-BR","@id":"https:\/\/www.correiobraziliense.com.br\/cbradar\/a-planta-que-harmoniza-o-ambiente-e-pode-crescer-em-um-simples-copo-de-plastico\/#primaryimage","url":"https:\/\/www.correiobraziliense.com.br\/cbradar\/wp-content\/uploads\/2025\/12\/mosaico_1765415868754.jpg","contentUrl":"https:\/\/www.correiobraziliense.com.br\/cbradar\/wp-content\/uploads\/2025\/12\/mosaico_1765415868754.jpg","width":1280,"height":720,"caption":"Bambu-da-sorte traz prosperidade e equil\u00edbrio verde para casas compactas, despertando harmonia di\u00e1ria! Cr\u00e9ditos: depositphotos.com \/ vamshiimages e Cr\u00e9ditos: depositphotos.com \/ VadimVasenin"},{"@type":"BreadcrumbList","@id":"https:\/\/www.correiobraziliense.com.br\/cbradar\/a-planta-que-harmoniza-o-ambiente-e-pode-crescer-em-um-simples-copo-de-plastico\/#breadcrumb","itemListElement":[{"@type":"ListItem","position":1,"name":"In\u00edcio","item":"https:\/\/www.correiobraziliense.com.br\/cbradar\/"},{"@type":"ListItem","position":2,"name":"A planta que harmoniza o ambiente e pode crescer em um simples copo de pl\u00e1stico"}]},{"@type":"WebSite","@id":"https:\/\/www.correiobraziliense.com.br\/cbradar\/#website","url":"https:\/\/www.correiobraziliense.com.br\/cbradar\/","name":"Correio Braziliense - Radar","description":"Acompanhe as \u00faltimas not\u00edcias e fique bem informado sobre tudo o que acontece no Brasil e no mundo.","potentialAction":[{"@type":"SearchAction","target":{"@type":"EntryPoint","urlTemplate":"https:\/\/www.correiobraziliense.com.br\/cbradar\/?s={search_term_string}"},"query-input":{"@type":"PropertyValueSpecification","valueRequired":true,"valueName":"search_term_string"}}],"inLanguage":"pt-BR"},{"@type":"Person","@id":"https:\/\/www.correiobraziliense.com.br\/cbradar\/#\/schema\/person\/58422787644df994b53a19d3e56c1513","name":"Larissa Carvalho","image":{"@type":"ImageObject","inLanguage":"pt-BR","@id":"https:\/\/www.correiobraziliense.com.br\/cbradar\/#\/schema\/person\/image\/","url":"https:\/\/secure.gravatar.com\/avatar\/fe4f91a0de32b52a838d0d612abdc1aa?s=96&d=mm&r=g","contentUrl":"https:\/\/secure.gravatar.com\/avatar\/fe4f91a0de32b52a838d0d612abdc1aa?s=96&d=mm&r=g","caption":"Larissa Carvalho"},"url":"https:\/\/www.correiobraziliense.com.br\/cbradar\/author\/larissamyth\/"}]}},"_links":{"self":[{"href":"https:\/\/www.correiobraziliense.com.br\/cbradar\/wp-json\/wp\/v2\/posts\/154178","targetHints":{"allow":["GET"]}}],"collection":[{"href":"https:\/\/www.correiobraziliense.com.br\/cbradar\/wp-json\/wp\/v2\/posts"}],"about":[{"href":"https:\/\/www.correiobraziliense.com.br\/cbradar\/wp-json\/wp\/v2\/types\/post"}],"author":[{"embeddable":true,"href":"https:\/\/www.correiobraziliense.com.br\/cbradar\/wp-json\/wp\/v2\/users\/3"}],"replies":[{"embeddable":true,"href":"https:\/\/www.correiobraziliense.com.br\/cbradar\/wp-json\/wp\/v2\/comments?post=154178"}],"version-history":[{"count":2,"href":"https:\/\/www.correiobraziliense.com.br\/cbradar\/wp-json\/wp\/v2\/posts\/154178\/revisions"}],"predecessor-version":[{"id":154191,"href":"https:\/\/www.correiobraziliense.com.br\/cbradar\/wp-json\/wp\/v2\/posts\/154178\/revisions\/154191"}],"wp:featuredmedia":[{"embeddable":true,"href":"https:\/\/www.correiobraziliense.com.br\/cbradar\/wp-json\/wp\/v2\/media\/154182"}],"wp:attachment":[{"href":"https:\/\/www.correiobraziliense.com.br\/cbradar\/wp-json\/wp\/v2\/media?parent=154178"}],"wp:term":[{"taxonomy":"category","embeddable":true,"href":"https:\/\/www.correiobraziliense.com.br\/cbradar\/wp-json\/wp\/v2\/categories?post=154178"},{"taxonomy":"post_tag","embeddable":true,"href":"https:\/\/www.correiobraziliense.com.br\/cbradar\/wp-json\/wp\/v2\/post_tag?post=154178"}],"curies":[{"name":"wp","href":"https:\/\/api.w.org\/{rel}","templated":true}]}}