{"id":154194,"date":"2025-12-11T20:00:00","date_gmt":"2025-12-11T23:00:00","guid":{"rendered":"https:\/\/www.correiobraziliense.com.br\/cbradar\/?p=154194"},"modified":"2025-12-10T22:30:39","modified_gmt":"2025-12-11T01:30:39","slug":"voce-provavelmente-nao-sabe-qual-e-o-verdadeiro-nome-do-papai-noel","status":"publish","type":"post","link":"https:\/\/www.correiobraziliense.com.br\/cbradar\/voce-provavelmente-nao-sabe-qual-e-o-verdadeiro-nome-do-papai-noel\/","title":{"rendered":"Voc\u00ea provavelmente n\u00e3o sabe qual \u00e9 o verdadeiro nome do Papai Noel"},"content":{"rendered":"\n<p>A figura do bom velhinho que entrega presentes no final do ano \u00e9 conhecida mundialmente, mas raramente \u00e9 chamada pelo mesmo nome em todos os lugares. A partir de uma \u00fanica origem crist\u00e3, o personagem se desdobrou em dezenas de vers\u00f5es locais, com tra\u00e7os culturais, lingu\u00edsticos e religiosos bastante distintos. Em 2025, pesquisadores e registros folcl\u00f3ricos apontam que j\u00e1 existem mais de quarenta nomes diferentes para o personagem associado ao Natal, demonstrando como o <strong>imagin\u00e1rio natalino<\/strong> se adapta \u00e0s tradi\u00e7\u00f5es de cada povo.<\/p>\n\n\n\n<h2 class=\"wp-block-heading\">Como surgiu a tradi\u00e7\u00e3o de Pap\u00e1 Noel na hist\u00f3ria<\/h2>\n\n\n\n<p>A maior parte dos estudiosos associa o surgimento de <strong>Pap\u00e1 Noel<\/strong> \u00e0 figura de <strong>S\u00e3o Nicolau<\/strong>, bispo que teria vivido no s\u00e9culo IV na regi\u00e3o da atual Turquia. Ele ficou conhecido por gestos de ajuda silenciosa, como o ato de deixar sacos com moedas para fam\u00edlias endividadas, muitas vezes de forma an\u00f4nima, consolidando a imagem de um benfeitor noturno.<\/p>\n\n\n\n<p>Com o avan\u00e7o do cristianismo na Europa, o culto a S\u00e3o Nicolau se espalhou, especialmente em portos e cidades comerciais. Em alguns pa\u00edses, a data de <strong>6 de dezembro<\/strong>, dia dedicado ao santo, tornou-se momento de entrega de pequenos presentes \u00e0s crian\u00e7as, costume que se mesclou a festas de inverno pr\u00e9-crist\u00e3s e ajudou a criar um personagem mais pr\u00f3ximo do Pap\u00e1 Noel moderno.<\/p>\n\n\n\n<figure class=\"wp-block-image size-large\"><img decoding=\"async\" width=\"1024\" height=\"576\" src=\"https:\/\/www.correiobraziliense.com.br\/cbradar\/wp-content\/uploads\/2025\/12\/mosaico_1765416614295-1024x576.jpg\" alt=\"Voc\u00ea provavelmente n\u00e3o sabe qual \u00e9 o verdadeiro nome do Papai Noel\" class=\"wp-image-154207\" srcset=\"https:\/\/www.correiobraziliense.com.br\/cbradar\/wp-content\/uploads\/2025\/12\/mosaico_1765416614295-1024x576.jpg 1024w, https:\/\/www.correiobraziliense.com.br\/cbradar\/wp-content\/uploads\/2025\/12\/mosaico_1765416614295-300x169.jpg 300w, https:\/\/www.correiobraziliense.com.br\/cbradar\/wp-content\/uploads\/2025\/12\/mosaico_1765416614295-768x432.jpg 768w, https:\/\/www.correiobraziliense.com.br\/cbradar\/wp-content\/uploads\/2025\/12\/mosaico_1765416614295-750x422.jpg 750w, https:\/\/www.correiobraziliense.com.br\/cbradar\/wp-content\/uploads\/2025\/12\/mosaico_1765416614295-1140x641.jpg 1140w, https:\/\/www.correiobraziliense.com.br\/cbradar\/wp-content\/uploads\/2025\/12\/mosaico_1765416614295.jpg 1280w\" sizes=\"(max-width: 1024px) 100vw, 1024px\" \/><figcaption class=\"wp-element-caption\">Existem 42 nomes documentados para Papai Noel em culturas globais at\u00e9 2025. Cr\u00e9ditos: depositphotos.com \/ juanjo39 e Cr\u00e9ditos: depositphotos.com \/ Musiu0<\/figcaption><\/figure>\n\n\n\n<h2 class=\"wp-block-heading\">Pap\u00e1 Noel, Santa Claus ou Pai Natal s\u00e3o express\u00f5es de uma mesma figura<\/h2>\n\n\n\n<p>A palavra-chave <strong>Pap\u00e1 Noel<\/strong> \u00e9 apenas uma entre v\u00e1rias denomina\u00e7\u00f5es atribu\u00eddas ao mesmo arqu\u00e9tipo. Em ingl\u00eas, prevalece o termo <strong>Santa Claus<\/strong>, resultado da adapta\u00e7\u00e3o do nome holand\u00eas <em>Sinterklaas<\/em>, usado por comunidades neerlandesas que migraram para a Am\u00e9rica do Norte, onde a literatura, a ilustra\u00e7\u00e3o e a publicidade padronizaram o visual do personagem.<\/p>\n\n\n\n<p>Nos pa\u00edses latinos, prevalecem outras formas que refor\u00e7am v\u00ednculos culturais e religiosos locais. Em franc\u00eas, a express\u00e3o \u00e9 <strong>P\u00e8re No\u00ebl<\/strong>; em portugu\u00eas europeu, <strong>Pai Natal<\/strong>; em italiano, <strong>Babbo Natale<\/strong>; em espanhol, a forma mais comum \u00e9 justamente <strong>Pap\u00e1 Noel<\/strong>, convivendo em algumas regi\u00f5es com figuras como os <em>Reyes Magos<\/em> ou o <em>Ni\u00f1o Dios<\/em>, que tamb\u00e9m simbolizam a <strong>generosidade de fim de ano<\/strong>.<\/p>\n\n\n\n<ul class=\"wp-block-list\">\n<li><strong>Santa Claus<\/strong> \u2013 predominante em pa\u00edses angl\u00f3fonos e na cultura globalizada.<\/li>\n\n\n\n<li><strong>Pap\u00e1 Noel<\/strong> \u2013 amplamente usado em pa\u00edses hisp\u00e2nicos e partes da Am\u00e9rica do Sul.<\/li>\n\n\n\n<li><strong>Pai Natal<\/strong> \/ <strong>Babbo Natale<\/strong> \u2013 varia\u00e7\u00f5es lusitana e italiana.<\/li>\n\n\n\n<li><strong>P\u00e8re No\u00ebl<\/strong> \u2013 presente na Fran\u00e7a e em boa parte da \u00c1frica franc\u00f3fona.<\/li>\n<\/ul>\n\n\n\n<p>Diversos v\u00eddeos falam sobre esse tema, como a anima\u00e7\u00e3o feita pelo perfil @worldas.ia:<\/p>\n\n\n\n<blockquote class=\"tiktok-embed\" cite=\"https:\/\/www.tiktok.com\/@worldas.ai\/video\/7580792452466937144\" data-video-id=\"7580792452466937144\" style=\"max-width: 605px;min-width: 325px;\" > <section> <a target=\"_blank\" title=\"@worldas.ai\" href=\"https:\/\/www.tiktok.com\/@worldas.ai?refer=embed\">@worldas.ai<\/a> If every country had its own Santa Claus &#8211; P2. Which country next? \ud83c\udf85 \ud83c\udf84 <a title=\"christmas\" target=\"_blank\" href=\"https:\/\/www.tiktok.com\/tag\/christmas?refer=embed\">#Christmas<\/a> <a title=\"christmastok\" target=\"_blank\" href=\"https:\/\/www.tiktok.com\/tag\/christmastok?refer=embed\">#ChristmasTok<\/a> <a title=\"santaclaus\" target=\"_blank\" href=\"https:\/\/www.tiktok.com\/tag\/santaclaus?refer=embed\">#SantaClaus<\/a> <a title=\"santaaroundtheworld\" target=\"_blank\" href=\"https:\/\/www.tiktok.com\/tag\/santaaroundtheworld?refer=embed\">#SantaAroundTheWorld<\/a> <a title=\"countries\" target=\"_blank\" href=\"https:\/\/www.tiktok.com\/tag\/countries?refer=embed\">#Countries<\/a> <a title=\"ai\" target=\"_blank\" href=\"https:\/\/www.tiktok.com\/tag\/ai?refer=embed\">#ai<\/a> <a title=\"aiedits\" target=\"_blank\" href=\"https:\/\/www.tiktok.com\/tag\/aiedits?refer=embed\">#aiedits<\/a> <a title=\"aiart\" target=\"_blank\" href=\"https:\/\/www.tiktok.com\/tag\/aiart?refer=embed\">#aiart<\/a> <a target=\"_blank\" title=\"\u266c original sound  - WorldAs.AI\" href=\"https:\/\/www.tiktok.com\/music\/original-sound-WorldAsAI-7580792451788147468?refer=embed\">\u266c original sound  &#8211; WorldAs.AI<\/a> <\/section> <\/blockquote> <script async src=\"https:\/\/www.tiktok.com\/embed.js\"><\/script>\n\n\n\n<h2 class=\"wp-block-heading\">Quais s\u00e3o os principais nomes de Pap\u00e1 Noel ao redor do mundo<\/h2>\n\n\n\n<p>O levantamento de nomes mostra que cada regi\u00e3o adaptou <strong>Pap\u00e1 Noel<\/strong> \u00e0 sua pr\u00f3pria l\u00edngua e ao seu imagin\u00e1rio. Na Europa setentrional, o personagem se mistura com esp\u00edritos do inverno e seres do folclore n\u00f3rdico; j\u00e1 no Leste Europeu, ele assume fei\u00e7\u00f5es mais ligadas ao frio rigoroso e \u00e0s festas de fim de ano de tradi\u00e7\u00e3o ortodoxa.<\/p>\n\n\n\n<p>Alguns exemplos de como Pap\u00e1 Noel \u00e9 chamado em diferentes pa\u00edses incluem vers\u00f5es que enfatizam o inverno, a velhice s\u00e1bia ou a liga\u00e7\u00e3o direta com o nascimento de Cristo. Em muitos desses contextos, o velhinho divide espa\u00e7o com personagens regionais igualmente importantes nas celebra\u00e7\u00f5es de Natal e Ano-Novo.<\/p>\n\n\n\n<ul class=\"wp-block-list\">\n<li>Papai Noel \u2013 Espanhol (Am\u00e9rica Latina e Espanha, embora na Espanha compita com os Tr\u00eas Reis Magos).<\/li>\n\n\n\n<li>Papai Noel \u2013 EUA, Canad\u00e1.<\/li>\n\n\n\n<li>S\u00e3o Nicolau \/ S\u00e3o Nicolau \/ S\u00e3o Nicolau \u2013 Pa\u00edses de l\u00edngua inglesa.<\/li>\n\n\n\n<li>Pai Natal \u2013 Reino Unido, Irlanda.<\/li>\n\n\n\n<li>Pere Noel \u2013 Fran\u00e7a.<\/li>\n\n\n\n<li>Babbo Natale \u2013 It\u00e1lia.<\/li>\n\n\n\n<li>Weihnachtsmann \u2013 Alemanha.<\/li>\n\n\n\n<li>Kerstman \u2013 Holanda (vers\u00e3o moderna, diferente de Sinterklaas).<\/li>\n\n\n\n<li>Sinterklaas \u2013 Holanda e B\u00e9lgica (origem hist\u00f3rica do Papai Noel moderno).<\/li>\n\n\n\n<li>De Kerstman \u2013 Flandres (B\u00e9lgica).<\/li>\n\n\n\n<li>Pai Natal \u2013 Portugal.<\/li>\n\n\n\n<li>J\u00f5uluvana \u2013 Est\u00f4nia.<\/li>\n\n\n\n<li>Joulupukki \u2013 Finl\u00e2ndia.<\/li>\n\n\n\n<li>Julenissen \u2013 Noruega.<\/li>\n\n\n\n<li>Jultomten \u2013 Su\u00e9cia.<\/li>\n\n\n\n<li>Julemanden \u2013 Dinamarca.<\/li>\n\n\n\n<li>Nadal \/Care Noel \u2013 Catalunha.<\/li>\n\n\n\n<li>Olentzero \u2013 Pa\u00eds Basco (figura natalina que em algumas variantes d\u00e1 presentes).<\/li>\n\n\n\n<li>Apalpador \u2013 Galiza (figura tradicional que por vezes substitui o Pai Natal).<\/li>\n\n\n\n<li>Ded Moroz (\u0414\u0435\u0434 \u041c\u043e\u0440\u043e\u0437, \u201cAv\u00f4 do Gelo\u201d) \u2013 R\u00fassia, Ucr\u00e2nia, Bielorr\u00fassia.<\/li>\n\n\n\n<li>Moroz \u2013 variantes ucranianas.<\/li>\n\n\n\n<li>Santa \u2013 Rom\u00eania e Mold\u00e1via.<\/li>\n\n\n\n<li>Mikulas \u2013 Hungria.<\/li>\n\n\n\n<li>Miko\u0142aj \/ \u015awi\u0119ty Miko\u0142aj \u2013 Pol\u00f4nia.<\/li>\n\n\n\n<li>Svat\u00fd Mikul\u00e1\u0161 \u2013 Rep\u00fablica Tcheca.<\/li>\n\n\n\n<li>Sv\u00e4t\u00fd Mikul\u00e1\u0161 \u2013 Eslov\u00e1quia.<\/li>\n\n\n\n<li>Szent Mikl\u00f3s \u2013 Hungria (vers\u00e3o religiosa).<\/li>\n\n\n\n<li>Djed Mraz \u2013 S\u00e9rvia, Cro\u00e1cia, B\u00f3snia (influ\u00eancia iugoslava).<\/li>\n\n\n\n<li>Daida\u00edn na Nollag \u2013 Irlanda ga\u00e9lica.<\/li>\n\n\n\n<li>Papai Noel \u2013 EUA, Canad\u00e1.<\/li>\n\n\n\n<li>Kris Kringle \u2013 EUA (evolu\u00e7\u00e3o de \u201cChristkindl\u201d).<\/li>\n\n\n\n<li>S\u00e3o Nicolau \u2013 EUA.<\/li>\n\n\n\n<li>Am\u00e9rica do Sul e Caribe<\/li>\n\n\n\n<li>Papai Noel \u2013 Argentina, Peru, Uruguai, M\u00e9xico, etc.<\/li>\n\n\n\n<li>Filho Deus \/Filho Jesus \u2013 Col\u00f4mbia, Costa Rica, Guatemala (ele n\u00e3o \u00e9 Papai Noel, mas cumpre seu papel).<\/li>\n\n\n\n<li>P\u00e1scoa Velha \u2013 Chili.<\/li>\n\n\n\n<li>S\u00e3o Nicolau \u2013 Variantes na Am\u00e9rica Latina.<\/li>\n\n\n\n<li>Pai Natal \/ Papai Noel \u2013 \u00c1frica do Sul.<\/li>\n\n\n\n<li>Pere No\u00ebl \u2013 \u00c1frica franc\u00f3fona (Senegal, Costa do Marfim, Congo, etc.).<\/li>\n\n\n\n<li>Papai Noel \u2013 Variantes na \u00c1frica Ocidental franc\u00f3fona.<\/li>\n\n\n\n<li>Papai Noel \u2013 Nig\u00e9ria, Qu\u00eania, Gana, etc.<\/li>\n\n\n\n<li>Shengdan Laoren (\u5723\u8bde\u8001\u4eba, \u201cVelho Natal\u201d) \u2013 China.<\/li>\n\n\n\n<li>Hoteiosho \u2013 Jap\u00e3o (inspirado em um deus budista, figura alternativa de Natal).<\/li>\n\n\n\n<li>Santa-san (\u30b5\u30f3\u30bf\u3055\u3093) \u2013 Jap\u00e3o, vers\u00e3o moderna.<\/li>\n\n\n\n<li>Santa Kuroosu \u2013 Jap\u00e3o (\u30b5\u30f3\u30bf\u30af\u30ed\u30fc\u30b9, fon\u00e9tica de \u201cPapai Noel\u201d).<\/li>\n\n\n\n<li>Noel Baba \u2013 Turquia.<\/li>\n\n\n\n<li>Papai Noel \u2013 Austr\u00e1lia, Nova Zel\u00e2ndia.<\/li>\n\n\n\n<li>Pai Natal \u2013 Tamb\u00e9m usado, especialmente pela tradi\u00e7\u00e3o brit\u00e2nica.<\/li>\n<\/ul>\n\n\n\n<h2 class=\"wp-block-heading\">Como a globaliza\u00e7\u00e3o influenciou a imagem de Pap\u00e1 Noel no s\u00e9culo XX<\/h2>\n\n\n\n<p>A partir do s\u00e9culo XX, a expans\u00e3o dos meios de comunica\u00e7\u00e3o e da publicidade unificou a apar\u00eancia de grande parte dessas figuras sob um mesmo visual: roupa vermelha com detalhes brancos, cinto preto, gorro pontudo e express\u00e3o sorridente. Filmes, s\u00e9ries, campanhas comerciais e produtos licenciados ajudaram a espalhar esse padr\u00e3o de Pap\u00e1 Noel, mesmo em pa\u00edses com tradi\u00e7\u00f5es muito diferentes.<\/p>\n\n\n\n<ol class=\"wp-block-list\">\n<li><strong>Origem caritativa<\/strong> inspirada em S\u00e3o Nicolau.<\/li>\n\n\n\n<li><strong>Adapta\u00e7\u00e3o<\/strong> \u00e0s festas de inverno europeias.<\/li>\n\n\n\n<li><strong>Transforma\u00e7\u00e3o lingu\u00edstica<\/strong> em nomes como Santa Claus e Pap\u00e1 Noel.<\/li>\n\n\n\n<li><strong>Difus\u00e3o global pela m\u00eddia<\/strong>, mantendo particularidades locais.<\/li>\n<\/ol>\n\n\n\n<p>Dessa forma, o personagem conhecido como <strong>Pap\u00e1 Noel<\/strong> funciona como um espelho das culturas que o adotam. O nome muda, o traje pode variar em detalhes e a data de entrega de presentes nem sempre \u00e9 a mesma, mas a figura central permanece: um benfeitor simb\u00f3lico que ajuda a marcar, todos os anos, um momento de pausa, troca de presentes e encontro entre gera\u00e7\u00f5es.<\/p>\n","protected":false},"excerpt":{"rendered":"<p>Papai Noel: descubra a origem do Papai Noel, Sinterklaas e outros nomes do velho dos presentes em diferentes pa\u00edses e tradi\u00e7\u00f5es.<\/p>\n","protected":false},"author":3,"featured_media":154205,"comment_status":"open","ping_status":"open","sticky":false,"template":"","format":"standard","meta":{"_yoast_wpseo_focuskw":"nome papai noel","_yoast_wpseo_title":"%%title%%","_yoast_wpseo_metadesc":"Papai Noel: descubra a origem do Papai Noel, Sinterklaas e outros nomes do velho dos presentes em diferentes pa\u00edses e tradi\u00e7\u00f5es.","jnews-multi-image_gallery":[],"jnews_single_post":{"format":"standard"},"jnews_primary_category":[],"jnews_social_meta":[],"jnews_override_counter":[],"footnotes":""},"categories":[112],"tags":[144,12305,8952,12586],"class_list":["post-154194","post","type-post","status-publish","format-standard","has-post-thumbnail","hentry","category-curiosidades","tag-curiosidades","tag-festas","tag-natal","tag-papai-noel"],"yoast_head":"<!-- This site is optimized with the Yoast SEO plugin v24.6 - https:\/\/yoast.com\/wordpress\/plugins\/seo\/ -->\n<title>Voc\u00ea provavelmente n\u00e3o sabe qual \u00e9 o verdadeiro nome do Papai Noel<\/title>\n<meta name=\"description\" content=\"Papai Noel: descubra a origem do Papai Noel, Sinterklaas e outros nomes do velho dos presentes em diferentes pa\u00edses e tradi\u00e7\u00f5es.\" \/>\n<meta name=\"robots\" content=\"index, follow, max-snippet:-1, max-image-preview:large, max-video-preview:-1\" \/>\n<link rel=\"canonical\" href=\"https:\/\/www.correiobraziliense.com.br\/cbradar\/voce-provavelmente-nao-sabe-qual-e-o-verdadeiro-nome-do-papai-noel\/\" \/>\n<meta property=\"og:locale\" content=\"pt_BR\" \/>\n<meta property=\"og:type\" content=\"article\" \/>\n<meta property=\"og:title\" content=\"Voc\u00ea provavelmente n\u00e3o sabe qual \u00e9 o verdadeiro nome do Papai Noel\" \/>\n<meta property=\"og:description\" content=\"Papai Noel: descubra a origem do Papai Noel, Sinterklaas e outros nomes do velho dos presentes em diferentes pa\u00edses e tradi\u00e7\u00f5es.\" \/>\n<meta property=\"og:url\" content=\"https:\/\/www.correiobraziliense.com.br\/cbradar\/voce-provavelmente-nao-sabe-qual-e-o-verdadeiro-nome-do-papai-noel\/\" \/>\n<meta property=\"og:site_name\" content=\"Correio Braziliense - Radar\" \/>\n<meta property=\"article:published_time\" content=\"2025-12-11T23:00:00+00:00\" \/>\n<meta property=\"og:image\" content=\"https:\/\/www.correiobraziliense.com.br\/cbradar\/wp-content\/uploads\/2025\/12\/mosaico_1765416495895.jpg\" \/>\n\t<meta property=\"og:image:width\" content=\"1280\" \/>\n\t<meta property=\"og:image:height\" content=\"720\" \/>\n\t<meta property=\"og:image:type\" content=\"image\/jpeg\" \/>\n<meta name=\"author\" content=\"Larissa Carvalho\" \/>\n<meta name=\"twitter:card\" content=\"summary_large_image\" \/>\n<meta name=\"twitter:label1\" content=\"Escrito por\" \/>\n\t<meta name=\"twitter:data1\" content=\"Larissa Carvalho\" \/>\n\t<meta name=\"twitter:label2\" content=\"Est. tempo de leitura\" \/>\n\t<meta name=\"twitter:data2\" content=\"6 minutos\" \/>\n<!-- \/ Yoast SEO plugin. -->","yoast_head_json":{"title":"Voc\u00ea provavelmente n\u00e3o sabe qual \u00e9 o verdadeiro nome do Papai Noel","description":"Papai Noel: descubra a origem do Papai Noel, Sinterklaas e outros nomes do velho dos presentes em diferentes pa\u00edses e tradi\u00e7\u00f5es.","robots":{"index":"index","follow":"follow","max-snippet":"max-snippet:-1","max-image-preview":"max-image-preview:large","max-video-preview":"max-video-preview:-1"},"canonical":"https:\/\/www.correiobraziliense.com.br\/cbradar\/voce-provavelmente-nao-sabe-qual-e-o-verdadeiro-nome-do-papai-noel\/","og_locale":"pt_BR","og_type":"article","og_title":"Voc\u00ea provavelmente n\u00e3o sabe qual \u00e9 o verdadeiro nome do Papai Noel","og_description":"Papai Noel: descubra a origem do Papai Noel, Sinterklaas e outros nomes do velho dos presentes em diferentes pa\u00edses e tradi\u00e7\u00f5es.","og_url":"https:\/\/www.correiobraziliense.com.br\/cbradar\/voce-provavelmente-nao-sabe-qual-e-o-verdadeiro-nome-do-papai-noel\/","og_site_name":"Correio Braziliense - Radar","article_published_time":"2025-12-11T23:00:00+00:00","og_image":[{"width":1280,"height":720,"url":"https:\/\/www.correiobraziliense.com.br\/cbradar\/wp-content\/uploads\/2025\/12\/mosaico_1765416495895.jpg","type":"image\/jpeg"}],"author":"Larissa Carvalho","twitter_card":"summary_large_image","twitter_misc":{"Escrito por":"Larissa Carvalho","Est. tempo de leitura":"6 minutos"},"schema":{"@context":"https:\/\/schema.org","@graph":[{"@type":"WebPage","@id":"https:\/\/www.correiobraziliense.com.br\/cbradar\/voce-provavelmente-nao-sabe-qual-e-o-verdadeiro-nome-do-papai-noel\/","url":"https:\/\/www.correiobraziliense.com.br\/cbradar\/voce-provavelmente-nao-sabe-qual-e-o-verdadeiro-nome-do-papai-noel\/","name":"Voc\u00ea provavelmente n\u00e3o sabe qual \u00e9 o verdadeiro nome do Papai Noel","isPartOf":{"@id":"https:\/\/www.correiobraziliense.com.br\/cbradar\/#website"},"primaryImageOfPage":{"@id":"https:\/\/www.correiobraziliense.com.br\/cbradar\/voce-provavelmente-nao-sabe-qual-e-o-verdadeiro-nome-do-papai-noel\/#primaryimage"},"image":{"@id":"https:\/\/www.correiobraziliense.com.br\/cbradar\/voce-provavelmente-nao-sabe-qual-e-o-verdadeiro-nome-do-papai-noel\/#primaryimage"},"thumbnailUrl":"https:\/\/www.correiobraziliense.com.br\/cbradar\/wp-content\/uploads\/2025\/12\/mosaico_1765416495895.jpg","datePublished":"2025-12-11T23:00:00+00:00","author":{"@id":"https:\/\/www.correiobraziliense.com.br\/cbradar\/#\/schema\/person\/58422787644df994b53a19d3e56c1513"},"description":"Papai Noel: descubra a origem do Papai Noel, Sinterklaas e outros nomes do velho dos presentes em diferentes pa\u00edses e tradi\u00e7\u00f5es.","breadcrumb":{"@id":"https:\/\/www.correiobraziliense.com.br\/cbradar\/voce-provavelmente-nao-sabe-qual-e-o-verdadeiro-nome-do-papai-noel\/#breadcrumb"},"inLanguage":"pt-BR","potentialAction":[{"@type":"ReadAction","target":["https:\/\/www.correiobraziliense.com.br\/cbradar\/voce-provavelmente-nao-sabe-qual-e-o-verdadeiro-nome-do-papai-noel\/"]}]},{"@type":"ImageObject","inLanguage":"pt-BR","@id":"https:\/\/www.correiobraziliense.com.br\/cbradar\/voce-provavelmente-nao-sabe-qual-e-o-verdadeiro-nome-do-papai-noel\/#primaryimage","url":"https:\/\/www.correiobraziliense.com.br\/cbradar\/wp-content\/uploads\/2025\/12\/mosaico_1765416495895.jpg","contentUrl":"https:\/\/www.correiobraziliense.com.br\/cbradar\/wp-content\/uploads\/2025\/12\/mosaico_1765416495895.jpg","width":1280,"height":720,"caption":"Conhe\u00e7a nomes locais do Papai Noel para celebrar diversidade cultural no Natal familiar. Cr\u00e9ditos: depositphotos.com \/ Tanyadepoflo e Cr\u00e9ditos: depositphotos.com \/ pressmaster"},{"@type":"BreadcrumbList","@id":"https:\/\/www.correiobraziliense.com.br\/cbradar\/voce-provavelmente-nao-sabe-qual-e-o-verdadeiro-nome-do-papai-noel\/#breadcrumb","itemListElement":[{"@type":"ListItem","position":1,"name":"In\u00edcio","item":"https:\/\/www.correiobraziliense.com.br\/cbradar\/"},{"@type":"ListItem","position":2,"name":"Voc\u00ea provavelmente n\u00e3o sabe qual \u00e9 o verdadeiro nome do Papai Noel"}]},{"@type":"WebSite","@id":"https:\/\/www.correiobraziliense.com.br\/cbradar\/#website","url":"https:\/\/www.correiobraziliense.com.br\/cbradar\/","name":"Correio Braziliense - Radar","description":"Acompanhe as \u00faltimas not\u00edcias e fique bem informado sobre tudo o que acontece no Brasil e no mundo.","potentialAction":[{"@type":"SearchAction","target":{"@type":"EntryPoint","urlTemplate":"https:\/\/www.correiobraziliense.com.br\/cbradar\/?s={search_term_string}"},"query-input":{"@type":"PropertyValueSpecification","valueRequired":true,"valueName":"search_term_string"}}],"inLanguage":"pt-BR"},{"@type":"Person","@id":"https:\/\/www.correiobraziliense.com.br\/cbradar\/#\/schema\/person\/58422787644df994b53a19d3e56c1513","name":"Larissa Carvalho","image":{"@type":"ImageObject","inLanguage":"pt-BR","@id":"https:\/\/www.correiobraziliense.com.br\/cbradar\/#\/schema\/person\/image\/","url":"https:\/\/secure.gravatar.com\/avatar\/fe4f91a0de32b52a838d0d612abdc1aa?s=96&d=mm&r=g","contentUrl":"https:\/\/secure.gravatar.com\/avatar\/fe4f91a0de32b52a838d0d612abdc1aa?s=96&d=mm&r=g","caption":"Larissa Carvalho"},"url":"https:\/\/www.correiobraziliense.com.br\/cbradar\/author\/larissamyth\/"}]}},"_links":{"self":[{"href":"https:\/\/www.correiobraziliense.com.br\/cbradar\/wp-json\/wp\/v2\/posts\/154194","targetHints":{"allow":["GET"]}}],"collection":[{"href":"https:\/\/www.correiobraziliense.com.br\/cbradar\/wp-json\/wp\/v2\/posts"}],"about":[{"href":"https:\/\/www.correiobraziliense.com.br\/cbradar\/wp-json\/wp\/v2\/types\/post"}],"author":[{"embeddable":true,"href":"https:\/\/www.correiobraziliense.com.br\/cbradar\/wp-json\/wp\/v2\/users\/3"}],"replies":[{"embeddable":true,"href":"https:\/\/www.correiobraziliense.com.br\/cbradar\/wp-json\/wp\/v2\/comments?post=154194"}],"version-history":[{"count":2,"href":"https:\/\/www.correiobraziliense.com.br\/cbradar\/wp-json\/wp\/v2\/posts\/154194\/revisions"}],"predecessor-version":[{"id":154208,"href":"https:\/\/www.correiobraziliense.com.br\/cbradar\/wp-json\/wp\/v2\/posts\/154194\/revisions\/154208"}],"wp:featuredmedia":[{"embeddable":true,"href":"https:\/\/www.correiobraziliense.com.br\/cbradar\/wp-json\/wp\/v2\/media\/154205"}],"wp:attachment":[{"href":"https:\/\/www.correiobraziliense.com.br\/cbradar\/wp-json\/wp\/v2\/media?parent=154194"}],"wp:term":[{"taxonomy":"category","embeddable":true,"href":"https:\/\/www.correiobraziliense.com.br\/cbradar\/wp-json\/wp\/v2\/categories?post=154194"},{"taxonomy":"post_tag","embeddable":true,"href":"https:\/\/www.correiobraziliense.com.br\/cbradar\/wp-json\/wp\/v2\/tags?post=154194"}],"curies":[{"name":"wp","href":"https:\/\/api.w.org\/{rel}","templated":true}]}}