{"id":154233,"date":"2025-12-12T08:00:00","date_gmt":"2025-12-12T11:00:00","guid":{"rendered":"https:\/\/www.correiobraziliense.com.br\/cbradar\/?p=154233"},"modified":"2025-12-10T22:53:45","modified_gmt":"2025-12-11T01:53:45","slug":"5-habitos-matinais-que-afetam-o-seu-sono-sem-saber","status":"publish","type":"post","link":"https:\/\/www.correiobraziliense.com.br\/cbradar\/5-habitos-matinais-que-afetam-o-seu-sono-sem-saber\/","title":{"rendered":"5 h\u00e1bitos matinais que afetam o seu sono sem saber"},"content":{"rendered":"\n<p>Logo nas primeiras horas do dia, muitas pessoas acreditam que est\u00e3o a seguir uma rotina adequada, mas alguns comportamentos aparentemente inofensivos podem comprometer o descanso noturno. A forma como a manh\u00e3 \u00e9 organizada influencia diretamente o <strong>ritmo biol\u00f3gico<\/strong>, os n\u00edveis de energia e a facilidade para adormecer, j\u00e1 que pequenas decis\u00f5es repetidas diariamente geram um impacto acumulado ao longo das semanas.<\/p>\n\n\n\n<h2 class=\"wp-block-heading\">Quais h\u00e1bitos matinais podem prejudicar o sono?<\/h2>\n\n\n\n<p>Quando se fala em <strong>h\u00e1bitos matinais que afetam o sono<\/strong>, o primeiro ponto frequentemente mencionado \u00e9 o <strong>consumo excessivo de cafe\u00edna<\/strong>. Caf\u00e9, ch\u00e1 preto, bebidas energ\u00e9ticas e refrigerantes com cafe\u00edna podem permanecer ativos no organismo por v\u00e1rias horas, interferindo na capacidade de adormecer com facilidade e de manter um sono cont\u00ednuo.<\/p>\n\n\n\n<p>Outro comportamento comum \u00e9 acordar em <strong>hor\u00e1rios muito diferentes<\/strong> todos os dias, o que desorganiza o rel\u00f3gio biol\u00f3gico. A falta de exposi\u00e7\u00e3o \u00e0 <strong>luz natural<\/strong> nas primeiras horas da manh\u00e3 tamb\u00e9m confunde o organismo sobre o momento do dia, dificultando o alinhamento do ciclo de sono e vig\u00edlia. Em resumo, temos:<\/p>\n\n\n\n<ol class=\"wp-block-list\">\n<li>Ingerir muita cafe\u00edna\/<\/li>\n\n\n\n<li>Acordar em hor\u00e1rios diferentes todos os dias;<\/li>\n\n\n\n<li>N\u00e3o receber luz natural;<\/li>\n\n\n\n<li>N\u00e3o ter uma lista de tarefas;<\/li>\n\n\n\n<li>Ir direto para o celular<\/li>\n<\/ol>\n\n\n\n<figure class=\"wp-block-image size-large\"><img decoding=\"async\" width=\"1024\" height=\"576\" src=\"https:\/\/www.correiobraziliense.com.br\/cbradar\/wp-content\/uploads\/2025\/12\/mosaico_1765417884947-1024x576.jpg\" alt=\"5 h\u00e1bitos matinais que afetam o seu sono sem saber\" class=\"wp-image-154237\" srcset=\"https:\/\/www.correiobraziliense.com.br\/cbradar\/wp-content\/uploads\/2025\/12\/mosaico_1765417884947-1024x576.jpg 1024w, https:\/\/www.correiobraziliense.com.br\/cbradar\/wp-content\/uploads\/2025\/12\/mosaico_1765417884947-300x169.jpg 300w, https:\/\/www.correiobraziliense.com.br\/cbradar\/wp-content\/uploads\/2025\/12\/mosaico_1765417884947-768x432.jpg 768w, https:\/\/www.correiobraziliense.com.br\/cbradar\/wp-content\/uploads\/2025\/12\/mosaico_1765417884947-750x422.jpg 750w, https:\/\/www.correiobraziliense.com.br\/cbradar\/wp-content\/uploads\/2025\/12\/mosaico_1765417884947-1140x641.jpg 1140w, https:\/\/www.correiobraziliense.com.br\/cbradar\/wp-content\/uploads\/2025\/12\/mosaico_1765417884947.jpg 1280w\" sizes=\"(max-width: 1024px) 100vw, 1024px\" \/><figcaption class=\"wp-element-caption\">H\u00e1bitos matinais influenciam ritmo biol\u00f3gico, energia di\u00e1ria e qualidade do sono noturno acumulado. Cr\u00e9ditos: depositphotos.com \/ ArturVerkhovetskiy e Cr\u00e9ditos: depositphotos.com \/ NatashaFedorova e Cr\u00e9ditos: depositphotos.com \/ HayDmitriy<\/figcaption><\/figure>\n\n\n\n<h2 class=\"wp-block-heading\">Como os comportamentos ao acordar influenciam o descanso noturno?<\/h2>\n\n\n\n<p>Os chamados <strong>h\u00e1bitos matinais que afetam o sono<\/strong> atuam diretamente sobre o <strong>sistema circadiano<\/strong>, respons\u00e1vel por regular o sono, a temperatura corporal e a libera\u00e7\u00e3o de hormonas. Uma manh\u00e3 marcada por pressa, excesso de est\u00edmulos e aus\u00eancia de organiza\u00e7\u00e3o tende a manter a mente acelerada at\u00e9 o fim do dia, dificultando a transi\u00e7\u00e3o para o descanso noturno.<\/p>\n\n\n\n<p>Ir diretamente para o <strong>telem\u00f3vel logo ao acordar<\/strong> \u00e9 um exemplo claro, pois not\u00edcias, mensagens e redes sociais colocam o c\u00e9rebro em estado de alerta num momento em que ele ainda est\u00e1 a \u201csair\u201d do sono. A luz dos ecr\u00e3s pode alterar a produ\u00e7\u00e3o de <strong>melatonina<\/strong> ao longo do dia, contribuindo para um ciclo de fadiga diurna e ins\u00f3nia noturna.<\/p>\n\n\n\n<h2 class=\"wp-block-heading\">Que mudan\u00e7as na rotina matinal podem melhorar o sono?<\/h2>\n\n\n\n<p>Alguns ajustes simples na rotina de manh\u00e3 podem contribuir para noites mais tranquilas e para um <strong>sono mais reparador<\/strong>. Reduzir gradualmente a quantidade de cafe\u00edna ingerida e limitar o consumo a um determinado hor\u00e1rio s\u00e3o estrat\u00e9gias recomendadas por especialistas, assim como substituir parte das bebidas estimulantes por \u00e1gua ou infus\u00f5es sem cafe\u00edna.<\/p>\n\n\n\n<p>Manter <strong>hor\u00e1rios semelhantes para acordar<\/strong> ao longo da semana ajuda a consolidar o rel\u00f3gio interno, inclusive aos fins de semana. A exposi\u00e7\u00e3o intencional \u00e0 <strong>luz natural<\/strong> nas primeiras horas do dia, abrindo janelas ou caminhando ao ar livre, favorece o alinhamento do ciclo circadiano e melhora a sensa\u00e7\u00e3o de disposi\u00e7\u00e3o ao longo do dia.<\/p>\n\n\n\n<p>Para aprofundar no tema, trouxemos o v\u00eddeo do especialista Rafael Gratta, em que ele explica a rotina perfeita do sono:<\/p>\n\n\n\n<blockquote class=\"tiktok-embed\" cite=\"https:\/\/www.tiktok.com\/@rafaelgrattap\/video\/7155483187559304454\" data-video-id=\"7155483187559304454\" style=\"max-width: 605px;min-width: 325px;\" > <section> <a target=\"_blank\" title=\"@rafaelgrattap\" href=\"https:\/\/www.tiktok.com\/@rafaelgrattap?refer=embed\">@rafaelgrattap<\/a> Para mais ferramentas naturais com base em ci\u00eancia para finalmente melhorar seu sono, clique no link na bio!  <a title=\"durmamelhor\" target=\"_blank\" href=\"https:\/\/www.tiktok.com\/tag\/durmamelhor?refer=embed\">#durmamelhor<\/a> <a title=\"rotinadesono\" target=\"_blank\" href=\"https:\/\/www.tiktok.com\/tag\/rotinadesono?refer=embed\">#rotinadesono<\/a> <a title=\"ciclocircadiano\" target=\"_blank\" href=\"https:\/\/www.tiktok.com\/tag\/ciclocircadiano?refer=embed\">#ciclocircadiano<\/a> <a title=\"rel\u00f3giobiol\u00f3gico\" target=\"_blank\" href=\"https:\/\/www.tiktok.com\/tag\/rel%C3%B3giobiol%C3%B3gico?refer=embed\">#rel\u00f3giobiol\u00f3gico<\/a> <a target=\"_blank\" title=\"\u266c som original - Rafael Gratta\" href=\"https:\/\/www.tiktok.com\/music\/som-original-7155483259074857733?refer=embed\">\u266c som original &#8211; Rafael Gratta<\/a> <\/section> <\/blockquote> <script async src=\"https:\/\/www.tiktok.com\/embed.js\"><\/script>\n\n\n\n<h2 class=\"wp-block-heading\">Quais passos pr\u00e1ticos tornam a manh\u00e3 mais amiga do sono?<\/h2>\n\n\n\n<p>Para quem pretende ajustar os <strong>h\u00e1bitos matinais que afetam o sono<\/strong>, algumas a\u00e7\u00f5es podem ser implementadas de forma progressiva, sem grandes mudan\u00e7as bruscas. Criar uma breve rotina de organiza\u00e7\u00e3o e autocuidado logo ao acordar ajuda a reduzir a ansiedade noturna e a preparar o corpo para um padr\u00e3o mais est\u00e1vel de sono.<\/p>\n\n\n\n<p>Essas medidas podem ser sintetizadas em passos pr\u00e1ticos, f\u00e1ceis de adaptar \u00e0 realidade de cada pessoa e que, quando mantidos com consist\u00eancia, refor\u00e7am a diferen\u00e7a entre momentos de atividade e de descanso:<\/p>\n\n\n\n<ol class=\"wp-block-list\">\n<li><strong>Definir um hor\u00e1rio fixo para acordar<\/strong> e tentar mant\u00ea-lo, incluindo fins de semana.<\/li>\n\n\n\n<li><strong>Limitar o consumo de cafe\u00edna<\/strong> \u00e0s primeiras horas do dia, evitando repeti\u00e7\u00f5es \u00e0 tarde.<\/li>\n\n\n\n<li><strong>Abrir cortinas ou ir para um local com luz natural<\/strong> entre 30 minutos e duas horas ap\u00f3s acordar.<\/li>\n\n\n\n<li><strong>Evitar olhar imediatamente para o telem\u00f3vel<\/strong>, reservando alguns minutos para respirar com calma ou fazer alongamentos leves.<\/li>\n\n\n\n<li><strong>Escrever uma pequena lista de tarefas essenciais<\/strong>, reduzindo a sensa\u00e7\u00e3o de desorganiza\u00e7\u00e3o mental.<\/li>\n<\/ol>\n\n\n\n<p>Somadas a cuidados noturnos como <strong>diminuir luzes fortes<\/strong>, afastar ecr\u00e3s antes de dormir e evitar refei\u00e7\u00f5es pesadas perto da hora de deitar, essas estrat\u00e9gias ajudam o corpo a reconhecer com clareza a hora de dormir e a hora de acordar, contribuindo para noites mais reparadoras ao longo do tempo.<\/p>\n","protected":false},"excerpt":{"rendered":"<p>Descubra quais h\u00e1bitos matinais afetam o seu sono e como dormir melhor, evitando erros comuns que prejudicam o descanso noturno.<\/p>\n","protected":false},"author":3,"featured_media":154241,"comment_status":"open","ping_status":"open","sticky":false,"template":"","format":"standard","meta":{"_yoast_wpseo_focuskw":"h\u00e1bitos matinais afetam sono","_yoast_wpseo_title":"%%title%%","_yoast_wpseo_metadesc":"Descubra quais h\u00e1bitos matinais afetam o seu sono e como dormir melhor, evitando erros comuns que prejudicam o descanso noturno.","jnews-multi-image_gallery":[],"jnews_single_post":{"format":"standard"},"jnews_primary_category":[],"jnews_social_meta":[],"jnews_override_counter":[],"footnotes":""},"categories":[112],"tags":[144,1904,7350,404,565,1313],"class_list":["post-154233","post","type-post","status-publish","format-standard","has-post-thumbnail","hentry","category-curiosidades","tag-curiosidades","tag-habitos","tag-habitos-matinais","tag-psicologia","tag-saude","tag-sono"],"yoast_head":"<!-- This site is optimized with the Yoast SEO plugin v24.6 - https:\/\/yoast.com\/wordpress\/plugins\/seo\/ -->\n<title>5 h\u00e1bitos matinais que afetam o seu sono sem saber<\/title>\n<meta name=\"description\" content=\"Descubra quais h\u00e1bitos matinais afetam o seu sono e como dormir melhor, evitando erros comuns que prejudicam o descanso noturno.\" \/>\n<meta name=\"robots\" content=\"index, follow, max-snippet:-1, max-image-preview:large, max-video-preview:-1\" \/>\n<link rel=\"canonical\" href=\"https:\/\/www.correiobraziliense.com.br\/cbradar\/5-habitos-matinais-que-afetam-o-seu-sono-sem-saber\/\" \/>\n<meta property=\"og:locale\" content=\"pt_BR\" \/>\n<meta property=\"og:type\" content=\"article\" \/>\n<meta property=\"og:title\" content=\"5 h\u00e1bitos matinais que afetam o seu sono sem saber\" \/>\n<meta property=\"og:description\" content=\"Descubra quais h\u00e1bitos matinais afetam o seu sono e como dormir melhor, evitando erros comuns que prejudicam o descanso noturno.\" \/>\n<meta property=\"og:url\" content=\"https:\/\/www.correiobraziliense.com.br\/cbradar\/5-habitos-matinais-que-afetam-o-seu-sono-sem-saber\/\" \/>\n<meta property=\"og:site_name\" content=\"Correio Braziliense - Radar\" \/>\n<meta property=\"article:published_time\" content=\"2025-12-12T11:00:00+00:00\" \/>\n<meta property=\"og:image\" content=\"https:\/\/www.correiobraziliense.com.br\/cbradar\/wp-content\/uploads\/2025\/12\/mosaico_1765417996719.jpg\" \/>\n\t<meta property=\"og:image:width\" content=\"1280\" \/>\n\t<meta property=\"og:image:height\" content=\"720\" \/>\n\t<meta property=\"og:image:type\" content=\"image\/jpeg\" \/>\n<meta name=\"author\" content=\"Larissa Carvalho\" \/>\n<meta name=\"twitter:card\" content=\"summary_large_image\" \/>\n<meta name=\"twitter:label1\" content=\"Escrito por\" \/>\n\t<meta name=\"twitter:data1\" content=\"Larissa Carvalho\" \/>\n\t<meta name=\"twitter:label2\" content=\"Est. tempo de leitura\" \/>\n\t<meta name=\"twitter:data2\" content=\"5 minutos\" \/>\n<!-- \/ Yoast SEO plugin. -->","yoast_head_json":{"title":"5 h\u00e1bitos matinais que afetam o seu sono sem saber","description":"Descubra quais h\u00e1bitos matinais afetam o seu sono e como dormir melhor, evitando erros comuns que prejudicam o descanso noturno.","robots":{"index":"index","follow":"follow","max-snippet":"max-snippet:-1","max-image-preview":"max-image-preview:large","max-video-preview":"max-video-preview:-1"},"canonical":"https:\/\/www.correiobraziliense.com.br\/cbradar\/5-habitos-matinais-que-afetam-o-seu-sono-sem-saber\/","og_locale":"pt_BR","og_type":"article","og_title":"5 h\u00e1bitos matinais que afetam o seu sono sem saber","og_description":"Descubra quais h\u00e1bitos matinais afetam o seu sono e como dormir melhor, evitando erros comuns que prejudicam o descanso noturno.","og_url":"https:\/\/www.correiobraziliense.com.br\/cbradar\/5-habitos-matinais-que-afetam-o-seu-sono-sem-saber\/","og_site_name":"Correio Braziliense - Radar","article_published_time":"2025-12-12T11:00:00+00:00","og_image":[{"width":1280,"height":720,"url":"https:\/\/www.correiobraziliense.com.br\/cbradar\/wp-content\/uploads\/2025\/12\/mosaico_1765417996719.jpg","type":"image\/jpeg"}],"author":"Larissa Carvalho","twitter_card":"summary_large_image","twitter_misc":{"Escrito por":"Larissa Carvalho","Est. tempo de leitura":"5 minutos"},"schema":{"@context":"https:\/\/schema.org","@graph":[{"@type":"WebPage","@id":"https:\/\/www.correiobraziliense.com.br\/cbradar\/5-habitos-matinais-que-afetam-o-seu-sono-sem-saber\/","url":"https:\/\/www.correiobraziliense.com.br\/cbradar\/5-habitos-matinais-que-afetam-o-seu-sono-sem-saber\/","name":"5 h\u00e1bitos matinais que afetam o seu sono sem saber","isPartOf":{"@id":"https:\/\/www.correiobraziliense.com.br\/cbradar\/#website"},"primaryImageOfPage":{"@id":"https:\/\/www.correiobraziliense.com.br\/cbradar\/5-habitos-matinais-que-afetam-o-seu-sono-sem-saber\/#primaryimage"},"image":{"@id":"https:\/\/www.correiobraziliense.com.br\/cbradar\/5-habitos-matinais-que-afetam-o-seu-sono-sem-saber\/#primaryimage"},"thumbnailUrl":"https:\/\/www.correiobraziliense.com.br\/cbradar\/wp-content\/uploads\/2025\/12\/mosaico_1765417996719.jpg","datePublished":"2025-12-12T11:00:00+00:00","author":{"@id":"https:\/\/www.correiobraziliense.com.br\/cbradar\/#\/schema\/person\/58422787644df994b53a19d3e56c1513"},"description":"Descubra quais h\u00e1bitos matinais afetam o seu sono e como dormir melhor, evitando erros comuns que prejudicam o descanso noturno.","breadcrumb":{"@id":"https:\/\/www.correiobraziliense.com.br\/cbradar\/5-habitos-matinais-que-afetam-o-seu-sono-sem-saber\/#breadcrumb"},"inLanguage":"pt-BR","potentialAction":[{"@type":"ReadAction","target":["https:\/\/www.correiobraziliense.com.br\/cbradar\/5-habitos-matinais-que-afetam-o-seu-sono-sem-saber\/"]}]},{"@type":"ImageObject","inLanguage":"pt-BR","@id":"https:\/\/www.correiobraziliense.com.br\/cbradar\/5-habitos-matinais-que-afetam-o-seu-sono-sem-saber\/#primaryimage","url":"https:\/\/www.correiobraziliense.com.br\/cbradar\/wp-content\/uploads\/2025\/12\/mosaico_1765417996719.jpg","contentUrl":"https:\/\/www.correiobraziliense.com.br\/cbradar\/wp-content\/uploads\/2025\/12\/mosaico_1765417996719.jpg","width":1280,"height":720,"caption":"Rotinas matinais afetam rel\u00f3gio circadiano, cortisol e melatonina, impactando descanso semanalmente. Cr\u00e9ditos: depositphotos.com \/ AllaSerebrina e Cr\u00e9ditos: depositphotos.com \/ Milkos"},{"@type":"BreadcrumbList","@id":"https:\/\/www.correiobraziliense.com.br\/cbradar\/5-habitos-matinais-que-afetam-o-seu-sono-sem-saber\/#breadcrumb","itemListElement":[{"@type":"ListItem","position":1,"name":"In\u00edcio","item":"https:\/\/www.correiobraziliense.com.br\/cbradar\/"},{"@type":"ListItem","position":2,"name":"5 h\u00e1bitos matinais que afetam o seu sono sem saber"}]},{"@type":"WebSite","@id":"https:\/\/www.correiobraziliense.com.br\/cbradar\/#website","url":"https:\/\/www.correiobraziliense.com.br\/cbradar\/","name":"Correio Braziliense - Radar","description":"Acompanhe as \u00faltimas not\u00edcias e fique bem informado sobre tudo o que acontece no Brasil e no mundo.","potentialAction":[{"@type":"SearchAction","target":{"@type":"EntryPoint","urlTemplate":"https:\/\/www.correiobraziliense.com.br\/cbradar\/?s={search_term_string}"},"query-input":{"@type":"PropertyValueSpecification","valueRequired":true,"valueName":"search_term_string"}}],"inLanguage":"pt-BR"},{"@type":"Person","@id":"https:\/\/www.correiobraziliense.com.br\/cbradar\/#\/schema\/person\/58422787644df994b53a19d3e56c1513","name":"Larissa Carvalho","image":{"@type":"ImageObject","inLanguage":"pt-BR","@id":"https:\/\/www.correiobraziliense.com.br\/cbradar\/#\/schema\/person\/image\/","url":"https:\/\/secure.gravatar.com\/avatar\/fe4f91a0de32b52a838d0d612abdc1aa?s=96&d=mm&r=g","contentUrl":"https:\/\/secure.gravatar.com\/avatar\/fe4f91a0de32b52a838d0d612abdc1aa?s=96&d=mm&r=g","caption":"Larissa Carvalho"},"url":"https:\/\/www.correiobraziliense.com.br\/cbradar\/author\/larissamyth\/"}]}},"_links":{"self":[{"href":"https:\/\/www.correiobraziliense.com.br\/cbradar\/wp-json\/wp\/v2\/posts\/154233","targetHints":{"allow":["GET"]}}],"collection":[{"href":"https:\/\/www.correiobraziliense.com.br\/cbradar\/wp-json\/wp\/v2\/posts"}],"about":[{"href":"https:\/\/www.correiobraziliense.com.br\/cbradar\/wp-json\/wp\/v2\/types\/post"}],"author":[{"embeddable":true,"href":"https:\/\/www.correiobraziliense.com.br\/cbradar\/wp-json\/wp\/v2\/users\/3"}],"replies":[{"embeddable":true,"href":"https:\/\/www.correiobraziliense.com.br\/cbradar\/wp-json\/wp\/v2\/comments?post=154233"}],"version-history":[{"count":2,"href":"https:\/\/www.correiobraziliense.com.br\/cbradar\/wp-json\/wp\/v2\/posts\/154233\/revisions"}],"predecessor-version":[{"id":154243,"href":"https:\/\/www.correiobraziliense.com.br\/cbradar\/wp-json\/wp\/v2\/posts\/154233\/revisions\/154243"}],"wp:featuredmedia":[{"embeddable":true,"href":"https:\/\/www.correiobraziliense.com.br\/cbradar\/wp-json\/wp\/v2\/media\/154241"}],"wp:attachment":[{"href":"https:\/\/www.correiobraziliense.com.br\/cbradar\/wp-json\/wp\/v2\/media?parent=154233"}],"wp:term":[{"taxonomy":"category","embeddable":true,"href":"https:\/\/www.correiobraziliense.com.br\/cbradar\/wp-json\/wp\/v2\/categories?post=154233"},{"taxonomy":"post_tag","embeddable":true,"href":"https:\/\/www.correiobraziliense.com.br\/cbradar\/wp-json\/wp\/v2\/tags?post=154233"}],"curies":[{"name":"wp","href":"https:\/\/api.w.org\/{rel}","templated":true}]}}