{"id":154245,"date":"2025-12-12T11:30:00","date_gmt":"2025-12-12T14:30:00","guid":{"rendered":"https:\/\/www.correiobraziliense.com.br\/cbradar\/?p=154245"},"modified":"2025-12-10T23:00:15","modified_gmt":"2025-12-11T02:00:15","slug":"o-erro-que-voce-provavelmente-comete-ao-lavar-loucas-que-pode-colocar-sua-saude-em-risco","status":"publish","type":"post","link":"https:\/\/www.correiobraziliense.com.br\/cbradar\/o-erro-que-voce-provavelmente-comete-ao-lavar-loucas-que-pode-colocar-sua-saude-em-risco\/","title":{"rendered":"O erro que voc\u00ea provavelmente comete ao lavar lou\u00e7as que pode colocar sua sa\u00fade em risco"},"content":{"rendered":"\n<p>Ap\u00f3s as refei\u00e7\u00f5es do dia a dia, \u00e9 comum que os moradores lavem a lou\u00e7a em casa sem dar muita aten\u00e7\u00e3o \u00e0 forma correta de limpeza e secagem. Por\u00e9m, detalhes como o uso da <strong>esponja<\/strong> e do <strong>pano de prato<\/strong> podem influenciar diretamente na <strong>higiene da cozinha<\/strong> e na seguran\u00e7a dos alimentos, j\u00e1 que superf\u00edcies \u00famidas e mal higienizadas favorecem a multiplica\u00e7\u00e3o de microrganismos.<\/p>\n\n\n\n<h2 class=\"wp-block-heading\">Higiene na cozinha exige aten\u00e7\u00e3o \u00e0 esponja e ao pano de prato<\/h2>\n\n\n\n<p>A <strong>higiene da cozinha<\/strong> come\u00e7a pelos utens\u00edlios usados na limpeza. Esponjas de lou\u00e7a e panos de prato entram em contato di\u00e1rio com restos de alimentos, gordura e umidade, favorecendo a presen\u00e7a de bact\u00e9rias como <em>Escherichia coli<\/em>, <em>Salmonella<\/em> e <em>Campylobacter<\/em>, que podem permanecer ativos por v\u00e1rios dias, como explicou a <a href=\"https:\/\/www.assal.gov.ar\/5claves\/info-repasadores-esponjas.html\" target=\"_blank\" rel=\"noreferrer noopener\">Ag\u00eancia de Seguran\u00e7a Alimentar de Santa F\u00e9.<\/a><\/p>\n\n\n\n<p>O pano de prato costuma ter m\u00faltiplas fun\u00e7\u00f5es: enxugar lou\u00e7a, secar as m\u00e3os, limpar respingos e apoiar utens\u00edlios. Quanto mais usos acumula, maior \u00e9 a chance de se transformar em um reservat\u00f3rio de germes, assim como a esponja, que concentra res\u00edduos org\u00e2nicos em sua estrutura porosa.<\/p>\n\n\n\n<p>Nas redes, o tema \u00e9 constante e alvo de diversos v\u00eddeos que explicam a import\u00e2ncia da higiene durante o processo:<\/p>\n\n\n\n<blockquote class=\"tiktok-embed\" cite=\"https:\/\/www.tiktok.com\/@cozinhandocomciencia\/video\/7126299903604591878\" data-video-id=\"7126299903604591878\" style=\"max-width: 605px;min-width: 325px;\" > <section> <a target=\"_blank\" title=\"@cozinhandocomciencia\" href=\"https:\/\/www.tiktok.com\/@cozinhandocomciencia?refer=embed\">@cozinhandocomciencia<\/a> <a title=\"limpezadacasa\" target=\"_blank\" href=\"https:\/\/www.tiktok.com\/tag\/limpezadacasa?refer=embed\">#limpezadacasa<\/a> <a title=\"cozinha\" target=\"_blank\" href=\"https:\/\/www.tiktok.com\/tag\/cozinha?refer=embed\">#cozinha<\/a> <a title=\"receitas\" target=\"_blank\" href=\"https:\/\/www.tiktok.com\/tag\/receitas?refer=embed\">#receitas<\/a> <a title=\"culinaria\" target=\"_blank\" href=\"https:\/\/www.tiktok.com\/tag\/culinaria?refer=embed\">#culinaria<\/a> <a title=\"drbacteria\" target=\"_blank\" href=\"https:\/\/www.tiktok.com\/tag\/drbacteria?refer=embed\">#drbacteria<\/a> <a target=\"_blank\" title=\"\u266c Old Disney Swing Jazz - Nico\" href=\"https:\/\/www.tiktok.com\/music\/Old-Disney-Swing-Jazz-6817568979012290561?refer=embed\">\u266c Old Disney Swing Jazz &#8211; Nico<\/a> <\/section> <\/blockquote> <script async src=\"https:\/\/www.tiktok.com\/embed.js\"><\/script>\n\n\n\n<h2 class=\"wp-block-heading\">Secar a lou\u00e7a com pano de prato \u00e9 seguro quando feito corretamente<\/h2>\n\n\n\n<p>O <strong>secado da vajilla<\/strong>, ou seja, o modo de secar copos, pratos e talheres, influencia diretamente na higiene. Usar um pano de prato para enxugar a lou\u00e7a pode ser aceit\u00e1vel, desde que o tecido esteja realmente <strong>limpo<\/strong> e <strong>seco<\/strong>; panos \u00famidos tendem a acumular microrganismos e espalh\u00e1-los para a lou\u00e7a j\u00e1 lavada.<\/p>\n\n\n\n<p>Outra pr\u00e1tica comum \u00e9 apoiar pratos e copos virados para baixo sobre um pano estendido na bancada. Nessa posi\u00e7\u00e3o, a circula\u00e7\u00e3o de ar \u00e9 limitada e a umidade fica presa, favorecendo odores desagrad\u00e1veis e o desenvolvimento de bact\u00e9rias, sobretudo quando o tecido n\u00e3o foi higienizado corretamente.<\/p>\n\n\n\n<h2 class=\"wp-block-heading\">Forma mais higi\u00eanica de secar copos, pratos e talheres<\/h2>\n\n\n\n<p>Quando se fala em <strong>secagem da lou\u00e7a<\/strong> de forma mais higi\u00eanica, a principal recomenda\u00e7\u00e3o \u00e9 permitir que os utens\u00edlios <strong>sequem ao ar livre<\/strong>, em um escorredor limpo. Com copos, pratos e talheres voltados para cima ou levemente inclinados, facilita-se o escoamento da \u00e1gua e a circula\u00e7\u00e3o de ar, reduzindo o contato com tecidos.<\/p>\n\n\n\n<p>Algumas pr\u00e1ticas simples ajudam a tornar esse processo mais seguro e eficiente no dia a dia, mantendo o ambiente mais protegido contra a contamina\u00e7\u00e3o cruzada e organizando melhor a rotina de lavagem.<\/p>\n\n\n\n<ul class=\"wp-block-list\">\n<li>Lavar a lou\u00e7a com \u00e1gua corrente e detergente, removendo completamente res\u00edduos de alimentos.<\/li>\n\n\n\n<li>Posicionar os itens no escorredor sem sobrecarregar, evitando contato excessivo entre as pe\u00e7as.<\/li>\n\n\n\n<li>Deixar o escorredor em local arejado, longe de fontes de contamina\u00e7\u00e3o, como lixeiras destampadas.<\/li>\n\n\n\n<li>Usar um pano de prato apenas quando for realmente necess\u00e1rio, priorizando modelos limpos e secos.<\/li>\n\n\n\n<li>Trocar o pano de prato com regularidade e lav\u00e1-lo de forma adequada, com \u00e1gua quente e sab\u00e3o.<\/li>\n<\/ul>\n\n\n\n<figure class=\"wp-block-image size-large\"><img decoding=\"async\" width=\"1024\" height=\"576\" src=\"https:\/\/www.correiobraziliense.com.br\/cbradar\/wp-content\/uploads\/2025\/12\/lavar-louca_1765418291355-1024x576.jpg\" alt=\"O erro que voc\u00ea provavelmente comete ao lavar lou\u00e7as que pode colocar sua sa\u00fade em risco\" class=\"wp-image-154248\" srcset=\"https:\/\/www.correiobraziliense.com.br\/cbradar\/wp-content\/uploads\/2025\/12\/lavar-louca_1765418291355-1024x576.jpg 1024w, https:\/\/www.correiobraziliense.com.br\/cbradar\/wp-content\/uploads\/2025\/12\/lavar-louca_1765418291355-300x169.jpg 300w, https:\/\/www.correiobraziliense.com.br\/cbradar\/wp-content\/uploads\/2025\/12\/lavar-louca_1765418291355-768x432.jpg 768w, https:\/\/www.correiobraziliense.com.br\/cbradar\/wp-content\/uploads\/2025\/12\/lavar-louca_1765418291355-750x422.jpg 750w, https:\/\/www.correiobraziliense.com.br\/cbradar\/wp-content\/uploads\/2025\/12\/lavar-louca_1765418291355-1140x641.jpg 1140w, https:\/\/www.correiobraziliense.com.br\/cbradar\/wp-content\/uploads\/2025\/12\/lavar-louca_1765418291355.jpg 1280w\" sizes=\"(max-width: 1024px) 100vw, 1024px\" \/><figcaption class=\"wp-element-caption\">Transforme a lavagem de lou\u00e7a em ritual de pureza: cozinha impec\u00e1vel para refei\u00e7\u00f5es seguras e felizes!  Cr\u00e9ditos: depositphotos.com \/ overdriven<\/figcaption><\/figure>\n\n\n\n<h2 class=\"wp-block-heading\">Limpeza correta de esponjas e panos de prato \u00e9 fundamental<\/h2>\n\n\n\n<p>A <strong>higiene da cozinha<\/strong> tamb\u00e9m depende da forma como esponjas e panos s\u00e3o lavados. Periodicamente, esses itens precisam de um processo de <strong>desinfec\u00e7\u00e3o<\/strong> mais profundo, como ferver os panos de prato em \u00e1gua com sab\u00e3o neutro por alguns minutos para remover sujeira e reduzir microrganismos.<\/p>\n\n\n\n<p>Outra possibilidade \u00e9 deixar os tecidos de molho em \u00e1gua quente com sab\u00e3o ou pequena quantidade de \u00e1gua sanit\u00e1ria, seguindo as instru\u00e7\u00f5es do fabricante. No caso das esponjas, recomenda-se <strong>substitui\u00e7\u00e3o frequente<\/strong>, pois o material poroso e \u00famido tende a acumular germes mesmo ap\u00f3s tentativas de higieniza\u00e7\u00e3o.<\/p>\n","protected":false},"excerpt":{"rendered":"<p>Evite secar copos e pratos de boca para baixo: aprenda como secar a lou\u00e7a corretamente e manter a cozinha livre de bact\u00e9rias.<\/p>\n","protected":false},"author":3,"featured_media":154250,"comment_status":"open","ping_status":"open","sticky":false,"template":"","format":"standard","meta":{"_yoast_wpseo_focuskw":"erro lavar lou\u00e7as","_yoast_wpseo_title":"%%title%%","_yoast_wpseo_metadesc":"Evite secar copos e pratos de boca para baixo: aprenda como secar a lou\u00e7a corretamente e manter a cozinha livre de bact\u00e9rias.","jnews-multi-image_gallery":[],"jnews_single_post":{"format":"standard"},"jnews_primary_category":[],"jnews_social_meta":[],"jnews_override_counter":[],"footnotes":""},"categories":[112],"tags":[687,144,1973,7448,8239,565],"class_list":["post-154245","post","type-post","status-publish","format-standard","has-post-thumbnail","hentry","category-curiosidades","tag-cozinha","tag-curiosidades","tag-dicas-de-limpeza","tag-lavar-louca","tag-louca","tag-saude"],"yoast_head":"<!-- This site is optimized with the Yoast SEO plugin v24.6 - https:\/\/yoast.com\/wordpress\/plugins\/seo\/ -->\n<title>O erro que voc\u00ea provavelmente comete ao lavar lou\u00e7as que pode colocar sua sa\u00fade em risco<\/title>\n<meta name=\"description\" content=\"Evite secar copos e pratos de boca para baixo: aprenda como secar a lou\u00e7a corretamente e manter a cozinha livre de bact\u00e9rias.\" \/>\n<meta name=\"robots\" content=\"index, follow, max-snippet:-1, max-image-preview:large, max-video-preview:-1\" \/>\n<link rel=\"canonical\" href=\"https:\/\/www.correiobraziliense.com.br\/cbradar\/o-erro-que-voce-provavelmente-comete-ao-lavar-loucas-que-pode-colocar-sua-saude-em-risco\/\" \/>\n<meta property=\"og:locale\" content=\"pt_BR\" \/>\n<meta property=\"og:type\" content=\"article\" \/>\n<meta property=\"og:title\" content=\"O erro que voc\u00ea provavelmente comete ao lavar lou\u00e7as que pode colocar sua sa\u00fade em risco\" \/>\n<meta property=\"og:description\" content=\"Evite secar copos e pratos de boca para baixo: aprenda como secar a lou\u00e7a corretamente e manter a cozinha livre de bact\u00e9rias.\" \/>\n<meta property=\"og:url\" content=\"https:\/\/www.correiobraziliense.com.br\/cbradar\/o-erro-que-voce-provavelmente-comete-ao-lavar-loucas-que-pode-colocar-sua-saude-em-risco\/\" \/>\n<meta property=\"og:site_name\" content=\"Correio Braziliense - Radar\" \/>\n<meta property=\"article:published_time\" content=\"2025-12-12T14:30:00+00:00\" \/>\n<meta property=\"og:image\" content=\"https:\/\/www.correiobraziliense.com.br\/cbradar\/wp-content\/uploads\/2025\/12\/Higiene-na-Lavagem-de-Loucas-1280x720-1.png\" \/>\n\t<meta property=\"og:image:width\" content=\"1280\" \/>\n\t<meta property=\"og:image:height\" content=\"720\" \/>\n\t<meta property=\"og:image:type\" content=\"image\/png\" \/>\n<meta name=\"author\" content=\"Larissa Carvalho\" \/>\n<meta name=\"twitter:card\" content=\"summary_large_image\" \/>\n<meta name=\"twitter:label1\" content=\"Escrito por\" \/>\n\t<meta name=\"twitter:data1\" content=\"Larissa Carvalho\" \/>\n\t<meta name=\"twitter:label2\" content=\"Est. tempo de leitura\" \/>\n\t<meta name=\"twitter:data2\" content=\"4 minutos\" \/>\n<!-- \/ Yoast SEO plugin. -->","yoast_head_json":{"title":"O erro que voc\u00ea provavelmente comete ao lavar lou\u00e7as que pode colocar sua sa\u00fade em risco","description":"Evite secar copos e pratos de boca para baixo: aprenda como secar a lou\u00e7a corretamente e manter a cozinha livre de bact\u00e9rias.","robots":{"index":"index","follow":"follow","max-snippet":"max-snippet:-1","max-image-preview":"max-image-preview:large","max-video-preview":"max-video-preview:-1"},"canonical":"https:\/\/www.correiobraziliense.com.br\/cbradar\/o-erro-que-voce-provavelmente-comete-ao-lavar-loucas-que-pode-colocar-sua-saude-em-risco\/","og_locale":"pt_BR","og_type":"article","og_title":"O erro que voc\u00ea provavelmente comete ao lavar lou\u00e7as que pode colocar sua sa\u00fade em risco","og_description":"Evite secar copos e pratos de boca para baixo: aprenda como secar a lou\u00e7a corretamente e manter a cozinha livre de bact\u00e9rias.","og_url":"https:\/\/www.correiobraziliense.com.br\/cbradar\/o-erro-que-voce-provavelmente-comete-ao-lavar-loucas-que-pode-colocar-sua-saude-em-risco\/","og_site_name":"Correio Braziliense - Radar","article_published_time":"2025-12-12T14:30:00+00:00","og_image":[{"width":1280,"height":720,"url":"https:\/\/www.correiobraziliense.com.br\/cbradar\/wp-content\/uploads\/2025\/12\/Higiene-na-Lavagem-de-Loucas-1280x720-1.png","type":"image\/png"}],"author":"Larissa Carvalho","twitter_card":"summary_large_image","twitter_misc":{"Escrito por":"Larissa Carvalho","Est. tempo de leitura":"4 minutos"},"schema":{"@context":"https:\/\/schema.org","@graph":[{"@type":"WebPage","@id":"https:\/\/www.correiobraziliense.com.br\/cbradar\/o-erro-que-voce-provavelmente-comete-ao-lavar-loucas-que-pode-colocar-sua-saude-em-risco\/","url":"https:\/\/www.correiobraziliense.com.br\/cbradar\/o-erro-que-voce-provavelmente-comete-ao-lavar-loucas-que-pode-colocar-sua-saude-em-risco\/","name":"O erro que voc\u00ea provavelmente comete ao lavar lou\u00e7as que pode colocar sua sa\u00fade em risco","isPartOf":{"@id":"https:\/\/www.correiobraziliense.com.br\/cbradar\/#website"},"primaryImageOfPage":{"@id":"https:\/\/www.correiobraziliense.com.br\/cbradar\/o-erro-que-voce-provavelmente-comete-ao-lavar-loucas-que-pode-colocar-sua-saude-em-risco\/#primaryimage"},"image":{"@id":"https:\/\/www.correiobraziliense.com.br\/cbradar\/o-erro-que-voce-provavelmente-comete-ao-lavar-loucas-que-pode-colocar-sua-saude-em-risco\/#primaryimage"},"thumbnailUrl":"https:\/\/www.correiobraziliense.com.br\/cbradar\/wp-content\/uploads\/2025\/12\/Higiene-na-Lavagem-de-Loucas-1280x720-1.png","datePublished":"2025-12-12T14:30:00+00:00","author":{"@id":"https:\/\/www.correiobraziliense.com.br\/cbradar\/#\/schema\/person\/58422787644df994b53a19d3e56c1513"},"description":"Evite secar copos e pratos de boca para baixo: aprenda como secar a lou\u00e7a corretamente e manter a cozinha livre de bact\u00e9rias.","breadcrumb":{"@id":"https:\/\/www.correiobraziliense.com.br\/cbradar\/o-erro-que-voce-provavelmente-comete-ao-lavar-loucas-que-pode-colocar-sua-saude-em-risco\/#breadcrumb"},"inLanguage":"pt-BR","potentialAction":[{"@type":"ReadAction","target":["https:\/\/www.correiobraziliense.com.br\/cbradar\/o-erro-que-voce-provavelmente-comete-ao-lavar-loucas-que-pode-colocar-sua-saude-em-risco\/"]}]},{"@type":"ImageObject","inLanguage":"pt-BR","@id":"https:\/\/www.correiobraziliense.com.br\/cbradar\/o-erro-que-voce-provavelmente-comete-ao-lavar-loucas-que-pode-colocar-sua-saude-em-risco\/#primaryimage","url":"https:\/\/www.correiobraziliense.com.br\/cbradar\/wp-content\/uploads\/2025\/12\/Higiene-na-Lavagem-de-Loucas-1280x720-1.png","contentUrl":"https:\/\/www.correiobraziliense.com.br\/cbradar\/wp-content\/uploads\/2025\/12\/Higiene-na-Lavagem-de-Loucas-1280x720-1.png","width":1280,"height":720,"caption":"H\u00e1bitos errados na lavagem de lou\u00e7a geram riscos higi\u00eanicos em cozinhas modernas de 2025."},{"@type":"BreadcrumbList","@id":"https:\/\/www.correiobraziliense.com.br\/cbradar\/o-erro-que-voce-provavelmente-comete-ao-lavar-loucas-que-pode-colocar-sua-saude-em-risco\/#breadcrumb","itemListElement":[{"@type":"ListItem","position":1,"name":"In\u00edcio","item":"https:\/\/www.correiobraziliense.com.br\/cbradar\/"},{"@type":"ListItem","position":2,"name":"O erro que voc\u00ea provavelmente comete ao lavar lou\u00e7as que pode colocar sua sa\u00fade em risco"}]},{"@type":"WebSite","@id":"https:\/\/www.correiobraziliense.com.br\/cbradar\/#website","url":"https:\/\/www.correiobraziliense.com.br\/cbradar\/","name":"Correio Braziliense - Radar","description":"Acompanhe as \u00faltimas not\u00edcias e fique bem informado sobre tudo o que acontece no Brasil e no mundo.","potentialAction":[{"@type":"SearchAction","target":{"@type":"EntryPoint","urlTemplate":"https:\/\/www.correiobraziliense.com.br\/cbradar\/?s={search_term_string}"},"query-input":{"@type":"PropertyValueSpecification","valueRequired":true,"valueName":"search_term_string"}}],"inLanguage":"pt-BR"},{"@type":"Person","@id":"https:\/\/www.correiobraziliense.com.br\/cbradar\/#\/schema\/person\/58422787644df994b53a19d3e56c1513","name":"Larissa Carvalho","image":{"@type":"ImageObject","inLanguage":"pt-BR","@id":"https:\/\/www.correiobraziliense.com.br\/cbradar\/#\/schema\/person\/image\/","url":"https:\/\/secure.gravatar.com\/avatar\/fe4f91a0de32b52a838d0d612abdc1aa?s=96&d=mm&r=g","contentUrl":"https:\/\/secure.gravatar.com\/avatar\/fe4f91a0de32b52a838d0d612abdc1aa?s=96&d=mm&r=g","caption":"Larissa Carvalho"},"url":"https:\/\/www.correiobraziliense.com.br\/cbradar\/author\/larissamyth\/"}]}},"_links":{"self":[{"href":"https:\/\/www.correiobraziliense.com.br\/cbradar\/wp-json\/wp\/v2\/posts\/154245","targetHints":{"allow":["GET"]}}],"collection":[{"href":"https:\/\/www.correiobraziliense.com.br\/cbradar\/wp-json\/wp\/v2\/posts"}],"about":[{"href":"https:\/\/www.correiobraziliense.com.br\/cbradar\/wp-json\/wp\/v2\/types\/post"}],"author":[{"embeddable":true,"href":"https:\/\/www.correiobraziliense.com.br\/cbradar\/wp-json\/wp\/v2\/users\/3"}],"replies":[{"embeddable":true,"href":"https:\/\/www.correiobraziliense.com.br\/cbradar\/wp-json\/wp\/v2\/comments?post=154245"}],"version-history":[{"count":2,"href":"https:\/\/www.correiobraziliense.com.br\/cbradar\/wp-json\/wp\/v2\/posts\/154245\/revisions"}],"predecessor-version":[{"id":154254,"href":"https:\/\/www.correiobraziliense.com.br\/cbradar\/wp-json\/wp\/v2\/posts\/154245\/revisions\/154254"}],"wp:featuredmedia":[{"embeddable":true,"href":"https:\/\/www.correiobraziliense.com.br\/cbradar\/wp-json\/wp\/v2\/media\/154250"}],"wp:attachment":[{"href":"https:\/\/www.correiobraziliense.com.br\/cbradar\/wp-json\/wp\/v2\/media?parent=154245"}],"wp:term":[{"taxonomy":"category","embeddable":true,"href":"https:\/\/www.correiobraziliense.com.br\/cbradar\/wp-json\/wp\/v2\/categories?post=154245"},{"taxonomy":"post_tag","embeddable":true,"href":"https:\/\/www.correiobraziliense.com.br\/cbradar\/wp-json\/wp\/v2\/tags?post=154245"}],"curies":[{"name":"wp","href":"https:\/\/api.w.org\/{rel}","templated":true}]}}