{"id":15435,"date":"2025-03-25T21:10:00","date_gmt":"2025-03-26T00:10:00","guid":{"rendered":"https:\/\/www.correiobraziliense.com.br\/cbradar\/?p=15435"},"modified":"2025-03-24T21:49:55","modified_gmt":"2025-03-25T00:49:55","slug":"o-que-esperar-do-novo-toyota-corolla-2027","status":"publish","type":"post","link":"https:\/\/www.correiobraziliense.com.br\/cbradar\/o-que-esperar-do-novo-toyota-corolla-2027\/","title":{"rendered":"O que esperar do novo Toyota Corolla 2027?"},"content":{"rendered":"\n<p>O <strong><a href=\"https:\/\/www.toyota.com.br\/modelos\/corolla\" target=\"_blank\" rel=\"noreferrer noopener\">Toyota Corolla<\/a><\/strong>, um dos sed\u00e3s mais ic\u00f4nicos do mundo, est\u00e1 prestes a entrar em sua 13\u00aa gera\u00e7\u00e3o. Apesar da crescente popularidade dos SUVs e da concorr\u00eancia acirrada de modelos como o <strong>Tesla Model 3<\/strong>, o Corolla continua a ser uma escolha popular entre os consumidores. A nova gera\u00e7\u00e3o promete trazer uma s\u00e9rie de inova\u00e7\u00f5es que podem redefinir o que se espera de um sed\u00e3 moderno.<\/p>\n\n\n\n<p>Recentemente, surgiram especula\u00e7\u00f5es sobre as mudan\u00e7as que a Toyota planeja implementar no novo Corolla. Embora a empresa ainda n\u00e3o tenha confirmado oficialmente os detalhes, executivos da marca t\u00eam dado pistas sobre o que est\u00e1 por vir. A expectativa \u00e9 que o novo modelo combine elementos de design de outros ve\u00edculos da marca, como o <strong>Prius <\/strong>e o <strong>Crown<\/strong>, resultando em um visual mais aerodin\u00e2mico e moderno.<\/p>\n\n\n\n<h2 class=\"wp-block-heading\">Quais s\u00e3o as principais mudan\u00e7as esperadas no design do novo Corolla?<\/h2>\n\n\n\n<p>O design do novo Corolla deve adotar um estilo mais cup\u00ea, com uma dianteira mais baixa e ampla. Essa mudan\u00e7a n\u00e3o \u00e9 apenas est\u00e9tica, mas tamb\u00e9m funcional, j\u00e1 que pode melhorar a aerodin\u00e2mica do ve\u00edculo. Al\u00e9m disso, \u00e9 esperado que o novo modelo inclua um teto solar panor\u00e2mico, oferecendo uma experi\u00eancia de condu\u00e7\u00e3o mais iluminada e arejada.<\/p>\n\n\n\n<p>Essas altera\u00e7\u00f5es no design refletem uma tend\u00eancia crescente na ind\u00fastria automotiva de combinar a est\u00e9tica esportiva com a funcionalidade pr\u00e1tica. O objetivo \u00e9 atrair uma base de consumidores mais ampla, que valoriza tanto o desempenho quanto o estilo.<\/p>\n\n\n\n<figure class=\"wp-block-image size-large\"><img decoding=\"async\" width=\"1024\" height=\"576\" src=\"https:\/\/www.correiobraziliense.com.br\/cbradar\/wp-content\/uploads\/2025\/03\/Toyota-Corolla-3-1024x576.png\" alt=\"O que esperar do novo Toyota Corolla 2027?\" class=\"wp-image-15437\" srcset=\"https:\/\/www.correiobraziliense.com.br\/cbradar\/wp-content\/uploads\/2025\/03\/Toyota-Corolla-3-1024x576.png 1024w, https:\/\/www.correiobraziliense.com.br\/cbradar\/wp-content\/uploads\/2025\/03\/Toyota-Corolla-3-300x169.png 300w, https:\/\/www.correiobraziliense.com.br\/cbradar\/wp-content\/uploads\/2025\/03\/Toyota-Corolla-3-768x432.png 768w, https:\/\/www.correiobraziliense.com.br\/cbradar\/wp-content\/uploads\/2025\/03\/Toyota-Corolla-3-750x422.png 750w, https:\/\/www.correiobraziliense.com.br\/cbradar\/wp-content\/uploads\/2025\/03\/Toyota-Corolla-3-1140x641.png 1140w, https:\/\/www.correiobraziliense.com.br\/cbradar\/wp-content\/uploads\/2025\/03\/Toyota-Corolla-3.png 1280w\" sizes=\"(max-width: 1024px) 100vw, 1024px\" \/><figcaption class=\"wp-element-caption\">Toyota Corolla. Fonte: divulga\u00e7\u00e3o \/ Toyota<\/figcaption><\/figure>\n\n\n\n<figure class=\"wp-block-image size-large\"><img decoding=\"async\" width=\"1024\" height=\"576\" src=\"https:\/\/www.correiobraziliense.com.br\/cbradar\/wp-content\/uploads\/2025\/03\/Toyota-Corolla-2-1-1024x576.png\" alt=\"O que esperar do novo Toyota Corolla 2027?\" class=\"wp-image-15438\" srcset=\"https:\/\/www.correiobraziliense.com.br\/cbradar\/wp-content\/uploads\/2025\/03\/Toyota-Corolla-2-1-1024x576.png 1024w, https:\/\/www.correiobraziliense.com.br\/cbradar\/wp-content\/uploads\/2025\/03\/Toyota-Corolla-2-1-300x169.png 300w, https:\/\/www.correiobraziliense.com.br\/cbradar\/wp-content\/uploads\/2025\/03\/Toyota-Corolla-2-1-768x432.png 768w, https:\/\/www.correiobraziliense.com.br\/cbradar\/wp-content\/uploads\/2025\/03\/Toyota-Corolla-2-1-750x422.png 750w, https:\/\/www.correiobraziliense.com.br\/cbradar\/wp-content\/uploads\/2025\/03\/Toyota-Corolla-2-1-1140x641.png 1140w, https:\/\/www.correiobraziliense.com.br\/cbradar\/wp-content\/uploads\/2025\/03\/Toyota-Corolla-2-1.png 1280w\" sizes=\"(max-width: 1024px) 100vw, 1024px\" \/><figcaption class=\"wp-element-caption\">Toyota Corolla. Fonte: divulga\u00e7\u00e3o \/ Toyota<\/figcaption><\/figure>\n\n\n\n<h2 class=\"wp-block-heading\">Como a motoriza\u00e7\u00e3o do Corolla ser\u00e1 atualizada?<\/h2>\n\n\n\n<p>Atualmente, o Toyota Corolla oferece um motor 2.0 aspirado a gasolina e uma vers\u00e3o h\u00edbrida. No entanto, a nova gera\u00e7\u00e3o pode trazer mudan\u00e7as significativas nesse aspecto. H\u00e1 rumores de que o Corolla substituir\u00e1 o motor atual por um 1.5 aspirado de 130cv e um 1.5 turbo de 180cv. Essa atualiza\u00e7\u00e3o n\u00e3o apenas melhoraria a efici\u00eancia de combust\u00edvel, mas tamb\u00e9m alinharia o Corolla com as tend\u00eancias de eletrifica\u00e7\u00e3o que est\u00e3o se tornando padr\u00e3o na ind\u00fastria.<\/p>\n\n\n\n<p>Al\u00e9m disso, a possibilidade de o Corolla se tornar um h\u00edbrido plug-in est\u00e1 sendo considerada. Essa mudan\u00e7a permitiria que o modelo competisse diretamente com ve\u00edculos chineses que est\u00e3o ganhando popularidade na Europa e em outros mercados globais.<\/p>\n\n\n\n<h2 class=\"wp-block-heading\">O que o futuro reserva para o Corolla no Brasil?<\/h2>\n\n\n\n<p>No Brasil, a 12\u00aa gera\u00e7\u00e3o do Corolla foi lan\u00e7ada em 2019, e a expectativa \u00e9 que a nova gera\u00e7\u00e3o chegue ao pa\u00eds no final de 2026, como modelo 2027. Enquanto o mercado brasileiro deve continuar a receber apenas a vers\u00e3o sed\u00e3, em outros pa\u00edses, vers\u00f5es hatch e perua podem ser mantidas.<\/p>\n\n\n\n<p>A introdu\u00e7\u00e3o da nova gera\u00e7\u00e3o do Corolla no Brasil deve intensificar a competi\u00e7\u00e3o com outros sed\u00e3s, como o Honda Civic e modelos chineses que est\u00e3o ganhando espa\u00e7o no mercado. A Toyota ter\u00e1 que continuar inovando para manter sua posi\u00e7\u00e3o de destaque no segmento de sed\u00e3s.<\/p>\n\n\n\n<h2 class=\"wp-block-heading\">Conclus\u00e3o<\/h2>\n\n\n\n<p>O Toyota Corolla est\u00e1 prestes a entrar em uma nova era com sua 13\u00aa gera\u00e7\u00e3o. Com mudan\u00e7as significativas no design e na motoriza\u00e7\u00e3o, o modelo promete se adaptar \u00e0s demandas modernas de efici\u00eancia e estilo. Enquanto a Toyota ainda n\u00e3o divulgou todos os detalhes, as expectativas s\u00e3o altas para o que pode ser um dos lan\u00e7amentos mais aguardados dos pr\u00f3ximos anos.<\/p>\n","protected":false},"excerpt":{"rendered":"<p>Toyota Corolla: antecipando o futuro &#8211; 13\u00aa gera\u00e7\u00e3o com novo design esportivo, motoriza\u00e7\u00e3o atualizada e recursos inovadores. <\/p>\n","protected":false},"author":3,"featured_media":15436,"comment_status":"open","ping_status":"open","sticky":false,"template":"","format":"standard","meta":{"_yoast_wpseo_focuskw":"Toyota Corolla","_yoast_wpseo_title":"%%title%%","_yoast_wpseo_metadesc":"Toyota Corolla: antecipando o futuro - 13\u00aa gera\u00e7\u00e3o com novo design esportivo, motoriza\u00e7\u00e3o atualizada e recursos inovadores.","jnews-multi-image_gallery":[],"jnews_single_post":{"format":"standard"},"jnews_primary_category":[],"jnews_social_meta":[],"jnews_override_counter":[],"footnotes":""},"categories":[122],"post_tag":[1418,2369],"class_list":["post-15435","post","type-post","status-publish","format-standard","has-post-thumbnail","hentry","category-automobilismo","tag-toyota","tag-toyota-corolla"],"yoast_head":"<!-- This site is optimized with the Yoast SEO plugin v24.6 - https:\/\/yoast.com\/wordpress\/plugins\/seo\/ -->\n<title>O que esperar do novo Toyota Corolla 2027?<\/title>\n<meta name=\"description\" content=\"Toyota Corolla: antecipando o futuro - 13\u00aa gera\u00e7\u00e3o com novo design esportivo, motoriza\u00e7\u00e3o atualizada e recursos inovadores.\" \/>\n<meta name=\"robots\" content=\"index, follow, max-snippet:-1, max-image-preview:large, max-video-preview:-1\" \/>\n<link rel=\"canonical\" href=\"https:\/\/www.correiobraziliense.com.br\/cbradar\/o-que-esperar-do-novo-toyota-corolla-2027\/\" \/>\n<meta property=\"og:locale\" content=\"pt_BR\" \/>\n<meta property=\"og:type\" content=\"article\" \/>\n<meta property=\"og:title\" content=\"O que esperar do novo Toyota Corolla 2027?\" \/>\n<meta property=\"og:description\" content=\"Toyota Corolla: antecipando o futuro - 13\u00aa gera\u00e7\u00e3o com novo design esportivo, motoriza\u00e7\u00e3o atualizada e recursos inovadores.\" \/>\n<meta property=\"og:url\" content=\"https:\/\/www.correiobraziliense.com.br\/cbradar\/o-que-esperar-do-novo-toyota-corolla-2027\/\" \/>\n<meta property=\"og:site_name\" content=\"Correio Braziliense - Radar\" \/>\n<meta property=\"article:published_time\" content=\"2025-03-26T00:10:00+00:00\" \/>\n<meta property=\"og:image\" content=\"https:\/\/www.correiobraziliense.com.br\/cbradar\/wp-content\/uploads\/2025\/03\/Toyota-Corolla-1.png\" \/>\n\t<meta property=\"og:image:width\" content=\"1280\" \/>\n\t<meta property=\"og:image:height\" content=\"720\" \/>\n\t<meta property=\"og:image:type\" content=\"image\/png\" \/>\n<meta name=\"author\" content=\"Larissa Carvalho\" \/>\n<meta name=\"twitter:card\" content=\"summary_large_image\" \/>\n<meta name=\"twitter:label1\" content=\"Escrito por\" \/>\n\t<meta name=\"twitter:data1\" content=\"Larissa Carvalho\" \/>\n\t<meta name=\"twitter:label2\" content=\"Est. tempo de leitura\" \/>\n\t<meta name=\"twitter:data2\" content=\"4 minutos\" \/>\n<!-- \/ Yoast SEO plugin. -->","yoast_head_json":{"title":"O que esperar do novo Toyota Corolla 2027?","description":"Toyota Corolla: antecipando o futuro - 13\u00aa gera\u00e7\u00e3o com novo design esportivo, motoriza\u00e7\u00e3o atualizada e recursos inovadores.","robots":{"index":"index","follow":"follow","max-snippet":"max-snippet:-1","max-image-preview":"max-image-preview:large","max-video-preview":"max-video-preview:-1"},"canonical":"https:\/\/www.correiobraziliense.com.br\/cbradar\/o-que-esperar-do-novo-toyota-corolla-2027\/","og_locale":"pt_BR","og_type":"article","og_title":"O que esperar do novo Toyota Corolla 2027?","og_description":"Toyota Corolla: antecipando o futuro - 13\u00aa gera\u00e7\u00e3o com novo design esportivo, motoriza\u00e7\u00e3o atualizada e recursos inovadores.","og_url":"https:\/\/www.correiobraziliense.com.br\/cbradar\/o-que-esperar-do-novo-toyota-corolla-2027\/","og_site_name":"Correio Braziliense - Radar","article_published_time":"2025-03-26T00:10:00+00:00","og_image":[{"width":1280,"height":720,"url":"https:\/\/www.correiobraziliense.com.br\/cbradar\/wp-content\/uploads\/2025\/03\/Toyota-Corolla-1.png","type":"image\/png"}],"author":"Larissa Carvalho","twitter_card":"summary_large_image","twitter_misc":{"Escrito por":"Larissa Carvalho","Est. tempo de leitura":"4 minutos"},"schema":{"@context":"https:\/\/schema.org","@graph":[{"@type":"WebPage","@id":"https:\/\/www.correiobraziliense.com.br\/cbradar\/o-que-esperar-do-novo-toyota-corolla-2027\/","url":"https:\/\/www.correiobraziliense.com.br\/cbradar\/o-que-esperar-do-novo-toyota-corolla-2027\/","name":"O que esperar do novo Toyota Corolla 2027?","isPartOf":{"@id":"https:\/\/www.correiobraziliense.com.br\/cbradar\/#website"},"primaryImageOfPage":{"@id":"https:\/\/www.correiobraziliense.com.br\/cbradar\/o-que-esperar-do-novo-toyota-corolla-2027\/#primaryimage"},"image":{"@id":"https:\/\/www.correiobraziliense.com.br\/cbradar\/o-que-esperar-do-novo-toyota-corolla-2027\/#primaryimage"},"thumbnailUrl":"https:\/\/www.correiobraziliense.com.br\/cbradar\/wp-content\/uploads\/2025\/03\/Toyota-Corolla-1.png","datePublished":"2025-03-26T00:10:00+00:00","author":{"@id":"https:\/\/www.correiobraziliense.com.br\/cbradar\/#\/schema\/person\/58422787644df994b53a19d3e56c1513"},"description":"Toyota Corolla: antecipando o futuro - 13\u00aa gera\u00e7\u00e3o com novo design esportivo, motoriza\u00e7\u00e3o atualizada e recursos inovadores.","breadcrumb":{"@id":"https:\/\/www.correiobraziliense.com.br\/cbradar\/o-que-esperar-do-novo-toyota-corolla-2027\/#breadcrumb"},"inLanguage":"pt-BR","potentialAction":[{"@type":"ReadAction","target":["https:\/\/www.correiobraziliense.com.br\/cbradar\/o-que-esperar-do-novo-toyota-corolla-2027\/"]}]},{"@type":"ImageObject","inLanguage":"pt-BR","@id":"https:\/\/www.correiobraziliense.com.br\/cbradar\/o-que-esperar-do-novo-toyota-corolla-2027\/#primaryimage","url":"https:\/\/www.correiobraziliense.com.br\/cbradar\/wp-content\/uploads\/2025\/03\/Toyota-Corolla-1.png","contentUrl":"https:\/\/www.correiobraziliense.com.br\/cbradar\/wp-content\/uploads\/2025\/03\/Toyota-Corolla-1.png","width":1280,"height":720,"caption":"Toyota Corolla. Fonte: divulga\u00e7\u00e3o \/ Toyota"},{"@type":"BreadcrumbList","@id":"https:\/\/www.correiobraziliense.com.br\/cbradar\/o-que-esperar-do-novo-toyota-corolla-2027\/#breadcrumb","itemListElement":[{"@type":"ListItem","position":1,"name":"In\u00edcio","item":"https:\/\/www.correiobraziliense.com.br\/cbradar\/"},{"@type":"ListItem","position":2,"name":"O que esperar do novo Toyota Corolla 2027?"}]},{"@type":"WebSite","@id":"https:\/\/www.correiobraziliense.com.br\/cbradar\/#website","url":"https:\/\/www.correiobraziliense.com.br\/cbradar\/","name":"Correio Braziliense - Radar","description":"Acompanhe as \u00faltimas not\u00edcias e fique bem informado sobre tudo o que acontece no Brasil e no mundo.","potentialAction":[{"@type":"SearchAction","target":{"@type":"EntryPoint","urlTemplate":"https:\/\/www.correiobraziliense.com.br\/cbradar\/?s={search_term_string}"},"query-input":{"@type":"PropertyValueSpecification","valueRequired":true,"valueName":"search_term_string"}}],"inLanguage":"pt-BR"},{"@type":"Person","@id":"https:\/\/www.correiobraziliense.com.br\/cbradar\/#\/schema\/person\/58422787644df994b53a19d3e56c1513","name":"Larissa Carvalho","image":{"@type":"ImageObject","inLanguage":"pt-BR","@id":"https:\/\/www.correiobraziliense.com.br\/cbradar\/#\/schema\/person\/image\/","url":"https:\/\/secure.gravatar.com\/avatar\/fe4f91a0de32b52a838d0d612abdc1aa?s=96&d=mm&r=g","contentUrl":"https:\/\/secure.gravatar.com\/avatar\/fe4f91a0de32b52a838d0d612abdc1aa?s=96&d=mm&r=g","caption":"Larissa Carvalho"},"url":"https:\/\/www.correiobraziliense.com.br\/cbradar\/author\/larissamyth\/"}]}},"_links":{"self":[{"href":"https:\/\/www.correiobraziliense.com.br\/cbradar\/wp-json\/wp\/v2\/posts\/15435","targetHints":{"allow":["GET"]}}],"collection":[{"href":"https:\/\/www.correiobraziliense.com.br\/cbradar\/wp-json\/wp\/v2\/posts"}],"about":[{"href":"https:\/\/www.correiobraziliense.com.br\/cbradar\/wp-json\/wp\/v2\/types\/post"}],"author":[{"embeddable":true,"href":"https:\/\/www.correiobraziliense.com.br\/cbradar\/wp-json\/wp\/v2\/users\/3"}],"replies":[{"embeddable":true,"href":"https:\/\/www.correiobraziliense.com.br\/cbradar\/wp-json\/wp\/v2\/comments?post=15435"}],"version-history":[{"count":1,"href":"https:\/\/www.correiobraziliense.com.br\/cbradar\/wp-json\/wp\/v2\/posts\/15435\/revisions"}],"predecessor-version":[{"id":15439,"href":"https:\/\/www.correiobraziliense.com.br\/cbradar\/wp-json\/wp\/v2\/posts\/15435\/revisions\/15439"}],"wp:featuredmedia":[{"embeddable":true,"href":"https:\/\/www.correiobraziliense.com.br\/cbradar\/wp-json\/wp\/v2\/media\/15436"}],"wp:attachment":[{"href":"https:\/\/www.correiobraziliense.com.br\/cbradar\/wp-json\/wp\/v2\/media?parent=15435"}],"wp:term":[{"taxonomy":"category","embeddable":true,"href":"https:\/\/www.correiobraziliense.com.br\/cbradar\/wp-json\/wp\/v2\/categories?post=15435"},{"taxonomy":"post_tag","embeddable":true,"href":"https:\/\/www.correiobraziliense.com.br\/cbradar\/wp-json\/wp\/v2\/post_tag?post=15435"}],"curies":[{"name":"wp","href":"https:\/\/api.w.org\/{rel}","templated":true}]}}