{"id":154390,"date":"2025-12-12T06:45:00","date_gmt":"2025-12-12T09:45:00","guid":{"rendered":"https:\/\/www.correiobraziliense.com.br\/cbradar\/?p=154390"},"modified":"2025-12-11T11:04:46","modified_gmt":"2025-12-11T14:04:46","slug":"nomes-com-origem-indigena-que-estao-conquistando-os-registros-brasileiros-em-2025","status":"publish","type":"post","link":"https:\/\/www.correiobraziliense.com.br\/cbradar\/nomes-com-origem-indigena-que-estao-conquistando-os-registros-brasileiros-em-2025\/","title":{"rendered":"Nomes com origem ind\u00edgena que est\u00e3o conquistando os registros brasileiros em 2025"},"content":{"rendered":"\n<p>Em 2025, cresce o interesse por nomes que valorizam as ra\u00edzes culturais do Brasil, e muitos deles v\u00eam diretamente das l\u00ednguas e tradi\u00e7\u00f5es ind\u00edgenas. Op\u00e7\u00f5es como <strong>Iara<\/strong>, <strong>Araci<\/strong> e <strong>Cau\u00ea<\/strong> aparecem com mais frequ\u00eancia em cart\u00f3rios, impulsionadas pela busca por nomes curtos, sonoros e conectados \u00e0 natureza.<\/p>\n\n\n\n<h2 class=\"wp-block-heading\">Iara volta a se destacar pela for\u00e7a do folclore brasileiro<\/h2>\n\n\n\n<p>O nome <strong>Iara<\/strong> tem origem tupi e significa \u201c<strong>senhora das \u00e1guas<\/strong>\u201d ou \u201c<strong>m\u00e3e d\u2019\u00e1gua<\/strong>\u201d. Ele remete diretamente \u00e0 figura mitol\u00f3gica da sereia ind\u00edgena, muito presente em lendas populares. Em 2025, voltou a aparecer entre escolhas de fam\u00edlias que buscam nomes suaves, femininos e com v\u00ednculo afetivo com o folclore nacional.<\/p>\n\n\n\n<p>A musicalidade do nome e a imagem de beleza e encanto associadas \u00e0 personagem ajudam a explicar essa retomada de popularidade.<\/p>\n\n\n<div class=\"wp-block-image\">\n<figure class=\"aligncenter size-large\"><img decoding=\"async\" width=\"1024\" height=\"576\" src=\"https:\/\/www.correiobraziliense.com.br\/cbradar\/wp-content\/uploads\/2025\/12\/brazilian-indigenous_1765461590960-1024x576.jpg\" alt=\"Nomes com origem ind\u00edgena que est\u00e3o conquistando os registros brasileiros em 2025\" class=\"wp-image-154393\" srcset=\"https:\/\/www.correiobraziliense.com.br\/cbradar\/wp-content\/uploads\/2025\/12\/brazilian-indigenous_1765461590960-1024x576.jpg 1024w, https:\/\/www.correiobraziliense.com.br\/cbradar\/wp-content\/uploads\/2025\/12\/brazilian-indigenous_1765461590960-300x169.jpg 300w, https:\/\/www.correiobraziliense.com.br\/cbradar\/wp-content\/uploads\/2025\/12\/brazilian-indigenous_1765461590960-768x432.jpg 768w, https:\/\/www.correiobraziliense.com.br\/cbradar\/wp-content\/uploads\/2025\/12\/brazilian-indigenous_1765461590960-750x422.jpg 750w, https:\/\/www.correiobraziliense.com.br\/cbradar\/wp-content\/uploads\/2025\/12\/brazilian-indigenous_1765461590960-1140x641.jpg 1140w, https:\/\/www.correiobraziliense.com.br\/cbradar\/wp-content\/uploads\/2025\/12\/brazilian-indigenous_1765461590960.jpg 1280w\" sizes=\"(max-width: 1024px) 100vw, 1024px\" \/><figcaption class=\"wp-element-caption\">O nome Iara tem origem tupi e significa \u201csenhora das \u00e1guas\u201d ou \u201cm\u00e3e d\u2019\u00e1gua\u201d &#8211; Cr\u00e9ditos: depositphotos.com \/ joasouza<\/figcaption><\/figure><\/div>\n\n\n<h2 class=\"wp-block-heading\">Araci cresce entre os nomes femininos ligados \u00e0 natureza<\/h2>\n\n\n\n<p><strong>Araci<\/strong> tamb\u00e9m \u00e9 de origem tupi e significa \u201c<strong>m\u00e3e do dia<\/strong>\u201d ou \u201c<strong>aurora<\/strong>\u201d. Em algumas tradi\u00e7\u00f5es, \u00e9 o nome atribu\u00eddo a uma divindade associada ao amanhecer e ao ciclo da vida. O nome carrega simbolismo de luz, renova\u00e7\u00e3o e prote\u00e7\u00e3o.<\/p>\n\n\n\n<p>Por ser diferente, curto e culturalmente significativo, Araci vem atraindo fam\u00edlias que desejam nomes brasileiros aut\u00eanticos, mas n\u00e3o t\u00e3o difundidos quanto os mais tradicionais, abaixo, um v\u00eddeo por <strong>babynameees <\/strong>com inspira\u00e7\u00f5es de nomes e seus significados no TikTok:<\/p>\n\n\n\n<figure class=\"wp-block-embed is-type-video is-provider-tiktok wp-block-embed-tiktok\"><div class=\"wp-block-embed__wrapper\">\n<blockquote class=\"tiktok-embed\" cite=\"https:\/\/www.tiktok.com\/@babynameees\/video\/7481059243752164613\" data-video-id=\"7481059243752164613\" data-embed-from=\"oembed\" style=\"max-width:605px; min-width:325px;\"> <section> <a target=\"_blank\" title=\"@babynameees\" href=\"https:\/\/www.tiktok.com\/@babynameees?refer=embed\">@babynameees<\/a> <p>Os nomes ind\u00edgenas mais lindos para meninas\ud83c\udff9\ud83d\udc96 . . . <a title=\"nomesdebebes\" target=\"_blank\" href=\"https:\/\/www.tiktok.com\/tag\/nomesdebebes?refer=embed\">#nomesdebebes<\/a> <a title=\"bebe\" target=\"_blank\" href=\"https:\/\/www.tiktok.com\/tag\/bebe?refer=embed\">#bebe<\/a> <a title=\"indigena\" target=\"_blank\" href=\"https:\/\/www.tiktok.com\/tag\/indigena?refer=embed\">#indigena<\/a> <\/p> <a target=\"_blank\" title=\"\u266c som original - Baby Names\" href=\"https:\/\/www.tiktok.com\/music\/som-original-7481059291001146118?refer=embed\">\u266c som original &#8211; Baby Names<\/a> <\/section> <\/blockquote> <script async src=\"https:\/\/www.tiktok.com\/embed.js\"><\/script>\n<\/div><\/figure>\n\n\n\n<h2 class=\"wp-block-heading\">Cau\u00ea segue entre os nomes masculinos mais escolhidos<\/h2>\n\n\n\n<p><strong>Cau\u00ea<\/strong> j\u00e1 \u00e9 conhecido h\u00e1 anos, mas mant\u00e9m for\u00e7a nos registros. Ele vem do tupi e significa \u201c<strong>falc\u00e3o<\/strong>\u201d ou \u201c<strong>gavi\u00e3o<\/strong>\u201d, simbolizando vis\u00e3o agu\u00e7ada, liberdade e for\u00e7a. A sonoridade moderna e o significado ligado ao reino animal tornam o nome especialmente atrativo para fam\u00edlias que querem algo contempor\u00e2neo, mas com ra\u00edzes ind\u00edgenas.<\/p>\n\n\n\n<p>Outra vantagem \u00e9 a facilidade de pron\u00fancia e escrita, o que contribui para sua perman\u00eancia entre os favoritos.<\/p>\n\n\n<div class=\"wp-block-image\">\n<figure class=\"aligncenter size-large\"><img decoding=\"async\" width=\"1024\" height=\"576\" src=\"https:\/\/www.correiobraziliense.com.br\/cbradar\/wp-content\/uploads\/2025\/12\/brazilian-indigenous_1765461653231-1024x576.jpg\" alt=\"Nomes com origem ind\u00edgena que est\u00e3o conquistando os registros brasileiros em 2025\" class=\"wp-image-154395\" srcset=\"https:\/\/www.correiobraziliense.com.br\/cbradar\/wp-content\/uploads\/2025\/12\/brazilian-indigenous_1765461653231-1024x576.jpg 1024w, https:\/\/www.correiobraziliense.com.br\/cbradar\/wp-content\/uploads\/2025\/12\/brazilian-indigenous_1765461653231-300x169.jpg 300w, https:\/\/www.correiobraziliense.com.br\/cbradar\/wp-content\/uploads\/2025\/12\/brazilian-indigenous_1765461653231-768x432.jpg 768w, https:\/\/www.correiobraziliense.com.br\/cbradar\/wp-content\/uploads\/2025\/12\/brazilian-indigenous_1765461653231-750x422.jpg 750w, https:\/\/www.correiobraziliense.com.br\/cbradar\/wp-content\/uploads\/2025\/12\/brazilian-indigenous_1765461653231-1140x641.jpg 1140w, https:\/\/www.correiobraziliense.com.br\/cbradar\/wp-content\/uploads\/2025\/12\/brazilian-indigenous_1765461653231.jpg 1280w\" sizes=\"(max-width: 1024px) 100vw, 1024px\" \/><figcaption class=\"wp-element-caption\">Com significado forte e identidade cultural clara, nomes ind\u00edgenas devem continuar subindo nas listas de registros ao longo de 2025 e 2026 &#8211; Cr\u00e9ditos: depositphotos.com \/ tgthales@gmail.com<\/figcaption><\/figure><\/div>\n\n\n<h2 class=\"wp-block-heading\">Por que nomes ind\u00edgenas est\u00e3o ganhando espa\u00e7o em 2025?<\/h2>\n\n\n\n<p>Especialistas em tend\u00eancias de nomes apontam tr\u00eas fatores para essa popularidade:<\/p>\n\n\n\n<ul class=\"wp-block-list\">\n<li><strong>Valoriza\u00e7\u00e3o da cultura brasileira<\/strong>, especialmente entre jovens pais que desejam nomes que reflitam identidade nacional.<\/li>\n\n\n\n<li><strong>Nomes ligados \u00e0 natureza<\/strong> est\u00e3o em alta, e muitos nomes ind\u00edgenas carregam significados relacionados a \u00e1gua, animais, luz ou elementos naturais.<\/li>\n\n\n\n<li><strong>Busca por originalidade<\/strong>: nomes ind\u00edgenas s\u00e3o diferentes sem serem dif\u00edceis, equilibrando exclusividade e familiaridade.<\/li>\n<\/ul>\n\n\n\n<p><a href=\"https:\/\/www.correiobraziliense.com.br\/cbradar\/nomes-compostos-que-dao-prazer-em-ouvir-e-por-que-algumas-combinacoes-funcionam-tao-bem\/\" target=\"_blank\" rel=\"noreferrer noopener\">Com significado forte e identidade cultural<\/a> clara, nomes ind\u00edgenas devem continuar subindo nas listas de registros ao longo de 2025 e 2026.<\/p>\n","protected":false},"excerpt":{"rendered":"<p>Em 2025, cresce o interesse por nomes que valorizam as ra\u00edzes culturais do Brasil, e muitos deles v\u00eam diretamente das l\u00ednguas e tradi\u00e7\u00f5es ind\u00edgenas. Op\u00e7\u00f5es como Iara, Araci e Cau\u00ea aparecem com mais frequ\u00eancia em cart\u00f3rios, impulsionadas pela busca por nomes curtos, sonoros e conectados \u00e0 natureza. Iara volta a se destacar pela for\u00e7a do [&hellip;]<\/p>\n","protected":false},"author":18,"featured_media":154391,"comment_status":"open","ping_status":"open","sticky":false,"template":"","format":"standard","meta":{"_yoast_wpseo_focuskw":"nomes com origem ind\u00edgena","_yoast_wpseo_title":"","_yoast_wpseo_metadesc":"Esses nomes com origem ind\u00edgena est\u00e3o voltando com tudo. Cada um carrega um simbolismo poderoso que tem encantado pais e m\u00e3es pelo pa\u00eds.","jnews-multi-image_gallery":[],"jnews_single_post":{"format":"standard"},"jnews_primary_category":[],"jnews_social_meta":[],"jnews_override_counter":[],"footnotes":""},"categories":[112],"post_tag":[225,6284,4243,12657],"class_list":["post-154390","post","type-post","status-publish","format-standard","has-post-thumbnail","hentry","category-curiosidades","tag-brasil","tag-folclore","tag-origem","tag-raizes-indigenas"],"yoast_head":"<!-- This site is optimized with the Yoast SEO plugin v24.6 - https:\/\/yoast.com\/wordpress\/plugins\/seo\/ -->\n<title>Nomes com origem ind\u00edgena que est\u00e3o conquistando os registros brasileiros em 2025 - Correio Braziliense - Radar<\/title>\n<meta name=\"description\" content=\"Esses nomes com origem ind\u00edgena est\u00e3o voltando com tudo. Cada um carrega um simbolismo poderoso que tem encantado pais e m\u00e3es pelo pa\u00eds.\" \/>\n<meta name=\"robots\" content=\"index, follow, max-snippet:-1, max-image-preview:large, max-video-preview:-1\" \/>\n<link rel=\"canonical\" href=\"https:\/\/www.correiobraziliense.com.br\/cbradar\/nomes-com-origem-indigena-que-estao-conquistando-os-registros-brasileiros-em-2025\/\" \/>\n<meta property=\"og:locale\" content=\"pt_BR\" \/>\n<meta property=\"og:type\" content=\"article\" \/>\n<meta property=\"og:title\" content=\"Nomes com origem ind\u00edgena que est\u00e3o conquistando os registros brasileiros em 2025 - Correio Braziliense - Radar\" \/>\n<meta property=\"og:description\" content=\"Esses nomes com origem ind\u00edgena est\u00e3o voltando com tudo. Cada um carrega um simbolismo poderoso que tem encantado pais e m\u00e3es pelo pa\u00eds.\" \/>\n<meta property=\"og:url\" content=\"https:\/\/www.correiobraziliense.com.br\/cbradar\/nomes-com-origem-indigena-que-estao-conquistando-os-registros-brasileiros-em-2025\/\" \/>\n<meta property=\"og:site_name\" content=\"Correio Braziliense - Radar\" \/>\n<meta property=\"article:published_time\" content=\"2025-12-12T09:45:00+00:00\" \/>\n<meta property=\"og:image\" content=\"https:\/\/www.correiobraziliense.com.br\/cbradar\/wp-content\/uploads\/2025\/12\/brazilian-indigenous_1765461585547.jpg\" \/>\n\t<meta property=\"og:image:width\" content=\"1280\" \/>\n\t<meta property=\"og:image:height\" content=\"720\" \/>\n\t<meta property=\"og:image:type\" content=\"image\/jpeg\" \/>\n<meta name=\"author\" content=\"Maria Eduarda Pacheco\" \/>\n<meta name=\"twitter:card\" content=\"summary_large_image\" \/>\n<meta name=\"twitter:label1\" content=\"Escrito por\" \/>\n\t<meta name=\"twitter:data1\" content=\"Maria Eduarda Pacheco\" \/>\n\t<meta name=\"twitter:label2\" content=\"Est. tempo de leitura\" \/>\n\t<meta name=\"twitter:data2\" content=\"3 minutos\" \/>\n<!-- \/ Yoast SEO plugin. -->","yoast_head_json":{"title":"Nomes com origem ind\u00edgena que est\u00e3o conquistando os registros brasileiros em 2025 - Correio Braziliense - Radar","description":"Esses nomes com origem ind\u00edgena est\u00e3o voltando com tudo. Cada um carrega um simbolismo poderoso que tem encantado pais e m\u00e3es pelo pa\u00eds.","robots":{"index":"index","follow":"follow","max-snippet":"max-snippet:-1","max-image-preview":"max-image-preview:large","max-video-preview":"max-video-preview:-1"},"canonical":"https:\/\/www.correiobraziliense.com.br\/cbradar\/nomes-com-origem-indigena-que-estao-conquistando-os-registros-brasileiros-em-2025\/","og_locale":"pt_BR","og_type":"article","og_title":"Nomes com origem ind\u00edgena que est\u00e3o conquistando os registros brasileiros em 2025 - Correio Braziliense - Radar","og_description":"Esses nomes com origem ind\u00edgena est\u00e3o voltando com tudo. Cada um carrega um simbolismo poderoso que tem encantado pais e m\u00e3es pelo pa\u00eds.","og_url":"https:\/\/www.correiobraziliense.com.br\/cbradar\/nomes-com-origem-indigena-que-estao-conquistando-os-registros-brasileiros-em-2025\/","og_site_name":"Correio Braziliense - Radar","article_published_time":"2025-12-12T09:45:00+00:00","og_image":[{"width":1280,"height":720,"url":"https:\/\/www.correiobraziliense.com.br\/cbradar\/wp-content\/uploads\/2025\/12\/brazilian-indigenous_1765461585547.jpg","type":"image\/jpeg"}],"author":"Maria Eduarda Pacheco","twitter_card":"summary_large_image","twitter_misc":{"Escrito por":"Maria Eduarda Pacheco","Est. tempo de leitura":"3 minutos"},"schema":{"@context":"https:\/\/schema.org","@graph":[{"@type":"WebPage","@id":"https:\/\/www.correiobraziliense.com.br\/cbradar\/nomes-com-origem-indigena-que-estao-conquistando-os-registros-brasileiros-em-2025\/","url":"https:\/\/www.correiobraziliense.com.br\/cbradar\/nomes-com-origem-indigena-que-estao-conquistando-os-registros-brasileiros-em-2025\/","name":"Nomes com origem ind\u00edgena que est\u00e3o conquistando os registros brasileiros em 2025 - Correio Braziliense - Radar","isPartOf":{"@id":"https:\/\/www.correiobraziliense.com.br\/cbradar\/#website"},"primaryImageOfPage":{"@id":"https:\/\/www.correiobraziliense.com.br\/cbradar\/nomes-com-origem-indigena-que-estao-conquistando-os-registros-brasileiros-em-2025\/#primaryimage"},"image":{"@id":"https:\/\/www.correiobraziliense.com.br\/cbradar\/nomes-com-origem-indigena-que-estao-conquistando-os-registros-brasileiros-em-2025\/#primaryimage"},"thumbnailUrl":"https:\/\/www.correiobraziliense.com.br\/cbradar\/wp-content\/uploads\/2025\/12\/brazilian-indigenous_1765461585547.jpg","datePublished":"2025-12-12T09:45:00+00:00","author":{"@id":"https:\/\/www.correiobraziliense.com.br\/cbradar\/#\/schema\/person\/6fdd694c4c0d658f15df15f390ddf066"},"description":"Esses nomes com origem ind\u00edgena est\u00e3o voltando com tudo. Cada um carrega um simbolismo poderoso que tem encantado pais e m\u00e3es pelo pa\u00eds.","breadcrumb":{"@id":"https:\/\/www.correiobraziliense.com.br\/cbradar\/nomes-com-origem-indigena-que-estao-conquistando-os-registros-brasileiros-em-2025\/#breadcrumb"},"inLanguage":"pt-BR","potentialAction":[{"@type":"ReadAction","target":["https:\/\/www.correiobraziliense.com.br\/cbradar\/nomes-com-origem-indigena-que-estao-conquistando-os-registros-brasileiros-em-2025\/"]}]},{"@type":"ImageObject","inLanguage":"pt-BR","@id":"https:\/\/www.correiobraziliense.com.br\/cbradar\/nomes-com-origem-indigena-que-estao-conquistando-os-registros-brasileiros-em-2025\/#primaryimage","url":"https:\/\/www.correiobraziliense.com.br\/cbradar\/wp-content\/uploads\/2025\/12\/brazilian-indigenous_1765461585547.jpg","contentUrl":"https:\/\/www.correiobraziliense.com.br\/cbradar\/wp-content\/uploads\/2025\/12\/brazilian-indigenous_1765461585547.jpg","width":1280,"height":720,"caption":"Em 2025, cresce o interesse por nomes que valorizam as ra\u00edzes culturais do Brasil, e muitos deles v\u00eam diretamente das l\u00ednguas e tradi\u00e7\u00f5es ind\u00edgenas - Cr\u00e9ditos: depositphotos.com \/ joasouza"},{"@type":"BreadcrumbList","@id":"https:\/\/www.correiobraziliense.com.br\/cbradar\/nomes-com-origem-indigena-que-estao-conquistando-os-registros-brasileiros-em-2025\/#breadcrumb","itemListElement":[{"@type":"ListItem","position":1,"name":"In\u00edcio","item":"https:\/\/www.correiobraziliense.com.br\/cbradar\/"},{"@type":"ListItem","position":2,"name":"Nomes com origem ind\u00edgena que est\u00e3o conquistando os registros brasileiros em 2025"}]},{"@type":"WebSite","@id":"https:\/\/www.correiobraziliense.com.br\/cbradar\/#website","url":"https:\/\/www.correiobraziliense.com.br\/cbradar\/","name":"Correio Braziliense - Radar","description":"Acompanhe as \u00faltimas not\u00edcias e fique bem informado sobre tudo o que acontece no Brasil e no mundo.","potentialAction":[{"@type":"SearchAction","target":{"@type":"EntryPoint","urlTemplate":"https:\/\/www.correiobraziliense.com.br\/cbradar\/?s={search_term_string}"},"query-input":{"@type":"PropertyValueSpecification","valueRequired":true,"valueName":"search_term_string"}}],"inLanguage":"pt-BR"},{"@type":"Person","@id":"https:\/\/www.correiobraziliense.com.br\/cbradar\/#\/schema\/person\/6fdd694c4c0d658f15df15f390ddf066","name":"Maria Eduarda Pacheco","image":{"@type":"ImageObject","inLanguage":"pt-BR","@id":"https:\/\/www.correiobraziliense.com.br\/cbradar\/#\/schema\/person\/image\/","url":"https:\/\/secure.gravatar.com\/avatar\/f72a487b26fdeec08ba4868875ea328e?s=96&d=mm&r=g","contentUrl":"https:\/\/secure.gravatar.com\/avatar\/f72a487b26fdeec08ba4868875ea328e?s=96&d=mm&r=g","caption":"Maria Eduarda Pacheco"},"sameAs":["https:\/\/www.correiobraziliense.com.br\/cbradar\/"],"url":"https:\/\/www.correiobraziliense.com.br\/cbradar\/author\/maria-eduarda\/"}]}},"_links":{"self":[{"href":"https:\/\/www.correiobraziliense.com.br\/cbradar\/wp-json\/wp\/v2\/posts\/154390","targetHints":{"allow":["GET"]}}],"collection":[{"href":"https:\/\/www.correiobraziliense.com.br\/cbradar\/wp-json\/wp\/v2\/posts"}],"about":[{"href":"https:\/\/www.correiobraziliense.com.br\/cbradar\/wp-json\/wp\/v2\/types\/post"}],"author":[{"embeddable":true,"href":"https:\/\/www.correiobraziliense.com.br\/cbradar\/wp-json\/wp\/v2\/users\/18"}],"replies":[{"embeddable":true,"href":"https:\/\/www.correiobraziliense.com.br\/cbradar\/wp-json\/wp\/v2\/comments?post=154390"}],"version-history":[{"count":1,"href":"https:\/\/www.correiobraziliense.com.br\/cbradar\/wp-json\/wp\/v2\/posts\/154390\/revisions"}],"predecessor-version":[{"id":154397,"href":"https:\/\/www.correiobraziliense.com.br\/cbradar\/wp-json\/wp\/v2\/posts\/154390\/revisions\/154397"}],"wp:featuredmedia":[{"embeddable":true,"href":"https:\/\/www.correiobraziliense.com.br\/cbradar\/wp-json\/wp\/v2\/media\/154391"}],"wp:attachment":[{"href":"https:\/\/www.correiobraziliense.com.br\/cbradar\/wp-json\/wp\/v2\/media?parent=154390"}],"wp:term":[{"taxonomy":"category","embeddable":true,"href":"https:\/\/www.correiobraziliense.com.br\/cbradar\/wp-json\/wp\/v2\/categories?post=154390"},{"taxonomy":"post_tag","embeddable":true,"href":"https:\/\/www.correiobraziliense.com.br\/cbradar\/wp-json\/wp\/v2\/post_tag?post=154390"}],"curies":[{"name":"wp","href":"https:\/\/api.w.org\/{rel}","templated":true}]}}