{"id":154404,"date":"2025-12-12T08:45:00","date_gmt":"2025-12-12T11:45:00","guid":{"rendered":"https:\/\/www.correiobraziliense.com.br\/cbradar\/?p=154404"},"modified":"2025-12-11T11:26:07","modified_gmt":"2025-12-11T14:26:07","slug":"de-onde-vem-palavra-telefone-e-o-que-ela-realmente-quer-dizer-nos-dias-de-hoje","status":"publish","type":"post","link":"https:\/\/www.correiobraziliense.com.br\/cbradar\/de-onde-vem-palavra-telefone-e-o-que-ela-realmente-quer-dizer-nos-dias-de-hoje\/","title":{"rendered":"De onde vem palavra \u201ctelefone\u201d e o que ela realmente quer dizer nos dias de hoje"},"content":{"rendered":"\n<p>A palavra <strong>\u201ctelefone\u201d<\/strong> parece totalmente moderna, mas sua origem \u00e9 muito mais antiga, e vem do <strong>grego cl\u00e1ssico<\/strong>. Em 2025, quando celulares dobr\u00e1veis, c\u00e2meras avan\u00e7adas e chamadas por v\u00eddeo j\u00e1 fazem parte da rotina, pouca gente lembra que o nome desse aparelho nasceu muito antes da tecnologia existir.<\/p>\n\n\n\n<h2 class=\"wp-block-heading\">O que \u201ctelefone\u201d significa na origem grega?<\/h2>\n\n\n\n<p>A palavra vem da jun\u00e7\u00e3o de dois termos gregos:<\/p>\n\n\n\n<ul class=\"wp-block-list\">\n<li><strong>t\u00e9los<\/strong> (\u03c4\u1fc6\u03bb\u03b5) = \u201clonge\u201d<\/li>\n\n\n\n<li><strong>phon\u00e9<\/strong> (\u03c6\u03c9\u03bd\u03ae) = \u201csom\u201d ou \u201cvoz\u201d<\/li>\n<\/ul>\n\n\n\n<p>Ou seja, <strong>telefone significa literalmente \u201cvoz \u00e0 dist\u00e2ncia\u201d<\/strong>. O nome foi criado no s\u00e9culo XIX, quando inventores buscavam uma forma de transmitir sons por fios. Mesmo com toda a evolu\u00e7\u00e3o at\u00e9 2025, a ess\u00eancia continua a mesma: falar com algu\u00e9m que n\u00e3o est\u00e1 por perto.<\/p>\n\n\n<div class=\"wp-block-image\">\n<figure class=\"aligncenter size-large\"><img decoding=\"async\" width=\"1024\" height=\"576\" src=\"https:\/\/www.correiobraziliense.com.br\/cbradar\/wp-content\/uploads\/2025\/12\/telephone_1765462924482-1024x576.jpg\" alt=\"De onde vem palavra \u201ctelefone\u201d e o que ela realmente quer dizer nos dias de hoje\" class=\"wp-image-154407\" srcset=\"https:\/\/www.correiobraziliense.com.br\/cbradar\/wp-content\/uploads\/2025\/12\/telephone_1765462924482-1024x576.jpg 1024w, https:\/\/www.correiobraziliense.com.br\/cbradar\/wp-content\/uploads\/2025\/12\/telephone_1765462924482-300x169.jpg 300w, https:\/\/www.correiobraziliense.com.br\/cbradar\/wp-content\/uploads\/2025\/12\/telephone_1765462924482-768x432.jpg 768w, https:\/\/www.correiobraziliense.com.br\/cbradar\/wp-content\/uploads\/2025\/12\/telephone_1765462924482-750x422.jpg 750w, https:\/\/www.correiobraziliense.com.br\/cbradar\/wp-content\/uploads\/2025\/12\/telephone_1765462924482-1140x641.jpg 1140w, https:\/\/www.correiobraziliense.com.br\/cbradar\/wp-content\/uploads\/2025\/12\/telephone_1765462924482.jpg 1280w\" sizes=\"(max-width: 1024px) 100vw, 1024px\" \/><figcaption class=\"wp-element-caption\">telefone significa literalmente \u201cvoz \u00e0 dist\u00e2ncia\u201d &#8211; Cr\u00e9ditos: depositphotos.com \/ Gajus-Images<\/figcaption><\/figure><\/div>\n\n\n<h2 class=\"wp-block-heading\">Como palavras gregas entraram no nosso cotidiano?<\/h2>\n\n\n\n<p>O grego influenciou profundamente \u00e1reas como ci\u00eancia, filosofia, medicina e tecnologia. Muitas palavras foram adotadas porque descreviam ideias complexas de forma precisa. Com o tempo, passaram para o latim, para o franc\u00eas e chegaram ao portugu\u00eas.<\/p>\n\n\n\n<p>Hoje, usamos termos gregos o tempo todo sem perceber, e quase todos aparecem no dia a dia escolar, profissional ou digital, abaixo, um v\u00eddeo por <strong>Alomorfe <\/strong>no TikTok explicando um pouco mais sobre a similaridade das l\u00ednguas:<\/p>\n\n\n\n<figure class=\"wp-block-embed is-type-video is-provider-tiktok wp-block-embed-tiktok\"><div class=\"wp-block-embed__wrapper\">\n<blockquote class=\"tiktok-embed\" cite=\"https:\/\/www.tiktok.com\/@alomorfe\/video\/7451712118916713734\" data-video-id=\"7451712118916713734\" data-embed-from=\"oembed\" style=\"max-width:605px; min-width:325px;\"> <section> <a target=\"_blank\" title=\"@alomorfe\" href=\"https:\/\/www.tiktok.com\/@alomorfe?refer=embed\">@alomorfe<\/a> <p>Parece um mito grego, mas \u00e9 ling\u00fc\u00edstica hist\u00f3rica! <a title=\"linguistica\" target=\"_blank\" href=\"https:\/\/www.tiktok.com\/tag\/linguistica?refer=embed\">#linguistica<\/a> <a title=\"linguas\" target=\"_blank\" href=\"https:\/\/www.tiktok.com\/tag\/linguas?refer=embed\">#linguas<\/a> <a title=\"historia\" target=\"_blank\" href=\"https:\/\/www.tiktok.com\/tag\/historia?refer=embed\">#historia<\/a> <a title=\"historica\" target=\"_blank\" href=\"https:\/\/www.tiktok.com\/tag\/historica?refer=embed\">#historica<\/a> <a title=\"ingles\" target=\"_blank\" href=\"https:\/\/www.tiktok.com\/tag\/ingles?refer=embed\">#ingles<\/a> <a title=\"portugues\" target=\"_blank\" href=\"https:\/\/www.tiktok.com\/tag\/portugues?refer=embed\">#portugues<\/a> <a title=\"romanicas\" target=\"_blank\" href=\"https:\/\/www.tiktok.com\/tag\/romanicas?refer=embed\">#romanicas<\/a> <a title=\"latim\" target=\"_blank\" href=\"https:\/\/www.tiktok.com\/tag\/latim?refer=embed\">#latim<\/a> <a title=\"grego\" target=\"_blank\" href=\"https:\/\/www.tiktok.com\/tag\/grego?refer=embed\">#grego<\/a> <a title=\"fonologia\" target=\"_blank\" href=\"https:\/\/www.tiktok.com\/tag\/fonologia?refer=embed\">#fonologia<\/a> <a title=\"helenico\" target=\"_blank\" href=\"https:\/\/www.tiktok.com\/tag\/helenico?refer=embed\">#helenico<\/a> <a title=\"curiosidades\" target=\"_blank\" href=\"https:\/\/www.tiktok.com\/tag\/curiosidades?refer=embed\">#curiosidades<\/a> <a title=\"educacao\" target=\"_blank\" href=\"https:\/\/www.tiktok.com\/tag\/educacao?refer=embed\">#educacao<\/a> <a title=\"idiomas\" target=\"_blank\" href=\"https:\/\/www.tiktok.com\/tag\/idiomas?refer=embed\">#idiomas<\/a> <a title=\"ciencia\" target=\"_blank\" href=\"https:\/\/www.tiktok.com\/tag\/ciencia?refer=embed\">#ciencia<\/a> <a title=\"dicas\" target=\"_blank\" href=\"https:\/\/www.tiktok.com\/tag\/dicas?refer=embed\">#dicas<\/a> <a title=\"linguistics\" target=\"_blank\" href=\"https:\/\/www.tiktok.com\/tag\/linguistics?refer=embed\">#linguistics<\/a> <a title=\"languages\" target=\"_blank\" href=\"https:\/\/www.tiktok.com\/tag\/languages?refer=embed\">#languages<\/a> <a title=\"filologia\" target=\"_blank\" href=\"https:\/\/www.tiktok.com\/tag\/filologia?refer=embed\">#filologia<\/a> <a title=\"philology\" target=\"_blank\" href=\"https:\/\/www.tiktok.com\/tag\/philology?refer=embed\">#philology<\/a> <a title=\"history\" target=\"_blank\" href=\"https:\/\/www.tiktok.com\/tag\/history?refer=embed\">#history<\/a> <a title=\"indoeuropeu\" target=\"_blank\" href=\"https:\/\/www.tiktok.com\/tag\/indoeuropeu?refer=embed\">#indoeuropeu<\/a> <a title=\"indoeuropean\" target=\"_blank\" href=\"https:\/\/www.tiktok.com\/tag\/indoeuropean?refer=embed\">#indoeuropean<\/a> <a title=\"english\" target=\"_blank\" href=\"https:\/\/www.tiktok.com\/tag\/english?refer=embed\">#english<\/a> <a title=\"portuguese\" target=\"_blank\" href=\"https:\/\/www.tiktok.com\/tag\/portuguese?refer=embed\">#portuguese<\/a> <a title=\"romance\" target=\"_blank\" href=\"https:\/\/www.tiktok.com\/tag\/romance?refer=embed\">#romance<\/a> <a title=\"latin\" target=\"_blank\" href=\"https:\/\/www.tiktok.com\/tag\/latin?refer=embed\">#latin<\/a> <a title=\"greek\" target=\"_blank\" href=\"https:\/\/www.tiktok.com\/tag\/greek?refer=embed\">#greek<\/a> <a title=\"hellenic\" target=\"_blank\" href=\"https:\/\/www.tiktok.com\/tag\/hellenic?refer=embed\">#hellenic<\/a> <a title=\"phonology\" target=\"_blank\" href=\"https:\/\/www.tiktok.com\/tag\/phonology?refer=embed\">#phonology<\/a> <a title=\"curiosities\" target=\"_blank\" href=\"https:\/\/www.tiktok.com\/tag\/curiosities?refer=embed\">#curiosities<\/a> education science <a title=\"tips\" target=\"_blank\" href=\"https:\/\/www.tiktok.com\/tag\/tips?refer=embed\">#tips<\/a> <a title=\"historical\" target=\"_blank\" href=\"https:\/\/www.tiktok.com\/tag\/historical?refer=embed\">#historical<\/a> <a title=\"grecia\" target=\"_blank\" href=\"https:\/\/www.tiktok.com\/tag\/grecia?refer=embed\">#grecia<\/a> <a title=\"gregoantigo\" target=\"_blank\" href=\"https:\/\/www.tiktok.com\/tag\/gregoantigo?refer=embed\">#gregoantigo<\/a> <a title=\"ancient\" target=\"_blank\" href=\"https:\/\/www.tiktok.com\/tag\/ancient?refer=embed\">#ancient<\/a> <a title=\"greece\" target=\"_blank\" href=\"https:\/\/www.tiktok.com\/tag\/greece?refer=embed\">#greece<\/a> <a title=\"classic\" target=\"_blank\" href=\"https:\/\/www.tiktok.com\/tag\/classic?refer=embed\">#classic<\/a> <a title=\"classica\" target=\"_blank\" href=\"https:\/\/www.tiktok.com\/tag\/classica?refer=embed\">#classica<\/a><\/p> <a target=\"_blank\" title=\"\u266c som original - Alomorfe - Alomorfe\" href=\"https:\/\/www.tiktok.com\/music\/som-original-Alomorfe-7451712188547566342?refer=embed\">\u266c som original &#8211; Alomorfe &#8211; Alomorfe<\/a> <\/section> <\/blockquote> <script async src=\"https:\/\/www.tiktok.com\/embed.js\"><\/script>\n<\/div><\/figure>\n\n\n\n<h2 class=\"wp-block-heading\">Outras palavras de origem grega que voc\u00ea usa sem saber<\/h2>\n\n\n\n<p>Al\u00e9m de telefone, v\u00e1rias palavras do cotidiano tamb\u00e9m v\u00eam do grego. Algumas das mais conhecidas s\u00e3o:<\/p>\n\n\n\n<ul class=\"wp-block-list\">\n<li><strong>Fotografia<\/strong> \u2014 de <em>ph\u00f3s<\/em> (luz) + <em>graph\u00e9<\/em> (escrita). Literalmente: \u201cescrever com luz\u201d.<\/li>\n\n\n\n<li><strong>Biblioteca<\/strong> \u2014 de <em>bibl\u00edon<\/em> (livro) + <em>th\u00e9ke<\/em> (caixa). Ou seja: \u201ccaixa de livros\u201d.<\/li>\n\n\n\n<li><strong>Democracia<\/strong> \u2014 de <em>d\u00e9mos<\/em> (povo) + <em>kr\u00e1tos<\/em> (poder). \u201cPoder do povo\u201d.<\/li>\n\n\n\n<li><strong>Psiqu\u00ea<\/strong> \u2014 significa \u201calma\u201d ou \u201cesp\u00edrito\u201d. Origem de \u201cpsicologia\u201d.<\/li>\n\n\n\n<li><strong>Hip\u00f3tese<\/strong> \u2014 de <em>hyp\u00f3<\/em> (sob) + <em>th\u00e9sis<\/em> (posi\u00e7\u00e3o). Algo colocado \u201csob\u201d an\u00e1lise.<\/li>\n\n\n\n<li><strong>Cinema<\/strong> \u2014 de <em>k\u00ednema<\/em> (movimento). Literalmente: \u201carte do movimento\u201d.<\/li>\n<\/ul>\n\n\n\n<p>Mesmo palavras ligadas \u00e0 tecnologia atual, como <strong>microfone<\/strong> (\u201cpequeno som\u201d) e <strong>telefone<\/strong>, seguem sendo usadas com o mesmo sentido original de mais de dois mil anos atr\u00e1s.<\/p>\n\n\n<div class=\"wp-block-image\">\n<figure class=\"aligncenter size-large\"><img decoding=\"async\" width=\"1024\" height=\"576\" src=\"https:\/\/www.correiobraziliense.com.br\/cbradar\/wp-content\/uploads\/2025\/12\/greek-manuscript_1765462884825-1024x576.jpg\" alt=\"De onde vem palavra \u201ctelefone\u201d e o que ela realmente quer dizer nos dias de hoje\" class=\"wp-image-154406\" srcset=\"https:\/\/www.correiobraziliense.com.br\/cbradar\/wp-content\/uploads\/2025\/12\/greek-manuscript_1765462884825-1024x576.jpg 1024w, https:\/\/www.correiobraziliense.com.br\/cbradar\/wp-content\/uploads\/2025\/12\/greek-manuscript_1765462884825-300x169.jpg 300w, https:\/\/www.correiobraziliense.com.br\/cbradar\/wp-content\/uploads\/2025\/12\/greek-manuscript_1765462884825-768x432.jpg 768w, https:\/\/www.correiobraziliense.com.br\/cbradar\/wp-content\/uploads\/2025\/12\/greek-manuscript_1765462884825-750x422.jpg 750w, https:\/\/www.correiobraziliense.com.br\/cbradar\/wp-content\/uploads\/2025\/12\/greek-manuscript_1765462884825-1140x641.jpg 1140w, https:\/\/www.correiobraziliense.com.br\/cbradar\/wp-content\/uploads\/2025\/12\/greek-manuscript_1765462884825.jpg 1280w\" sizes=\"(max-width: 1024px) 100vw, 1024px\" \/><figcaption class=\"wp-element-caption\">v\u00e1rias palavras do cotidiano tamb\u00e9m v\u00eam do grego &#8211; Cr\u00e9ditos: depositphotos.com \/ Shnurochek13<\/figcaption><\/figure><\/div>\n\n\n<h2 class=\"wp-block-heading\">Por que essas palavras continuam vivas em 2025?<\/h2>\n\n\n\n<p>Os termos gregos permanecem porque s\u00e3o:<\/p>\n\n\n\n<ul class=\"wp-block-list\">\n<li><strong>claros<\/strong> \u2014 conseguem explicar conceitos complexos com poucas s\u00edlabas;<\/li>\n\n\n\n<li><strong>universais<\/strong> \u2014 aparecem em v\u00e1rias l\u00ednguas, facilitando comunica\u00e7\u00e3o global;<\/li>\n\n\n\n<li><strong>adapt\u00e1veis<\/strong> \u2014 funcionam tanto para objetos antigos quanto para tecnologias modernas.<\/li>\n<\/ul>\n\n\n\n<p>Assim, mesmo com smartphones cada vez mais avan\u00e7ados, seguimos usando uma palavra criada muito antes da eletricidade existir. E isso mostra como <a href=\"https:\/\/www.correiobraziliense.com.br\/cbradar\/a-origem-de-sapere-aude-e-por-que-ela-se-tornou-um-lema-moderno-para-quem-busca-conhecimento\/\" target=\"_blank\" rel=\"noreferrer noopener\">a hist\u00f3ria das l\u00ednguas permanece viva<\/a> dentro das inven\u00e7\u00f5es do presente.<\/p>\n","protected":false},"excerpt":{"rendered":"<p>A palavra \u201ctelefone\u201d parece totalmente moderna, mas sua origem \u00e9 muito mais antiga, e vem do grego cl\u00e1ssico. Em 2025, quando celulares dobr\u00e1veis, c\u00e2meras avan\u00e7adas e chamadas por v\u00eddeo j\u00e1 fazem parte da rotina, pouca gente lembra que o nome desse aparelho nasceu muito antes da tecnologia existir. O que \u201ctelefone\u201d significa na origem grega? [&hellip;]<\/p>\n","protected":false},"author":18,"featured_media":154405,"comment_status":"open","ping_status":"open","sticky":false,"template":"","format":"standard","meta":{"_yoast_wpseo_focuskw":"de onde vem a palavra telefone","_yoast_wpseo_title":"","_yoast_wpseo_metadesc":"A palavra telefone parece atual, mas tem origem no grego antigo. Veja o que significa e outras palavras que voc\u00ea usa sem saber sua origem.","jnews-multi-image_gallery":[],"jnews_single_post":{"format":"standard"},"jnews_primary_category":[],"jnews_social_meta":[],"jnews_override_counter":[],"footnotes":""},"categories":[112],"post_tag":[12661,4243,5829,12660],"class_list":["post-154404","post","type-post","status-publish","format-standard","has-post-thumbnail","hentry","category-curiosidades","tag-grego","tag-origem","tag-palavras","tag-telefone"],"yoast_head":"<!-- This site is optimized with the Yoast SEO plugin v24.6 - https:\/\/yoast.com\/wordpress\/plugins\/seo\/ -->\n<title>De onde vem palavra \u201ctelefone\u201d e o que ela realmente quer dizer nos dias de hoje - Correio Braziliense - Radar<\/title>\n<meta name=\"description\" content=\"A palavra telefone parece atual, mas tem origem no grego antigo. Veja o que significa e outras palavras que voc\u00ea usa sem saber sua origem.\" \/>\n<meta name=\"robots\" content=\"index, follow, max-snippet:-1, max-image-preview:large, max-video-preview:-1\" \/>\n<link rel=\"canonical\" href=\"https:\/\/www.correiobraziliense.com.br\/cbradar\/de-onde-vem-palavra-telefone-e-o-que-ela-realmente-quer-dizer-nos-dias-de-hoje\/\" \/>\n<meta property=\"og:locale\" content=\"pt_BR\" \/>\n<meta property=\"og:type\" content=\"article\" \/>\n<meta property=\"og:title\" content=\"De onde vem palavra \u201ctelefone\u201d e o que ela realmente quer dizer nos dias de hoje - Correio Braziliense - Radar\" \/>\n<meta property=\"og:description\" content=\"A palavra telefone parece atual, mas tem origem no grego antigo. Veja o que significa e outras palavras que voc\u00ea usa sem saber sua origem.\" \/>\n<meta property=\"og:url\" content=\"https:\/\/www.correiobraziliense.com.br\/cbradar\/de-onde-vem-palavra-telefone-e-o-que-ela-realmente-quer-dizer-nos-dias-de-hoje\/\" \/>\n<meta property=\"og:site_name\" content=\"Correio Braziliense - Radar\" \/>\n<meta property=\"article:published_time\" content=\"2025-12-12T11:45:00+00:00\" \/>\n<meta property=\"og:image\" content=\"https:\/\/www.correiobraziliense.com.br\/cbradar\/wp-content\/uploads\/2025\/12\/greek-manuscript_1765462876659.jpg\" \/>\n\t<meta property=\"og:image:width\" content=\"1280\" \/>\n\t<meta property=\"og:image:height\" content=\"720\" \/>\n\t<meta property=\"og:image:type\" content=\"image\/jpeg\" \/>\n<meta name=\"author\" content=\"Maria Eduarda Pacheco\" \/>\n<meta name=\"twitter:card\" content=\"summary_large_image\" \/>\n<meta name=\"twitter:label1\" content=\"Escrito por\" \/>\n\t<meta name=\"twitter:data1\" content=\"Maria Eduarda Pacheco\" \/>\n\t<meta name=\"twitter:label2\" content=\"Est. tempo de leitura\" \/>\n\t<meta name=\"twitter:data2\" content=\"3 minutos\" \/>\n<!-- \/ Yoast SEO plugin. -->","yoast_head_json":{"title":"De onde vem palavra \u201ctelefone\u201d e o que ela realmente quer dizer nos dias de hoje - Correio Braziliense - Radar","description":"A palavra telefone parece atual, mas tem origem no grego antigo. Veja o que significa e outras palavras que voc\u00ea usa sem saber sua origem.","robots":{"index":"index","follow":"follow","max-snippet":"max-snippet:-1","max-image-preview":"max-image-preview:large","max-video-preview":"max-video-preview:-1"},"canonical":"https:\/\/www.correiobraziliense.com.br\/cbradar\/de-onde-vem-palavra-telefone-e-o-que-ela-realmente-quer-dizer-nos-dias-de-hoje\/","og_locale":"pt_BR","og_type":"article","og_title":"De onde vem palavra \u201ctelefone\u201d e o que ela realmente quer dizer nos dias de hoje - Correio Braziliense - Radar","og_description":"A palavra telefone parece atual, mas tem origem no grego antigo. Veja o que significa e outras palavras que voc\u00ea usa sem saber sua origem.","og_url":"https:\/\/www.correiobraziliense.com.br\/cbradar\/de-onde-vem-palavra-telefone-e-o-que-ela-realmente-quer-dizer-nos-dias-de-hoje\/","og_site_name":"Correio Braziliense - Radar","article_published_time":"2025-12-12T11:45:00+00:00","og_image":[{"width":1280,"height":720,"url":"https:\/\/www.correiobraziliense.com.br\/cbradar\/wp-content\/uploads\/2025\/12\/greek-manuscript_1765462876659.jpg","type":"image\/jpeg"}],"author":"Maria Eduarda Pacheco","twitter_card":"summary_large_image","twitter_misc":{"Escrito por":"Maria Eduarda Pacheco","Est. tempo de leitura":"3 minutos"},"schema":{"@context":"https:\/\/schema.org","@graph":[{"@type":"WebPage","@id":"https:\/\/www.correiobraziliense.com.br\/cbradar\/de-onde-vem-palavra-telefone-e-o-que-ela-realmente-quer-dizer-nos-dias-de-hoje\/","url":"https:\/\/www.correiobraziliense.com.br\/cbradar\/de-onde-vem-palavra-telefone-e-o-que-ela-realmente-quer-dizer-nos-dias-de-hoje\/","name":"De onde vem palavra \u201ctelefone\u201d e o que ela realmente quer dizer nos dias de hoje - Correio Braziliense - Radar","isPartOf":{"@id":"https:\/\/www.correiobraziliense.com.br\/cbradar\/#website"},"primaryImageOfPage":{"@id":"https:\/\/www.correiobraziliense.com.br\/cbradar\/de-onde-vem-palavra-telefone-e-o-que-ela-realmente-quer-dizer-nos-dias-de-hoje\/#primaryimage"},"image":{"@id":"https:\/\/www.correiobraziliense.com.br\/cbradar\/de-onde-vem-palavra-telefone-e-o-que-ela-realmente-quer-dizer-nos-dias-de-hoje\/#primaryimage"},"thumbnailUrl":"https:\/\/www.correiobraziliense.com.br\/cbradar\/wp-content\/uploads\/2025\/12\/greek-manuscript_1765462876659.jpg","datePublished":"2025-12-12T11:45:00+00:00","author":{"@id":"https:\/\/www.correiobraziliense.com.br\/cbradar\/#\/schema\/person\/6fdd694c4c0d658f15df15f390ddf066"},"description":"A palavra telefone parece atual, mas tem origem no grego antigo. Veja o que significa e outras palavras que voc\u00ea usa sem saber sua origem.","breadcrumb":{"@id":"https:\/\/www.correiobraziliense.com.br\/cbradar\/de-onde-vem-palavra-telefone-e-o-que-ela-realmente-quer-dizer-nos-dias-de-hoje\/#breadcrumb"},"inLanguage":"pt-BR","potentialAction":[{"@type":"ReadAction","target":["https:\/\/www.correiobraziliense.com.br\/cbradar\/de-onde-vem-palavra-telefone-e-o-que-ela-realmente-quer-dizer-nos-dias-de-hoje\/"]}]},{"@type":"ImageObject","inLanguage":"pt-BR","@id":"https:\/\/www.correiobraziliense.com.br\/cbradar\/de-onde-vem-palavra-telefone-e-o-que-ela-realmente-quer-dizer-nos-dias-de-hoje\/#primaryimage","url":"https:\/\/www.correiobraziliense.com.br\/cbradar\/wp-content\/uploads\/2025\/12\/greek-manuscript_1765462876659.jpg","contentUrl":"https:\/\/www.correiobraziliense.com.br\/cbradar\/wp-content\/uploads\/2025\/12\/greek-manuscript_1765462876659.jpg","width":1280,"height":720,"caption":"O conceito ficou famoso por estar inscrito no Templo de Apolo, em Delfos, e foi amplamente discutido por fil\u00f3sofos como S\u00f3crates - Cr\u00e9ditos: depositphotos.com \/ Elena Subach"},{"@type":"BreadcrumbList","@id":"https:\/\/www.correiobraziliense.com.br\/cbradar\/de-onde-vem-palavra-telefone-e-o-que-ela-realmente-quer-dizer-nos-dias-de-hoje\/#breadcrumb","itemListElement":[{"@type":"ListItem","position":1,"name":"In\u00edcio","item":"https:\/\/www.correiobraziliense.com.br\/cbradar\/"},{"@type":"ListItem","position":2,"name":"De onde vem palavra \u201ctelefone\u201d e o que ela realmente quer dizer nos dias de hoje"}]},{"@type":"WebSite","@id":"https:\/\/www.correiobraziliense.com.br\/cbradar\/#website","url":"https:\/\/www.correiobraziliense.com.br\/cbradar\/","name":"Correio Braziliense - Radar","description":"Acompanhe as \u00faltimas not\u00edcias e fique bem informado sobre tudo o que acontece no Brasil e no mundo.","potentialAction":[{"@type":"SearchAction","target":{"@type":"EntryPoint","urlTemplate":"https:\/\/www.correiobraziliense.com.br\/cbradar\/?s={search_term_string}"},"query-input":{"@type":"PropertyValueSpecification","valueRequired":true,"valueName":"search_term_string"}}],"inLanguage":"pt-BR"},{"@type":"Person","@id":"https:\/\/www.correiobraziliense.com.br\/cbradar\/#\/schema\/person\/6fdd694c4c0d658f15df15f390ddf066","name":"Maria Eduarda Pacheco","image":{"@type":"ImageObject","inLanguage":"pt-BR","@id":"https:\/\/www.correiobraziliense.com.br\/cbradar\/#\/schema\/person\/image\/","url":"https:\/\/secure.gravatar.com\/avatar\/f72a487b26fdeec08ba4868875ea328e?s=96&d=mm&r=g","contentUrl":"https:\/\/secure.gravatar.com\/avatar\/f72a487b26fdeec08ba4868875ea328e?s=96&d=mm&r=g","caption":"Maria Eduarda Pacheco"},"sameAs":["https:\/\/www.correiobraziliense.com.br\/cbradar\/"],"url":"https:\/\/www.correiobraziliense.com.br\/cbradar\/author\/maria-eduarda\/"}]}},"_links":{"self":[{"href":"https:\/\/www.correiobraziliense.com.br\/cbradar\/wp-json\/wp\/v2\/posts\/154404","targetHints":{"allow":["GET"]}}],"collection":[{"href":"https:\/\/www.correiobraziliense.com.br\/cbradar\/wp-json\/wp\/v2\/posts"}],"about":[{"href":"https:\/\/www.correiobraziliense.com.br\/cbradar\/wp-json\/wp\/v2\/types\/post"}],"author":[{"embeddable":true,"href":"https:\/\/www.correiobraziliense.com.br\/cbradar\/wp-json\/wp\/v2\/users\/18"}],"replies":[{"embeddable":true,"href":"https:\/\/www.correiobraziliense.com.br\/cbradar\/wp-json\/wp\/v2\/comments?post=154404"}],"version-history":[{"count":1,"href":"https:\/\/www.correiobraziliense.com.br\/cbradar\/wp-json\/wp\/v2\/posts\/154404\/revisions"}],"predecessor-version":[{"id":154408,"href":"https:\/\/www.correiobraziliense.com.br\/cbradar\/wp-json\/wp\/v2\/posts\/154404\/revisions\/154408"}],"wp:featuredmedia":[{"embeddable":true,"href":"https:\/\/www.correiobraziliense.com.br\/cbradar\/wp-json\/wp\/v2\/media\/154405"}],"wp:attachment":[{"href":"https:\/\/www.correiobraziliense.com.br\/cbradar\/wp-json\/wp\/v2\/media?parent=154404"}],"wp:term":[{"taxonomy":"category","embeddable":true,"href":"https:\/\/www.correiobraziliense.com.br\/cbradar\/wp-json\/wp\/v2\/categories?post=154404"},{"taxonomy":"post_tag","embeddable":true,"href":"https:\/\/www.correiobraziliense.com.br\/cbradar\/wp-json\/wp\/v2\/post_tag?post=154404"}],"curies":[{"name":"wp","href":"https:\/\/api.w.org\/{rel}","templated":true}]}}