{"id":154448,"date":"2025-12-12T14:15:00","date_gmt":"2025-12-12T17:15:00","guid":{"rendered":"https:\/\/www.correiobraziliense.com.br\/cbradar\/?p=154448"},"modified":"2025-12-11T12:55:58","modified_gmt":"2025-12-11T15:55:58","slug":"poucos-sabem-por-que-a-chama-azul-do-fogao-e-sinal-de-economia-e-seguranca-em-2025","status":"publish","type":"post","link":"https:\/\/www.correiobraziliense.com.br\/cbradar\/poucos-sabem-por-que-a-chama-azul-do-fogao-e-sinal-de-economia-e-seguranca-em-2025\/","title":{"rendered":"Poucos sabem por que a chama azul do fog\u00e3o \u00e9 sinal de economia e seguran\u00e7a em 2025"},"content":{"rendered":"\n<p>Muita gente usa o fog\u00e3o todos os dias sem perceber que a cor da chama diz muito sobre <strong>seguran\u00e7a<\/strong>, <strong>consumo de g\u00e1s<\/strong> e at\u00e9 <strong>qualidade da combust\u00e3o<\/strong>. Em 2025, t\u00e9cnicos refor\u00e7am que a chama azul \u00e9 o padr\u00e3o ideal: ela indica que o g\u00e1s est\u00e1 queimando de forma eficiente e que o aparelho est\u00e1 funcionando corretamente. Quando a chama fica amarela, por\u00e9m, \u00e9 sinal de alerta.<\/p>\n\n\n\n<h2 class=\"wp-block-heading\">Por que a chama azul indica boa combust\u00e3o?<\/h2>\n\n\n\n<p>A cor azul aparece quando o g\u00e1s \u00e9 queimado com a quantidade certa de oxig\u00eanio. Isso significa que a combust\u00e3o est\u00e1 completa, gerando mais calor com menos desperd\u00edcio. Essa efici\u00eancia faz com que:<\/p>\n\n\n\n<ul class=\"wp-block-list\">\n<li>o fog\u00e3o cozinhe mais r\u00e1pido;<\/li>\n\n\n\n<li>o consumo de g\u00e1s seja menor;<\/li>\n\n\n\n<li>o risco de libera\u00e7\u00e3o de mon\u00f3xido de carbono seja reduzido.<\/li>\n<\/ul>\n\n\n\n<p>Por isso, chama azul \u00e9 sin\u00f4nimo de economia e <a href=\"https:\/\/www.correiobraziliense.com.br\/cbradar\/poucos-sabem-por-que-o-bicarbonato-e-a-casca-de-batata-formam-uma-dupla-poderosa-na-limpeza\/\" target=\"_blank\" rel=\"noreferrer noopener\">seguran\u00e7a dom\u00e9stica<\/a>.<\/p>\n\n\n<div class=\"wp-block-image\">\n<figure class=\"aligncenter size-large\"><img decoding=\"async\" width=\"1024\" height=\"576\" src=\"https:\/\/www.correiobraziliense.com.br\/cbradar\/wp-content\/uploads\/2025\/12\/fogao_1765468446176-1024x576.jpg\" alt=\"Poucos sabem por que a chama azul do fog\u00e3o \u00e9 sinal de economia e seguran\u00e7a em 2025\" class=\"wp-image-154451\" srcset=\"https:\/\/www.correiobraziliense.com.br\/cbradar\/wp-content\/uploads\/2025\/12\/fogao_1765468446176-1024x576.jpg 1024w, https:\/\/www.correiobraziliense.com.br\/cbradar\/wp-content\/uploads\/2025\/12\/fogao_1765468446176-300x169.jpg 300w, https:\/\/www.correiobraziliense.com.br\/cbradar\/wp-content\/uploads\/2025\/12\/fogao_1765468446176-768x432.jpg 768w, https:\/\/www.correiobraziliense.com.br\/cbradar\/wp-content\/uploads\/2025\/12\/fogao_1765468446176-750x422.jpg 750w, https:\/\/www.correiobraziliense.com.br\/cbradar\/wp-content\/uploads\/2025\/12\/fogao_1765468446176-1140x641.jpg 1140w, https:\/\/www.correiobraziliense.com.br\/cbradar\/wp-content\/uploads\/2025\/12\/fogao_1765468446176.jpg 1280w\" sizes=\"(max-width: 1024px) 100vw, 1024px\" \/><figcaption class=\"wp-element-caption\">Isso significa que a combust\u00e3o est\u00e1 completa, gerando mais calor com menos desperd\u00edcio &#8211; Cr\u00e9ditos: depositphotos.com \/ AlexDon24<\/figcaption><\/figure><\/div>\n\n\n<h2 class=\"wp-block-heading\">O que a chama amarela revela sobre o fog\u00e3o?<\/h2>\n\n\n\n<p>Quando a chama fica <strong>amarela ou alaranjada<\/strong>, a combust\u00e3o est\u00e1 incompleta. Isso acontece quando falta oxig\u00eanio ou quando h\u00e1 sujeira acumulada nos queimadores.<\/p>\n\n\n\n<p>Nesse caso, o fog\u00e3o consome mais g\u00e1s para produzir menos calor, aumentando o gasto e reduzindo a efici\u00eancia. Al\u00e9m disso, a combust\u00e3o incompleta pode liberar subst\u00e2ncias indesejadas no ambiente, como fuligem e mon\u00f3xido de carbono.<\/p>\n\n\n\n<h2 class=\"wp-block-heading\">O que fazer quando a chama do fog\u00e3o est\u00e1 amarela?<\/h2>\n\n\n\n<p>Se a chama n\u00e3o est\u00e1 azul, alguns cuidados simples podem resolver o problema:<\/p>\n\n\n\n<ul class=\"wp-block-list\">\n<li><strong>Limpe os queimadores<\/strong>: retire as pe\u00e7as e lave com \u00e1gua morna e detergente. Secar bem \u00e9 essencial.<\/li>\n\n\n\n<li><strong>Verifique se as sa\u00eddas de g\u00e1s est\u00e3o desobstru\u00eddas<\/strong>: pequenos res\u00edduos podem impedir a passagem correta do ar.<\/li>\n\n\n\n<li><strong>Observe se o fog\u00e3o est\u00e1 bem nivelado<\/strong>: inclina\u00e7\u00f5es podem comprometer a mistura ar\/g\u00e1s.<\/li>\n\n\n\n<li><strong>Cheque a ventila\u00e7\u00e3o da cozinha<\/strong>: falta de ar dificulta a combust\u00e3o.<\/li>\n<\/ul>\n\n\n\n<p>Se, mesmo ap\u00f3s a limpeza, a chama continuar amarela, o ideal \u00e9 chamar assist\u00eancia t\u00e9cnica para avaliar regulagem, desgaste ou poss\u00edvel vazamento.<\/p>\n\n\n<div class=\"wp-block-image\">\n<figure class=\"aligncenter size-large\"><img decoding=\"async\" width=\"1024\" height=\"576\" src=\"https:\/\/www.correiobraziliense.com.br\/cbradar\/wp-content\/uploads\/2025\/12\/fogao_1765468478289-1024x576.jpg\" alt=\"Poucos sabem por que a chama azul do fog\u00e3o \u00e9 sinal de economia e seguran\u00e7a em 2025\" class=\"wp-image-154453\" srcset=\"https:\/\/www.correiobraziliense.com.br\/cbradar\/wp-content\/uploads\/2025\/12\/fogao_1765468478289-1024x576.jpg 1024w, https:\/\/www.correiobraziliense.com.br\/cbradar\/wp-content\/uploads\/2025\/12\/fogao_1765468478289-300x169.jpg 300w, https:\/\/www.correiobraziliense.com.br\/cbradar\/wp-content\/uploads\/2025\/12\/fogao_1765468478289-768x432.jpg 768w, https:\/\/www.correiobraziliense.com.br\/cbradar\/wp-content\/uploads\/2025\/12\/fogao_1765468478289-750x422.jpg 750w, https:\/\/www.correiobraziliense.com.br\/cbradar\/wp-content\/uploads\/2025\/12\/fogao_1765468478289-1140x641.jpg 1140w, https:\/\/www.correiobraziliense.com.br\/cbradar\/wp-content\/uploads\/2025\/12\/fogao_1765468478289.jpg 1280w\" sizes=\"(max-width: 1024px) 100vw, 1024px\" \/><figcaption class=\"wp-element-caption\">Se, mesmo ap\u00f3s a limpeza, a chama continuar amarela, o ideal \u00e9 chamar assist\u00eancia t\u00e9cnica para avaliar regulagem &#8211; Cr\u00e9ditos: depositphotos.com \/ farvatar<\/figcaption><\/figure><\/div>\n\n\n<h2 class=\"wp-block-heading\">Por que compreender a cor da chama importa em 2025?<\/h2>\n\n\n\n<p>Com o aumento do pre\u00e7o do g\u00e1s e maior preocupa\u00e7\u00e3o com seguran\u00e7a dom\u00e9stica, entender a colora\u00e7\u00e3o da chama \u00e9 um jeito simples de economizar e evitar riscos. Fog\u00f5es bem ajustados reduzem consumo, previnem acidentes e funcionam com mais pot\u00eancia.<\/p>\n\n\n\n<p>Al\u00e9m desse detalhe, outra coisa a sempre ser observada \u00e9 o vazamento de g\u00e1s, abaixo, um v\u00eddeo por <strong>Mari Pavan, do Agiliza Lab<\/strong>, mostrando como faz em seu TikTok:<\/p>\n\n\n\n<figure class=\"wp-block-embed is-type-video is-provider-tiktok wp-block-embed-tiktok\"><div class=\"wp-block-embed__wrapper\">\n<blockquote class=\"tiktok-embed\" cite=\"https:\/\/www.tiktok.com\/@agilizalab\/video\/7354025871260372230\" data-video-id=\"7354025871260372230\" data-embed-from=\"oembed\" style=\"max-width:605px; min-width:325px;\"> <section> <a target=\"_blank\" title=\"@agilizalab\" href=\"https:\/\/www.tiktok.com\/@agilizalab?refer=embed\">@agilizalab<\/a> <p>Voc\u00ea j\u00e1 ouviu algu\u00e9m dizer que vai fazer um teste de vazamento de g\u00e1s com detergente? Esse \u00e9 um recurso visual que ajuda a gente a checar se uma conex\u00e3o ou instala\u00e7\u00e3o de mangueira foi bem feita, pq permite que a gente \u201cveja\u201d o g\u00e1s saindo! Vale lembrar que servi\u00e7os complexos de instala\u00e7\u00e3o ou manuten\u00e7\u00e3o de aquecedores, fog\u00f5es e outros equipamentos que usam g\u00e1s pra funcionar deve ser sempre feito por m\u00e3o de obra especializada, pra evitar acidentes! E voc\u00ea, j\u00e1 conhecia essa t\u00e9cnica?<\/p> <a target=\"_blank\" title=\"\u266c som original - Mari Pavan, do Agiliza Lab\" href=\"https:\/\/www.tiktok.com\/music\/som-original-7354025888000084742?refer=embed\">\u266c som original &#8211; Mari Pavan, do Agiliza Lab<\/a> <\/section> <\/blockquote> <script async src=\"https:\/\/www.tiktok.com\/embed.js\"><\/script>\n<\/div><\/figure>\n\n\n\n<p>Por isso, reparar na cor da chama \u00e9 um h\u00e1bito pequeno, mas que faz grande diferen\u00e7a no dia a dia.<\/p>\n","protected":false},"excerpt":{"rendered":"<p>Muita gente usa o fog\u00e3o todos os dias sem perceber que a cor da chama diz muito sobre seguran\u00e7a, consumo de g\u00e1s e at\u00e9 qualidade da combust\u00e3o. Em 2025, t\u00e9cnicos refor\u00e7am que a chama azul \u00e9 o padr\u00e3o ideal: ela indica que o g\u00e1s est\u00e1 queimando de forma eficiente e que o aparelho est\u00e1 funcionando [&hellip;]<\/p>\n","protected":false},"author":18,"featured_media":154450,"comment_status":"open","ping_status":"open","sticky":false,"template":"","format":"standard","meta":{"_yoast_wpseo_focuskw":"o que significa chama azul no fog\u00e3o","_yoast_wpseo_title":"","_yoast_wpseo_metadesc":"A cor da chama do fog\u00e3o pode indicar economia ou risco. Em 2025, especialistas alertam por que a chama azul \u00e9 essencial para sua seguran\u00e7a.","jnews-multi-image_gallery":[],"jnews_single_post":{"format":"standard"},"jnews_primary_category":[],"jnews_social_meta":[],"jnews_override_counter":[],"footnotes":""},"categories":[112],"tags":[925,12667,12668,2625],"class_list":["post-154448","post","type-post","status-publish","format-standard","has-post-thumbnail","hentry","category-curiosidades","tag-azul","tag-chama","tag-combustao","tag-fogao"],"yoast_head":"<!-- This site is optimized with the Yoast SEO plugin v24.6 - https:\/\/yoast.com\/wordpress\/plugins\/seo\/ -->\n<title>Poucos sabem por que a chama azul do fog\u00e3o \u00e9 sinal de economia e seguran\u00e7a em 2025 - Correio Braziliense - Radar<\/title>\n<meta name=\"description\" content=\"A cor da chama do fog\u00e3o pode indicar economia ou risco. Em 2025, especialistas alertam por que a chama azul \u00e9 essencial para sua seguran\u00e7a.\" \/>\n<meta name=\"robots\" content=\"index, follow, max-snippet:-1, max-image-preview:large, max-video-preview:-1\" \/>\n<link rel=\"canonical\" href=\"https:\/\/www.correiobraziliense.com.br\/cbradar\/poucos-sabem-por-que-a-chama-azul-do-fogao-e-sinal-de-economia-e-seguranca-em-2025\/\" \/>\n<meta property=\"og:locale\" content=\"pt_BR\" \/>\n<meta property=\"og:type\" content=\"article\" \/>\n<meta property=\"og:title\" content=\"Poucos sabem por que a chama azul do fog\u00e3o \u00e9 sinal de economia e seguran\u00e7a em 2025 - Correio Braziliense - Radar\" \/>\n<meta property=\"og:description\" content=\"A cor da chama do fog\u00e3o pode indicar economia ou risco. Em 2025, especialistas alertam por que a chama azul \u00e9 essencial para sua seguran\u00e7a.\" \/>\n<meta property=\"og:url\" content=\"https:\/\/www.correiobraziliense.com.br\/cbradar\/poucos-sabem-por-que-a-chama-azul-do-fogao-e-sinal-de-economia-e-seguranca-em-2025\/\" \/>\n<meta property=\"og:site_name\" content=\"Correio Braziliense - Radar\" \/>\n<meta property=\"article:published_time\" content=\"2025-12-12T17:15:00+00:00\" \/>\n<meta property=\"og:image\" content=\"https:\/\/www.correiobraziliense.com.br\/cbradar\/wp-content\/uploads\/2025\/12\/fogao_1765468440305.jpg\" \/>\n\t<meta property=\"og:image:width\" content=\"1280\" \/>\n\t<meta property=\"og:image:height\" content=\"720\" \/>\n\t<meta property=\"og:image:type\" content=\"image\/jpeg\" \/>\n<meta name=\"author\" content=\"Maria Eduarda Pacheco\" \/>\n<meta name=\"twitter:card\" content=\"summary_large_image\" \/>\n<meta name=\"twitter:label1\" content=\"Escrito por\" \/>\n\t<meta name=\"twitter:data1\" content=\"Maria Eduarda Pacheco\" \/>\n\t<meta name=\"twitter:label2\" content=\"Est. tempo de leitura\" \/>\n\t<meta name=\"twitter:data2\" content=\"4 minutos\" \/>\n<!-- \/ Yoast SEO plugin. -->","yoast_head_json":{"title":"Poucos sabem por que a chama azul do fog\u00e3o \u00e9 sinal de economia e seguran\u00e7a em 2025 - Correio Braziliense - Radar","description":"A cor da chama do fog\u00e3o pode indicar economia ou risco. Em 2025, especialistas alertam por que a chama azul \u00e9 essencial para sua seguran\u00e7a.","robots":{"index":"index","follow":"follow","max-snippet":"max-snippet:-1","max-image-preview":"max-image-preview:large","max-video-preview":"max-video-preview:-1"},"canonical":"https:\/\/www.correiobraziliense.com.br\/cbradar\/poucos-sabem-por-que-a-chama-azul-do-fogao-e-sinal-de-economia-e-seguranca-em-2025\/","og_locale":"pt_BR","og_type":"article","og_title":"Poucos sabem por que a chama azul do fog\u00e3o \u00e9 sinal de economia e seguran\u00e7a em 2025 - Correio Braziliense - Radar","og_description":"A cor da chama do fog\u00e3o pode indicar economia ou risco. Em 2025, especialistas alertam por que a chama azul \u00e9 essencial para sua seguran\u00e7a.","og_url":"https:\/\/www.correiobraziliense.com.br\/cbradar\/poucos-sabem-por-que-a-chama-azul-do-fogao-e-sinal-de-economia-e-seguranca-em-2025\/","og_site_name":"Correio Braziliense - Radar","article_published_time":"2025-12-12T17:15:00+00:00","og_image":[{"width":1280,"height":720,"url":"https:\/\/www.correiobraziliense.com.br\/cbradar\/wp-content\/uploads\/2025\/12\/fogao_1765468440305.jpg","type":"image\/jpeg"}],"author":"Maria Eduarda Pacheco","twitter_card":"summary_large_image","twitter_misc":{"Escrito por":"Maria Eduarda Pacheco","Est. tempo de leitura":"4 minutos"},"schema":{"@context":"https:\/\/schema.org","@graph":[{"@type":"WebPage","@id":"https:\/\/www.correiobraziliense.com.br\/cbradar\/poucos-sabem-por-que-a-chama-azul-do-fogao-e-sinal-de-economia-e-seguranca-em-2025\/","url":"https:\/\/www.correiobraziliense.com.br\/cbradar\/poucos-sabem-por-que-a-chama-azul-do-fogao-e-sinal-de-economia-e-seguranca-em-2025\/","name":"Poucos sabem por que a chama azul do fog\u00e3o \u00e9 sinal de economia e seguran\u00e7a em 2025 - Correio Braziliense - Radar","isPartOf":{"@id":"https:\/\/www.correiobraziliense.com.br\/cbradar\/#website"},"primaryImageOfPage":{"@id":"https:\/\/www.correiobraziliense.com.br\/cbradar\/poucos-sabem-por-que-a-chama-azul-do-fogao-e-sinal-de-economia-e-seguranca-em-2025\/#primaryimage"},"image":{"@id":"https:\/\/www.correiobraziliense.com.br\/cbradar\/poucos-sabem-por-que-a-chama-azul-do-fogao-e-sinal-de-economia-e-seguranca-em-2025\/#primaryimage"},"thumbnailUrl":"https:\/\/www.correiobraziliense.com.br\/cbradar\/wp-content\/uploads\/2025\/12\/fogao_1765468440305.jpg","datePublished":"2025-12-12T17:15:00+00:00","author":{"@id":"https:\/\/www.correiobraziliense.com.br\/cbradar\/#\/schema\/person\/6fdd694c4c0d658f15df15f390ddf066"},"description":"A cor da chama do fog\u00e3o pode indicar economia ou risco. Em 2025, especialistas alertam por que a chama azul \u00e9 essencial para sua seguran\u00e7a.","breadcrumb":{"@id":"https:\/\/www.correiobraziliense.com.br\/cbradar\/poucos-sabem-por-que-a-chama-azul-do-fogao-e-sinal-de-economia-e-seguranca-em-2025\/#breadcrumb"},"inLanguage":"pt-BR","potentialAction":[{"@type":"ReadAction","target":["https:\/\/www.correiobraziliense.com.br\/cbradar\/poucos-sabem-por-que-a-chama-azul-do-fogao-e-sinal-de-economia-e-seguranca-em-2025\/"]}]},{"@type":"ImageObject","inLanguage":"pt-BR","@id":"https:\/\/www.correiobraziliense.com.br\/cbradar\/poucos-sabem-por-que-a-chama-azul-do-fogao-e-sinal-de-economia-e-seguranca-em-2025\/#primaryimage","url":"https:\/\/www.correiobraziliense.com.br\/cbradar\/wp-content\/uploads\/2025\/12\/fogao_1765468440305.jpg","contentUrl":"https:\/\/www.correiobraziliense.com.br\/cbradar\/wp-content\/uploads\/2025\/12\/fogao_1765468440305.jpg","width":1280,"height":720,"caption":"Muita gente usa o fog\u00e3o todos os dias sem perceber que a cor da chama diz muito sobre seguran\u00e7a, consumo de g\u00e1s e at\u00e9 qualidade da combust\u00e3o - Cr\u00e9ditos: depositphotos.com \/ hamikus"},{"@type":"BreadcrumbList","@id":"https:\/\/www.correiobraziliense.com.br\/cbradar\/poucos-sabem-por-que-a-chama-azul-do-fogao-e-sinal-de-economia-e-seguranca-em-2025\/#breadcrumb","itemListElement":[{"@type":"ListItem","position":1,"name":"In\u00edcio","item":"https:\/\/www.correiobraziliense.com.br\/cbradar\/"},{"@type":"ListItem","position":2,"name":"Poucos sabem por que a chama azul do fog\u00e3o \u00e9 sinal de economia e seguran\u00e7a em 2025"}]},{"@type":"WebSite","@id":"https:\/\/www.correiobraziliense.com.br\/cbradar\/#website","url":"https:\/\/www.correiobraziliense.com.br\/cbradar\/","name":"Correio Braziliense - Radar","description":"Acompanhe as \u00faltimas not\u00edcias e fique bem informado sobre tudo o que acontece no Brasil e no mundo.","potentialAction":[{"@type":"SearchAction","target":{"@type":"EntryPoint","urlTemplate":"https:\/\/www.correiobraziliense.com.br\/cbradar\/?s={search_term_string}"},"query-input":{"@type":"PropertyValueSpecification","valueRequired":true,"valueName":"search_term_string"}}],"inLanguage":"pt-BR"},{"@type":"Person","@id":"https:\/\/www.correiobraziliense.com.br\/cbradar\/#\/schema\/person\/6fdd694c4c0d658f15df15f390ddf066","name":"Maria Eduarda Pacheco","image":{"@type":"ImageObject","inLanguage":"pt-BR","@id":"https:\/\/www.correiobraziliense.com.br\/cbradar\/#\/schema\/person\/image\/","url":"https:\/\/secure.gravatar.com\/avatar\/f72a487b26fdeec08ba4868875ea328e?s=96&d=mm&r=g","contentUrl":"https:\/\/secure.gravatar.com\/avatar\/f72a487b26fdeec08ba4868875ea328e?s=96&d=mm&r=g","caption":"Maria Eduarda Pacheco"},"sameAs":["https:\/\/www.correiobraziliense.com.br\/cbradar\/"],"url":"https:\/\/www.correiobraziliense.com.br\/cbradar\/author\/maria-eduarda\/"}]}},"_links":{"self":[{"href":"https:\/\/www.correiobraziliense.com.br\/cbradar\/wp-json\/wp\/v2\/posts\/154448","targetHints":{"allow":["GET"]}}],"collection":[{"href":"https:\/\/www.correiobraziliense.com.br\/cbradar\/wp-json\/wp\/v2\/posts"}],"about":[{"href":"https:\/\/www.correiobraziliense.com.br\/cbradar\/wp-json\/wp\/v2\/types\/post"}],"author":[{"embeddable":true,"href":"https:\/\/www.correiobraziliense.com.br\/cbradar\/wp-json\/wp\/v2\/users\/18"}],"replies":[{"embeddable":true,"href":"https:\/\/www.correiobraziliense.com.br\/cbradar\/wp-json\/wp\/v2\/comments?post=154448"}],"version-history":[{"count":1,"href":"https:\/\/www.correiobraziliense.com.br\/cbradar\/wp-json\/wp\/v2\/posts\/154448\/revisions"}],"predecessor-version":[{"id":154454,"href":"https:\/\/www.correiobraziliense.com.br\/cbradar\/wp-json\/wp\/v2\/posts\/154448\/revisions\/154454"}],"wp:featuredmedia":[{"embeddable":true,"href":"https:\/\/www.correiobraziliense.com.br\/cbradar\/wp-json\/wp\/v2\/media\/154450"}],"wp:attachment":[{"href":"https:\/\/www.correiobraziliense.com.br\/cbradar\/wp-json\/wp\/v2\/media?parent=154448"}],"wp:term":[{"taxonomy":"category","embeddable":true,"href":"https:\/\/www.correiobraziliense.com.br\/cbradar\/wp-json\/wp\/v2\/categories?post=154448"},{"taxonomy":"post_tag","embeddable":true,"href":"https:\/\/www.correiobraziliense.com.br\/cbradar\/wp-json\/wp\/v2\/tags?post=154448"}],"curies":[{"name":"wp","href":"https:\/\/api.w.org\/{rel}","templated":true}]}}