{"id":154473,"date":"2025-12-12T17:35:00","date_gmt":"2025-12-12T20:35:00","guid":{"rendered":"https:\/\/www.correiobraziliense.com.br\/cbradar\/?p=154473"},"modified":"2025-12-11T13:32:10","modified_gmt":"2025-12-11T16:32:10","slug":"o-que-significa-sapere-aude-a-frase-latina-que-inspirou-o-iluminismo-e-ainda-e-atual-em-2025","status":"publish","type":"post","link":"https:\/\/www.correiobraziliense.com.br\/cbradar\/o-que-significa-sapere-aude-a-frase-latina-que-inspirou-o-iluminismo-e-ainda-e-atual-em-2025\/","title":{"rendered":"O que significa \u201cSapere Aude\u201d, a frase latina que inspirou o Iluminismo e ainda \u00e9 atual em 2025"},"content":{"rendered":"\n<p>A express\u00e3o latina <strong>\u201cSapere Aude\u201d<\/strong> significa <strong>\u201couse saber\u201d<\/strong> ou <strong>\u201catreva-se a conhecer\u201d<\/strong>. Ela ganhou for\u00e7a no s\u00e9culo XVIII, quando fil\u00f3sofos do Iluminismo a adotaram como lema para incentivar a autonomia intelectual, a busca por conhecimento e a liberdade de pensamento. Em 2025, a frase volta a fazer sentido, talvez mais do que nunca, em um mundo em que pensar por conta pr\u00f3pria se tornou um verdadeiro desafio.<\/p>\n\n\n\n<h2 class=\"wp-block-heading\">O que \u201cSapere Aude\u201d representava no Iluminismo?<\/h2>\n\n\n\n<p>Para pensadores da \u00e9poca, como Immanuel Kant, \u201cSapere Aude\u201d era um apelo para que as pessoas deixassem de depender cegamente da autoridade e passassem a confiar na pr\u00f3pria raz\u00e3o. Era um convite para estudar, perguntar, investigar e questionar o que parecia \u00f3bvio.<\/p>\n\n\n\n<p>A frase ficou marcada como um s\u00edmbolo de <strong>coragem intelectual<\/strong>: a ideia de que saber exige esfor\u00e7o, autonomia e a disposi\u00e7\u00e3o de enfrentar verdades que nem sempre s\u00e3o confort\u00e1veis.<\/p>\n\n\n<div class=\"wp-block-image\">\n<figure class=\"aligncenter size-large\"><img decoding=\"async\" width=\"1024\" height=\"576\" src=\"https:\/\/www.correiobraziliense.com.br\/cbradar\/wp-content\/uploads\/2025\/12\/filosofia_1765465357259-1024x576.jpg\" alt=\"O que significa \u201cSapere Aude\u201d, a frase latina que inspirou o Iluminismo e ainda \u00e9 atual em 2025\" class=\"wp-image-154434\" srcset=\"https:\/\/www.correiobraziliense.com.br\/cbradar\/wp-content\/uploads\/2025\/12\/filosofia_1765465357259-1024x576.jpg 1024w, https:\/\/www.correiobraziliense.com.br\/cbradar\/wp-content\/uploads\/2025\/12\/filosofia_1765465357259-300x169.jpg 300w, https:\/\/www.correiobraziliense.com.br\/cbradar\/wp-content\/uploads\/2025\/12\/filosofia_1765465357259-768x432.jpg 768w, https:\/\/www.correiobraziliense.com.br\/cbradar\/wp-content\/uploads\/2025\/12\/filosofia_1765465357259-750x422.jpg 750w, https:\/\/www.correiobraziliense.com.br\/cbradar\/wp-content\/uploads\/2025\/12\/filosofia_1765465357259-1140x641.jpg 1140w, https:\/\/www.correiobraziliense.com.br\/cbradar\/wp-content\/uploads\/2025\/12\/filosofia_1765465357259.jpg 1280w\" sizes=\"(max-width: 1024px) 100vw, 1024px\" \/><figcaption class=\"wp-element-caption\">Vivemos um per\u00edodo em que informa\u00e7\u00f5es circulam em velocidade recorde, e nem sempre com qualidade &#8211; Cr\u00e9ditos: depositphotos.com \/ monticello<\/figcaption><\/figure><\/div>\n\n\n<h2 class=\"wp-block-heading\">Por que a frase ainda \u00e9 t\u00e3o poderosa em 2025?<\/h2>\n\n\n\n<p>Vivemos um per\u00edodo em que informa\u00e7\u00f5es circulam em velocidade recorde, e nem sempre com qualidade. Redes sociais e aplicativos de mensagens amplificam <strong>fake news<\/strong>, opini\u00f5es sem base e conte\u00fados manipulado.<\/p>\n\n\n\n<p>Nesse contexto, \u201cSapere Aude\u201d surge como lembrete atual: \u00e9 preciso ter coragem para buscar fontes confi\u00e1veis, checar dados e pensar de forma cr\u00edtica, mesmo quando isso contraria o que a maioria est\u00e1 repetindo.<\/p>\n\n\n\n<p>Immaunuel Kant foi um dos maiores pensadores e fil\u00f3sofos de sua \u00e9poca, com papel importante para o iluminismo, <strong>Professor Thiago Hot<\/strong> fala sobre em seu TikTok sobre a grande personalidade:<\/p>\n\n\n\n<figure class=\"wp-block-embed is-type-video is-provider-tiktok wp-block-embed-tiktok\"><div class=\"wp-block-embed__wrapper\">\n<blockquote class=\"tiktok-embed\" cite=\"https:\/\/www.tiktok.com\/@professorthiagohot\/video\/7353752942660406533\" data-video-id=\"7353752942660406533\" data-embed-from=\"oembed\" style=\"max-width:605px; min-width:325px;\"> <section> <a target=\"_blank\" title=\"@professorthiagohot\" href=\"https:\/\/www.tiktok.com\/@professorthiagohot?refer=embed\">@professorthiagohot<\/a> <p>Aprenda Kant em 1 minuto e meio! <a title=\"enem2024\" target=\"_blank\" href=\"https:\/\/www.tiktok.com\/tag\/enem2024?refer=embed\">#enem2024<\/a> <a title=\"enem\" target=\"_blank\" href=\"https:\/\/www.tiktok.com\/tag\/enem?refer=embed\">#enem<\/a> <a title=\"filosofia\" target=\"_blank\" href=\"https:\/\/www.tiktok.com\/tag\/filosofia?refer=embed\">#filosofia<\/a> <\/p> <a target=\"_blank\" title=\"\u266c som original - Professor Thiago Hot\" href=\"https:\/\/www.tiktok.com\/music\/som-original-7353752971719445253?refer=embed\">\u266c som original &#8211; Professor Thiago Hot<\/a> <\/section> <\/blockquote> <script async src=\"https:\/\/www.tiktok.com\/embed.js\"><\/script>\n<\/div><\/figure>\n\n\n\n<h2 class=\"wp-block-heading\">Como \u201cousar saber\u201d se tornou um ato de resist\u00eancia?<\/h2>\n\n\n\n<p><a href=\"https:\/\/www.correiobraziliense.com.br\/cbradar\/o-que-quer-dizer-homo-homini-lupus-e-por-que-essa-frase-ainda-define-nossa-sociedade\/\" target=\"_blank\" rel=\"noreferrer noopener\">Pensar por conta pr\u00f3pria<\/a>, em 2025, significa:<\/p>\n\n\n\n<ul class=\"wp-block-list\">\n<li><strong>n\u00e3o aceitar informa\u00e7\u00f5es prontas<\/strong> sem verificar sua origem;<\/li>\n\n\n\n<li><strong>questionar discursos f\u00e1ceis<\/strong> e solu\u00e7\u00f5es milagrosas;<\/li>\n\n\n\n<li><strong>valorizar conhecimento<\/strong> vindo de ci\u00eancia, educa\u00e7\u00e3o e pesquisa;<\/li>\n\n\n\n<li><strong>refletir antes de compartilhar<\/strong> para evitar alimentar desinforma\u00e7\u00e3o.<\/li>\n<\/ul>\n\n\n\n<p>Hoje, ousar saber \u00e9 quase um ato de responsabilidade social, uma forma de proteger a si mesmo e ao outro.<\/p>\n\n\n<div class=\"wp-block-image\">\n<figure class=\"aligncenter size-large\"><img decoding=\"async\" width=\"1024\" height=\"576\" src=\"https:\/\/www.correiobraziliense.com.br\/cbradar\/wp-content\/uploads\/2025\/12\/immanuel-Kant_1765470564686-1024x576.jpg\" alt=\"O que significa \u201cSapere Aude\u201d, a frase latina que inspirou o Iluminismo e ainda \u00e9 atual em 2025\" class=\"wp-image-154476\" srcset=\"https:\/\/www.correiobraziliense.com.br\/cbradar\/wp-content\/uploads\/2025\/12\/immanuel-Kant_1765470564686-1024x576.jpg 1024w, https:\/\/www.correiobraziliense.com.br\/cbradar\/wp-content\/uploads\/2025\/12\/immanuel-Kant_1765470564686-300x169.jpg 300w, https:\/\/www.correiobraziliense.com.br\/cbradar\/wp-content\/uploads\/2025\/12\/immanuel-Kant_1765470564686-768x432.jpg 768w, https:\/\/www.correiobraziliense.com.br\/cbradar\/wp-content\/uploads\/2025\/12\/immanuel-Kant_1765470564686-750x422.jpg 750w, https:\/\/www.correiobraziliense.com.br\/cbradar\/wp-content\/uploads\/2025\/12\/immanuel-Kant_1765470564686-1140x641.jpg 1140w, https:\/\/www.correiobraziliense.com.br\/cbradar\/wp-content\/uploads\/2025\/12\/immanuel-Kant_1765470564686.jpg 1280w\" sizes=\"(max-width: 1024px) 100vw, 1024px\" \/><figcaption class=\"wp-element-caption\">Para pensadores da \u00e9poca, como Immanuel Kant, \u201cSapere Aude\u201d era um apelo para que as pessoas deixassem de depender cegamente da autoridade &#8211; Cr\u00e9ditos: depositphotos.com \/ Morphart<\/figcaption><\/figure><\/div>\n\n\n<h2 class=\"wp-block-heading\">Como aplicar \u201cSapere Aude\u201d no dia a dia?<\/h2>\n\n\n\n<p>O esp\u00edrito da frase pode ser cultivado em atitudes simples:<\/p>\n\n\n\n<ul class=\"wp-block-list\">\n<li>ler al\u00e9m dos t\u00edtulos e manchetes;<\/li>\n\n\n\n<li>buscar mais de uma fonte antes de acreditar em algo;<\/li>\n\n\n\n<li>conversar com pessoas que pensam diferente para ampliar a vis\u00e3o;<\/li>\n\n\n\n<li>priorizar conte\u00fado educativo e verific\u00e1vel.<\/li>\n<\/ul>\n\n\n\n<p>Em um mundo cheio de barulho, \u201cSapere Aude\u201d continua sendo um chamado \u00e0 lucidez, ao pensamento cr\u00edtico e ao poder transformador do conhecimento.<\/p>\n","protected":false},"excerpt":{"rendered":"<p>A express\u00e3o latina \u201cSapere Aude\u201d significa \u201couse saber\u201d ou \u201catreva-se a conhecer\u201d. Ela ganhou for\u00e7a no s\u00e9culo XVIII, quando fil\u00f3sofos do Iluminismo a adotaram como lema para incentivar a autonomia intelectual, a busca por conhecimento e a liberdade de pensamento. Em 2025, a frase volta a fazer sentido, talvez mais do que nunca, em um [&hellip;]<\/p>\n","protected":false},"author":18,"featured_media":154475,"comment_status":"open","ping_status":"open","sticky":false,"template":"","format":"standard","meta":{"_yoast_wpseo_focuskw":"o que significa sapere aude","_yoast_wpseo_title":"","_yoast_wpseo_metadesc":"Sapere Aude, o lema do Iluminismo, inspira em 2025 quem busca lucidez em meio ao caos. Veja como ele pode transformar sua forma de pensar.","jnews-multi-image_gallery":[],"jnews_single_post":{"format":"standard"},"jnews_primary_category":[],"jnews_social_meta":[],"jnews_override_counter":[],"footnotes":""},"categories":[112],"post_tag":[5078,12670,12552,5812],"class_list":["post-154473","post","type-post","status-publish","format-standard","has-post-thumbnail","hentry","category-curiosidades","tag-filosofia","tag-iluminismo","tag-sapere-aude","tag-significado"],"yoast_head":"<!-- This site is optimized with the Yoast SEO plugin v24.6 - https:\/\/yoast.com\/wordpress\/plugins\/seo\/ -->\n<title>O que significa \u201cSapere Aude\u201d, a frase latina que inspirou o Iluminismo e ainda \u00e9 atual em 2025 - Correio Braziliense - Radar<\/title>\n<meta name=\"description\" content=\"Sapere Aude, o lema do Iluminismo, inspira em 2025 quem busca lucidez em meio ao caos. Veja como ele pode transformar sua forma de pensar.\" \/>\n<meta name=\"robots\" content=\"index, follow, max-snippet:-1, max-image-preview:large, max-video-preview:-1\" \/>\n<link rel=\"canonical\" href=\"https:\/\/www.correiobraziliense.com.br\/cbradar\/o-que-significa-sapere-aude-a-frase-latina-que-inspirou-o-iluminismo-e-ainda-e-atual-em-2025\/\" \/>\n<meta property=\"og:locale\" content=\"pt_BR\" \/>\n<meta property=\"og:type\" content=\"article\" \/>\n<meta property=\"og:title\" content=\"O que significa \u201cSapere Aude\u201d, a frase latina que inspirou o Iluminismo e ainda \u00e9 atual em 2025 - Correio Braziliense - Radar\" \/>\n<meta property=\"og:description\" content=\"Sapere Aude, o lema do Iluminismo, inspira em 2025 quem busca lucidez em meio ao caos. Veja como ele pode transformar sua forma de pensar.\" \/>\n<meta property=\"og:url\" content=\"https:\/\/www.correiobraziliense.com.br\/cbradar\/o-que-significa-sapere-aude-a-frase-latina-que-inspirou-o-iluminismo-e-ainda-e-atual-em-2025\/\" \/>\n<meta property=\"og:site_name\" content=\"Correio Braziliense - Radar\" \/>\n<meta property=\"article:published_time\" content=\"2025-12-12T20:35:00+00:00\" \/>\n<meta property=\"og:image\" content=\"https:\/\/www.correiobraziliense.com.br\/cbradar\/wp-content\/uploads\/2025\/12\/immanuel-Kant_1765470553798.jpg\" \/>\n\t<meta property=\"og:image:width\" content=\"1280\" \/>\n\t<meta property=\"og:image:height\" content=\"720\" \/>\n\t<meta property=\"og:image:type\" content=\"image\/jpeg\" \/>\n<meta name=\"author\" content=\"Maria Eduarda Pacheco\" \/>\n<meta name=\"twitter:card\" content=\"summary_large_image\" \/>\n<meta name=\"twitter:label1\" content=\"Escrito por\" \/>\n\t<meta name=\"twitter:data1\" content=\"Maria Eduarda Pacheco\" \/>\n\t<meta name=\"twitter:label2\" content=\"Est. tempo de leitura\" \/>\n\t<meta name=\"twitter:data2\" content=\"3 minutos\" \/>\n<!-- \/ Yoast SEO plugin. -->","yoast_head_json":{"title":"O que significa \u201cSapere Aude\u201d, a frase latina que inspirou o Iluminismo e ainda \u00e9 atual em 2025 - Correio Braziliense - Radar","description":"Sapere Aude, o lema do Iluminismo, inspira em 2025 quem busca lucidez em meio ao caos. Veja como ele pode transformar sua forma de pensar.","robots":{"index":"index","follow":"follow","max-snippet":"max-snippet:-1","max-image-preview":"max-image-preview:large","max-video-preview":"max-video-preview:-1"},"canonical":"https:\/\/www.correiobraziliense.com.br\/cbradar\/o-que-significa-sapere-aude-a-frase-latina-que-inspirou-o-iluminismo-e-ainda-e-atual-em-2025\/","og_locale":"pt_BR","og_type":"article","og_title":"O que significa \u201cSapere Aude\u201d, a frase latina que inspirou o Iluminismo e ainda \u00e9 atual em 2025 - Correio Braziliense - Radar","og_description":"Sapere Aude, o lema do Iluminismo, inspira em 2025 quem busca lucidez em meio ao caos. Veja como ele pode transformar sua forma de pensar.","og_url":"https:\/\/www.correiobraziliense.com.br\/cbradar\/o-que-significa-sapere-aude-a-frase-latina-que-inspirou-o-iluminismo-e-ainda-e-atual-em-2025\/","og_site_name":"Correio Braziliense - Radar","article_published_time":"2025-12-12T20:35:00+00:00","og_image":[{"width":1280,"height":720,"url":"https:\/\/www.correiobraziliense.com.br\/cbradar\/wp-content\/uploads\/2025\/12\/immanuel-Kant_1765470553798.jpg","type":"image\/jpeg"}],"author":"Maria Eduarda Pacheco","twitter_card":"summary_large_image","twitter_misc":{"Escrito por":"Maria Eduarda Pacheco","Est. tempo de leitura":"3 minutos"},"schema":{"@context":"https:\/\/schema.org","@graph":[{"@type":"WebPage","@id":"https:\/\/www.correiobraziliense.com.br\/cbradar\/o-que-significa-sapere-aude-a-frase-latina-que-inspirou-o-iluminismo-e-ainda-e-atual-em-2025\/","url":"https:\/\/www.correiobraziliense.com.br\/cbradar\/o-que-significa-sapere-aude-a-frase-latina-que-inspirou-o-iluminismo-e-ainda-e-atual-em-2025\/","name":"O que significa \u201cSapere Aude\u201d, a frase latina que inspirou o Iluminismo e ainda \u00e9 atual em 2025 - Correio Braziliense - Radar","isPartOf":{"@id":"https:\/\/www.correiobraziliense.com.br\/cbradar\/#website"},"primaryImageOfPage":{"@id":"https:\/\/www.correiobraziliense.com.br\/cbradar\/o-que-significa-sapere-aude-a-frase-latina-que-inspirou-o-iluminismo-e-ainda-e-atual-em-2025\/#primaryimage"},"image":{"@id":"https:\/\/www.correiobraziliense.com.br\/cbradar\/o-que-significa-sapere-aude-a-frase-latina-que-inspirou-o-iluminismo-e-ainda-e-atual-em-2025\/#primaryimage"},"thumbnailUrl":"https:\/\/www.correiobraziliense.com.br\/cbradar\/wp-content\/uploads\/2025\/12\/immanuel-Kant_1765470553798.jpg","datePublished":"2025-12-12T20:35:00+00:00","author":{"@id":"https:\/\/www.correiobraziliense.com.br\/cbradar\/#\/schema\/person\/6fdd694c4c0d658f15df15f390ddf066"},"description":"Sapere Aude, o lema do Iluminismo, inspira em 2025 quem busca lucidez em meio ao caos. Veja como ele pode transformar sua forma de pensar.","breadcrumb":{"@id":"https:\/\/www.correiobraziliense.com.br\/cbradar\/o-que-significa-sapere-aude-a-frase-latina-que-inspirou-o-iluminismo-e-ainda-e-atual-em-2025\/#breadcrumb"},"inLanguage":"pt-BR","potentialAction":[{"@type":"ReadAction","target":["https:\/\/www.correiobraziliense.com.br\/cbradar\/o-que-significa-sapere-aude-a-frase-latina-que-inspirou-o-iluminismo-e-ainda-e-atual-em-2025\/"]}]},{"@type":"ImageObject","inLanguage":"pt-BR","@id":"https:\/\/www.correiobraziliense.com.br\/cbradar\/o-que-significa-sapere-aude-a-frase-latina-que-inspirou-o-iluminismo-e-ainda-e-atual-em-2025\/#primaryimage","url":"https:\/\/www.correiobraziliense.com.br\/cbradar\/wp-content\/uploads\/2025\/12\/immanuel-Kant_1765470553798.jpg","contentUrl":"https:\/\/www.correiobraziliense.com.br\/cbradar\/wp-content\/uploads\/2025\/12\/immanuel-Kant_1765470553798.jpg","width":1280,"height":720,"caption":"A express\u00e3o latina \u201cSapere Aude\u201d significa \u201couse saber\u201d ou \u201catreva-se a conhecer\u201d - Cr\u00e9ditos: depositphotos.com \/ pictrider"},{"@type":"BreadcrumbList","@id":"https:\/\/www.correiobraziliense.com.br\/cbradar\/o-que-significa-sapere-aude-a-frase-latina-que-inspirou-o-iluminismo-e-ainda-e-atual-em-2025\/#breadcrumb","itemListElement":[{"@type":"ListItem","position":1,"name":"In\u00edcio","item":"https:\/\/www.correiobraziliense.com.br\/cbradar\/"},{"@type":"ListItem","position":2,"name":"O que significa \u201cSapere Aude\u201d, a frase latina que inspirou o Iluminismo e ainda \u00e9 atual em 2025"}]},{"@type":"WebSite","@id":"https:\/\/www.correiobraziliense.com.br\/cbradar\/#website","url":"https:\/\/www.correiobraziliense.com.br\/cbradar\/","name":"Correio Braziliense - Radar","description":"Acompanhe as \u00faltimas not\u00edcias e fique bem informado sobre tudo o que acontece no Brasil e no mundo.","potentialAction":[{"@type":"SearchAction","target":{"@type":"EntryPoint","urlTemplate":"https:\/\/www.correiobraziliense.com.br\/cbradar\/?s={search_term_string}"},"query-input":{"@type":"PropertyValueSpecification","valueRequired":true,"valueName":"search_term_string"}}],"inLanguage":"pt-BR"},{"@type":"Person","@id":"https:\/\/www.correiobraziliense.com.br\/cbradar\/#\/schema\/person\/6fdd694c4c0d658f15df15f390ddf066","name":"Maria Eduarda Pacheco","image":{"@type":"ImageObject","inLanguage":"pt-BR","@id":"https:\/\/www.correiobraziliense.com.br\/cbradar\/#\/schema\/person\/image\/","url":"https:\/\/secure.gravatar.com\/avatar\/f72a487b26fdeec08ba4868875ea328e?s=96&d=mm&r=g","contentUrl":"https:\/\/secure.gravatar.com\/avatar\/f72a487b26fdeec08ba4868875ea328e?s=96&d=mm&r=g","caption":"Maria Eduarda Pacheco"},"sameAs":["https:\/\/www.correiobraziliense.com.br\/cbradar\/"],"url":"https:\/\/www.correiobraziliense.com.br\/cbradar\/author\/maria-eduarda\/"}]}},"_links":{"self":[{"href":"https:\/\/www.correiobraziliense.com.br\/cbradar\/wp-json\/wp\/v2\/posts\/154473","targetHints":{"allow":["GET"]}}],"collection":[{"href":"https:\/\/www.correiobraziliense.com.br\/cbradar\/wp-json\/wp\/v2\/posts"}],"about":[{"href":"https:\/\/www.correiobraziliense.com.br\/cbradar\/wp-json\/wp\/v2\/types\/post"}],"author":[{"embeddable":true,"href":"https:\/\/www.correiobraziliense.com.br\/cbradar\/wp-json\/wp\/v2\/users\/18"}],"replies":[{"embeddable":true,"href":"https:\/\/www.correiobraziliense.com.br\/cbradar\/wp-json\/wp\/v2\/comments?post=154473"}],"version-history":[{"count":1,"href":"https:\/\/www.correiobraziliense.com.br\/cbradar\/wp-json\/wp\/v2\/posts\/154473\/revisions"}],"predecessor-version":[{"id":154477,"href":"https:\/\/www.correiobraziliense.com.br\/cbradar\/wp-json\/wp\/v2\/posts\/154473\/revisions\/154477"}],"wp:featuredmedia":[{"embeddable":true,"href":"https:\/\/www.correiobraziliense.com.br\/cbradar\/wp-json\/wp\/v2\/media\/154475"}],"wp:attachment":[{"href":"https:\/\/www.correiobraziliense.com.br\/cbradar\/wp-json\/wp\/v2\/media?parent=154473"}],"wp:term":[{"taxonomy":"category","embeddable":true,"href":"https:\/\/www.correiobraziliense.com.br\/cbradar\/wp-json\/wp\/v2\/categories?post=154473"},{"taxonomy":"post_tag","embeddable":true,"href":"https:\/\/www.correiobraziliense.com.br\/cbradar\/wp-json\/wp\/v2\/post_tag?post=154473"}],"curies":[{"name":"wp","href":"https:\/\/api.w.org\/{rel}","templated":true}]}}