{"id":154491,"date":"2025-12-12T20:05:00","date_gmt":"2025-12-12T23:05:00","guid":{"rendered":"https:\/\/www.correiobraziliense.com.br\/cbradar\/?p=154491"},"modified":"2025-12-11T14:06:23","modified_gmt":"2025-12-11T17:06:23","slug":"o-que-significa-carpe-diem-a-frase-que-convida-a-viver-o-agora-sem-arrependimentos","status":"publish","type":"post","link":"https:\/\/www.correiobraziliense.com.br\/cbradar\/o-que-significa-carpe-diem-a-frase-que-convida-a-viver-o-agora-sem-arrependimentos\/","title":{"rendered":"O que significa \u201cCarpe Diem\u201d, a frase que convida a viver o agora sem arrependimentos"},"content":{"rendered":"\n<p>A express\u00e3o latina <strong>\u201cCarpe Diem\u201d<\/strong> costuma ser traduzida como \u201caproveite o dia\u201d. Mas o significado original \u00e9 mais profundo do que simplesmente sair fazendo tudo sem pensar. Em 2025, a frase reaparece em debates sobre bem-estar, equil\u00edbrio e sa\u00fade mental justamente porque prop\u00f5e uma rela\u00e7\u00e3o mais consciente com o tempo, algo essencial em meio \u00e0 correria moderna.<\/p>\n\n\n\n<h2 class=\"wp-block-heading\">A origem de \u201cCarpe Diem\u201d e o sentido que se perdeu ao longo do tempo<\/h2>\n\n\n\n<p>A frase foi escrita pelo poeta romano Hor\u00e1cio no s\u00e9culo I a.C. No contexto latino, \u201ccarpere\u201d significava <strong>colher<\/strong>, como quem colhe um fruto maduro no momento certo. Ou seja: n\u00e3o \u00e9 apenas \u201cviver intensamente\u201d, mas <strong>viver com percep\u00e7\u00e3o do presente<\/strong>, sabendo que o futuro \u00e9 incerto.<\/p>\n\n\n\n<p>Com o passar dos s\u00e9culos, \u201cCarpe Diem\u201d ganhou vers\u00f5es mais rasas, muitas vezes associadas a impulsividade. Mas o sentido original \u00e9 quase o oposto: trata-se de <strong>valorizar o agora com responsabilidade<\/strong>.<\/p>\n\n\n<div class=\"wp-block-image\">\n<figure class=\"aligncenter size-large\"><img decoding=\"async\" width=\"1024\" height=\"576\" src=\"https:\/\/www.correiobraziliense.com.br\/cbradar\/wp-content\/uploads\/2025\/12\/filosofia_1765465357259-1024x576.jpg\" alt=\"O que significa \u201cCarpe Diem\u201d, a frase que convida a viver o agora sem arrependimentos\" class=\"wp-image-154434\" srcset=\"https:\/\/www.correiobraziliense.com.br\/cbradar\/wp-content\/uploads\/2025\/12\/filosofia_1765465357259-1024x576.jpg 1024w, https:\/\/www.correiobraziliense.com.br\/cbradar\/wp-content\/uploads\/2025\/12\/filosofia_1765465357259-300x169.jpg 300w, https:\/\/www.correiobraziliense.com.br\/cbradar\/wp-content\/uploads\/2025\/12\/filosofia_1765465357259-768x432.jpg 768w, https:\/\/www.correiobraziliense.com.br\/cbradar\/wp-content\/uploads\/2025\/12\/filosofia_1765465357259-750x422.jpg 750w, https:\/\/www.correiobraziliense.com.br\/cbradar\/wp-content\/uploads\/2025\/12\/filosofia_1765465357259-1140x641.jpg 1140w, https:\/\/www.correiobraziliense.com.br\/cbradar\/wp-content\/uploads\/2025\/12\/filosofia_1765465357259.jpg 1280w\" sizes=\"(max-width: 1024px) 100vw, 1024px\" \/><figcaption class=\"wp-element-caption\">A frase foi escrita pelo poeta romano Hor\u00e1cio no s\u00e9culo I a.C. No contexto latino, \u201ccarpere\u201d significava colher, como quem colhe um fruto maduro no momento certo &#8211; Cr\u00e9ditos: depositphotos.com \/ monticello<\/figcaption><\/figure><\/div>\n\n\n<h2 class=\"wp-block-heading\">O que \u201cCarpe Diem\u201d realmente prop\u00f5e?<\/h2>\n\n\n\n<p>A mensagem central \u00e9 simples e profunda:<\/p>\n\n\n\n<ul class=\"wp-block-list\">\n<li><strong>n\u00e3o adiar o que \u00e9 importante<\/strong>;<\/li>\n\n\n\n<li><strong>n\u00e3o viver no piloto autom\u00e1tico<\/strong>;<\/li>\n\n\n\n<li><strong>aproveitar oportunidades reais<\/strong>, e n\u00e3o apenas est\u00edmulos passageiros;<\/li>\n\n\n\n<li><strong>aceitar que o tempo \u00e9 limitado<\/strong> e por isso deve ser vivido com inten\u00e7\u00e3o.<\/li>\n<\/ul>\n\n\n\n<p>Em vez de excesso, \u201cCarpe Diem\u201d fala de presen\u00e7a, a frase possui a fama de ter sido criada nas redes sociais, abaixo, <strong>sombradacaverna<\/strong> fala sobre em seu TikTok:<\/p>\n\n\n\n<figure class=\"wp-block-embed is-type-video is-provider-tiktok wp-block-embed-tiktok\"><div class=\"wp-block-embed__wrapper\">\n<blockquote class=\"tiktok-embed\" cite=\"https:\/\/www.tiktok.com\/@sombradacaverna\/video\/7547477097619475718\" data-video-id=\"7547477097619475718\" data-embed-from=\"oembed\" style=\"max-width:605px; min-width:325px;\"> <section> <a target=\"_blank\" title=\"@sombradacaverna\" href=\"https:\/\/www.tiktok.com\/@sombradacaverna?refer=embed\">@sombradacaverna<\/a> <p>Voc\u00ea sabe de onde vem a frase Carpe Diem? Ela n\u00e3o nasceu em frases motivacionais modernas, mas no cora\u00e7\u00e3o da Roma Antiga, com o poeta Hor\u00e1cio. Um lembrete eterno: o amanh\u00e3 \u00e9 incerto, mas o agora \u00e9 nosso. <a title=\"filosofia\" target=\"_blank\" href=\"https:\/\/www.tiktok.com\/tag\/filosofia?refer=embed\">#Filosofia<\/a> <a title=\"carpediem\" target=\"_blank\" href=\"https:\/\/www.tiktok.com\/tag\/carpediem?refer=embed\">#CarpeDiem<\/a> <a title=\"horacio\" target=\"_blank\" href=\"https:\/\/www.tiktok.com\/tag\/horacio?refer=embed\">#Horacio<\/a> <a title=\"filosofiaantiga\" target=\"_blank\" href=\"https:\/\/www.tiktok.com\/tag\/filosofiaantiga?refer=embed\">#FilosofiaAntiga<\/a> <a title=\"reflex\u00e3o\" target=\"_blank\" href=\"https:\/\/www.tiktok.com\/tag\/reflex%C3%A3o?refer=embed\">#Reflex\u00e3o<\/a><\/p> <a target=\"_blank\" title=\"\u266c Cathedral - cleanmindsounds\" href=\"https:\/\/www.tiktok.com\/music\/Cathedral-7320279534669072386?refer=embed\">\u266c Cathedral &#8211; cleanmindsounds<\/a> <\/section> <\/blockquote> <script async src=\"https:\/\/www.tiktok.com\/embed.js\"><\/script>\n<\/div><\/figure>\n\n\n\n<h2 class=\"wp-block-heading\">Por que a frase inspira tanto em 2025?<\/h2>\n\n\n\n<p>Vivemos em uma \u00e9poca marcada por ansiedade, multitarefas e sensa\u00e7\u00e3o constante de urg\u00eancia. Nesse cen\u00e1rio, a ideia de \u201ccolher o dia\u201d, um dia de cada vez, funciona como \u00e2ncora emocional.<\/p>\n\n\n\n<p>Psic\u00f3logos apontam que incorporar essa mentalidade ajuda a:<\/p>\n\n\n\n<ul class=\"wp-block-list\">\n<li>reduzir arrependimentos;<\/li>\n\n\n\n<li>diminuir a sobrecarga mental do futuro;<\/li>\n\n\n\n<li>fortalecer escolhas mais alinhadas ao que realmente importa.<\/li>\n<\/ul>\n\n\n\n<p>\u201cCarpe Diem\u201d vira, ent\u00e3o, um ant\u00eddoto para a pressa e uma lembran\u00e7a de que o presente \u00e9 o \u00fanico tempo que, de fato, podemos viver.<\/p>\n\n\n<div class=\"wp-block-image\">\n<figure class=\"aligncenter size-large\"><img decoding=\"async\" width=\"1024\" height=\"576\" src=\"https:\/\/www.correiobraziliense.com.br\/cbradar\/wp-content\/uploads\/2025\/12\/carpe-diem_1765472483711-1024x576.jpg\" alt=\"O que significa \u201cCarpe Diem\u201d, a frase que convida a viver o agora sem arrependimentos\" class=\"wp-image-154493\" srcset=\"https:\/\/www.correiobraziliense.com.br\/cbradar\/wp-content\/uploads\/2025\/12\/carpe-diem_1765472483711-1024x576.jpg 1024w, https:\/\/www.correiobraziliense.com.br\/cbradar\/wp-content\/uploads\/2025\/12\/carpe-diem_1765472483711-300x169.jpg 300w, https:\/\/www.correiobraziliense.com.br\/cbradar\/wp-content\/uploads\/2025\/12\/carpe-diem_1765472483711-768x432.jpg 768w, https:\/\/www.correiobraziliense.com.br\/cbradar\/wp-content\/uploads\/2025\/12\/carpe-diem_1765472483711-750x422.jpg 750w, https:\/\/www.correiobraziliense.com.br\/cbradar\/wp-content\/uploads\/2025\/12\/carpe-diem_1765472483711-1140x641.jpg 1140w, https:\/\/www.correiobraziliense.com.br\/cbradar\/wp-content\/uploads\/2025\/12\/carpe-diem_1765472483711.jpg 1280w\" sizes=\"(max-width: 1024px) 100vw, 1024px\" \/><figcaption class=\"wp-element-caption\">Nesse cen\u00e1rio, a ideia de \u201ccolher o dia\u201d, um dia de cada vez, funciona como \u00e2ncora emocional &#8211; Cr\u00e9ditos: depositphotos.com \/ tepic<\/figcaption><\/figure><\/div>\n\n\n<h2 class=\"wp-block-heading\">Como aplicar \u201cCarpe Diem\u201d na vida moderna?<\/h2>\n\n\n\n<p><a href=\"https:\/\/www.correiobraziliense.com.br\/cbradar\/o-que-quer-dizer-homo-homini-lupus-e-por-que-essa-frase-ainda-define-nossa-sociedade\/\" target=\"_blank\" rel=\"noreferrer noopener\">Trazer essa filosofia para o dia a dia n\u00e3o exige mudan\u00e7as radicais<\/a>. Pequenas atitudes j\u00e1 ajudam:<\/p>\n\n\n\n<ul class=\"wp-block-list\">\n<li>reservar momentos de pausa e contempla\u00e7\u00e3o;<\/li>\n\n\n\n<li>dedicar tempo a rela\u00e7\u00f5es significativas;<\/li>\n\n\n\n<li>praticar atividades que tragam prop\u00f3sito real;<\/li>\n\n\n\n<li>evitar decis\u00f5es impulsivas disfar\u00e7adas de \u201caproveitar a vida\u201d.<\/li>\n<\/ul>\n\n\n\n<p>No final, \u201cCarpe Diem\u201d n\u00e3o \u00e9 um convite ao exagero, mas \u00e0 <strong>lucidez<\/strong>. \u00c9 sobre viver o presente com aten\u00e7\u00e3o e autenticidade, colhendo cada dia como algo \u00fanico, e n\u00e3o deixando que ele passe despercebido.<\/p>\n","protected":false},"excerpt":{"rendered":"<p>A express\u00e3o latina \u201cCarpe Diem\u201d costuma ser traduzida como \u201caproveite o dia\u201d. Mas o significado original \u00e9 mais profundo do que simplesmente sair fazendo tudo sem pensar. Em 2025, a frase reaparece em debates sobre bem-estar, equil\u00edbrio e sa\u00fade mental justamente porque prop\u00f5e uma rela\u00e7\u00e3o mais consciente com o tempo, algo essencial em meio \u00e0 [&hellip;]<\/p>\n","protected":false},"author":18,"featured_media":154492,"comment_status":"open","ping_status":"open","sticky":false,"template":"","format":"standard","meta":{"_yoast_wpseo_focuskw":"O que significa \u201cCarpe Diem\u201d","_yoast_wpseo_title":"","_yoast_wpseo_metadesc":"A frase \u201cCarpe Diem\u201d ficou famosa, mas seu verdadeiro sentido vai al\u00e9m do \u201cviva o momento\u201d. Veja por que ela voltou a fazer sentido em 2025.","jnews-multi-image_gallery":[],"jnews_single_post":{"format":"standard"},"jnews_primary_category":[],"jnews_social_meta":[],"jnews_override_counter":[],"footnotes":""},"categories":[112],"post_tag":[11053,5078,4243,5812],"class_list":["post-154491","post","type-post","status-publish","format-standard","has-post-thumbnail","hentry","category-curiosidades","tag-carpe-diem","tag-filosofia","tag-origem","tag-significado"],"yoast_head":"<!-- This site is optimized with the Yoast SEO plugin v24.6 - https:\/\/yoast.com\/wordpress\/plugins\/seo\/ -->\n<title>O que significa \u201cCarpe Diem\u201d, a frase que convida a viver o agora sem arrependimentos - Correio Braziliense - Radar<\/title>\n<meta name=\"description\" content=\"A frase \u201cCarpe Diem\u201d ficou famosa, mas seu verdadeiro sentido vai al\u00e9m do \u201cviva o momento\u201d. Veja por que ela voltou a fazer sentido em 2025.\" \/>\n<meta name=\"robots\" content=\"index, follow, max-snippet:-1, max-image-preview:large, max-video-preview:-1\" \/>\n<link rel=\"canonical\" href=\"https:\/\/www.correiobraziliense.com.br\/cbradar\/o-que-significa-carpe-diem-a-frase-que-convida-a-viver-o-agora-sem-arrependimentos\/\" \/>\n<meta property=\"og:locale\" content=\"pt_BR\" \/>\n<meta property=\"og:type\" content=\"article\" \/>\n<meta property=\"og:title\" content=\"O que significa \u201cCarpe Diem\u201d, a frase que convida a viver o agora sem arrependimentos - Correio Braziliense - Radar\" \/>\n<meta property=\"og:description\" content=\"A frase \u201cCarpe Diem\u201d ficou famosa, mas seu verdadeiro sentido vai al\u00e9m do \u201cviva o momento\u201d. Veja por que ela voltou a fazer sentido em 2025.\" \/>\n<meta property=\"og:url\" content=\"https:\/\/www.correiobraziliense.com.br\/cbradar\/o-que-significa-carpe-diem-a-frase-que-convida-a-viver-o-agora-sem-arrependimentos\/\" \/>\n<meta property=\"og:site_name\" content=\"Correio Braziliense - Radar\" \/>\n<meta property=\"article:published_time\" content=\"2025-12-12T23:05:00+00:00\" \/>\n<meta property=\"og:image\" content=\"https:\/\/www.correiobraziliense.com.br\/cbradar\/wp-content\/uploads\/2025\/12\/carpe-diem_1765472472161.jpg\" \/>\n\t<meta property=\"og:image:width\" content=\"1280\" \/>\n\t<meta property=\"og:image:height\" content=\"720\" \/>\n\t<meta property=\"og:image:type\" content=\"image\/jpeg\" \/>\n<meta name=\"author\" content=\"Maria Eduarda Pacheco\" \/>\n<meta name=\"twitter:card\" content=\"summary_large_image\" \/>\n<meta name=\"twitter:label1\" content=\"Escrito por\" \/>\n\t<meta name=\"twitter:data1\" content=\"Maria Eduarda Pacheco\" \/>\n\t<meta name=\"twitter:label2\" content=\"Est. tempo de leitura\" \/>\n\t<meta name=\"twitter:data2\" content=\"4 minutos\" \/>\n<!-- \/ Yoast SEO plugin. -->","yoast_head_json":{"title":"O que significa \u201cCarpe Diem\u201d, a frase que convida a viver o agora sem arrependimentos - Correio Braziliense - Radar","description":"A frase \u201cCarpe Diem\u201d ficou famosa, mas seu verdadeiro sentido vai al\u00e9m do \u201cviva o momento\u201d. Veja por que ela voltou a fazer sentido em 2025.","robots":{"index":"index","follow":"follow","max-snippet":"max-snippet:-1","max-image-preview":"max-image-preview:large","max-video-preview":"max-video-preview:-1"},"canonical":"https:\/\/www.correiobraziliense.com.br\/cbradar\/o-que-significa-carpe-diem-a-frase-que-convida-a-viver-o-agora-sem-arrependimentos\/","og_locale":"pt_BR","og_type":"article","og_title":"O que significa \u201cCarpe Diem\u201d, a frase que convida a viver o agora sem arrependimentos - Correio Braziliense - Radar","og_description":"A frase \u201cCarpe Diem\u201d ficou famosa, mas seu verdadeiro sentido vai al\u00e9m do \u201cviva o momento\u201d. Veja por que ela voltou a fazer sentido em 2025.","og_url":"https:\/\/www.correiobraziliense.com.br\/cbradar\/o-que-significa-carpe-diem-a-frase-que-convida-a-viver-o-agora-sem-arrependimentos\/","og_site_name":"Correio Braziliense - Radar","article_published_time":"2025-12-12T23:05:00+00:00","og_image":[{"width":1280,"height":720,"url":"https:\/\/www.correiobraziliense.com.br\/cbradar\/wp-content\/uploads\/2025\/12\/carpe-diem_1765472472161.jpg","type":"image\/jpeg"}],"author":"Maria Eduarda Pacheco","twitter_card":"summary_large_image","twitter_misc":{"Escrito por":"Maria Eduarda Pacheco","Est. tempo de leitura":"4 minutos"},"schema":{"@context":"https:\/\/schema.org","@graph":[{"@type":"WebPage","@id":"https:\/\/www.correiobraziliense.com.br\/cbradar\/o-que-significa-carpe-diem-a-frase-que-convida-a-viver-o-agora-sem-arrependimentos\/","url":"https:\/\/www.correiobraziliense.com.br\/cbradar\/o-que-significa-carpe-diem-a-frase-que-convida-a-viver-o-agora-sem-arrependimentos\/","name":"O que significa \u201cCarpe Diem\u201d, a frase que convida a viver o agora sem arrependimentos - Correio Braziliense - Radar","isPartOf":{"@id":"https:\/\/www.correiobraziliense.com.br\/cbradar\/#website"},"primaryImageOfPage":{"@id":"https:\/\/www.correiobraziliense.com.br\/cbradar\/o-que-significa-carpe-diem-a-frase-que-convida-a-viver-o-agora-sem-arrependimentos\/#primaryimage"},"image":{"@id":"https:\/\/www.correiobraziliense.com.br\/cbradar\/o-que-significa-carpe-diem-a-frase-que-convida-a-viver-o-agora-sem-arrependimentos\/#primaryimage"},"thumbnailUrl":"https:\/\/www.correiobraziliense.com.br\/cbradar\/wp-content\/uploads\/2025\/12\/carpe-diem_1765472472161.jpg","datePublished":"2025-12-12T23:05:00+00:00","author":{"@id":"https:\/\/www.correiobraziliense.com.br\/cbradar\/#\/schema\/person\/6fdd694c4c0d658f15df15f390ddf066"},"description":"A frase \u201cCarpe Diem\u201d ficou famosa, mas seu verdadeiro sentido vai al\u00e9m do \u201cviva o momento\u201d. Veja por que ela voltou a fazer sentido em 2025.","breadcrumb":{"@id":"https:\/\/www.correiobraziliense.com.br\/cbradar\/o-que-significa-carpe-diem-a-frase-que-convida-a-viver-o-agora-sem-arrependimentos\/#breadcrumb"},"inLanguage":"pt-BR","potentialAction":[{"@type":"ReadAction","target":["https:\/\/www.correiobraziliense.com.br\/cbradar\/o-que-significa-carpe-diem-a-frase-que-convida-a-viver-o-agora-sem-arrependimentos\/"]}]},{"@type":"ImageObject","inLanguage":"pt-BR","@id":"https:\/\/www.correiobraziliense.com.br\/cbradar\/o-que-significa-carpe-diem-a-frase-que-convida-a-viver-o-agora-sem-arrependimentos\/#primaryimage","url":"https:\/\/www.correiobraziliense.com.br\/cbradar\/wp-content\/uploads\/2025\/12\/carpe-diem_1765472472161.jpg","contentUrl":"https:\/\/www.correiobraziliense.com.br\/cbradar\/wp-content\/uploads\/2025\/12\/carpe-diem_1765472472161.jpg","width":1280,"height":720,"caption":"A express\u00e3o latina \u201cCarpe Diem\u201d costuma ser traduzida como \u201caproveite o dia\u201d. Mas o significado original \u00e9 mais profundo do que simplesmente sair fazendo tudo sem pensar - Cr\u00e9ditos: depositphotos.com \/ odonchuk"},{"@type":"BreadcrumbList","@id":"https:\/\/www.correiobraziliense.com.br\/cbradar\/o-que-significa-carpe-diem-a-frase-que-convida-a-viver-o-agora-sem-arrependimentos\/#breadcrumb","itemListElement":[{"@type":"ListItem","position":1,"name":"In\u00edcio","item":"https:\/\/www.correiobraziliense.com.br\/cbradar\/"},{"@type":"ListItem","position":2,"name":"O que significa \u201cCarpe Diem\u201d, a frase que convida a viver o agora sem arrependimentos"}]},{"@type":"WebSite","@id":"https:\/\/www.correiobraziliense.com.br\/cbradar\/#website","url":"https:\/\/www.correiobraziliense.com.br\/cbradar\/","name":"Correio Braziliense - Radar","description":"Acompanhe as \u00faltimas not\u00edcias e fique bem informado sobre tudo o que acontece no Brasil e no mundo.","potentialAction":[{"@type":"SearchAction","target":{"@type":"EntryPoint","urlTemplate":"https:\/\/www.correiobraziliense.com.br\/cbradar\/?s={search_term_string}"},"query-input":{"@type":"PropertyValueSpecification","valueRequired":true,"valueName":"search_term_string"}}],"inLanguage":"pt-BR"},{"@type":"Person","@id":"https:\/\/www.correiobraziliense.com.br\/cbradar\/#\/schema\/person\/6fdd694c4c0d658f15df15f390ddf066","name":"Maria Eduarda Pacheco","image":{"@type":"ImageObject","inLanguage":"pt-BR","@id":"https:\/\/www.correiobraziliense.com.br\/cbradar\/#\/schema\/person\/image\/","url":"https:\/\/secure.gravatar.com\/avatar\/f72a487b26fdeec08ba4868875ea328e?s=96&d=mm&r=g","contentUrl":"https:\/\/secure.gravatar.com\/avatar\/f72a487b26fdeec08ba4868875ea328e?s=96&d=mm&r=g","caption":"Maria Eduarda Pacheco"},"sameAs":["https:\/\/www.correiobraziliense.com.br\/cbradar\/"],"url":"https:\/\/www.correiobraziliense.com.br\/cbradar\/author\/maria-eduarda\/"}]}},"_links":{"self":[{"href":"https:\/\/www.correiobraziliense.com.br\/cbradar\/wp-json\/wp\/v2\/posts\/154491","targetHints":{"allow":["GET"]}}],"collection":[{"href":"https:\/\/www.correiobraziliense.com.br\/cbradar\/wp-json\/wp\/v2\/posts"}],"about":[{"href":"https:\/\/www.correiobraziliense.com.br\/cbradar\/wp-json\/wp\/v2\/types\/post"}],"author":[{"embeddable":true,"href":"https:\/\/www.correiobraziliense.com.br\/cbradar\/wp-json\/wp\/v2\/users\/18"}],"replies":[{"embeddable":true,"href":"https:\/\/www.correiobraziliense.com.br\/cbradar\/wp-json\/wp\/v2\/comments?post=154491"}],"version-history":[{"count":1,"href":"https:\/\/www.correiobraziliense.com.br\/cbradar\/wp-json\/wp\/v2\/posts\/154491\/revisions"}],"predecessor-version":[{"id":154494,"href":"https:\/\/www.correiobraziliense.com.br\/cbradar\/wp-json\/wp\/v2\/posts\/154491\/revisions\/154494"}],"wp:featuredmedia":[{"embeddable":true,"href":"https:\/\/www.correiobraziliense.com.br\/cbradar\/wp-json\/wp\/v2\/media\/154492"}],"wp:attachment":[{"href":"https:\/\/www.correiobraziliense.com.br\/cbradar\/wp-json\/wp\/v2\/media?parent=154491"}],"wp:term":[{"taxonomy":"category","embeddable":true,"href":"https:\/\/www.correiobraziliense.com.br\/cbradar\/wp-json\/wp\/v2\/categories?post=154491"},{"taxonomy":"post_tag","embeddable":true,"href":"https:\/\/www.correiobraziliense.com.br\/cbradar\/wp-json\/wp\/v2\/post_tag?post=154491"}],"curies":[{"name":"wp","href":"https:\/\/api.w.org\/{rel}","templated":true}]}}