{"id":154516,"date":"2025-12-12T22:25:00","date_gmt":"2025-12-13T01:25:00","guid":{"rendered":"https:\/\/www.correiobraziliense.com.br\/cbradar\/?p=154516"},"modified":"2025-12-11T14:40:50","modified_gmt":"2025-12-11T17:40:50","slug":"poucos-sabem-por-que-o-micro-ondas-aquece-mais-rapido-o-centro-do-prato-e-qual-o-papel-da-fisica-no-dia-a-dia","status":"publish","type":"post","link":"https:\/\/www.correiobraziliense.com.br\/cbradar\/poucos-sabem-por-que-o-micro-ondas-aquece-mais-rapido-o-centro-do-prato-e-qual-o-papel-da-fisica-no-dia-a-dia\/","title":{"rendered":"Poucos sabem por que o micro-ondas aquece mais r\u00e1pido o centro do prato e qual o papel da f\u00edsica no dia a dia"},"content":{"rendered":"\n<p>Quem usa micro-ondas no dia a dia j\u00e1 percebeu um fen\u00f4meno curioso: muitas vezes, o centro do prato esquenta mais r\u00e1pido do que as bordas. Em 2025, isso ainda gera d\u00favidas, mas a explica\u00e7\u00e3o \u00e9 pura f\u00edsica. A forma como as <strong>ondas eletromagn\u00e9ticas<\/strong> se distribuem dentro do aparelho e a maneira como a comida est\u00e1 posicionada fazem toda a diferen\u00e7a no resultado.<\/p>\n\n\n\n<h2 class=\"wp-block-heading\">Por que o centro esquenta mais r\u00e1pido?<\/h2>\n\n\n\n<p>O micro-ondas funciona emitindo ondas eletromagn\u00e9ticas que fazem as mol\u00e9culas de \u00e1gua vibrar. Essa vibra\u00e7\u00e3o cria calor. S\u00f3 que essas ondas n\u00e3o se distribuem igualmente pelo espa\u00e7o interno: elas formam <strong>pontos de maior intensidade<\/strong>, chamados de \u201cpontos quentes\u201d.<\/p>\n\n\n\n<p>Em muitos aparelhos, o ponto de maior concentra\u00e7\u00e3o dessas ondas acontece justamente no <strong>centro do prato<\/strong>, o que faz essa \u00e1rea aquecer antes das extremidades.<\/p>\n\n\n<div class=\"wp-block-image\">\n<figure class=\"aligncenter size-large\"><img decoding=\"async\" width=\"1024\" height=\"576\" src=\"https:\/\/www.correiobraziliense.com.br\/cbradar\/wp-content\/uploads\/2025\/12\/microwave_1765474758930-1024x576.jpg\" alt=\"Poucos sabem por que o micro-ondas aquece mais r\u00e1pido o centro do prato e qual o papel da f\u00edsica no dia a dia\" class=\"wp-image-154519\" srcset=\"https:\/\/www.correiobraziliense.com.br\/cbradar\/wp-content\/uploads\/2025\/12\/microwave_1765474758930-1024x576.jpg 1024w, https:\/\/www.correiobraziliense.com.br\/cbradar\/wp-content\/uploads\/2025\/12\/microwave_1765474758930-300x169.jpg 300w, https:\/\/www.correiobraziliense.com.br\/cbradar\/wp-content\/uploads\/2025\/12\/microwave_1765474758930-768x432.jpg 768w, https:\/\/www.correiobraziliense.com.br\/cbradar\/wp-content\/uploads\/2025\/12\/microwave_1765474758930-750x422.jpg 750w, https:\/\/www.correiobraziliense.com.br\/cbradar\/wp-content\/uploads\/2025\/12\/microwave_1765474758930-1140x641.jpg 1140w, https:\/\/www.correiobraziliense.com.br\/cbradar\/wp-content\/uploads\/2025\/12\/microwave_1765474758930.jpg 1280w\" sizes=\"(max-width: 1024px) 100vw, 1024px\" \/><figcaption class=\"wp-element-caption\">O micro-ondas funciona emitindo ondas eletromagn\u00e9ticas que fazem as mol\u00e9culas de \u00e1gua vibrar &#8211; Cr\u00e9ditos: depositphotos.com \/ HayDmitriy<\/figcaption><\/figure><\/div>\n\n\n<h2 class=\"wp-block-heading\">O papel da f\u00edsica das ondas eletromagn\u00e9ticas<\/h2>\n\n\n\n<p>As ondas refletidas pelas paredes internas do micro-ondas interagem entre si. Esse encontro cria \u00e1reas onde elas se somam (mais calor) e \u00e1reas onde se anulam parcialmente (menos calor). \u00c9 como se dentro do aparelho existisse um mapa invis\u00edvel de calor, com regi\u00f5es mais fortes e mais fracas.<\/p>\n\n\n\n<p>\u00c9 exatamente por isso que quase todos os micro-ondas modernos t\u00eam prato girat\u00f3rio: ele faz o alimento passar por diferentes zonas de intensidade, garantindo um aquecimento mais uniforme.<\/p>\n\n\n\n<h2 class=\"wp-block-heading\">Como a posi\u00e7\u00e3o da comida interfere no aquecimento<\/h2>\n\n\n\n<p>A forma e a organiza\u00e7\u00e3o dos alimentos tamb\u00e9m influenciam muito. <a href=\"https:\/\/www.correiobraziliense.com.br\/cbradar\/poucos-sabem-por-que-deixar-pilhas-usadas-guardadas-em-casa-pode-ser-perigoso\/\" target=\"_blank\" rel=\"noreferrer noopener\">Algumas dicas ajudam<\/a> a entender o comportamento t\u00e9rmico:<\/p>\n\n\n\n<ul class=\"wp-block-list\">\n<li><strong>Comida no centro esquenta mais r\u00e1pido<\/strong> porque entra direto no ponto mais forte da onda.<\/li>\n\n\n\n<li><strong>Colocar o alimento mais pr\u00f3ximo das bordas<\/strong> pode, em alguns casos, melhorar o aquecimento geral, especialmente se o prato girat\u00f3rio estiver funcionando bem.<\/li>\n\n\n\n<li><strong>Por\u00e7\u00f5es grandes<\/strong> demoram mais porque as ondas penetram apenas alguns cent\u00edmetros; o calor precisa se espalhar internamente por condu\u00e7\u00e3o.<\/li>\n\n\n\n<li><strong>Alimentos com muita \u00e1gua esquentam mais r\u00e1pido<\/strong> do que alimentos secos.<\/li>\n<\/ul>\n\n\n<div class=\"wp-block-image\">\n<figure class=\"aligncenter size-large\"><img decoding=\"async\" width=\"1024\" height=\"576\" src=\"https:\/\/www.correiobraziliense.com.br\/cbradar\/wp-content\/uploads\/2025\/12\/microwave_1765474770456-1024x576.jpg\" alt=\"Poucos sabem por que o micro-ondas aquece mais r\u00e1pido o centro do prato e qual o papel da f\u00edsica no dia a dia\" class=\"wp-image-154526\" srcset=\"https:\/\/www.correiobraziliense.com.br\/cbradar\/wp-content\/uploads\/2025\/12\/microwave_1765474770456-1024x576.jpg 1024w, https:\/\/www.correiobraziliense.com.br\/cbradar\/wp-content\/uploads\/2025\/12\/microwave_1765474770456-300x169.jpg 300w, https:\/\/www.correiobraziliense.com.br\/cbradar\/wp-content\/uploads\/2025\/12\/microwave_1765474770456-768x432.jpg 768w, https:\/\/www.correiobraziliense.com.br\/cbradar\/wp-content\/uploads\/2025\/12\/microwave_1765474770456-750x422.jpg 750w, https:\/\/www.correiobraziliense.com.br\/cbradar\/wp-content\/uploads\/2025\/12\/microwave_1765474770456-1140x641.jpg 1140w, https:\/\/www.correiobraziliense.com.br\/cbradar\/wp-content\/uploads\/2025\/12\/microwave_1765474770456.jpg 1280w\" sizes=\"(max-width: 1024px) 100vw, 1024px\" \/><figcaption class=\"wp-element-caption\">\u00c9 como se dentro do aparelho existisse um mapa invis\u00edvel de calor, com regi\u00f5es mais fortes e mais fracas &#8211; Cr\u00e9ditos: depositphotos.com \/ grzymkiewicz<\/figcaption><\/figure><\/div>\n\n\n<h2 class=\"wp-block-heading\">Como aquecer melhor no micro-ondas<\/h2>\n\n\n\n<p>Para evitar pontos frios e garantir comida quente por igual, especialistas recomendam:<\/p>\n\n\n\n<ul class=\"wp-block-list\">\n<li><strong>Espalhar a comida no prato<\/strong>, deixando o centro menos carregado;<\/li>\n\n\n\n<li><strong>Mexer ou virar o alimento<\/strong> na metade do tempo;<\/li>\n\n\n\n<li><strong>Usar recipientes rasos<\/strong> para facilitar a penetra\u00e7\u00e3o das ondas;<\/li>\n\n\n\n<li><strong>Tapar o alimento<\/strong> para reter o vapor e distribuir melhor o calor.<\/li>\n<\/ul>\n\n\n\n<p>Os truques s\u00e3o diversos e vari\u00e1veis, abaixo, <strong>itsgustavo <\/strong>mostra em seu TikTok como utiliza seu micro-ondas em casa:<\/p>\n\n\n\n<figure class=\"wp-block-embed is-type-video is-provider-tiktok wp-block-embed-tiktok\"><div class=\"wp-block-embed__wrapper\">\n<blockquote class=\"tiktok-embed\" cite=\"https:\/\/www.tiktok.com\/@itsgustav0\/video\/6998249077410401542\" data-video-id=\"6998249077410401542\" data-embed-from=\"oembed\" style=\"max-width:605px; min-width:325px;\"> <section> <a target=\"_blank\" title=\"@itsgustav0\" href=\"https:\/\/www.tiktok.com\/@itsgustav0?refer=embed\">@itsgustav0<\/a> <p>Hacks com micro-ondas <a title=\"foryou\" target=\"_blank\" href=\"https:\/\/www.tiktok.com\/tag\/foryou?refer=embed\">#foryou<\/a> <a title=\"fyp\" target=\"_blank\" href=\"https:\/\/www.tiktok.com\/tag\/fyp?refer=embed\">#fyp<\/a> <a title=\"itsgustavo\" target=\"_blank\" href=\"https:\/\/www.tiktok.com\/tag\/itsgustavo?refer=embed\">#itsgustavo<\/a> <a title=\"dicasdecozinha\" target=\"_blank\" href=\"https:\/\/www.tiktok.com\/tag\/dicasdecozinha?refer=embed\">#dicasdecozinha<\/a> <a title=\"microondas\" target=\"_blank\" href=\"https:\/\/www.tiktok.com\/tag\/microondas?refer=embed\">#microondas<\/a> <a title=\"dicascozinhando\" target=\"_blank\" href=\"https:\/\/www.tiktok.com\/tag\/dicascozinhando?refer=embed\">#dicascozinhando<\/a><\/p> <a target=\"_blank\" title=\"\u266c STAY - The Kid LAROI &#038; Justin Bieber\" href=\"https:\/\/www.tiktok.com\/music\/STAY-6981869640796342274?refer=embed\">\u266c STAY &#8211; The Kid LAROI &#038; Justin Bieber<\/a> <\/section> <\/blockquote> <script async src=\"https:\/\/www.tiktok.com\/embed.js\"><\/script>\n<\/div><\/figure>\n\n\n\n<p>Com pequenos ajustes, o micro-ondas fica mais eficiente e o aquecimento ganha muito mais uniformidade.<\/p>\n","protected":false},"excerpt":{"rendered":"<p>Quem usa micro-ondas no dia a dia j\u00e1 percebeu um fen\u00f4meno curioso: muitas vezes, o centro do prato esquenta mais r\u00e1pido do que as bordas. Em 2025, isso ainda gera d\u00favidas, mas a explica\u00e7\u00e3o \u00e9 pura f\u00edsica. A forma como as ondas eletromagn\u00e9ticas se distribuem dentro do aparelho e a maneira como a comida est\u00e1 [&hellip;]<\/p>\n","protected":false},"author":18,"featured_media":154517,"comment_status":"open","ping_status":"open","sticky":false,"template":"","format":"standard","meta":{"_yoast_wpseo_focuskw":"por que o micro ondas n\u00e3o esquenta no meio","_yoast_wpseo_title":"","_yoast_wpseo_metadesc":"Entenda por que o centro do prato aquece mais r\u00e1pido no micro-ondas e como isso afeta o preparo da sua comida em 2025.","jnews-multi-image_gallery":[],"jnews_single_post":{"format":"standard"},"jnews_primary_category":[],"jnews_social_meta":[],"jnews_override_counter":[],"footnotes":""},"categories":[112],"tags":[7481,144,10530,12672],"class_list":["post-154516","post","type-post","status-publish","format-standard","has-post-thumbnail","hentry","category-curiosidades","tag-aquecimento","tag-curiosidades","tag-micro-ondas-2","tag-ondas-eletromagneticas"],"yoast_head":"<!-- This site is optimized with the Yoast SEO plugin v24.6 - https:\/\/yoast.com\/wordpress\/plugins\/seo\/ -->\n<title>Poucos sabem por que o micro-ondas aquece mais r\u00e1pido o centro do prato e qual o papel da f\u00edsica no dia a dia - Correio Braziliense - Radar<\/title>\n<meta name=\"description\" content=\"Entenda por que o centro do prato aquece mais r\u00e1pido no micro-ondas e como isso afeta o preparo da sua comida em 2025.\" \/>\n<meta name=\"robots\" content=\"index, follow, max-snippet:-1, max-image-preview:large, max-video-preview:-1\" \/>\n<link rel=\"canonical\" href=\"https:\/\/www.correiobraziliense.com.br\/cbradar\/poucos-sabem-por-que-o-micro-ondas-aquece-mais-rapido-o-centro-do-prato-e-qual-o-papel-da-fisica-no-dia-a-dia\/\" \/>\n<meta property=\"og:locale\" content=\"pt_BR\" \/>\n<meta property=\"og:type\" content=\"article\" \/>\n<meta property=\"og:title\" content=\"Poucos sabem por que o micro-ondas aquece mais r\u00e1pido o centro do prato e qual o papel da f\u00edsica no dia a dia - Correio Braziliense - Radar\" \/>\n<meta property=\"og:description\" content=\"Entenda por que o centro do prato aquece mais r\u00e1pido no micro-ondas e como isso afeta o preparo da sua comida em 2025.\" \/>\n<meta property=\"og:url\" content=\"https:\/\/www.correiobraziliense.com.br\/cbradar\/poucos-sabem-por-que-o-micro-ondas-aquece-mais-rapido-o-centro-do-prato-e-qual-o-papel-da-fisica-no-dia-a-dia\/\" \/>\n<meta property=\"og:site_name\" content=\"Correio Braziliense - Radar\" \/>\n<meta property=\"article:published_time\" content=\"2025-12-13T01:25:00+00:00\" \/>\n<meta property=\"og:image\" content=\"https:\/\/www.correiobraziliense.com.br\/cbradar\/wp-content\/uploads\/2025\/12\/microwave_1765474735786.jpg\" \/>\n\t<meta property=\"og:image:width\" content=\"1280\" \/>\n\t<meta property=\"og:image:height\" content=\"720\" \/>\n\t<meta property=\"og:image:type\" content=\"image\/jpeg\" \/>\n<meta name=\"author\" content=\"Maria Eduarda Pacheco\" \/>\n<meta name=\"twitter:card\" content=\"summary_large_image\" \/>\n<meta name=\"twitter:label1\" content=\"Escrito por\" \/>\n\t<meta name=\"twitter:data1\" content=\"Maria Eduarda Pacheco\" \/>\n\t<meta name=\"twitter:label2\" content=\"Est. tempo de leitura\" \/>\n\t<meta name=\"twitter:data2\" content=\"4 minutos\" \/>\n<!-- \/ Yoast SEO plugin. -->","yoast_head_json":{"title":"Poucos sabem por que o micro-ondas aquece mais r\u00e1pido o centro do prato e qual o papel da f\u00edsica no dia a dia - Correio Braziliense - Radar","description":"Entenda por que o centro do prato aquece mais r\u00e1pido no micro-ondas e como isso afeta o preparo da sua comida em 2025.","robots":{"index":"index","follow":"follow","max-snippet":"max-snippet:-1","max-image-preview":"max-image-preview:large","max-video-preview":"max-video-preview:-1"},"canonical":"https:\/\/www.correiobraziliense.com.br\/cbradar\/poucos-sabem-por-que-o-micro-ondas-aquece-mais-rapido-o-centro-do-prato-e-qual-o-papel-da-fisica-no-dia-a-dia\/","og_locale":"pt_BR","og_type":"article","og_title":"Poucos sabem por que o micro-ondas aquece mais r\u00e1pido o centro do prato e qual o papel da f\u00edsica no dia a dia - Correio Braziliense - Radar","og_description":"Entenda por que o centro do prato aquece mais r\u00e1pido no micro-ondas e como isso afeta o preparo da sua comida em 2025.","og_url":"https:\/\/www.correiobraziliense.com.br\/cbradar\/poucos-sabem-por-que-o-micro-ondas-aquece-mais-rapido-o-centro-do-prato-e-qual-o-papel-da-fisica-no-dia-a-dia\/","og_site_name":"Correio Braziliense - Radar","article_published_time":"2025-12-13T01:25:00+00:00","og_image":[{"width":1280,"height":720,"url":"https:\/\/www.correiobraziliense.com.br\/cbradar\/wp-content\/uploads\/2025\/12\/microwave_1765474735786.jpg","type":"image\/jpeg"}],"author":"Maria Eduarda Pacheco","twitter_card":"summary_large_image","twitter_misc":{"Escrito por":"Maria Eduarda Pacheco","Est. tempo de leitura":"4 minutos"},"schema":{"@context":"https:\/\/schema.org","@graph":[{"@type":"WebPage","@id":"https:\/\/www.correiobraziliense.com.br\/cbradar\/poucos-sabem-por-que-o-micro-ondas-aquece-mais-rapido-o-centro-do-prato-e-qual-o-papel-da-fisica-no-dia-a-dia\/","url":"https:\/\/www.correiobraziliense.com.br\/cbradar\/poucos-sabem-por-que-o-micro-ondas-aquece-mais-rapido-o-centro-do-prato-e-qual-o-papel-da-fisica-no-dia-a-dia\/","name":"Poucos sabem por que o micro-ondas aquece mais r\u00e1pido o centro do prato e qual o papel da f\u00edsica no dia a dia - Correio Braziliense - Radar","isPartOf":{"@id":"https:\/\/www.correiobraziliense.com.br\/cbradar\/#website"},"primaryImageOfPage":{"@id":"https:\/\/www.correiobraziliense.com.br\/cbradar\/poucos-sabem-por-que-o-micro-ondas-aquece-mais-rapido-o-centro-do-prato-e-qual-o-papel-da-fisica-no-dia-a-dia\/#primaryimage"},"image":{"@id":"https:\/\/www.correiobraziliense.com.br\/cbradar\/poucos-sabem-por-que-o-micro-ondas-aquece-mais-rapido-o-centro-do-prato-e-qual-o-papel-da-fisica-no-dia-a-dia\/#primaryimage"},"thumbnailUrl":"https:\/\/www.correiobraziliense.com.br\/cbradar\/wp-content\/uploads\/2025\/12\/microwave_1765474735786.jpg","datePublished":"2025-12-13T01:25:00+00:00","author":{"@id":"https:\/\/www.correiobraziliense.com.br\/cbradar\/#\/schema\/person\/6fdd694c4c0d658f15df15f390ddf066"},"description":"Entenda por que o centro do prato aquece mais r\u00e1pido no micro-ondas e como isso afeta o preparo da sua comida em 2025.","breadcrumb":{"@id":"https:\/\/www.correiobraziliense.com.br\/cbradar\/poucos-sabem-por-que-o-micro-ondas-aquece-mais-rapido-o-centro-do-prato-e-qual-o-papel-da-fisica-no-dia-a-dia\/#breadcrumb"},"inLanguage":"pt-BR","potentialAction":[{"@type":"ReadAction","target":["https:\/\/www.correiobraziliense.com.br\/cbradar\/poucos-sabem-por-que-o-micro-ondas-aquece-mais-rapido-o-centro-do-prato-e-qual-o-papel-da-fisica-no-dia-a-dia\/"]}]},{"@type":"ImageObject","inLanguage":"pt-BR","@id":"https:\/\/www.correiobraziliense.com.br\/cbradar\/poucos-sabem-por-que-o-micro-ondas-aquece-mais-rapido-o-centro-do-prato-e-qual-o-papel-da-fisica-no-dia-a-dia\/#primaryimage","url":"https:\/\/www.correiobraziliense.com.br\/cbradar\/wp-content\/uploads\/2025\/12\/microwave_1765474735786.jpg","contentUrl":"https:\/\/www.correiobraziliense.com.br\/cbradar\/wp-content\/uploads\/2025\/12\/microwave_1765474735786.jpg","width":1280,"height":720,"caption":"Quem usa micro-ondas no dia a dia j\u00e1 percebeu um fen\u00f4meno curioso: muitas vezes, o centro do prato esquenta mais r\u00e1pido do que as bordas - Cr\u00e9ditos: depositphotos.com \/ HayDmitriy"},{"@type":"BreadcrumbList","@id":"https:\/\/www.correiobraziliense.com.br\/cbradar\/poucos-sabem-por-que-o-micro-ondas-aquece-mais-rapido-o-centro-do-prato-e-qual-o-papel-da-fisica-no-dia-a-dia\/#breadcrumb","itemListElement":[{"@type":"ListItem","position":1,"name":"In\u00edcio","item":"https:\/\/www.correiobraziliense.com.br\/cbradar\/"},{"@type":"ListItem","position":2,"name":"Poucos sabem por que o micro-ondas aquece mais r\u00e1pido o centro do prato e qual o papel da f\u00edsica no dia a dia"}]},{"@type":"WebSite","@id":"https:\/\/www.correiobraziliense.com.br\/cbradar\/#website","url":"https:\/\/www.correiobraziliense.com.br\/cbradar\/","name":"Correio Braziliense - Radar","description":"Acompanhe as \u00faltimas not\u00edcias e fique bem informado sobre tudo o que acontece no Brasil e no mundo.","potentialAction":[{"@type":"SearchAction","target":{"@type":"EntryPoint","urlTemplate":"https:\/\/www.correiobraziliense.com.br\/cbradar\/?s={search_term_string}"},"query-input":{"@type":"PropertyValueSpecification","valueRequired":true,"valueName":"search_term_string"}}],"inLanguage":"pt-BR"},{"@type":"Person","@id":"https:\/\/www.correiobraziliense.com.br\/cbradar\/#\/schema\/person\/6fdd694c4c0d658f15df15f390ddf066","name":"Maria Eduarda Pacheco","image":{"@type":"ImageObject","inLanguage":"pt-BR","@id":"https:\/\/www.correiobraziliense.com.br\/cbradar\/#\/schema\/person\/image\/","url":"https:\/\/secure.gravatar.com\/avatar\/f72a487b26fdeec08ba4868875ea328e?s=96&d=mm&r=g","contentUrl":"https:\/\/secure.gravatar.com\/avatar\/f72a487b26fdeec08ba4868875ea328e?s=96&d=mm&r=g","caption":"Maria Eduarda Pacheco"},"sameAs":["https:\/\/www.correiobraziliense.com.br\/cbradar\/"],"url":"https:\/\/www.correiobraziliense.com.br\/cbradar\/author\/maria-eduarda\/"}]}},"_links":{"self":[{"href":"https:\/\/www.correiobraziliense.com.br\/cbradar\/wp-json\/wp\/v2\/posts\/154516","targetHints":{"allow":["GET"]}}],"collection":[{"href":"https:\/\/www.correiobraziliense.com.br\/cbradar\/wp-json\/wp\/v2\/posts"}],"about":[{"href":"https:\/\/www.correiobraziliense.com.br\/cbradar\/wp-json\/wp\/v2\/types\/post"}],"author":[{"embeddable":true,"href":"https:\/\/www.correiobraziliense.com.br\/cbradar\/wp-json\/wp\/v2\/users\/18"}],"replies":[{"embeddable":true,"href":"https:\/\/www.correiobraziliense.com.br\/cbradar\/wp-json\/wp\/v2\/comments?post=154516"}],"version-history":[{"count":1,"href":"https:\/\/www.correiobraziliense.com.br\/cbradar\/wp-json\/wp\/v2\/posts\/154516\/revisions"}],"predecessor-version":[{"id":154527,"href":"https:\/\/www.correiobraziliense.com.br\/cbradar\/wp-json\/wp\/v2\/posts\/154516\/revisions\/154527"}],"wp:featuredmedia":[{"embeddable":true,"href":"https:\/\/www.correiobraziliense.com.br\/cbradar\/wp-json\/wp\/v2\/media\/154517"}],"wp:attachment":[{"href":"https:\/\/www.correiobraziliense.com.br\/cbradar\/wp-json\/wp\/v2\/media?parent=154516"}],"wp:term":[{"taxonomy":"category","embeddable":true,"href":"https:\/\/www.correiobraziliense.com.br\/cbradar\/wp-json\/wp\/v2\/categories?post=154516"},{"taxonomy":"post_tag","embeddable":true,"href":"https:\/\/www.correiobraziliense.com.br\/cbradar\/wp-json\/wp\/v2\/tags?post=154516"}],"curies":[{"name":"wp","href":"https:\/\/api.w.org\/{rel}","templated":true}]}}