{"id":154560,"date":"2025-12-12T10:25:00","date_gmt":"2025-12-12T13:25:00","guid":{"rendered":"https:\/\/www.correiobraziliense.com.br\/cbradar\/?p=154560"},"modified":"2025-12-11T20:37:08","modified_gmt":"2025-12-11T23:37:08","slug":"a-vila-europeia-no-brasil-famosa-pelo-seu-clima-de-montanha-que-conquista-com-sua-natureza-e-tranquilidade","status":"publish","type":"post","link":"https:\/\/www.correiobraziliense.com.br\/cbradar\/a-vila-europeia-no-brasil-famosa-pelo-seu-clima-de-montanha-que-conquista-com-sua-natureza-e-tranquilidade\/","title":{"rendered":"A vila europeia no Brasil famosa pelo seu clima de montanha que conquista com sua natureza e tranquilidade"},"content":{"rendered":"\n<p><strong>Enquanto a vizinha Gramado ferve com o agito urbano<\/strong>, <strong>Canela<\/strong> se apresenta como a poesia silenciosa da<strong> Serra Ga\u00facha<\/strong>, onde a natureza dita o ritmo e a arquitetura germ\u00e2nica emoldura paisagens de tirar o f\u00f4lego. Com um<strong> \u00cdndice de Desenvolvimento Humano (IDH)<\/strong> invej\u00e1vel de 0,781, a cidade oferece o equil\u00edbrio perfeito entre a tranquilidade de uma vila europeia e a adrenalina de parques naturais grandiosos, sendo o ref\u00fagio ideal para quem busca conforto e conex\u00e3o com o verde.<\/p>\n\n\n\n<h2 class=\"wp-block-heading\">Por que Canela \u00e9 um destino tur\u00edstico atrativo?<\/h2>\n\n\n\n<p><strong>A cidade \u00e9 reconhecida como a Capital Nacional dos Parques Tem\u00e1ticos Naturais<\/strong>, oferecendo uma infraestrutura de <strong>ecoturismo<\/strong> que poucas cidades brasileiras possuem. A organiza\u00e7\u00e3o urbana, aliada \u00e0 seguran\u00e7a e limpeza das ruas floridas de hort\u00eansias, cria uma atmosfera de bem-estar imediato, convidando o visitante a caminhar sem pressa pelo centro hist\u00f3rico.<\/p>\n\n\n\n<p>Diferente do turismo puramente cenogr\u00e1fico, Canela aposta na autenticidade de seus atrativos geol\u00f3gicos, como vales profundos e quedas d&#8217;\u00e1gua monumentais. A <strong>gastronomia serrana<\/strong>, rica em fondues, caf\u00e9s coloniais e chocolates artesanais, completa a experi\u00eancia, transformando o frio em um pretexto para o aconchego e a boa mesa.<\/p>\n\n\n<div class=\"wp-block-image\">\n<figure class=\"aligncenter size-large\"><img decoding=\"async\" width=\"1024\" height=\"576\" src=\"https:\/\/www.correiobraziliense.com.br\/cbradar\/wp-content\/uploads\/2025\/07\/Canela_1751670456835-1024x576.jpg\" alt=\"A vila europeia no Brasil famosa pelo seu clima de montanha que conquista com sua natureza e tranquilidade\" class=\"wp-image-64757\" srcset=\"https:\/\/www.correiobraziliense.com.br\/cbradar\/wp-content\/uploads\/2025\/07\/Canela_1751670456835-1024x576.jpg 1024w, https:\/\/www.correiobraziliense.com.br\/cbradar\/wp-content\/uploads\/2025\/07\/Canela_1751670456835-300x169.jpg 300w, https:\/\/www.correiobraziliense.com.br\/cbradar\/wp-content\/uploads\/2025\/07\/Canela_1751670456835-768x432.jpg 768w, https:\/\/www.correiobraziliense.com.br\/cbradar\/wp-content\/uploads\/2025\/07\/Canela_1751670456835-750x422.jpg 750w, https:\/\/www.correiobraziliense.com.br\/cbradar\/wp-content\/uploads\/2025\/07\/Canela_1751670456835-1140x641.jpg 1140w, https:\/\/www.correiobraziliense.com.br\/cbradar\/wp-content\/uploads\/2025\/07\/Canela_1751670456835.jpg 1280w\" sizes=\"(max-width: 1024px) 100vw, 1024px\" \/><figcaption class=\"wp-element-caption\">Canela \u00e9 conhecida pelo seu festival de Natal e atra\u00e7\u00f5es culturais diversificadas. \/\/  Cr\u00e9ditos: depositphotos.com \/ sergio_pulp<\/figcaption><\/figure><\/div>\n\n\n<h2 class=\"wp-block-heading\">A impon\u00eancia da Catedral e a for\u00e7a das \u00e1guas<\/h2>\n\n\n\n<p><strong>O cora\u00e7\u00e3o da cidade pulsa na Catedral de Pedra, uma obra-prima em estilo g\u00f3tico ingl\u00eas que<\/strong>, \u00e0 noite, ganha um show de luzes inesquec\u00edvel, servindo como b\u00fassola para os turistas. Ao redor dela, bistr\u00f4s e lojas de artesanato oferecem produtos locais de alta qualidade, desde malhas de l\u00e3 at\u00e9 vinhos produzidos na regi\u00e3o.<\/p>\n\n\n\n<p>Mas \u00e9 nos arredores que a magia acontece: o <strong>Vale da Ferradura<\/strong> e os parques estaduais oferecem vistas que desafiam a vertigem. A preserva\u00e7\u00e3o da <strong>Mata Atl\u00e2ntica<\/strong> e das Arauc\u00e1rias \u00e9 levada a s\u00e9rio, garantindo que o desenvolvimento tur\u00edstico caminhe lado a lado com a sustentabilidade ambiental.<\/p>\n\n\n\n<p><strong>Preparado para desvendar por que Canela \u00e9 um destino t\u00e3o visitado na Serra Ga\u00facha? <\/strong>O v\u00eddeo \u00e9 do canal <strong>VIVA ESSA VIAGEM<\/strong>, que conta com mais de <strong>41 mil inscritos<\/strong> e \u00e9 especializado em viagens transformadoras, e detalha\/apresenta <strong>os melhores atrativos de Canela, incluindo a imponente Cascata do Caracol, a charmosa Catedral de Pedra, o hist\u00f3rico Castelinho Caracol, a emocionante plataforma de vidro Skyglass, e as experi\u00eancias gastron\u00f4micas com pizza napolitana e churrasco ga\u00facho.<\/strong><\/p>\n\n\n\n<figure class=\"wp-block-embed is-type-video is-provider-youtube wp-block-embed-youtube wp-embed-aspect-16-9 wp-has-aspect-ratio\"><div class=\"wp-block-embed__wrapper\">\n<div class=\"jeg_video_container jeg_video_content\"><iframe loading=\"lazy\" title=\"O que fazer em Canela | melhores passeios e atrativos na Serra Ga\u00facha\" width=\"500\" height=\"281\" src=\"https:\/\/www.youtube.com\/embed\/7U_j5o94D4E?start=1696&#038;feature=oembed\" frameborder=\"0\" allow=\"accelerometer; autoplay; clipboard-write; encrypted-media; gyroscope; picture-in-picture; web-share\" referrerpolicy=\"strict-origin-when-cross-origin\" allowfullscreen><\/iframe><\/div>\n<\/div><\/figure>\n\n\n\n<h2 class=\"wp-block-heading\">Quais s\u00e3o as atra\u00e7\u00f5es imperd\u00edveis na regi\u00e3o?<\/h2>\n\n\n\n<p><strong>O roteiro em Canela exige uma mistura de contempla\u00e7\u00e3o e aventura.<\/strong> \u00c9 imprescind\u00edvel visitar a <strong>Cascata do Caracol<\/strong>, o cart\u00e3o-postal m\u00e1ximo do <strong>Rio Grande do Sul,<\/strong> seja pelos mirantes tradicionais ou atrav\u00e9s das plataformas de vidro que flutuam sobre o vale.<\/p>\n\n\n\n<ul class=\"wp-block-list\">\n<li><strong>Parque do Caracol:<\/strong> O cl\u00e1ssico absoluto, com trilhas pavimentadas e a vista frontal da queda d&#8217;\u00e1gua de 131 metros.<\/li>\n\n\n\n<li><strong>Skyglass Canela:<\/strong> Uma plataforma de vidro pioneira na Am\u00e9rica Latina que avan\u00e7a sobre o vale, oferecendo uma caminhada sobre o abismo.<\/li>\n\n\n\n<li><strong>Catedral de Pedra:<\/strong> Eleita uma das maravilhas do Brasil, imponente de dia e m\u00e1gica iluminada \u00e0 noite.<\/li>\n\n\n\n<li><strong>Alpen Park:<\/strong> Para quem busca adrenalina, com montanha-russa, tren\u00f3 alpino e tirolesas com vista para a serra.<\/li>\n\n\n\n<li><strong>Bondinhos A\u00e9reos:<\/strong> Oferecem uma perspectiva \u00fanica e acess\u00edvel da Cascata do Caracol, com cabines fechadas e seguras.<\/li>\n<\/ul>\n\n\n<div class=\"wp-block-image\">\n<figure class=\"aligncenter size-large\"><img decoding=\"async\" width=\"1024\" height=\"576\" src=\"https:\/\/www.correiobraziliense.com.br\/cbradar\/wp-content\/uploads\/2025\/08\/Edicoes-2025-08-12T003207.396-1024x576.png\" alt=\"A vila europeia no Brasil famosa pelo seu clima de montanha que conquista com sua natureza e tranquilidade\" class=\"wp-image-85174\" srcset=\"https:\/\/www.correiobraziliense.com.br\/cbradar\/wp-content\/uploads\/2025\/08\/Edicoes-2025-08-12T003207.396-1024x576.png 1024w, https:\/\/www.correiobraziliense.com.br\/cbradar\/wp-content\/uploads\/2025\/08\/Edicoes-2025-08-12T003207.396-300x169.png 300w, https:\/\/www.correiobraziliense.com.br\/cbradar\/wp-content\/uploads\/2025\/08\/Edicoes-2025-08-12T003207.396-768x432.png 768w, https:\/\/www.correiobraziliense.com.br\/cbradar\/wp-content\/uploads\/2025\/08\/Edicoes-2025-08-12T003207.396-750x422.png 750w, https:\/\/www.correiobraziliense.com.br\/cbradar\/wp-content\/uploads\/2025\/08\/Edicoes-2025-08-12T003207.396-1140x641.png 1140w, https:\/\/www.correiobraziliense.com.br\/cbradar\/wp-content\/uploads\/2025\/08\/Edicoes-2025-08-12T003207.396.png 1280w\" sizes=\"(max-width: 1024px) 100vw, 1024px\" \/><figcaption class=\"wp-element-caption\">Canela \u00e9 um munic\u00edpio tur\u00edstico localizado na Serra Ga\u00facha, no Rio Grande do Sul. \/ Cr\u00e9ditos: @OneManWolfPack<\/figcaption><\/figure><\/div>\n\n\n<p><strong><strong>Leia tamb\u00e9m: <a href=\"https:\/\/www.correiobraziliense.com.br\/cbradar\/o-que-significa-sonhar-com-morte-de-alguem-vivo\/#google_vignette\" target=\"_blank\" rel=\"noreferrer noopener\"><\/a><a href=\"https:\/\/www.correiobraziliense.com.br\/cbradar\/os-grandes-beneficios-do-alimento-que-e-mencionado-na-biblia\/\"><\/a><a href=\"https:\/\/www.correiobraziliense.com.br\/cbradar\/o-motivo-cientifico-que-faz-do-mel-um-dos-antibioticos-naturais-mais-poderosos\/\" target=\"_blank\" rel=\"noreferrer noopener\">O motivo cient\u00edfico que faz do mel um dos antibi\u00f3ticos naturais mais poderoso.<\/a><\/strong><\/strong><\/p>\n\n\n\n<h2 class=\"wp-block-heading\">Qual a melhor \u00e9poca para visitar Canela?<\/h2>\n\n\n\n<p><strong>A Serra Ga\u00facha \u00e9 um destino de quatro esta\u00e7\u00f5es bem definidas<\/strong>, mas o inverno \u00e9 o grande protagonista para quem busca o frio europeu, segundo dados hist\u00f3ricos do <strong><a href=\"https:\/\/www.climatempo.com.br\/previsao-do-tempo\/cidade\/2170\/canela-rs\" target=\"_blank\" rel=\"noreferrer noopener\">Climatempo<\/a><\/strong>. O <strong>Natal Luz<\/strong> e o <strong>Sonho de Natal<\/strong> iluminam o ver\u00e3o, tornando a cidade atrativa o ano todo.<\/p>\n\n\n\n<p>Confira abaixo o resumo clim\u00e1tico para planejar sua subida \u00e0 serra:<\/p>\n\n\n\n<figure class=\"wp-block-table\"><table class=\"has-fixed-layout\"><thead><tr><th>Per\u00edodo (Meses)<\/th><th>Temp. M\u00e9dia<\/th><th>Clima<\/th><th>Atividades Recomendadas<\/th><\/tr><\/thead><tbody><tr><td>Junho a Agosto (Inverno)<\/td><td>5\u00b0C &#8211; 17\u00b0C<\/td><td>Frio (poss\u00edvel geada)<\/td><td>Lareira, fondue, vinhos e charme europeu.<\/td><\/tr><tr><td>Novembro a Janeiro<\/td><td>18\u00b0C &#8211; 28\u00b0C<\/td><td>Quente e Florido<\/td><td>Eventos de Natal e hort\u00eansias no auge.<\/td><\/tr><tr><td>Mar\u00e7o a Maio (Outono)<\/td><td>10\u00b0C &#8211; 22\u00b0C<\/td><td>Fresco e Seco<\/td><td>Folhas de pl\u00e1tano secas, P\u00e1scoa e chocolates.<\/td><\/tr><tr><td>Setembro e Outubro<\/td><td>15\u00b0C &#8211; 24\u00b0C<\/td><td>Ameno<\/td><td>Passeios ao ar livre e natureza renovada.<\/td><\/tr><\/tbody><\/table><\/figure>\n\n\n\n<h2 class=\"wp-block-heading\">Canela consolida-se como o ref\u00fagio sofisticado da serra<\/h2>\n\n\n\n<p><strong>Visitar este munic\u00edpio \u00e9 entender que a qualidade de vida e o turismo de excel\u00eancia podem coexistir sem a necessidade de multid\u00f5es excessivas.<\/strong> <strong>Canela<\/strong> oferece um respiro de ar puro e cultura, onde o luxo est\u00e1 na simplicidade de tomar um chimarr\u00e3o olhando para uma arauc\u00e1ria centen\u00e1ria.<\/p>\n\n\n\n<p><strong>Seja deslizando no tren\u00f3 alpino ou rezando na Catedral de Pedra<\/strong>, a cidade envolve voc\u00ea em uma aura de paz e beleza est\u00e9tica. Prepare os casacos, o apetite e a c\u00e2mera, ao canelar promete ser o cen\u00e1rio das suas melhores mem\u00f3rias de inverno.<\/p>\n","protected":false},"excerpt":{"rendered":"<p>Enquanto a vizinha Gramado ferve com o agito urbano, Canela se apresenta como a poesia silenciosa da Serra Ga\u00facha, onde a natureza dita o ritmo e a arquitetura germ\u00e2nica emoldura paisagens de tirar o f\u00f4lego. Com um \u00cdndice de Desenvolvimento Humano (IDH) invej\u00e1vel de 0,781, a cidade oferece o equil\u00edbrio perfeito entre a tranquilidade de [&hellip;]<\/p>\n","protected":false},"author":8,"featured_media":64765,"comment_status":"open","ping_status":"open","sticky":false,"template":"","format":"standard","meta":{"_yoast_wpseo_focuskw":"vila europeia","_yoast_wpseo_title":"","_yoast_wpseo_metadesc":"A vila europeia no Brasil encanta com clima de montanha, natureza preservada e uma tranquilidade dif\u00edcil de encontrar hoje.","jnews-multi-image_gallery":[],"jnews_single_post":{"format":"standard"},"jnews_primary_category":[],"jnews_social_meta":[],"jnews_override_counter":[],"footnotes":""},"categories":[108,111],"post_tag":[225,12676],"class_list":["post-154560","post","type-post","status-publish","format-standard","has-post-thumbnail","hentry","category-cidades","category-turismo","tag-brasil","tag-vila-europeia"],"yoast_head":"<!-- This site is optimized with the Yoast SEO plugin v24.6 - https:\/\/yoast.com\/wordpress\/plugins\/seo\/ -->\n<title>A vila europeia no Brasil famosa pelo seu clima de montanha que conquista com sua natureza e tranquilidade - Correio Braziliense - Radar<\/title>\n<meta name=\"description\" content=\"A vila europeia no Brasil encanta com clima de montanha, natureza preservada e uma tranquilidade dif\u00edcil de encontrar hoje.\" \/>\n<meta name=\"robots\" content=\"index, follow, max-snippet:-1, max-image-preview:large, max-video-preview:-1\" \/>\n<link rel=\"canonical\" href=\"https:\/\/www.correiobraziliense.com.br\/cbradar\/a-vila-europeia-no-brasil-famosa-pelo-seu-clima-de-montanha-que-conquista-com-sua-natureza-e-tranquilidade\/\" \/>\n<meta property=\"og:locale\" content=\"pt_BR\" \/>\n<meta property=\"og:type\" content=\"article\" \/>\n<meta property=\"og:title\" content=\"A vila europeia no Brasil famosa pelo seu clima de montanha que conquista com sua natureza e tranquilidade - Correio Braziliense - Radar\" \/>\n<meta property=\"og:description\" content=\"A vila europeia no Brasil encanta com clima de montanha, natureza preservada e uma tranquilidade dif\u00edcil de encontrar hoje.\" \/>\n<meta property=\"og:url\" content=\"https:\/\/www.correiobraziliense.com.br\/cbradar\/a-vila-europeia-no-brasil-famosa-pelo-seu-clima-de-montanha-que-conquista-com-sua-natureza-e-tranquilidade\/\" \/>\n<meta property=\"og:site_name\" content=\"Correio Braziliense - Radar\" \/>\n<meta property=\"article:published_time\" content=\"2025-12-12T13:25:00+00:00\" \/>\n<meta property=\"og:image\" content=\"https:\/\/www.correiobraziliense.com.br\/cbradar\/wp-content\/uploads\/2025\/07\/Catedral-de-Pedra_1751670749146.jpg\" \/>\n\t<meta property=\"og:image:width\" content=\"1280\" \/>\n\t<meta property=\"og:image:height\" content=\"720\" \/>\n\t<meta property=\"og:image:type\" content=\"image\/jpeg\" \/>\n<meta name=\"author\" content=\"Maura Pereira\" \/>\n<meta name=\"twitter:card\" content=\"summary_large_image\" \/>\n<meta name=\"twitter:label1\" content=\"Escrito por\" \/>\n\t<meta name=\"twitter:data1\" content=\"Maura Pereira\" \/>\n\t<meta name=\"twitter:label2\" content=\"Est. tempo de leitura\" \/>\n\t<meta name=\"twitter:data2\" content=\"5 minutos\" \/>\n<!-- \/ Yoast SEO plugin. -->","yoast_head_json":{"title":"A vila europeia no Brasil famosa pelo seu clima de montanha que conquista com sua natureza e tranquilidade - Correio Braziliense - Radar","description":"A vila europeia no Brasil encanta com clima de montanha, natureza preservada e uma tranquilidade dif\u00edcil de encontrar hoje.","robots":{"index":"index","follow":"follow","max-snippet":"max-snippet:-1","max-image-preview":"max-image-preview:large","max-video-preview":"max-video-preview:-1"},"canonical":"https:\/\/www.correiobraziliense.com.br\/cbradar\/a-vila-europeia-no-brasil-famosa-pelo-seu-clima-de-montanha-que-conquista-com-sua-natureza-e-tranquilidade\/","og_locale":"pt_BR","og_type":"article","og_title":"A vila europeia no Brasil famosa pelo seu clima de montanha que conquista com sua natureza e tranquilidade - Correio Braziliense - Radar","og_description":"A vila europeia no Brasil encanta com clima de montanha, natureza preservada e uma tranquilidade dif\u00edcil de encontrar hoje.","og_url":"https:\/\/www.correiobraziliense.com.br\/cbradar\/a-vila-europeia-no-brasil-famosa-pelo-seu-clima-de-montanha-que-conquista-com-sua-natureza-e-tranquilidade\/","og_site_name":"Correio Braziliense - Radar","article_published_time":"2025-12-12T13:25:00+00:00","og_image":[{"width":1280,"height":720,"url":"https:\/\/www.correiobraziliense.com.br\/cbradar\/wp-content\/uploads\/2025\/07\/Catedral-de-Pedra_1751670749146.jpg","type":"image\/jpeg"}],"author":"Maura Pereira","twitter_card":"summary_large_image","twitter_misc":{"Escrito por":"Maura Pereira","Est. tempo de leitura":"5 minutos"},"schema":{"@context":"https:\/\/schema.org","@graph":[{"@type":"WebPage","@id":"https:\/\/www.correiobraziliense.com.br\/cbradar\/a-vila-europeia-no-brasil-famosa-pelo-seu-clima-de-montanha-que-conquista-com-sua-natureza-e-tranquilidade\/","url":"https:\/\/www.correiobraziliense.com.br\/cbradar\/a-vila-europeia-no-brasil-famosa-pelo-seu-clima-de-montanha-que-conquista-com-sua-natureza-e-tranquilidade\/","name":"A vila europeia no Brasil famosa pelo seu clima de montanha que conquista com sua natureza e tranquilidade - Correio Braziliense - Radar","isPartOf":{"@id":"https:\/\/www.correiobraziliense.com.br\/cbradar\/#website"},"primaryImageOfPage":{"@id":"https:\/\/www.correiobraziliense.com.br\/cbradar\/a-vila-europeia-no-brasil-famosa-pelo-seu-clima-de-montanha-que-conquista-com-sua-natureza-e-tranquilidade\/#primaryimage"},"image":{"@id":"https:\/\/www.correiobraziliense.com.br\/cbradar\/a-vila-europeia-no-brasil-famosa-pelo-seu-clima-de-montanha-que-conquista-com-sua-natureza-e-tranquilidade\/#primaryimage"},"thumbnailUrl":"https:\/\/www.correiobraziliense.com.br\/cbradar\/wp-content\/uploads\/2025\/07\/Catedral-de-Pedra_1751670749146.jpg","datePublished":"2025-12-12T13:25:00+00:00","author":{"@id":"https:\/\/www.correiobraziliense.com.br\/cbradar\/#\/schema\/person\/4053c651a9bfc785afc6f4cbc9032fd3"},"description":"A vila europeia no Brasil encanta com clima de montanha, natureza preservada e uma tranquilidade dif\u00edcil de encontrar hoje.","breadcrumb":{"@id":"https:\/\/www.correiobraziliense.com.br\/cbradar\/a-vila-europeia-no-brasil-famosa-pelo-seu-clima-de-montanha-que-conquista-com-sua-natureza-e-tranquilidade\/#breadcrumb"},"inLanguage":"pt-BR","potentialAction":[{"@type":"ReadAction","target":["https:\/\/www.correiobraziliense.com.br\/cbradar\/a-vila-europeia-no-brasil-famosa-pelo-seu-clima-de-montanha-que-conquista-com-sua-natureza-e-tranquilidade\/"]}]},{"@type":"ImageObject","inLanguage":"pt-BR","@id":"https:\/\/www.correiobraziliense.com.br\/cbradar\/a-vila-europeia-no-brasil-famosa-pelo-seu-clima-de-montanha-que-conquista-com-sua-natureza-e-tranquilidade\/#primaryimage","url":"https:\/\/www.correiobraziliense.com.br\/cbradar\/wp-content\/uploads\/2025\/07\/Catedral-de-Pedra_1751670749146.jpg","contentUrl":"https:\/\/www.correiobraziliense.com.br\/cbradar\/wp-content\/uploads\/2025\/07\/Catedral-de-Pedra_1751670749146.jpg","width":1280,"height":720,"caption":"Canela, RS, na Serra Ga\u00facha, \u00e9 famosa pela natureza, parques e arquitetura t\u00edpica europeia. \/\/ Cr\u00e9ditos: depositphotos.com \/ pedromoraesphotos"},{"@type":"BreadcrumbList","@id":"https:\/\/www.correiobraziliense.com.br\/cbradar\/a-vila-europeia-no-brasil-famosa-pelo-seu-clima-de-montanha-que-conquista-com-sua-natureza-e-tranquilidade\/#breadcrumb","itemListElement":[{"@type":"ListItem","position":1,"name":"In\u00edcio","item":"https:\/\/www.correiobraziliense.com.br\/cbradar\/"},{"@type":"ListItem","position":2,"name":"A vila europeia no Brasil famosa pelo seu clima de montanha que conquista com sua natureza e tranquilidade"}]},{"@type":"WebSite","@id":"https:\/\/www.correiobraziliense.com.br\/cbradar\/#website","url":"https:\/\/www.correiobraziliense.com.br\/cbradar\/","name":"Correio Braziliense - Radar","description":"Acompanhe as \u00faltimas not\u00edcias e fique bem informado sobre tudo o que acontece no Brasil e no mundo.","potentialAction":[{"@type":"SearchAction","target":{"@type":"EntryPoint","urlTemplate":"https:\/\/www.correiobraziliense.com.br\/cbradar\/?s={search_term_string}"},"query-input":{"@type":"PropertyValueSpecification","valueRequired":true,"valueName":"search_term_string"}}],"inLanguage":"pt-BR"},{"@type":"Person","@id":"https:\/\/www.correiobraziliense.com.br\/cbradar\/#\/schema\/person\/4053c651a9bfc785afc6f4cbc9032fd3","name":"Maura Pereira","image":{"@type":"ImageObject","inLanguage":"pt-BR","@id":"https:\/\/www.correiobraziliense.com.br\/cbradar\/#\/schema\/person\/image\/","url":"https:\/\/secure.gravatar.com\/avatar\/3effd6bdadfa447f15089c7f7144eaa6?s=96&d=mm&r=g","contentUrl":"https:\/\/secure.gravatar.com\/avatar\/3effd6bdadfa447f15089c7f7144eaa6?s=96&d=mm&r=g","caption":"Maura Pereira"},"sameAs":["https:\/\/www.correiobraziliense.com.br\/"],"url":"https:\/\/www.correiobraziliense.com.br\/cbradar\/author\/mauramyth\/"}]}},"_links":{"self":[{"href":"https:\/\/www.correiobraziliense.com.br\/cbradar\/wp-json\/wp\/v2\/posts\/154560","targetHints":{"allow":["GET"]}}],"collection":[{"href":"https:\/\/www.correiobraziliense.com.br\/cbradar\/wp-json\/wp\/v2\/posts"}],"about":[{"href":"https:\/\/www.correiobraziliense.com.br\/cbradar\/wp-json\/wp\/v2\/types\/post"}],"author":[{"embeddable":true,"href":"https:\/\/www.correiobraziliense.com.br\/cbradar\/wp-json\/wp\/v2\/users\/8"}],"replies":[{"embeddable":true,"href":"https:\/\/www.correiobraziliense.com.br\/cbradar\/wp-json\/wp\/v2\/comments?post=154560"}],"version-history":[{"count":18,"href":"https:\/\/www.correiobraziliense.com.br\/cbradar\/wp-json\/wp\/v2\/posts\/154560\/revisions"}],"predecessor-version":[{"id":154711,"href":"https:\/\/www.correiobraziliense.com.br\/cbradar\/wp-json\/wp\/v2\/posts\/154560\/revisions\/154711"}],"wp:featuredmedia":[{"embeddable":true,"href":"https:\/\/www.correiobraziliense.com.br\/cbradar\/wp-json\/wp\/v2\/media\/64765"}],"wp:attachment":[{"href":"https:\/\/www.correiobraziliense.com.br\/cbradar\/wp-json\/wp\/v2\/media?parent=154560"}],"wp:term":[{"taxonomy":"category","embeddable":true,"href":"https:\/\/www.correiobraziliense.com.br\/cbradar\/wp-json\/wp\/v2\/categories?post=154560"},{"taxonomy":"post_tag","embeddable":true,"href":"https:\/\/www.correiobraziliense.com.br\/cbradar\/wp-json\/wp\/v2\/post_tag?post=154560"}],"curies":[{"name":"wp","href":"https:\/\/api.w.org\/{rel}","templated":true}]}}