{"id":15458,"date":"2025-03-25T10:30:00","date_gmt":"2025-03-25T13:30:00","guid":{"rendered":"https:\/\/www.correiobraziliense.com.br\/cbradar\/?p=15458"},"modified":"2025-03-25T00:28:19","modified_gmt":"2025-03-25T03:28:19","slug":"the-chosen-ganha-data-de-estreia-da-quinta-temporada","status":"publish","type":"post","link":"https:\/\/www.correiobraziliense.com.br\/cbradar\/the-chosen-ganha-data-de-estreia-da-quinta-temporada\/","title":{"rendered":"The Chosen ganha data de estreia da quinta temporada"},"content":{"rendered":"\n<p>Nos \u00faltimos anos, &#8220;<strong>The Chosen<\/strong>&#8221; emergiu como uma das produ\u00e7\u00f5es mais inovadoras e impactantes no cen\u00e1rio das s\u00e9ries de televis\u00e3o. Criada por <strong>Dallas<\/strong> <strong>Jenkins<\/strong>, a s\u00e9rie oferece uma nova perspectiva sobre a vida de Jesus Cristo, diferenciando-se de outras produ\u00e7\u00f5es religiosas ao adotar um formato seriado e focar em personagens coadjuvantes. Desde seu lan\u00e7amento em 2019, &#8220;The Chosen&#8221; tem conquistado uma base de f\u00e3s diversificada, abrangendo tanto crist\u00e3os quanto espectadores que apreciam dramas hist\u00f3ricos.<\/p>\n\n\n\n<p>A abordagem \u00fanica de Jenkins, que combina elementos de grandes produ\u00e7\u00f5es seculares com narrativas de f\u00e9, tem sido um dos principais fatores para o sucesso da s\u00e9rie. Inspirado por s\u00e9ries como &#8220;<strong>The West Wing<\/strong>&#8220;, Jenkins optou por explorar diferentes pontos de vista e dar relev\u00e2ncia a personagens que, tradicionalmente, n\u00e3o recebem tanto destaque nas hist\u00f3rias b\u00edblicas. Essa estrat\u00e9gia n\u00e3o apenas enriquece a narrativa, mas tamb\u00e9m amplia o apelo da s\u00e9rie para um p\u00fablico mais amplo.<\/p>\n\n\n\n<h2 class=\"wp-block-heading\"><strong>Como &#8220;The Chosen&#8221; transformou o financiamento de produ\u00e7\u00f5es independentes?<\/strong><\/h2>\n\n\n\n<p>Um dos aspectos mais not\u00e1veis de &#8220;The Chosen&#8221; \u00e9 seu modelo de financiamento inovador. Ao inv\u00e9s de seguir o caminho tradicional de buscar apoio de grandes est\u00fadios, Jenkins e sua equipe optaram por um financiamento coletivo que oferecia a\u00e7\u00f5es da empresa e lucros na produ\u00e7\u00e3o para os investidores. Essa abordagem n\u00e3o convencional resultou em um recorde de arrecada\u00e7\u00e3o, com 16 mil investidores contribuindo com US$ 11 milh\u00f5es para a primeira temporada.<\/p>\n\n\n\n<p>Esse modelo de financiamento n\u00e3o apenas garantiu a independ\u00eancia criativa da s\u00e9rie, mas tamb\u00e9m engajou uma comunidade de apoiadores que se sentem parte do projeto. A cada nova temporada, &#8220;The Chosen&#8221; continua a depender de doa\u00e7\u00f5es dos espectadores, refor\u00e7ando a ideia de que a s\u00e9rie \u00e9 um esfor\u00e7o coletivo e comunit\u00e1rio.<\/p>\n\n\n\n<figure class=\"wp-block-image size-large\"><img decoding=\"async\" width=\"1024\" height=\"576\" src=\"https:\/\/www.correiobraziliense.com.br\/cbradar\/wp-content\/uploads\/2025\/03\/The-Chosen-2-1024x576.png\" alt=\"The Chosen ganha data de estreia da quinta temporada\" class=\"wp-image-15462\" srcset=\"https:\/\/www.correiobraziliense.com.br\/cbradar\/wp-content\/uploads\/2025\/03\/The-Chosen-2-1024x576.png 1024w, https:\/\/www.correiobraziliense.com.br\/cbradar\/wp-content\/uploads\/2025\/03\/The-Chosen-2-300x169.png 300w, https:\/\/www.correiobraziliense.com.br\/cbradar\/wp-content\/uploads\/2025\/03\/The-Chosen-2-768x432.png 768w, https:\/\/www.correiobraziliense.com.br\/cbradar\/wp-content\/uploads\/2025\/03\/The-Chosen-2-750x422.png 750w, https:\/\/www.correiobraziliense.com.br\/cbradar\/wp-content\/uploads\/2025\/03\/The-Chosen-2-1140x641.png 1140w, https:\/\/www.correiobraziliense.com.br\/cbradar\/wp-content\/uploads\/2025\/03\/The-Chosen-2.png 1280w\" sizes=\"(max-width: 1024px) 100vw, 1024px\" \/><figcaption class=\"wp-element-caption\">The Chosen. Fonte: divulga\u00e7\u00e3o \/ Netflix<\/figcaption><\/figure>\n\n\n\n<h2 class=\"wp-block-heading\"><strong>Por que &#8220;The Chosen&#8221; escolheu o cinema para lan\u00e7ar a quinta temporada?<\/strong><\/h2>\n\n\n\n<p>Com o lan\u00e7amento da quinta temporada, intitulada &#8220;\u00daltima Ceia&#8221;, &#8220;The Chosen&#8221; decidiu estrear os dois primeiros epis\u00f3dios nos cinemas antes de disponibiliz\u00e1-los em plataformas de streaming. Jenkins acredita que a experi\u00eancia cinematogr\u00e1fica oferece algo especial, permitindo que o p\u00fablico compartilhe emo\u00e7\u00f5es em um ambiente comunit\u00e1rio. Al\u00e9m disso, a tela grande e o som surround intensificam os momentos dram\u00e1ticos da s\u00e9rie, proporcionando uma experi\u00eancia mais imersiva.<\/p>\n\n\n\n<p>O lan\u00e7amento nos cinemas tamb\u00e9m coincide estrategicamente com a Semana Santa, um per\u00edodo de grande significado para a narrativa da s\u00e9rie. A quinta temporada foca exclusivamente nos eventos da Semana Santa, come\u00e7ando com a entrada triunfal de Jesus em Jerusal\u00e9m, um momento carregado de simbolismo e emo\u00e7\u00e3o.<\/p>\n\n\n\n<h2 class=\"wp-block-heading\"><strong>Qual \u00e9 o futuro de &#8220;The Chosen&#8221; e seus impactos na ind\u00fastria?<\/strong><\/h2>\n\n\n\n<p>\u00c0 medida que &#8220;The Chosen&#8221; avan\u00e7a para suas pr\u00f3ximas temporadas, a s\u00e9rie cont\u00ednua a desafiar as conven\u00e7\u00f5es da ind\u00fastria de entretenimento. Com planos para uma sexta temporada que abordar\u00e1 a crucifica\u00e7\u00e3o de Cristo, a produ\u00e7\u00e3o mant\u00e9m seu compromisso com a autenticidade e a inova\u00e7\u00e3o. O sucesso cont\u00ednuo da s\u00e9rie demonstra que h\u00e1 um p\u00fablico \u00e1vido por narrativas que combinam f\u00e9 e qualidade cinematogr\u00e1fica.<\/p>\n\n\n\n<p>Al\u00e9m disso, &#8220;The Chosen&#8221; tem inspirado outras produ\u00e7\u00f5es a explorar modelos de financiamento alternativos e a investir em hist\u00f3rias que ressoam com audi\u00eancias globais. A s\u00e9rie n\u00e3o apenas redefiniu como as hist\u00f3rias b\u00edblicas podem ser contadas, mas tamb\u00e9m abriu caminho para uma nova era de produ\u00e7\u00f5es independentes que priorizam a conex\u00e3o com o p\u00fablico.<\/p>\n","protected":false},"excerpt":{"rendered":"<p>Explorando o fen\u00f4meno de &#8216;The Chosen&#8217;, uma s\u00e9rie que oferece uma perspectiva fresca sobre a vida de Jesus.<\/p>\n","protected":false},"author":3,"featured_media":15461,"comment_status":"open","ping_status":"open","sticky":false,"template":"","format":"standard","meta":{"_yoast_wpseo_focuskw":"The Chosen quinta temporada","_yoast_wpseo_title":"%%title%%","_yoast_wpseo_metadesc":"Explorando o fen\u00f4meno de 'The Chosen', uma s\u00e9rie que oferece uma perspectiva fresca sobre a vida de Jesus.","jnews-multi-image_gallery":[],"jnews_single_post":{"format":"standard"},"jnews_primary_category":[],"jnews_social_meta":[],"jnews_override_counter":[],"footnotes":""},"categories":[140],"tags":[568,2040],"class_list":["post-15458","post","type-post","status-publish","format-standard","has-post-thumbnail","hentry","category-entretenimento","tag-series-e-filmes","tag-the-chosen"],"yoast_head":"<!-- This site is optimized with the Yoast SEO plugin v24.6 - https:\/\/yoast.com\/wordpress\/plugins\/seo\/ -->\n<title>The Chosen ganha data de estreia da quinta temporada<\/title>\n<meta name=\"description\" content=\"Explorando o fen\u00f4meno de &#039;The Chosen&#039;, uma s\u00e9rie que oferece uma perspectiva fresca sobre a vida de Jesus.\" \/>\n<meta name=\"robots\" content=\"index, follow, max-snippet:-1, max-image-preview:large, max-video-preview:-1\" \/>\n<link rel=\"canonical\" href=\"https:\/\/www.correiobraziliense.com.br\/cbradar\/the-chosen-ganha-data-de-estreia-da-quinta-temporada\/\" \/>\n<meta property=\"og:locale\" content=\"pt_BR\" \/>\n<meta property=\"og:type\" content=\"article\" \/>\n<meta property=\"og:title\" content=\"The Chosen ganha data de estreia da quinta temporada\" \/>\n<meta property=\"og:description\" content=\"Explorando o fen\u00f4meno de &#039;The Chosen&#039;, uma s\u00e9rie que oferece uma perspectiva fresca sobre a vida de Jesus.\" \/>\n<meta property=\"og:url\" content=\"https:\/\/www.correiobraziliense.com.br\/cbradar\/the-chosen-ganha-data-de-estreia-da-quinta-temporada\/\" \/>\n<meta property=\"og:site_name\" content=\"Correio Braziliense - Radar\" \/>\n<meta property=\"article:published_time\" content=\"2025-03-25T13:30:00+00:00\" \/>\n<meta property=\"og:image\" content=\"https:\/\/www.correiobraziliense.com.br\/cbradar\/wp-content\/uploads\/2025\/03\/The-Chosen.png\" \/>\n\t<meta property=\"og:image:width\" content=\"1280\" \/>\n\t<meta property=\"og:image:height\" content=\"720\" \/>\n\t<meta property=\"og:image:type\" content=\"image\/png\" \/>\n<meta name=\"author\" content=\"Larissa Carvalho\" \/>\n<meta name=\"twitter:card\" content=\"summary_large_image\" \/>\n<meta name=\"twitter:label1\" content=\"Escrito por\" \/>\n\t<meta name=\"twitter:data1\" content=\"Larissa Carvalho\" \/>\n\t<meta name=\"twitter:label2\" content=\"Est. tempo de leitura\" \/>\n\t<meta name=\"twitter:data2\" content=\"4 minutos\" \/>\n<!-- \/ Yoast SEO plugin. -->","yoast_head_json":{"title":"The Chosen ganha data de estreia da quinta temporada","description":"Explorando o fen\u00f4meno de 'The Chosen', uma s\u00e9rie que oferece uma perspectiva fresca sobre a vida de Jesus.","robots":{"index":"index","follow":"follow","max-snippet":"max-snippet:-1","max-image-preview":"max-image-preview:large","max-video-preview":"max-video-preview:-1"},"canonical":"https:\/\/www.correiobraziliense.com.br\/cbradar\/the-chosen-ganha-data-de-estreia-da-quinta-temporada\/","og_locale":"pt_BR","og_type":"article","og_title":"The Chosen ganha data de estreia da quinta temporada","og_description":"Explorando o fen\u00f4meno de 'The Chosen', uma s\u00e9rie que oferece uma perspectiva fresca sobre a vida de Jesus.","og_url":"https:\/\/www.correiobraziliense.com.br\/cbradar\/the-chosen-ganha-data-de-estreia-da-quinta-temporada\/","og_site_name":"Correio Braziliense - Radar","article_published_time":"2025-03-25T13:30:00+00:00","og_image":[{"width":1280,"height":720,"url":"https:\/\/www.correiobraziliense.com.br\/cbradar\/wp-content\/uploads\/2025\/03\/The-Chosen.png","type":"image\/png"}],"author":"Larissa Carvalho","twitter_card":"summary_large_image","twitter_misc":{"Escrito por":"Larissa Carvalho","Est. tempo de leitura":"4 minutos"},"schema":{"@context":"https:\/\/schema.org","@graph":[{"@type":"WebPage","@id":"https:\/\/www.correiobraziliense.com.br\/cbradar\/the-chosen-ganha-data-de-estreia-da-quinta-temporada\/","url":"https:\/\/www.correiobraziliense.com.br\/cbradar\/the-chosen-ganha-data-de-estreia-da-quinta-temporada\/","name":"The Chosen ganha data de estreia da quinta temporada","isPartOf":{"@id":"https:\/\/www.correiobraziliense.com.br\/cbradar\/#website"},"primaryImageOfPage":{"@id":"https:\/\/www.correiobraziliense.com.br\/cbradar\/the-chosen-ganha-data-de-estreia-da-quinta-temporada\/#primaryimage"},"image":{"@id":"https:\/\/www.correiobraziliense.com.br\/cbradar\/the-chosen-ganha-data-de-estreia-da-quinta-temporada\/#primaryimage"},"thumbnailUrl":"https:\/\/www.correiobraziliense.com.br\/cbradar\/wp-content\/uploads\/2025\/03\/The-Chosen.png","datePublished":"2025-03-25T13:30:00+00:00","author":{"@id":"https:\/\/www.correiobraziliense.com.br\/cbradar\/#\/schema\/person\/58422787644df994b53a19d3e56c1513"},"description":"Explorando o fen\u00f4meno de 'The Chosen', uma s\u00e9rie que oferece uma perspectiva fresca sobre a vida de Jesus.","breadcrumb":{"@id":"https:\/\/www.correiobraziliense.com.br\/cbradar\/the-chosen-ganha-data-de-estreia-da-quinta-temporada\/#breadcrumb"},"inLanguage":"pt-BR","potentialAction":[{"@type":"ReadAction","target":["https:\/\/www.correiobraziliense.com.br\/cbradar\/the-chosen-ganha-data-de-estreia-da-quinta-temporada\/"]}]},{"@type":"ImageObject","inLanguage":"pt-BR","@id":"https:\/\/www.correiobraziliense.com.br\/cbradar\/the-chosen-ganha-data-de-estreia-da-quinta-temporada\/#primaryimage","url":"https:\/\/www.correiobraziliense.com.br\/cbradar\/wp-content\/uploads\/2025\/03\/The-Chosen.png","contentUrl":"https:\/\/www.correiobraziliense.com.br\/cbradar\/wp-content\/uploads\/2025\/03\/The-Chosen.png","width":1280,"height":720,"caption":"The Chosen. Fonte: divulga\u00e7\u00e3o \/ Netflix"},{"@type":"BreadcrumbList","@id":"https:\/\/www.correiobraziliense.com.br\/cbradar\/the-chosen-ganha-data-de-estreia-da-quinta-temporada\/#breadcrumb","itemListElement":[{"@type":"ListItem","position":1,"name":"In\u00edcio","item":"https:\/\/www.correiobraziliense.com.br\/cbradar\/"},{"@type":"ListItem","position":2,"name":"The Chosen ganha data de estreia da quinta temporada"}]},{"@type":"WebSite","@id":"https:\/\/www.correiobraziliense.com.br\/cbradar\/#website","url":"https:\/\/www.correiobraziliense.com.br\/cbradar\/","name":"Correio Braziliense - Radar","description":"Acompanhe as \u00faltimas not\u00edcias e fique bem informado sobre tudo o que acontece no Brasil e no mundo.","potentialAction":[{"@type":"SearchAction","target":{"@type":"EntryPoint","urlTemplate":"https:\/\/www.correiobraziliense.com.br\/cbradar\/?s={search_term_string}"},"query-input":{"@type":"PropertyValueSpecification","valueRequired":true,"valueName":"search_term_string"}}],"inLanguage":"pt-BR"},{"@type":"Person","@id":"https:\/\/www.correiobraziliense.com.br\/cbradar\/#\/schema\/person\/58422787644df994b53a19d3e56c1513","name":"Larissa Carvalho","image":{"@type":"ImageObject","inLanguage":"pt-BR","@id":"https:\/\/www.correiobraziliense.com.br\/cbradar\/#\/schema\/person\/image\/","url":"https:\/\/secure.gravatar.com\/avatar\/fe4f91a0de32b52a838d0d612abdc1aa?s=96&d=mm&r=g","contentUrl":"https:\/\/secure.gravatar.com\/avatar\/fe4f91a0de32b52a838d0d612abdc1aa?s=96&d=mm&r=g","caption":"Larissa Carvalho"},"url":"https:\/\/www.correiobraziliense.com.br\/cbradar\/author\/larissamyth\/"}]}},"_links":{"self":[{"href":"https:\/\/www.correiobraziliense.com.br\/cbradar\/wp-json\/wp\/v2\/posts\/15458","targetHints":{"allow":["GET"]}}],"collection":[{"href":"https:\/\/www.correiobraziliense.com.br\/cbradar\/wp-json\/wp\/v2\/posts"}],"about":[{"href":"https:\/\/www.correiobraziliense.com.br\/cbradar\/wp-json\/wp\/v2\/types\/post"}],"author":[{"embeddable":true,"href":"https:\/\/www.correiobraziliense.com.br\/cbradar\/wp-json\/wp\/v2\/users\/3"}],"replies":[{"embeddable":true,"href":"https:\/\/www.correiobraziliense.com.br\/cbradar\/wp-json\/wp\/v2\/comments?post=15458"}],"version-history":[{"count":2,"href":"https:\/\/www.correiobraziliense.com.br\/cbradar\/wp-json\/wp\/v2\/posts\/15458\/revisions"}],"predecessor-version":[{"id":15510,"href":"https:\/\/www.correiobraziliense.com.br\/cbradar\/wp-json\/wp\/v2\/posts\/15458\/revisions\/15510"}],"wp:featuredmedia":[{"embeddable":true,"href":"https:\/\/www.correiobraziliense.com.br\/cbradar\/wp-json\/wp\/v2\/media\/15461"}],"wp:attachment":[{"href":"https:\/\/www.correiobraziliense.com.br\/cbradar\/wp-json\/wp\/v2\/media?parent=15458"}],"wp:term":[{"taxonomy":"category","embeddable":true,"href":"https:\/\/www.correiobraziliense.com.br\/cbradar\/wp-json\/wp\/v2\/categories?post=15458"},{"taxonomy":"post_tag","embeddable":true,"href":"https:\/\/www.correiobraziliense.com.br\/cbradar\/wp-json\/wp\/v2\/tags?post=15458"}],"curies":[{"name":"wp","href":"https:\/\/api.w.org\/{rel}","templated":true}]}}