{"id":154605,"date":"2025-12-12T06:05:00","date_gmt":"2025-12-12T09:05:00","guid":{"rendered":"https:\/\/www.correiobraziliense.com.br\/cbradar\/?p=154605"},"modified":"2025-12-11T19:47:59","modified_gmt":"2025-12-11T22:47:59","slug":"como-eliminar-o-mau-halito-pela-raiz-e-ainda-melhorar-sua-digestao-sem-esforco","status":"publish","type":"post","link":"https:\/\/www.correiobraziliense.com.br\/cbradar\/como-eliminar-o-mau-halito-pela-raiz-e-ainda-melhorar-sua-digestao-sem-esforco\/","title":{"rendered":"Como eliminar o mau h\u00e1lito pela raiz e ainda melhorar sua digest\u00e3o sem esfor\u00e7o"},"content":{"rendered":"\n<p>Entre as in\u00fameras esp\u00e9cies de plantas utilizadas para fins medicinais, a <strong>Mentha piperita<\/strong>, popularmente conhecida como hortel\u00e3-pimenta ou simplesmente <strong>Menta<\/strong>, se destaca por suas propriedades terap\u00eauticas. Comumente encontrada em produtos de cuidados pessoais, sua utilidade transcende a oferta de um h\u00e1lito agrad\u00e1vel. Este artigo aborda os benef\u00edcios da menta para a sa\u00fade, com destaque para seu impacto positivo na sa\u00fade bucal.<\/p>\n\n\n\n<p>Podem ser atribu\u00eddas \u00e0 Menta propriedades antimicrobianas excepcionais, tornando-a eficaz contra bact\u00e9rias que causam halitose. Al\u00e9m do efeito refrescante, o \u00f3leo essencial dessa planta cont\u00e9m mentol, respons\u00e1vel por sua a\u00e7\u00e3o antibacteriana. Estudos cient\u00edficos confirmam que o mentol ajuda a combater micro-organismos orais, trazendo grandes benef\u00edcios em produtos como cremes dentais e enxaguantes bucais.<\/p>\n\n\n\n<h2 class=\"wp-block-heading\">Como a Menta auxilia na digest\u00e3o?<\/h2>\n\n\n\n<p>Muitos fatores podem causar mau h\u00e1lito, incluindo problemas digestivos. A *Mentha piperita* atua como um agente carminativo, aliviando sintomas de indigest\u00e3o e gases, que s\u00e3o comuns em condi\u00e7\u00f5es digestivas. O mentol exerce um efeito relaxante sobre os m\u00fasculos do trato digestivo, promovendo uma digest\u00e3o mais eficiente. Desta forma, seu uso n\u00e3o s\u00f3 melhora a <a href=\"https:\/\/www.correiobraziliense.com.br\/cbradar\/dra-najla-smaili-implantes-hormonais-aliviam-sintomas-da-menopausa\/\" target=\"_blank\" rel=\"noreferrer noopener\">sa\u00fade<\/a> digestiva, mas indiretamente contribui para o combate ao mau h\u00e1lito que se origina no sistema digestivo.<\/p>\n\n\n\n<h2 class=\"wp-block-heading\">Quais s\u00e3o as propriedades anti-inflamat\u00f3rias da Menta?<\/h2>\n\n\n\n<p>Para al\u00e9m dos benef\u00edcios digestivos e antimicrobianos, a Menta apresenta tamb\u00e9m atividades anti-inflamat\u00f3rias significativas. Seus compostos, como os flavonoides, oferecem uma defesa natural contra a inflama\u00e7\u00e3o oral, especialmente em casos de gengivite e outras inflama\u00e7\u00f5es nas mucosas. Ao atenuar a resposta inflamat\u00f3ria, a hortel\u00e3-pimenta cria um ambiente menos prop\u00edcio para o crescimento bacteriano, aumentando seu potencial como aliado na sa\u00fade bucal.<\/p>\n\n\n<div class=\"wp-block-image\">\n<figure class=\"aligncenter size-large\"><img decoding=\"async\" width=\"1024\" height=\"576\" src=\"https:\/\/www.correiobraziliense.com.br\/cbradar\/wp-content\/uploads\/2025\/12\/mint_1765496952790-1024x576.jpg\" alt=\"\" class=\"wp-image-154616\" srcset=\"https:\/\/www.correiobraziliense.com.br\/cbradar\/wp-content\/uploads\/2025\/12\/mint_1765496952790-1024x576.jpg 1024w, https:\/\/www.correiobraziliense.com.br\/cbradar\/wp-content\/uploads\/2025\/12\/mint_1765496952790-300x169.jpg 300w, https:\/\/www.correiobraziliense.com.br\/cbradar\/wp-content\/uploads\/2025\/12\/mint_1765496952790-768x432.jpg 768w, https:\/\/www.correiobraziliense.com.br\/cbradar\/wp-content\/uploads\/2025\/12\/mint_1765496952790-750x422.jpg 750w, https:\/\/www.correiobraziliense.com.br\/cbradar\/wp-content\/uploads\/2025\/12\/mint_1765496952790-1140x641.jpg 1140w, https:\/\/www.correiobraziliense.com.br\/cbradar\/wp-content\/uploads\/2025\/12\/mint_1765496952790.jpg 1280w\" sizes=\"(max-width: 1024px) 100vw, 1024px\" \/><figcaption class=\"wp-element-caption\">Menta &#8211; Cr\u00e9ditos: depositphotos.com \/ v.ryabinina<\/figcaption><\/figure><\/div>\n\n\n<h2 class=\"wp-block-heading\">Como fazer o uso seguro da Menta?<\/h2>\n\n\n\n<p>Apesar dos in\u00fameros benef\u00edcios, o uso da Menta deve ser feito com responsabilidade. Enquanto infus\u00f5es e ch\u00e1s de Menta s\u00e3o seguros e amplamente consumidos, o \u00f3leo essencial requer dilui\u00e7\u00e3o adequada para evitar efeitos adversos devido \u00e0 sua concentra\u00e7\u00e3o elevada. Pessoas com condi\u00e7\u00f5es como refluxo gastroesof\u00e1gico precisam usar a Menta com cautela, pois ela pode relaxar o esf\u00edncter esof\u00e1gico. Portanto, sempre \u00e9 aconselh\u00e1vel seguir orienta\u00e7\u00f5es de profissionais da sa\u00fade.<\/p>\n\n\n\n<h2 class=\"wp-block-heading\">Como incorporar a Menta como parte de uma rotina di\u00e1ria de sa\u00fade?<\/h2>\n\n\n\n<p>Incorporar a Menta na rotina di\u00e1ria pode ser uma forma eficaz de melhorar a sa\u00fade bucal e digestiva. Seja consumida como ch\u00e1 ou usada em produtos de higiene, a hortel\u00e3-pimenta oferece um m\u00e9todo natural e cientificamente fundamentado para manter o h\u00e1lito fresco e garantir uma digest\u00e3o saud\u00e1vel. \u00c9 um exemplo claro de como rem\u00e9dios naturais podem complementar abordagens modernas para o cuidado da sa\u00fade, oferecendo uma solu\u00e7\u00e3o pr\u00e1tica e acess\u00edvel para problemas comuns do dia a dia.<\/p>\n\n\n<a href=\"https:\/\/www.instagram.com\/dra.annaluisabf\/\" target=\"_blank\" rel=\"noopener\" style=\"text-decoration: none; color: inherit;\">\n    <span style=\"display: inline-block; border: 1px solid #ccc; border-radius: 10px; padding: 15px; max-width: 550px; font-family: sans-serif; box-shadow: 0 2px 5px rgba(0,0,0,0.1); width: 100%;\">\n\n      <!-- T\u00edtulo -->\n      <span style=\"display: block; margin: 0 0 15px 0; font-weight: bold; color: #2c3e50; text-align: center;\">\n        Entre em contato:\n      <\/span>\n\n      <!-- Linha do perfil -->\n      <span style=\"display: flex; align-items: center; gap: 15px;\">\n        <img decoding=\"async\"\n          src=\"https:\/\/www.correiobraziliense.com.br\/cbradar\/wp-content\/uploads\/2025\/08\/dra_anna_luisa.jpeg\"\n          alt=\"Foto da Dra. Anna Lu\u00edsa\"\n          style=\"border-radius: 50%; width: 80px; height: 80px; object-fit: cover;\"\n        \/>\n        <span style=\"display: flex; flex-direction: column;\">\n          <span style=\"font-size: 18px; font-weight: 700; color: #2c3e50;\">Dra. Anna Lu\u00edsa Barbosa Fernandes<\/span>\n          <span style=\"color: #555;\">CRM-GO 33.271<\/span>\n        <\/span>\n      <\/span>\n\n      <!-- Redes -->\n      <span style=\"display: flex; align-items: center; gap: 10px; margin-top: 12px;\">\n        <img decoding=\"async\" src=\"https:\/\/cdn-icons-png.flaticon.com\/24\/1384\/1384063.png\" alt=\"Instagram\" width=\"24\" height=\"24\" \/>\n        <span style=\"text-decoration: underline; color: #2c3e50;\">@dra.annaluisabf<\/span>\n      <\/span>\n\n    <\/span>\n  <\/a>","protected":false},"excerpt":{"rendered":"<p>Entre as in\u00fameras esp\u00e9cies de plantas utilizadas para fins medicinais, a Mentha piperita, popularmente conhecida como hortel\u00e3-pimenta ou simplesmente Menta, se destaca por suas propriedades terap\u00eauticas. Comumente encontrada em produtos de cuidados pessoais, sua utilidade transcende a oferta de um h\u00e1lito agrad\u00e1vel. Este artigo aborda os benef\u00edcios da menta para a sa\u00fade, com destaque para [&hellip;]<\/p>\n","protected":false},"author":14,"featured_media":154614,"comment_status":"open","ping_status":"open","sticky":false,"template":"","format":"standard","meta":{"_yoast_wpseo_focuskw":"Menta","_yoast_wpseo_title":"","_yoast_wpseo_metadesc":"Hortel\u00e3-pimenta ajuda no h\u00e1lito fresco e na digest\u00e3o. Veja seus benef\u00edcios e os cuidados ao usar ch\u00e1s ou \u00f3leos essenciais.","jnews-multi-image_gallery":[],"jnews_single_post":{"format":"standard"},"jnews_primary_category":[],"jnews_social_meta":[],"jnews_override_counter":[],"footnotes":""},"categories":[4404],"tags":[281,120,1318],"class_list":["post-154605","post","type-post","status-publish","format-standard","has-post-thumbnail","hentry","category-saude","tag-alimentacao","tag-bem-estar","tag-saude-2"],"yoast_head":"<!-- This site is optimized with the Yoast SEO plugin v24.6 - https:\/\/yoast.com\/wordpress\/plugins\/seo\/ -->\n<title>Como eliminar o mau h\u00e1lito pela raiz e ainda melhorar sua digest\u00e3o sem esfor\u00e7o - Correio Braziliense - Radar<\/title>\n<meta name=\"description\" content=\"Hortel\u00e3-pimenta ajuda no h\u00e1lito fresco e na digest\u00e3o. Veja seus benef\u00edcios e os cuidados ao usar ch\u00e1s ou \u00f3leos essenciais.\" \/>\n<meta name=\"robots\" content=\"index, follow, max-snippet:-1, max-image-preview:large, max-video-preview:-1\" \/>\n<link rel=\"canonical\" href=\"https:\/\/www.correiobraziliense.com.br\/cbradar\/como-eliminar-o-mau-halito-pela-raiz-e-ainda-melhorar-sua-digestao-sem-esforco\/\" \/>\n<meta property=\"og:locale\" content=\"pt_BR\" \/>\n<meta property=\"og:type\" content=\"article\" \/>\n<meta property=\"og:title\" content=\"Como eliminar o mau h\u00e1lito pela raiz e ainda melhorar sua digest\u00e3o sem esfor\u00e7o - Correio Braziliense - Radar\" \/>\n<meta property=\"og:description\" content=\"Hortel\u00e3-pimenta ajuda no h\u00e1lito fresco e na digest\u00e3o. Veja seus benef\u00edcios e os cuidados ao usar ch\u00e1s ou \u00f3leos essenciais.\" \/>\n<meta property=\"og:url\" content=\"https:\/\/www.correiobraziliense.com.br\/cbradar\/como-eliminar-o-mau-halito-pela-raiz-e-ainda-melhorar-sua-digestao-sem-esforco\/\" \/>\n<meta property=\"og:site_name\" content=\"Correio Braziliense - Radar\" \/>\n<meta property=\"article:published_time\" content=\"2025-12-12T09:05:00+00:00\" \/>\n<meta property=\"og:image\" content=\"https:\/\/www.correiobraziliense.com.br\/cbradar\/wp-content\/uploads\/2025\/12\/mint_1765496866733.jpg\" \/>\n\t<meta property=\"og:image:width\" content=\"1280\" \/>\n\t<meta property=\"og:image:height\" content=\"720\" \/>\n\t<meta property=\"og:image:type\" content=\"image\/jpeg\" \/>\n<meta name=\"author\" content=\"guilherme_saude\" \/>\n<meta name=\"twitter:card\" content=\"summary_large_image\" \/>\n<meta name=\"twitter:label1\" content=\"Escrito por\" \/>\n\t<meta name=\"twitter:data1\" content=\"guilherme_saude\" \/>\n\t<meta name=\"twitter:label2\" content=\"Est. tempo de leitura\" \/>\n\t<meta name=\"twitter:data2\" content=\"4 minutos\" \/>\n<!-- \/ Yoast SEO plugin. -->","yoast_head_json":{"title":"Como eliminar o mau h\u00e1lito pela raiz e ainda melhorar sua digest\u00e3o sem esfor\u00e7o - Correio Braziliense - Radar","description":"Hortel\u00e3-pimenta ajuda no h\u00e1lito fresco e na digest\u00e3o. Veja seus benef\u00edcios e os cuidados ao usar ch\u00e1s ou \u00f3leos essenciais.","robots":{"index":"index","follow":"follow","max-snippet":"max-snippet:-1","max-image-preview":"max-image-preview:large","max-video-preview":"max-video-preview:-1"},"canonical":"https:\/\/www.correiobraziliense.com.br\/cbradar\/como-eliminar-o-mau-halito-pela-raiz-e-ainda-melhorar-sua-digestao-sem-esforco\/","og_locale":"pt_BR","og_type":"article","og_title":"Como eliminar o mau h\u00e1lito pela raiz e ainda melhorar sua digest\u00e3o sem esfor\u00e7o - Correio Braziliense - Radar","og_description":"Hortel\u00e3-pimenta ajuda no h\u00e1lito fresco e na digest\u00e3o. Veja seus benef\u00edcios e os cuidados ao usar ch\u00e1s ou \u00f3leos essenciais.","og_url":"https:\/\/www.correiobraziliense.com.br\/cbradar\/como-eliminar-o-mau-halito-pela-raiz-e-ainda-melhorar-sua-digestao-sem-esforco\/","og_site_name":"Correio Braziliense - Radar","article_published_time":"2025-12-12T09:05:00+00:00","og_image":[{"width":1280,"height":720,"url":"https:\/\/www.correiobraziliense.com.br\/cbradar\/wp-content\/uploads\/2025\/12\/mint_1765496866733.jpg","type":"image\/jpeg"}],"author":"guilherme_saude","twitter_card":"summary_large_image","twitter_misc":{"Escrito por":"guilherme_saude","Est. tempo de leitura":"4 minutos"},"schema":{"@context":"https:\/\/schema.org","@graph":[{"@type":"WebPage","@id":"https:\/\/www.correiobraziliense.com.br\/cbradar\/como-eliminar-o-mau-halito-pela-raiz-e-ainda-melhorar-sua-digestao-sem-esforco\/","url":"https:\/\/www.correiobraziliense.com.br\/cbradar\/como-eliminar-o-mau-halito-pela-raiz-e-ainda-melhorar-sua-digestao-sem-esforco\/","name":"Como eliminar o mau h\u00e1lito pela raiz e ainda melhorar sua digest\u00e3o sem esfor\u00e7o - Correio Braziliense - Radar","isPartOf":{"@id":"https:\/\/www.correiobraziliense.com.br\/cbradar\/#website"},"primaryImageOfPage":{"@id":"https:\/\/www.correiobraziliense.com.br\/cbradar\/como-eliminar-o-mau-halito-pela-raiz-e-ainda-melhorar-sua-digestao-sem-esforco\/#primaryimage"},"image":{"@id":"https:\/\/www.correiobraziliense.com.br\/cbradar\/como-eliminar-o-mau-halito-pela-raiz-e-ainda-melhorar-sua-digestao-sem-esforco\/#primaryimage"},"thumbnailUrl":"https:\/\/www.correiobraziliense.com.br\/cbradar\/wp-content\/uploads\/2025\/12\/mint_1765496866733.jpg","datePublished":"2025-12-12T09:05:00+00:00","author":{"@id":"https:\/\/www.correiobraziliense.com.br\/cbradar\/#\/schema\/person\/5aa4bf3c8fa699c267933611de12978b"},"description":"Hortel\u00e3-pimenta ajuda no h\u00e1lito fresco e na digest\u00e3o. Veja seus benef\u00edcios e os cuidados ao usar ch\u00e1s ou \u00f3leos essenciais.","breadcrumb":{"@id":"https:\/\/www.correiobraziliense.com.br\/cbradar\/como-eliminar-o-mau-halito-pela-raiz-e-ainda-melhorar-sua-digestao-sem-esforco\/#breadcrumb"},"inLanguage":"pt-BR","potentialAction":[{"@type":"ReadAction","target":["https:\/\/www.correiobraziliense.com.br\/cbradar\/como-eliminar-o-mau-halito-pela-raiz-e-ainda-melhorar-sua-digestao-sem-esforco\/"]}]},{"@type":"ImageObject","inLanguage":"pt-BR","@id":"https:\/\/www.correiobraziliense.com.br\/cbradar\/como-eliminar-o-mau-halito-pela-raiz-e-ainda-melhorar-sua-digestao-sem-esforco\/#primaryimage","url":"https:\/\/www.correiobraziliense.com.br\/cbradar\/wp-content\/uploads\/2025\/12\/mint_1765496866733.jpg","contentUrl":"https:\/\/www.correiobraziliense.com.br\/cbradar\/wp-content\/uploads\/2025\/12\/mint_1765496866733.jpg","width":1280,"height":720,"caption":"Menta - Cr\u00e9ditos: depositphotos.com \/ SergPoznanskiy"},{"@type":"BreadcrumbList","@id":"https:\/\/www.correiobraziliense.com.br\/cbradar\/como-eliminar-o-mau-halito-pela-raiz-e-ainda-melhorar-sua-digestao-sem-esforco\/#breadcrumb","itemListElement":[{"@type":"ListItem","position":1,"name":"In\u00edcio","item":"https:\/\/www.correiobraziliense.com.br\/cbradar\/"},{"@type":"ListItem","position":2,"name":"Como eliminar o mau h\u00e1lito pela raiz e ainda melhorar sua digest\u00e3o sem esfor\u00e7o"}]},{"@type":"WebSite","@id":"https:\/\/www.correiobraziliense.com.br\/cbradar\/#website","url":"https:\/\/www.correiobraziliense.com.br\/cbradar\/","name":"Correio Braziliense - Radar","description":"Acompanhe as \u00faltimas not\u00edcias e fique bem informado sobre tudo o que acontece no Brasil e no mundo.","potentialAction":[{"@type":"SearchAction","target":{"@type":"EntryPoint","urlTemplate":"https:\/\/www.correiobraziliense.com.br\/cbradar\/?s={search_term_string}"},"query-input":{"@type":"PropertyValueSpecification","valueRequired":true,"valueName":"search_term_string"}}],"inLanguage":"pt-BR"},{"@type":"Person","@id":"https:\/\/www.correiobraziliense.com.br\/cbradar\/#\/schema\/person\/5aa4bf3c8fa699c267933611de12978b","name":"guilherme_saude","image":{"@type":"ImageObject","inLanguage":"pt-BR","@id":"https:\/\/www.correiobraziliense.com.br\/cbradar\/#\/schema\/person\/image\/","url":"https:\/\/secure.gravatar.com\/avatar\/df9adfb835d344bc0af109d41756253f?s=96&d=mm&r=g","contentUrl":"https:\/\/secure.gravatar.com\/avatar\/df9adfb835d344bc0af109d41756253f?s=96&d=mm&r=g","caption":"guilherme_saude"},"url":"https:\/\/www.correiobraziliense.com.br\/cbradar\/author\/guilherme_saude\/"}]}},"_links":{"self":[{"href":"https:\/\/www.correiobraziliense.com.br\/cbradar\/wp-json\/wp\/v2\/posts\/154605","targetHints":{"allow":["GET"]}}],"collection":[{"href":"https:\/\/www.correiobraziliense.com.br\/cbradar\/wp-json\/wp\/v2\/posts"}],"about":[{"href":"https:\/\/www.correiobraziliense.com.br\/cbradar\/wp-json\/wp\/v2\/types\/post"}],"author":[{"embeddable":true,"href":"https:\/\/www.correiobraziliense.com.br\/cbradar\/wp-json\/wp\/v2\/users\/14"}],"replies":[{"embeddable":true,"href":"https:\/\/www.correiobraziliense.com.br\/cbradar\/wp-json\/wp\/v2\/comments?post=154605"}],"version-history":[{"count":1,"href":"https:\/\/www.correiobraziliense.com.br\/cbradar\/wp-json\/wp\/v2\/posts\/154605\/revisions"}],"predecessor-version":[{"id":154619,"href":"https:\/\/www.correiobraziliense.com.br\/cbradar\/wp-json\/wp\/v2\/posts\/154605\/revisions\/154619"}],"wp:featuredmedia":[{"embeddable":true,"href":"https:\/\/www.correiobraziliense.com.br\/cbradar\/wp-json\/wp\/v2\/media\/154614"}],"wp:attachment":[{"href":"https:\/\/www.correiobraziliense.com.br\/cbradar\/wp-json\/wp\/v2\/media?parent=154605"}],"wp:term":[{"taxonomy":"category","embeddable":true,"href":"https:\/\/www.correiobraziliense.com.br\/cbradar\/wp-json\/wp\/v2\/categories?post=154605"},{"taxonomy":"post_tag","embeddable":true,"href":"https:\/\/www.correiobraziliense.com.br\/cbradar\/wp-json\/wp\/v2\/tags?post=154605"}],"curies":[{"name":"wp","href":"https:\/\/api.w.org\/{rel}","templated":true}]}}