{"id":15464,"date":"2025-03-25T15:30:00","date_gmt":"2025-03-25T18:30:00","guid":{"rendered":"https:\/\/www.correiobraziliense.com.br\/cbradar\/?p=15464"},"modified":"2025-03-24T21:56:04","modified_gmt":"2025-03-25T00:56:04","slug":"conheca-a-nova-serie-de-suspense-da-netflix-que-esta-dando-o-que-falar","status":"publish","type":"post","link":"https:\/\/www.correiobraziliense.com.br\/cbradar\/conheca-a-nova-serie-de-suspense-da-netflix-que-esta-dando-o-que-falar\/","title":{"rendered":"Conhe\u00e7a a nova s\u00e9rie de suspense da Netflix que est\u00e1 dando o que falar"},"content":{"rendered":"\n<p>A <strong>Netflix <\/strong>tem investido em s\u00e9ries internacionais, e uma das novidades que chama aten\u00e7\u00e3o \u00e9\u00a0<strong>Medusa<\/strong>, uma produ\u00e7\u00e3o colombiana que promete intrigar os espectadores. Estrelada por <strong>Juana Acosta <\/strong>e <strong>Manolo Cardona<\/strong>, a s\u00e9rie traz uma trama cheia de suspense e segredos obscuros, j\u00e1 dispon\u00edvel para os assinantes do servi\u00e7o de streaming.<\/p>\n\n\n\n<p>Com dire\u00e7\u00e3o de <strong>Mar\u00eda Gamboa<\/strong>,\u00a0<em>Medusa<\/em>\u00a0foi filmada em loca\u00e7\u00f5es como Bogot\u00e1 e Santa Marta, utilizando uma combina\u00e7\u00e3o de ambientes urbanos e naturais para criar uma atmosfera \u00fanica e envolvente que complementa a narrativa da s\u00e9rie.<\/p>\n\n\n\n<h2 class=\"wp-block-heading\"><strong>Qual \u00e9 o enredo de Medusa?<\/strong><\/h2>\n\n\n\n<p>A trama de&nbsp;<strong>Medusa<\/strong>&nbsp;gira em torno de B\u00e1rbara Hidalgo, uma empres\u00e1ria que enfrenta um acidente no mar, resultando em perda de mem\u00f3ria. Este evento ocorre em um momento crucial, quando ela est\u00e1 prestes a assumir os neg\u00f3cios da fam\u00edlia Hidalgo, levantando suspeitas de que o acidente possa ter sido orquestrado. Sem lembran\u00e7as claras, B\u00e1rbara retorna \u00e0 sua cidade natal para investigar o que realmente aconteceu.<\/p>\n\n\n\n<p>Ela conta com a ajuda de Danger Carmelo, um investigador interpretado por Manolo Cardona, que se junta a ela na busca pela verdade. Juntos, eles enfrentam uma s\u00e9rie de desafios e perigos, enquanto tentam descobrir quem est\u00e1 por tr\u00e1s do acidente e quais s\u00e3o suas verdadeiras inten\u00e7\u00f5es.<\/p>\n\n\n\n<iframe loading=\"lazy\" width=\"560\" height=\"315\" src=\"https:\/\/www.youtube.com\/embed\/BwhUIpkf9Fk?si=mHgHzHn8ZtBnf9zQ\" title=\"YouTube video player\" frameborder=\"0\" allow=\"accelerometer; autoplay; clipboard-write; encrypted-media; gyroscope; picture-in-picture; web-share\" referrerpolicy=\"strict-origin-when-cross-origin\" allowfullscreen><\/iframe>\n\n\n\n<h2 class=\"wp-block-heading\"><strong>Quem faz parte do elenco de Medusa?<\/strong><\/h2>\n\n\n\n<p>Al\u00e9m de Juana Acosta e Manolo Cardona, o elenco de&nbsp;<strong>Medusa<\/strong>&nbsp;inclui talentos como Diego Trujillo, Carlos Torres, Mabel Moreno, Sebasti\u00e1n Mart\u00ednez e Laura Archbold. Cada ator traz \u00e0 vida personagens que est\u00e3o profundamente envolvidos no mist\u00e9rio que cerca a trama, cada um com suas pr\u00f3prias hist\u00f3rias e segredos.<\/p>\n\n\n\n<figure class=\"wp-block-image size-large\"><img decoding=\"async\" width=\"1024\" height=\"576\" src=\"https:\/\/www.correiobraziliense.com.br\/cbradar\/wp-content\/uploads\/2025\/03\/Medusa-1-1024x576.png\" alt=\"Conhe\u00e7a a nova s\u00e9rie de suspense da Netflix que est\u00e1 dando o que falar\" class=\"wp-image-15466\" srcset=\"https:\/\/www.correiobraziliense.com.br\/cbradar\/wp-content\/uploads\/2025\/03\/Medusa-1-1024x576.png 1024w, https:\/\/www.correiobraziliense.com.br\/cbradar\/wp-content\/uploads\/2025\/03\/Medusa-1-300x169.png 300w, https:\/\/www.correiobraziliense.com.br\/cbradar\/wp-content\/uploads\/2025\/03\/Medusa-1-768x432.png 768w, https:\/\/www.correiobraziliense.com.br\/cbradar\/wp-content\/uploads\/2025\/03\/Medusa-1-750x422.png 750w, https:\/\/www.correiobraziliense.com.br\/cbradar\/wp-content\/uploads\/2025\/03\/Medusa-1-1140x641.png 1140w, https:\/\/www.correiobraziliense.com.br\/cbradar\/wp-content\/uploads\/2025\/03\/Medusa-1.png 1280w\" sizes=\"(max-width: 1024px) 100vw, 1024px\" \/><figcaption class=\"wp-element-caption\">Medusa. Fonte: divulga\u00e7\u00e3o \/ Netflix<\/figcaption><\/figure>\n\n\n\n<h2 class=\"wp-block-heading\"><strong>Por que assistir Medusa?<\/strong><\/h2>\n\n\n\n<p><strong>Medusa<\/strong>&nbsp;oferece uma narrativa intrigante que combina elementos de suspense e drama, explorando temas como mem\u00f3ria, poder e trai\u00e7\u00e3o. A s\u00e9rie mant\u00e9m o espectador envolvido do in\u00edcio ao fim, com uma produ\u00e7\u00e3o de alta qualidade e um elenco talentoso que d\u00e1 vida a personagens complexos.<\/p>\n\n\n\n<p>Para aqueles que apreciam hist\u00f3rias cheias de reviravoltas e personagens complexos,&nbsp;<em>Medusa<\/em>&nbsp;\u00e9 uma escolha imperd\u00edvel. A s\u00e9rie n\u00e3o apenas entret\u00e9m, mas tamb\u00e9m desafia o p\u00fablico a questionar em quem confiar e o que realmente significa buscar a verdade.<\/p>\n","protected":false},"excerpt":{"rendered":"<p>A nova s\u00e9rie da Netflix, Medusa, \u00e9 um suspense colombiano que deixa os espectadores intrigados. Estrelada por Juana Acosta.<\/p>\n","protected":false},"author":3,"featured_media":15465,"comment_status":"open","ping_status":"open","sticky":false,"template":"","format":"standard","meta":{"_yoast_wpseo_focuskw":"s\u00e9rie suspense netflix","_yoast_wpseo_title":"%%title%%","_yoast_wpseo_metadesc":"A nova s\u00e9rie da Netflix, Medusa, \u00e9 um suspense colombiano que deixa os espectadores intrigados. Estrelada por Juana Acosta.","jnews-multi-image_gallery":[],"jnews_single_post":{"format":"standard"},"jnews_primary_category":[],"jnews_social_meta":[],"jnews_override_counter":[],"footnotes":""},"categories":[140],"post_tag":[141,568],"class_list":["post-15464","post","type-post","status-publish","format-standard","has-post-thumbnail","hentry","category-entretenimento","tag-netflix","tag-series-e-filmes"],"yoast_head":"<!-- This site is optimized with the Yoast SEO plugin v24.6 - https:\/\/yoast.com\/wordpress\/plugins\/seo\/ -->\n<title>Conhe\u00e7a a nova s\u00e9rie de suspense da Netflix que est\u00e1 dando o que falar<\/title>\n<meta name=\"description\" content=\"A nova s\u00e9rie da Netflix, Medusa, \u00e9 um suspense colombiano que deixa os espectadores intrigados. Estrelada por Juana Acosta.\" \/>\n<meta name=\"robots\" content=\"index, follow, max-snippet:-1, max-image-preview:large, max-video-preview:-1\" \/>\n<link rel=\"canonical\" href=\"https:\/\/www.correiobraziliense.com.br\/cbradar\/conheca-a-nova-serie-de-suspense-da-netflix-que-esta-dando-o-que-falar\/\" \/>\n<meta property=\"og:locale\" content=\"pt_BR\" \/>\n<meta property=\"og:type\" content=\"article\" \/>\n<meta property=\"og:title\" content=\"Conhe\u00e7a a nova s\u00e9rie de suspense da Netflix que est\u00e1 dando o que falar\" \/>\n<meta property=\"og:description\" content=\"A nova s\u00e9rie da Netflix, Medusa, \u00e9 um suspense colombiano que deixa os espectadores intrigados. Estrelada por Juana Acosta.\" \/>\n<meta property=\"og:url\" content=\"https:\/\/www.correiobraziliense.com.br\/cbradar\/conheca-a-nova-serie-de-suspense-da-netflix-que-esta-dando-o-que-falar\/\" \/>\n<meta property=\"og:site_name\" content=\"Correio Braziliense - Radar\" \/>\n<meta property=\"article:published_time\" content=\"2025-03-25T18:30:00+00:00\" \/>\n<meta property=\"og:image\" content=\"https:\/\/www.correiobraziliense.com.br\/cbradar\/wp-content\/uploads\/2025\/03\/Netflix_1742845963665.jpg\" \/>\n\t<meta property=\"og:image:width\" content=\"1280\" \/>\n\t<meta property=\"og:image:height\" content=\"720\" \/>\n\t<meta property=\"og:image:type\" content=\"image\/jpeg\" \/>\n<meta name=\"author\" content=\"Larissa Carvalho\" \/>\n<meta name=\"twitter:card\" content=\"summary_large_image\" \/>\n<meta name=\"twitter:label1\" content=\"Escrito por\" \/>\n\t<meta name=\"twitter:data1\" content=\"Larissa Carvalho\" \/>\n\t<meta name=\"twitter:label2\" content=\"Est. tempo de leitura\" \/>\n\t<meta name=\"twitter:data2\" content=\"3 minutos\" \/>\n<!-- \/ Yoast SEO plugin. -->","yoast_head_json":{"title":"Conhe\u00e7a a nova s\u00e9rie de suspense da Netflix que est\u00e1 dando o que falar","description":"A nova s\u00e9rie da Netflix, Medusa, \u00e9 um suspense colombiano que deixa os espectadores intrigados. Estrelada por Juana Acosta.","robots":{"index":"index","follow":"follow","max-snippet":"max-snippet:-1","max-image-preview":"max-image-preview:large","max-video-preview":"max-video-preview:-1"},"canonical":"https:\/\/www.correiobraziliense.com.br\/cbradar\/conheca-a-nova-serie-de-suspense-da-netflix-que-esta-dando-o-que-falar\/","og_locale":"pt_BR","og_type":"article","og_title":"Conhe\u00e7a a nova s\u00e9rie de suspense da Netflix que est\u00e1 dando o que falar","og_description":"A nova s\u00e9rie da Netflix, Medusa, \u00e9 um suspense colombiano que deixa os espectadores intrigados. Estrelada por Juana Acosta.","og_url":"https:\/\/www.correiobraziliense.com.br\/cbradar\/conheca-a-nova-serie-de-suspense-da-netflix-que-esta-dando-o-que-falar\/","og_site_name":"Correio Braziliense - Radar","article_published_time":"2025-03-25T18:30:00+00:00","og_image":[{"width":1280,"height":720,"url":"https:\/\/www.correiobraziliense.com.br\/cbradar\/wp-content\/uploads\/2025\/03\/Netflix_1742845963665.jpg","type":"image\/jpeg"}],"author":"Larissa Carvalho","twitter_card":"summary_large_image","twitter_misc":{"Escrito por":"Larissa Carvalho","Est. tempo de leitura":"3 minutos"},"schema":{"@context":"https:\/\/schema.org","@graph":[{"@type":"WebPage","@id":"https:\/\/www.correiobraziliense.com.br\/cbradar\/conheca-a-nova-serie-de-suspense-da-netflix-que-esta-dando-o-que-falar\/","url":"https:\/\/www.correiobraziliense.com.br\/cbradar\/conheca-a-nova-serie-de-suspense-da-netflix-que-esta-dando-o-que-falar\/","name":"Conhe\u00e7a a nova s\u00e9rie de suspense da Netflix que est\u00e1 dando o que falar","isPartOf":{"@id":"https:\/\/www.correiobraziliense.com.br\/cbradar\/#website"},"primaryImageOfPage":{"@id":"https:\/\/www.correiobraziliense.com.br\/cbradar\/conheca-a-nova-serie-de-suspense-da-netflix-que-esta-dando-o-que-falar\/#primaryimage"},"image":{"@id":"https:\/\/www.correiobraziliense.com.br\/cbradar\/conheca-a-nova-serie-de-suspense-da-netflix-que-esta-dando-o-que-falar\/#primaryimage"},"thumbnailUrl":"https:\/\/www.correiobraziliense.com.br\/cbradar\/wp-content\/uploads\/2025\/03\/Netflix_1742845963665.jpg","datePublished":"2025-03-25T18:30:00+00:00","author":{"@id":"https:\/\/www.correiobraziliense.com.br\/cbradar\/#\/schema\/person\/58422787644df994b53a19d3e56c1513"},"description":"A nova s\u00e9rie da Netflix, Medusa, \u00e9 um suspense colombiano que deixa os espectadores intrigados. Estrelada por Juana Acosta.","breadcrumb":{"@id":"https:\/\/www.correiobraziliense.com.br\/cbradar\/conheca-a-nova-serie-de-suspense-da-netflix-que-esta-dando-o-que-falar\/#breadcrumb"},"inLanguage":"pt-BR","potentialAction":[{"@type":"ReadAction","target":["https:\/\/www.correiobraziliense.com.br\/cbradar\/conheca-a-nova-serie-de-suspense-da-netflix-que-esta-dando-o-que-falar\/"]}]},{"@type":"ImageObject","inLanguage":"pt-BR","@id":"https:\/\/www.correiobraziliense.com.br\/cbradar\/conheca-a-nova-serie-de-suspense-da-netflix-que-esta-dando-o-que-falar\/#primaryimage","url":"https:\/\/www.correiobraziliense.com.br\/cbradar\/wp-content\/uploads\/2025\/03\/Netflix_1742845963665.jpg","contentUrl":"https:\/\/www.correiobraziliense.com.br\/cbradar\/wp-content\/uploads\/2025\/03\/Netflix_1742845963665.jpg","width":1280,"height":720,"caption":"Netflix. Cr\u00e9ditos: depositphotos.com \/ boggy22"},{"@type":"BreadcrumbList","@id":"https:\/\/www.correiobraziliense.com.br\/cbradar\/conheca-a-nova-serie-de-suspense-da-netflix-que-esta-dando-o-que-falar\/#breadcrumb","itemListElement":[{"@type":"ListItem","position":1,"name":"In\u00edcio","item":"https:\/\/www.correiobraziliense.com.br\/cbradar\/"},{"@type":"ListItem","position":2,"name":"Conhe\u00e7a a nova s\u00e9rie de suspense da Netflix que est\u00e1 dando o que falar"}]},{"@type":"WebSite","@id":"https:\/\/www.correiobraziliense.com.br\/cbradar\/#website","url":"https:\/\/www.correiobraziliense.com.br\/cbradar\/","name":"Correio Braziliense - Radar","description":"Acompanhe as \u00faltimas not\u00edcias e fique bem informado sobre tudo o que acontece no Brasil e no mundo.","potentialAction":[{"@type":"SearchAction","target":{"@type":"EntryPoint","urlTemplate":"https:\/\/www.correiobraziliense.com.br\/cbradar\/?s={search_term_string}"},"query-input":{"@type":"PropertyValueSpecification","valueRequired":true,"valueName":"search_term_string"}}],"inLanguage":"pt-BR"},{"@type":"Person","@id":"https:\/\/www.correiobraziliense.com.br\/cbradar\/#\/schema\/person\/58422787644df994b53a19d3e56c1513","name":"Larissa Carvalho","image":{"@type":"ImageObject","inLanguage":"pt-BR","@id":"https:\/\/www.correiobraziliense.com.br\/cbradar\/#\/schema\/person\/image\/","url":"https:\/\/secure.gravatar.com\/avatar\/fe4f91a0de32b52a838d0d612abdc1aa?s=96&d=mm&r=g","contentUrl":"https:\/\/secure.gravatar.com\/avatar\/fe4f91a0de32b52a838d0d612abdc1aa?s=96&d=mm&r=g","caption":"Larissa Carvalho"},"url":"https:\/\/www.correiobraziliense.com.br\/cbradar\/author\/larissamyth\/"}]}},"_links":{"self":[{"href":"https:\/\/www.correiobraziliense.com.br\/cbradar\/wp-json\/wp\/v2\/posts\/15464","targetHints":{"allow":["GET"]}}],"collection":[{"href":"https:\/\/www.correiobraziliense.com.br\/cbradar\/wp-json\/wp\/v2\/posts"}],"about":[{"href":"https:\/\/www.correiobraziliense.com.br\/cbradar\/wp-json\/wp\/v2\/types\/post"}],"author":[{"embeddable":true,"href":"https:\/\/www.correiobraziliense.com.br\/cbradar\/wp-json\/wp\/v2\/users\/3"}],"replies":[{"embeddable":true,"href":"https:\/\/www.correiobraziliense.com.br\/cbradar\/wp-json\/wp\/v2\/comments?post=15464"}],"version-history":[{"count":1,"href":"https:\/\/www.correiobraziliense.com.br\/cbradar\/wp-json\/wp\/v2\/posts\/15464\/revisions"}],"predecessor-version":[{"id":15467,"href":"https:\/\/www.correiobraziliense.com.br\/cbradar\/wp-json\/wp\/v2\/posts\/15464\/revisions\/15467"}],"wp:featuredmedia":[{"embeddable":true,"href":"https:\/\/www.correiobraziliense.com.br\/cbradar\/wp-json\/wp\/v2\/media\/15465"}],"wp:attachment":[{"href":"https:\/\/www.correiobraziliense.com.br\/cbradar\/wp-json\/wp\/v2\/media?parent=15464"}],"wp:term":[{"taxonomy":"category","embeddable":true,"href":"https:\/\/www.correiobraziliense.com.br\/cbradar\/wp-json\/wp\/v2\/categories?post=15464"},{"taxonomy":"post_tag","embeddable":true,"href":"https:\/\/www.correiobraziliense.com.br\/cbradar\/wp-json\/wp\/v2\/post_tag?post=15464"}],"curies":[{"name":"wp","href":"https:\/\/api.w.org\/{rel}","templated":true}]}}