{"id":154641,"date":"2025-12-12T13:15:00","date_gmt":"2025-12-12T16:15:00","guid":{"rendered":"https:\/\/www.correiobraziliense.com.br\/cbradar\/?p=154641"},"modified":"2025-12-11T19:57:45","modified_gmt":"2025-12-11T22:57:45","slug":"cabelo-fino-aos-40-aposte-nesse-corte-que-rejuvenesce-e-valoriza","status":"publish","type":"post","link":"https:\/\/www.correiobraziliense.com.br\/cbradar\/cabelo-fino-aos-40-aposte-nesse-corte-que-rejuvenesce-e-valoriza\/","title":{"rendered":"Cabelo fino aos 40? Aposte nesse corte que rejuvenesce e valoriza"},"content":{"rendered":"\n<p>A medida que as pessoas envelhecem, especialmente ap\u00f3s os 40 anos, o cabelo tende a perder densidade, ficando mais fino e quebradi\u00e7o. Essa redu\u00e7\u00e3o de volume est\u00e1 frequentemente associada a fatores hormonais, gen\u00e9ticos e ao estilo de vida. Portanto, escolher o corte de cabelo ideal se torna crucial n\u00e3o apenas para seguir tend\u00eancias, mas para refor\u00e7ar a estrutura dos fios. O&nbsp;<strong>blunt bob reto<\/strong>&nbsp;surge como uma op\u00e7\u00e3o proeminente para aqueles que possuem cabelos finos, oferecendo n\u00e3o apenas est\u00e9tica, mas tamb\u00e9m praticidade.<\/p>\n\n\n\n<h2 class=\"wp-block-heading\">Como o Blunt Bob Reto beneficia cabelos finos?<\/h2>\n\n\n\n<p>O&nbsp;<em>blunt bob reto<\/em>&nbsp;\u00e9 caracterizado por uma base reta e acabamento sem desfiados evidentes, o que \u00e9 eficiente em criar um contorno cheio nas pontas. Este corte reduz a apar\u00eancia de transpar\u00eancia, comum em cabelos finos e que se tornam mais evidentes com o avan\u00e7ar da idade. Ao concentrar o peso nas extremidades, o corte promove a impress\u00e3o de maior densidade e estrutura, o que \u00e9 vital para indiv\u00edduos que experimentam uma redu\u00e7\u00e3o na produ\u00e7\u00e3o de queratina e oleosidade natural com o passar dos anos.<\/p>\n\n\n\n<h2 class=\"wp-block-heading\">Qual \u00e9 a manuten\u00e7\u00e3o necess\u00e1ria para o Blunt Bob Reto?<\/h2>\n\n\n\n<figure class=\"wp-block-image aligncenter size-large\"><img decoding=\"async\" width=\"1024\" height=\"576\" src=\"https:\/\/www.correiobraziliense.com.br\/cbradar\/wp-content\/uploads\/2025\/05\/corte-de-cabelo_1748355703420-1024x576.jpg\" alt=\"\" class=\"wp-image-43587\" srcset=\"https:\/\/www.correiobraziliense.com.br\/cbradar\/wp-content\/uploads\/2025\/05\/corte-de-cabelo_1748355703420-1024x576.jpg 1024w, https:\/\/www.correiobraziliense.com.br\/cbradar\/wp-content\/uploads\/2025\/05\/corte-de-cabelo_1748355703420-300x169.jpg 300w, https:\/\/www.correiobraziliense.com.br\/cbradar\/wp-content\/uploads\/2025\/05\/corte-de-cabelo_1748355703420-768x432.jpg 768w, https:\/\/www.correiobraziliense.com.br\/cbradar\/wp-content\/uploads\/2025\/05\/corte-de-cabelo_1748355703420-750x422.jpg 750w, https:\/\/www.correiobraziliense.com.br\/cbradar\/wp-content\/uploads\/2025\/05\/corte-de-cabelo_1748355703420-1140x641.jpg 1140w, https:\/\/www.correiobraziliense.com.br\/cbradar\/wp-content\/uploads\/2025\/05\/corte-de-cabelo_1748355703420.jpg 1280w\" sizes=\"(max-width: 1024px) 100vw, 1024px\" \/><figcaption class=\"wp-element-caption\">tend\u00eancia de cabelo de 2025 promete revolucionar seu estilo pessoal &#8211; Cr\u00e9ditos: depositphotos.com \/ MilanMarkovic\n<\/figcaption><\/figure>\n\n\n\n<p>Para manter o efeito desejado do corte, cuidados regulares e uma rotina de manuten\u00e7\u00e3o s\u00e3o essenciais. Cortar regularmente ajuda a evitar pontas duplas que poderiam comprometer o visual. O uso de protetor t\u00e9rmico \u00e9 recomendado antes da utiliza\u00e7\u00e3o de ferramentas como secadores e chapinhas, que podem danificar os fios. Al\u00e9m disso, intercalar o uso de m\u00e1scaras de hidrata\u00e7\u00e3o e nutri\u00e7\u00e3o ao longo do m\u00eas pode ajudar a manter a <a href=\"https:\/\/www.correiobraziliense.com.br\/cbradar\/dra-najla-smaili-implantes-hormonais-aliviam-sintomas-da-menopausa\/\" target=\"_blank\" rel=\"noreferrer noopener\">sa\u00fade <\/a>capilar. Evitar o uso frequente de produtos qu\u00edmicos agressivos \u00e9 crucial para manter a qualidade dos fios.<\/p>\n\n\n\n<h2 class=\"wp-block-heading\">\u00c9 poss\u00edvel estilizar o Blunt Bob Reto de diversas formas?<\/h2>\n\n\n\n<p>Ainda que o corte seja bastante vers\u00e1til, a maneira como \u00e9 estilizado pode afetar significativamente o resultado final. Para manter o caimento reto e polido do&nbsp;<em>blunt bob<\/em>, uma t\u00e9cnica simples \u00e9 secar o cabelo com o secador em dire\u00e7\u00e3o \u00e0s pontas. Adicionar ondas sutis pode criar textura sem comprometer a estrutura do corte. A personaliza\u00e7\u00e3o pode ser alcan\u00e7ada introduzindo pequenas mudan\u00e7as, como graduar discretamente a parte de tr\u00e1s ou alongar levemente a parte da frente, adaptando-se ao formato do rosto e \u00e0s prefer\u00eancias pessoais.<\/p>\n\n\n\n<h2 class=\"wp-block-heading\">Existem outras op\u00e7\u00f5es para cabelos finos?<\/h2>\n\n\n\n<p>Embora o&nbsp;<strong>blunt bob reto<\/strong>&nbsp;seja altamente recomend\u00e1vel para cabelos finos e em fase madura, ele n\u00e3o \u00e9 a \u00fanica escolha. Existem varia\u00e7\u00f5es do&nbsp;<em>bob<\/em>&nbsp;que podem ser consideradas, especialmente para aqueles que buscam algo ligeiramente diferente ou mais adaptado \u00e0s suas caracter\u00edsticas faciais e estilo de vida. Nos \u00faltimos anos, a tend\u00eancia para cortes pr\u00e1ticos e que conferem a impress\u00e3o de maior densidade capilar sem exigir muita manuten\u00e7\u00e3o tem predominado, fazendo do blunt bob uma escolha popular por seu design atual e efeito completo.<\/p>\n\n\n\n<p>Assim, o&nbsp;<strong>blunt bob reto<\/strong>&nbsp;tem se destacado como uma escolha pr\u00e1tica e est\u00e9tica para aqueles com cabelos finos a partir dos 40 anos, proporcionando um visual moderno, estruturado e de f\u00e1cil manuten\u00e7\u00e3o.<\/p>\n","protected":false},"excerpt":{"rendered":"<p>A medida que as pessoas envelhecem, especialmente ap\u00f3s os 40 anos, o cabelo tende a perder densidade, ficando mais fino e quebradi\u00e7o. Essa redu\u00e7\u00e3o de volume est\u00e1 frequentemente associada a fatores hormonais, gen\u00e9ticos e ao estilo de vida. Portanto, escolher o corte de cabelo ideal se torna crucial n\u00e3o apenas para seguir tend\u00eancias, mas para [&hellip;]<\/p>\n","protected":false},"author":14,"featured_media":44822,"comment_status":"open","ping_status":"open","sticky":false,"template":"","format":"standard","meta":{"_yoast_wpseo_focuskw":"Blunt Bob Reto","_yoast_wpseo_title":"","_yoast_wpseo_metadesc":"Cabelos finos e com pouco volume? Veja como o blunt bob reto pode transformar seu visual ap\u00f3s os 40 com estilo e praticidade.","jnews-multi-image_gallery":[],"jnews_single_post":{"format":"standard"},"jnews_primary_category":[],"jnews_social_meta":[],"jnews_override_counter":[],"footnotes":""},"categories":[4404],"tags":[120,12674,126,1318],"class_list":["post-154641","post","type-post","status-publish","format-standard","has-post-thumbnail","hentry","category-saude","tag-bem-estar","tag-blunt-bob-reto","tag-cabelo","tag-saude-2"],"yoast_head":"<!-- This site is optimized with the Yoast SEO plugin v24.6 - https:\/\/yoast.com\/wordpress\/plugins\/seo\/ -->\n<title>Cabelo fino aos 40? Aposte nesse corte que rejuvenesce e valoriza - Correio Braziliense - Radar<\/title>\n<meta name=\"description\" content=\"Cabelos finos e com pouco volume? Veja como o blunt bob reto pode transformar seu visual ap\u00f3s os 40 com estilo e praticidade.\" \/>\n<meta name=\"robots\" content=\"index, follow, max-snippet:-1, max-image-preview:large, max-video-preview:-1\" \/>\n<link rel=\"canonical\" href=\"https:\/\/www.correiobraziliense.com.br\/cbradar\/cabelo-fino-aos-40-aposte-nesse-corte-que-rejuvenesce-e-valoriza\/\" \/>\n<meta property=\"og:locale\" content=\"pt_BR\" \/>\n<meta property=\"og:type\" content=\"article\" \/>\n<meta property=\"og:title\" content=\"Cabelo fino aos 40? Aposte nesse corte que rejuvenesce e valoriza - Correio Braziliense - Radar\" \/>\n<meta property=\"og:description\" content=\"Cabelos finos e com pouco volume? Veja como o blunt bob reto pode transformar seu visual ap\u00f3s os 40 com estilo e praticidade.\" \/>\n<meta property=\"og:url\" content=\"https:\/\/www.correiobraziliense.com.br\/cbradar\/cabelo-fino-aos-40-aposte-nesse-corte-que-rejuvenesce-e-valoriza\/\" \/>\n<meta property=\"og:site_name\" content=\"Correio Braziliense - Radar\" \/>\n<meta property=\"article:published_time\" content=\"2025-12-12T16:15:00+00:00\" \/>\n<meta property=\"og:image\" content=\"https:\/\/www.correiobraziliense.com.br\/cbradar\/wp-content\/uploads\/2025\/05\/cabelo_1748540838175.jpg\" \/>\n\t<meta property=\"og:image:width\" content=\"1280\" \/>\n\t<meta property=\"og:image:height\" content=\"720\" \/>\n\t<meta property=\"og:image:type\" content=\"image\/jpeg\" \/>\n<meta name=\"author\" content=\"guilherme_saude\" \/>\n<meta name=\"twitter:card\" content=\"summary_large_image\" \/>\n<meta name=\"twitter:label1\" content=\"Escrito por\" \/>\n\t<meta name=\"twitter:data1\" content=\"guilherme_saude\" \/>\n\t<meta name=\"twitter:label2\" content=\"Est. tempo de leitura\" \/>\n\t<meta name=\"twitter:data2\" content=\"4 minutos\" \/>\n<!-- \/ Yoast SEO plugin. -->","yoast_head_json":{"title":"Cabelo fino aos 40? Aposte nesse corte que rejuvenesce e valoriza - Correio Braziliense - Radar","description":"Cabelos finos e com pouco volume? Veja como o blunt bob reto pode transformar seu visual ap\u00f3s os 40 com estilo e praticidade.","robots":{"index":"index","follow":"follow","max-snippet":"max-snippet:-1","max-image-preview":"max-image-preview:large","max-video-preview":"max-video-preview:-1"},"canonical":"https:\/\/www.correiobraziliense.com.br\/cbradar\/cabelo-fino-aos-40-aposte-nesse-corte-que-rejuvenesce-e-valoriza\/","og_locale":"pt_BR","og_type":"article","og_title":"Cabelo fino aos 40? Aposte nesse corte que rejuvenesce e valoriza - Correio Braziliense - Radar","og_description":"Cabelos finos e com pouco volume? Veja como o blunt bob reto pode transformar seu visual ap\u00f3s os 40 com estilo e praticidade.","og_url":"https:\/\/www.correiobraziliense.com.br\/cbradar\/cabelo-fino-aos-40-aposte-nesse-corte-que-rejuvenesce-e-valoriza\/","og_site_name":"Correio Braziliense - Radar","article_published_time":"2025-12-12T16:15:00+00:00","og_image":[{"width":1280,"height":720,"url":"https:\/\/www.correiobraziliense.com.br\/cbradar\/wp-content\/uploads\/2025\/05\/cabelo_1748540838175.jpg","type":"image\/jpeg"}],"author":"guilherme_saude","twitter_card":"summary_large_image","twitter_misc":{"Escrito por":"guilherme_saude","Est. tempo de leitura":"4 minutos"},"schema":{"@context":"https:\/\/schema.org","@graph":[{"@type":"WebPage","@id":"https:\/\/www.correiobraziliense.com.br\/cbradar\/cabelo-fino-aos-40-aposte-nesse-corte-que-rejuvenesce-e-valoriza\/","url":"https:\/\/www.correiobraziliense.com.br\/cbradar\/cabelo-fino-aos-40-aposte-nesse-corte-que-rejuvenesce-e-valoriza\/","name":"Cabelo fino aos 40? Aposte nesse corte que rejuvenesce e valoriza - Correio Braziliense - Radar","isPartOf":{"@id":"https:\/\/www.correiobraziliense.com.br\/cbradar\/#website"},"primaryImageOfPage":{"@id":"https:\/\/www.correiobraziliense.com.br\/cbradar\/cabelo-fino-aos-40-aposte-nesse-corte-que-rejuvenesce-e-valoriza\/#primaryimage"},"image":{"@id":"https:\/\/www.correiobraziliense.com.br\/cbradar\/cabelo-fino-aos-40-aposte-nesse-corte-que-rejuvenesce-e-valoriza\/#primaryimage"},"thumbnailUrl":"https:\/\/www.correiobraziliense.com.br\/cbradar\/wp-content\/uploads\/2025\/05\/cabelo_1748540838175.jpg","datePublished":"2025-12-12T16:15:00+00:00","author":{"@id":"https:\/\/www.correiobraziliense.com.br\/cbradar\/#\/schema\/person\/5aa4bf3c8fa699c267933611de12978b"},"description":"Cabelos finos e com pouco volume? Veja como o blunt bob reto pode transformar seu visual ap\u00f3s os 40 com estilo e praticidade.","breadcrumb":{"@id":"https:\/\/www.correiobraziliense.com.br\/cbradar\/cabelo-fino-aos-40-aposte-nesse-corte-que-rejuvenesce-e-valoriza\/#breadcrumb"},"inLanguage":"pt-BR","potentialAction":[{"@type":"ReadAction","target":["https:\/\/www.correiobraziliense.com.br\/cbradar\/cabelo-fino-aos-40-aposte-nesse-corte-que-rejuvenesce-e-valoriza\/"]}]},{"@type":"ImageObject","inLanguage":"pt-BR","@id":"https:\/\/www.correiobraziliense.com.br\/cbradar\/cabelo-fino-aos-40-aposte-nesse-corte-que-rejuvenesce-e-valoriza\/#primaryimage","url":"https:\/\/www.correiobraziliense.com.br\/cbradar\/wp-content\/uploads\/2025\/05\/cabelo_1748540838175.jpg","contentUrl":"https:\/\/www.correiobraziliense.com.br\/cbradar\/wp-content\/uploads\/2025\/05\/cabelo_1748540838175.jpg","width":1280,"height":720,"caption":"Corte ideal - Cr\u00e9ditos: depositphotos.com \/ NatashaFedorova"},{"@type":"BreadcrumbList","@id":"https:\/\/www.correiobraziliense.com.br\/cbradar\/cabelo-fino-aos-40-aposte-nesse-corte-que-rejuvenesce-e-valoriza\/#breadcrumb","itemListElement":[{"@type":"ListItem","position":1,"name":"In\u00edcio","item":"https:\/\/www.correiobraziliense.com.br\/cbradar\/"},{"@type":"ListItem","position":2,"name":"Cabelo fino aos 40? Aposte nesse corte que rejuvenesce e valoriza"}]},{"@type":"WebSite","@id":"https:\/\/www.correiobraziliense.com.br\/cbradar\/#website","url":"https:\/\/www.correiobraziliense.com.br\/cbradar\/","name":"Correio Braziliense - Radar","description":"Acompanhe as \u00faltimas not\u00edcias e fique bem informado sobre tudo o que acontece no Brasil e no mundo.","potentialAction":[{"@type":"SearchAction","target":{"@type":"EntryPoint","urlTemplate":"https:\/\/www.correiobraziliense.com.br\/cbradar\/?s={search_term_string}"},"query-input":{"@type":"PropertyValueSpecification","valueRequired":true,"valueName":"search_term_string"}}],"inLanguage":"pt-BR"},{"@type":"Person","@id":"https:\/\/www.correiobraziliense.com.br\/cbradar\/#\/schema\/person\/5aa4bf3c8fa699c267933611de12978b","name":"guilherme_saude","image":{"@type":"ImageObject","inLanguage":"pt-BR","@id":"https:\/\/www.correiobraziliense.com.br\/cbradar\/#\/schema\/person\/image\/","url":"https:\/\/secure.gravatar.com\/avatar\/df9adfb835d344bc0af109d41756253f?s=96&d=mm&r=g","contentUrl":"https:\/\/secure.gravatar.com\/avatar\/df9adfb835d344bc0af109d41756253f?s=96&d=mm&r=g","caption":"guilherme_saude"},"url":"https:\/\/www.correiobraziliense.com.br\/cbradar\/author\/guilherme_saude\/"}]}},"_links":{"self":[{"href":"https:\/\/www.correiobraziliense.com.br\/cbradar\/wp-json\/wp\/v2\/posts\/154641","targetHints":{"allow":["GET"]}}],"collection":[{"href":"https:\/\/www.correiobraziliense.com.br\/cbradar\/wp-json\/wp\/v2\/posts"}],"about":[{"href":"https:\/\/www.correiobraziliense.com.br\/cbradar\/wp-json\/wp\/v2\/types\/post"}],"author":[{"embeddable":true,"href":"https:\/\/www.correiobraziliense.com.br\/cbradar\/wp-json\/wp\/v2\/users\/14"}],"replies":[{"embeddable":true,"href":"https:\/\/www.correiobraziliense.com.br\/cbradar\/wp-json\/wp\/v2\/comments?post=154641"}],"version-history":[{"count":1,"href":"https:\/\/www.correiobraziliense.com.br\/cbradar\/wp-json\/wp\/v2\/posts\/154641\/revisions"}],"predecessor-version":[{"id":154645,"href":"https:\/\/www.correiobraziliense.com.br\/cbradar\/wp-json\/wp\/v2\/posts\/154641\/revisions\/154645"}],"wp:featuredmedia":[{"embeddable":true,"href":"https:\/\/www.correiobraziliense.com.br\/cbradar\/wp-json\/wp\/v2\/media\/44822"}],"wp:attachment":[{"href":"https:\/\/www.correiobraziliense.com.br\/cbradar\/wp-json\/wp\/v2\/media?parent=154641"}],"wp:term":[{"taxonomy":"category","embeddable":true,"href":"https:\/\/www.correiobraziliense.com.br\/cbradar\/wp-json\/wp\/v2\/categories?post=154641"},{"taxonomy":"post_tag","embeddable":true,"href":"https:\/\/www.correiobraziliense.com.br\/cbradar\/wp-json\/wp\/v2\/tags?post=154641"}],"curies":[{"name":"wp","href":"https:\/\/api.w.org\/{rel}","templated":true}]}}