{"id":154647,"date":"2025-12-12T15:55:00","date_gmt":"2025-12-12T18:55:00","guid":{"rendered":"https:\/\/www.correiobraziliense.com.br\/cbradar\/?p=154647"},"modified":"2025-12-11T20:00:38","modified_gmt":"2025-12-11T23:00:38","slug":"como-identificar-sinais-precoces-de-problemas-nos-rins","status":"publish","type":"post","link":"https:\/\/www.correiobraziliense.com.br\/cbradar\/como-identificar-sinais-precoces-de-problemas-nos-rins\/","title":{"rendered":"Como identificar sinais precoces de problemas nos rins"},"content":{"rendered":"\n<p>Os <strong>Rins <\/strong>s\u00e3o \u00f3rg\u00e3os essenciais que desempenham o papel vital de filtrar o sangue, eliminando res\u00edduos e excesso de fluidos. Embora sejam pequenos, possuem uma capacidade de reserva not\u00e1vel, o que lhes permite continuar funcionando mesmo quando come\u00e7am a enfrentar dificuldades. Infelizmente, isso significa que os sinais de sobrecarga renal frequentemente passam despercebidos at\u00e9 que o problema se torne severo. Conhecer os sintomas iniciais pode ser a chave para um diagn\u00f3stico precoce e um tratamento eficaz.<\/p>\n\n\n\n<p>A principal raz\u00e3o pela qual os Rins n\u00e3o parecem &#8216;avisar&#8217; sobre a sobrecarga \u00e9 sua not\u00e1vel capacidade de compensa\u00e7\u00e3o. Eles conseguem continuar filtrando e realizando suas fun\u00e7\u00f5es, mesmo quando j\u00e1 est\u00e3o significativamente comprometidos. Infelizmente, sintomas mais claros tendem a surgir apenas quando a fun\u00e7\u00e3o renal j\u00e1 est\u00e1 em grande parte prejudicada \u2013 frequentemente quando at\u00e9 90% da fun\u00e7\u00e3o renal normal se perdeu.<\/p>\n\n\n\n<h2 class=\"wp-block-heading\">Quais s\u00e3o os primeiros sinais f\u00edsicos de problemas renais?<\/h2>\n\n\n\n<p>O incha\u00e7o, ou edema, frequentemente \u00e9 um dos primeiros avisos vis\u00edveis de que algo n\u00e3o est\u00e1 indo bem. Quando os Rins n\u00e3o conseguem filtrar eficientemente o s\u00f3dio, o corpo ret\u00e9m l\u00edquidos para dilu\u00ed-lo. Este ac\u00famulo de fluidos tende a aparecer inicialmente em \u00e1reas como os tornozelos, que costumam inchar ao fim do dia, ou na \u00e1rea dos olhos, que pode demonstrar incha\u00e7o ao acordar de manh\u00e3.<\/p>\n\n\n\n<h2 class=\"wp-block-heading\">A urina espumosa \u00e9 algo que merece aten\u00e7\u00e3o?<\/h2>\n\n\n\n<figure class=\"wp-block-image aligncenter size-large\"><img decoding=\"async\" width=\"1024\" height=\"576\" src=\"https:\/\/www.correiobraziliense.com.br\/cbradar\/wp-content\/uploads\/2025\/05\/pedra-nos-rins_1747158241048-1024x576.jpg\" alt=\"\" class=\"wp-image-36320\" srcset=\"https:\/\/www.correiobraziliense.com.br\/cbradar\/wp-content\/uploads\/2025\/05\/pedra-nos-rins_1747158241048-1024x576.jpg 1024w, https:\/\/www.correiobraziliense.com.br\/cbradar\/wp-content\/uploads\/2025\/05\/pedra-nos-rins_1747158241048-300x169.jpg 300w, https:\/\/www.correiobraziliense.com.br\/cbradar\/wp-content\/uploads\/2025\/05\/pedra-nos-rins_1747158241048-768x432.jpg 768w, https:\/\/www.correiobraziliense.com.br\/cbradar\/wp-content\/uploads\/2025\/05\/pedra-nos-rins_1747158241048-750x422.jpg 750w, https:\/\/www.correiobraziliense.com.br\/cbradar\/wp-content\/uploads\/2025\/05\/pedra-nos-rins_1747158241048-1140x641.jpg 1140w, https:\/\/www.correiobraziliense.com.br\/cbradar\/wp-content\/uploads\/2025\/05\/pedra-nos-rins_1747158241048.jpg 1280w\" sizes=\"(max-width: 1024px) 100vw, 1024px\" \/><figcaption class=\"wp-element-caption\">Pedras nos rins &#8211; Cr\u00e9ditos: depositphotos.com \/ aom.am.op@gmail.com\n\n<\/figcaption><\/figure>\n\n\n\n<p>Uma altera\u00e7\u00e3o not\u00e1vel na urina, como a presen\u00e7a de espuma semelhante \u00e0 espuma de cerveja, \u00e9 um aviso significativo de que algo est\u00e1 acontecendo nos Rins. Esta espuma pode ser causada pela perda de prote\u00ednas, como a albumina, que deveriam permanecer no sangue mas acabam &#8216;vazando&#8217; pela urina devido ao dano nos filtros renais. Este fen\u00f4meno, conhecido como protein\u00faria, \u00e9 um sinal direto de disfun\u00e7\u00e3o glomerular.<\/p>\n\n\n\n<h2 class=\"wp-block-heading\">Qual \u00e9 a rela\u00e7\u00e3o entre a fadiga e a sa\u00fade renal?<\/h2>\n\n\n\n<p>A fadiga extrema, inexplic\u00e1vel por outras causas, pode estar intimamente ligada aos Rins. Isso ocorre por duas raz\u00f5es principais. Primeiro, a acumula\u00e7\u00e3o de toxinas, como a ureia, no sangue age como sedativo para o c\u00e9rebro, gerando uma &#8216;n\u00e9voa mental&#8217;. Al\u00e9m disso, a anemia decorrente da menor produ\u00e7\u00e3o do horm\u00f4nio eritropoetina (EPO) pelos Rins doentes tamb\u00e9m contribui para esta falta de energia e sensa\u00e7\u00e3o de cansa\u00e7o, j\u00e1 que afeta diretamente o transporte de oxig\u00eanio pelo corpo.<\/p>\n\n\n\n<h2 class=\"wp-block-heading\">Que outros sintomas sutis os problemas renais podem apresentar?<\/h2>\n\n\n\n<p>Al\u00e9m dos sinais f\u00edsicos j\u00e1 mencionados, existem v\u00e1rios outros sintomas sutis que podem indicar problemas renais. O desequil\u00edbrio na filtragem pode causar pele seca e uma coceira persistente, fruto do ac\u00famulo de f\u00f3sforo no organismo. O gosto met\u00e1lico na boca ou mau h\u00e1lito, conhecido como h\u00e1lito amoniacal, tamb\u00e9m pode se manifestar, assim como c\u00e3ibras musculares, derivadas do desequil\u00edbrio de eletr\u00f3litos.<\/p>\n\n\n\n<p>Antecipar quest\u00f5es renais envolve estar atento a um conjunto de sintomas persistentes, frequentemente atribu\u00eddos ao estresse ou envelhecimento. Manter um olhar vigilante sobre as mudan\u00e7as no corpo e buscar avalia\u00e7\u00e3o m\u00e9dica ao notar altera\u00e7\u00f5es persistentes \u00e9 crucial. Um exame detalhado pode revelar problemas antes que eles se agravem, garantindo que os Rins continuem a desempenhar seu papel vital na manuten\u00e7\u00e3o da <a href=\"https:\/\/www.correiobraziliense.com.br\/cbradar\/dra-najla-smaili-implantes-hormonais-aliviam-sintomas-da-menopausa\/\" target=\"_blank\" rel=\"noreferrer noopener\">sa\u00fade<\/a> geral.<\/p>\n\n\n<a href=\"https:\/\/www.instagram.com\/dra.annaluisabf\/\" target=\"_blank\" rel=\"noopener\" style=\"text-decoration: none; color: inherit;\">\n    <span style=\"display: inline-block; border: 1px solid #ccc; border-radius: 10px; padding: 15px; max-width: 550px; font-family: sans-serif; box-shadow: 0 2px 5px rgba(0,0,0,0.1); width: 100%;\">\n\n      <!-- T\u00edtulo -->\n      <span style=\"display: block; margin: 0 0 15px 0; font-weight: bold; color: #2c3e50; text-align: center;\">\n        Entre em contato:\n      <\/span>\n\n      <!-- Linha do perfil -->\n      <span style=\"display: flex; align-items: center; gap: 15px;\">\n        <img decoding=\"async\"\n          src=\"https:\/\/www.correiobraziliense.com.br\/cbradar\/wp-content\/uploads\/2025\/08\/dra_anna_luisa.jpeg\"\n          alt=\"Foto da Dra. Anna Lu\u00edsa\"\n          style=\"border-radius: 50%; width: 80px; height: 80px; object-fit: cover;\"\n        \/>\n        <span style=\"display: flex; flex-direction: column;\">\n          <span style=\"font-size: 18px; font-weight: 700; color: #2c3e50;\">Dra. Anna Lu\u00edsa Barbosa Fernandes<\/span>\n          <span style=\"color: #555;\">CRM-GO 33.271<\/span>\n        <\/span>\n      <\/span>\n\n      <!-- Redes -->\n      <span style=\"display: flex; align-items: center; gap: 10px; margin-top: 12px;\">\n        <img decoding=\"async\" src=\"https:\/\/cdn-icons-png.flaticon.com\/24\/1384\/1384063.png\" alt=\"Instagram\" width=\"24\" height=\"24\" \/>\n        <span style=\"text-decoration: underline; color: #2c3e50;\">@dra.annaluisabf<\/span>\n      <\/span>\n\n    <\/span>\n  <\/a>","protected":false},"excerpt":{"rendered":"<p>Os Rins s\u00e3o \u00f3rg\u00e3os essenciais que desempenham o papel vital de filtrar o sangue, eliminando res\u00edduos e excesso de fluidos. Embora sejam pequenos, possuem uma capacidade de reserva not\u00e1vel, o que lhes permite continuar funcionando mesmo quando come\u00e7am a enfrentar dificuldades. Infelizmente, isso significa que os sinais de sobrecarga renal frequentemente passam despercebidos at\u00e9 que [&hellip;]<\/p>\n","protected":false},"author":14,"featured_media":36319,"comment_status":"open","ping_status":"open","sticky":false,"template":"","format":"standard","meta":{"_yoast_wpseo_focuskw":"Rins","_yoast_wpseo_title":"","_yoast_wpseo_metadesc":"Os rins avisam quando algo est\u00e1 errado. Descubra os sinais iniciais de sobrecarga renal e quando procurar um m\u00e9dico.","jnews-multi-image_gallery":[],"jnews_single_post":{"format":"standard"},"jnews_primary_category":[],"jnews_social_meta":[],"jnews_override_counter":[],"footnotes":""},"categories":[4404],"tags":[281,120,1318],"class_list":["post-154647","post","type-post","status-publish","format-standard","has-post-thumbnail","hentry","category-saude","tag-alimentacao","tag-bem-estar","tag-saude-2"],"yoast_head":"<!-- This site is optimized with the Yoast SEO plugin v24.6 - https:\/\/yoast.com\/wordpress\/plugins\/seo\/ -->\n<title>Como identificar sinais precoces de problemas nos rins - Correio Braziliense - Radar<\/title>\n<meta name=\"description\" content=\"Os rins avisam quando algo est\u00e1 errado. Descubra os sinais iniciais de sobrecarga renal e quando procurar um m\u00e9dico.\" \/>\n<meta name=\"robots\" content=\"index, follow, max-snippet:-1, max-image-preview:large, max-video-preview:-1\" \/>\n<link rel=\"canonical\" href=\"https:\/\/www.correiobraziliense.com.br\/cbradar\/como-identificar-sinais-precoces-de-problemas-nos-rins\/\" \/>\n<meta property=\"og:locale\" content=\"pt_BR\" \/>\n<meta property=\"og:type\" content=\"article\" \/>\n<meta property=\"og:title\" content=\"Como identificar sinais precoces de problemas nos rins - Correio Braziliense - Radar\" \/>\n<meta property=\"og:description\" content=\"Os rins avisam quando algo est\u00e1 errado. Descubra os sinais iniciais de sobrecarga renal e quando procurar um m\u00e9dico.\" \/>\n<meta property=\"og:url\" content=\"https:\/\/www.correiobraziliense.com.br\/cbradar\/como-identificar-sinais-precoces-de-problemas-nos-rins\/\" \/>\n<meta property=\"og:site_name\" content=\"Correio Braziliense - Radar\" \/>\n<meta property=\"article:published_time\" content=\"2025-12-12T18:55:00+00:00\" \/>\n<meta property=\"og:image\" content=\"https:\/\/www.correiobraziliense.com.br\/cbradar\/wp-content\/uploads\/2025\/05\/pedra-nos-rins_1747158197400.jpg\" \/>\n\t<meta property=\"og:image:width\" content=\"1280\" \/>\n\t<meta property=\"og:image:height\" content=\"720\" \/>\n\t<meta property=\"og:image:type\" content=\"image\/jpeg\" \/>\n<meta name=\"author\" content=\"guilherme_saude\" \/>\n<meta name=\"twitter:card\" content=\"summary_large_image\" \/>\n<meta name=\"twitter:label1\" content=\"Escrito por\" \/>\n\t<meta name=\"twitter:data1\" content=\"guilherme_saude\" \/>\n\t<meta name=\"twitter:label2\" content=\"Est. tempo de leitura\" \/>\n\t<meta name=\"twitter:data2\" content=\"4 minutos\" \/>\n<!-- \/ Yoast SEO plugin. -->","yoast_head_json":{"title":"Como identificar sinais precoces de problemas nos rins - Correio Braziliense - Radar","description":"Os rins avisam quando algo est\u00e1 errado. Descubra os sinais iniciais de sobrecarga renal e quando procurar um m\u00e9dico.","robots":{"index":"index","follow":"follow","max-snippet":"max-snippet:-1","max-image-preview":"max-image-preview:large","max-video-preview":"max-video-preview:-1"},"canonical":"https:\/\/www.correiobraziliense.com.br\/cbradar\/como-identificar-sinais-precoces-de-problemas-nos-rins\/","og_locale":"pt_BR","og_type":"article","og_title":"Como identificar sinais precoces de problemas nos rins - Correio Braziliense - Radar","og_description":"Os rins avisam quando algo est\u00e1 errado. Descubra os sinais iniciais de sobrecarga renal e quando procurar um m\u00e9dico.","og_url":"https:\/\/www.correiobraziliense.com.br\/cbradar\/como-identificar-sinais-precoces-de-problemas-nos-rins\/","og_site_name":"Correio Braziliense - Radar","article_published_time":"2025-12-12T18:55:00+00:00","og_image":[{"width":1280,"height":720,"url":"https:\/\/www.correiobraziliense.com.br\/cbradar\/wp-content\/uploads\/2025\/05\/pedra-nos-rins_1747158197400.jpg","type":"image\/jpeg"}],"author":"guilherme_saude","twitter_card":"summary_large_image","twitter_misc":{"Escrito por":"guilherme_saude","Est. tempo de leitura":"4 minutos"},"schema":{"@context":"https:\/\/schema.org","@graph":[{"@type":"WebPage","@id":"https:\/\/www.correiobraziliense.com.br\/cbradar\/como-identificar-sinais-precoces-de-problemas-nos-rins\/","url":"https:\/\/www.correiobraziliense.com.br\/cbradar\/como-identificar-sinais-precoces-de-problemas-nos-rins\/","name":"Como identificar sinais precoces de problemas nos rins - Correio Braziliense - Radar","isPartOf":{"@id":"https:\/\/www.correiobraziliense.com.br\/cbradar\/#website"},"primaryImageOfPage":{"@id":"https:\/\/www.correiobraziliense.com.br\/cbradar\/como-identificar-sinais-precoces-de-problemas-nos-rins\/#primaryimage"},"image":{"@id":"https:\/\/www.correiobraziliense.com.br\/cbradar\/como-identificar-sinais-precoces-de-problemas-nos-rins\/#primaryimage"},"thumbnailUrl":"https:\/\/www.correiobraziliense.com.br\/cbradar\/wp-content\/uploads\/2025\/05\/pedra-nos-rins_1747158197400.jpg","datePublished":"2025-12-12T18:55:00+00:00","author":{"@id":"https:\/\/www.correiobraziliense.com.br\/cbradar\/#\/schema\/person\/5aa4bf3c8fa699c267933611de12978b"},"description":"Os rins avisam quando algo est\u00e1 errado. Descubra os sinais iniciais de sobrecarga renal e quando procurar um m\u00e9dico.","breadcrumb":{"@id":"https:\/\/www.correiobraziliense.com.br\/cbradar\/como-identificar-sinais-precoces-de-problemas-nos-rins\/#breadcrumb"},"inLanguage":"pt-BR","potentialAction":[{"@type":"ReadAction","target":["https:\/\/www.correiobraziliense.com.br\/cbradar\/como-identificar-sinais-precoces-de-problemas-nos-rins\/"]}]},{"@type":"ImageObject","inLanguage":"pt-BR","@id":"https:\/\/www.correiobraziliense.com.br\/cbradar\/como-identificar-sinais-precoces-de-problemas-nos-rins\/#primaryimage","url":"https:\/\/www.correiobraziliense.com.br\/cbradar\/wp-content\/uploads\/2025\/05\/pedra-nos-rins_1747158197400.jpg","contentUrl":"https:\/\/www.correiobraziliense.com.br\/cbradar\/wp-content\/uploads\/2025\/05\/pedra-nos-rins_1747158197400.jpg","width":1280,"height":720,"caption":"O h\u00e1bito simples que reduz o risco de pedras nos rins - Cr\u00e9ditos: depositphotos.com \/ Milkos"},{"@type":"BreadcrumbList","@id":"https:\/\/www.correiobraziliense.com.br\/cbradar\/como-identificar-sinais-precoces-de-problemas-nos-rins\/#breadcrumb","itemListElement":[{"@type":"ListItem","position":1,"name":"In\u00edcio","item":"https:\/\/www.correiobraziliense.com.br\/cbradar\/"},{"@type":"ListItem","position":2,"name":"Como identificar sinais precoces de problemas nos rins"}]},{"@type":"WebSite","@id":"https:\/\/www.correiobraziliense.com.br\/cbradar\/#website","url":"https:\/\/www.correiobraziliense.com.br\/cbradar\/","name":"Correio Braziliense - Radar","description":"Acompanhe as \u00faltimas not\u00edcias e fique bem informado sobre tudo o que acontece no Brasil e no mundo.","potentialAction":[{"@type":"SearchAction","target":{"@type":"EntryPoint","urlTemplate":"https:\/\/www.correiobraziliense.com.br\/cbradar\/?s={search_term_string}"},"query-input":{"@type":"PropertyValueSpecification","valueRequired":true,"valueName":"search_term_string"}}],"inLanguage":"pt-BR"},{"@type":"Person","@id":"https:\/\/www.correiobraziliense.com.br\/cbradar\/#\/schema\/person\/5aa4bf3c8fa699c267933611de12978b","name":"guilherme_saude","image":{"@type":"ImageObject","inLanguage":"pt-BR","@id":"https:\/\/www.correiobraziliense.com.br\/cbradar\/#\/schema\/person\/image\/","url":"https:\/\/secure.gravatar.com\/avatar\/df9adfb835d344bc0af109d41756253f?s=96&d=mm&r=g","contentUrl":"https:\/\/secure.gravatar.com\/avatar\/df9adfb835d344bc0af109d41756253f?s=96&d=mm&r=g","caption":"guilherme_saude"},"url":"https:\/\/www.correiobraziliense.com.br\/cbradar\/author\/guilherme_saude\/"}]}},"_links":{"self":[{"href":"https:\/\/www.correiobraziliense.com.br\/cbradar\/wp-json\/wp\/v2\/posts\/154647","targetHints":{"allow":["GET"]}}],"collection":[{"href":"https:\/\/www.correiobraziliense.com.br\/cbradar\/wp-json\/wp\/v2\/posts"}],"about":[{"href":"https:\/\/www.correiobraziliense.com.br\/cbradar\/wp-json\/wp\/v2\/types\/post"}],"author":[{"embeddable":true,"href":"https:\/\/www.correiobraziliense.com.br\/cbradar\/wp-json\/wp\/v2\/users\/14"}],"replies":[{"embeddable":true,"href":"https:\/\/www.correiobraziliense.com.br\/cbradar\/wp-json\/wp\/v2\/comments?post=154647"}],"version-history":[{"count":1,"href":"https:\/\/www.correiobraziliense.com.br\/cbradar\/wp-json\/wp\/v2\/posts\/154647\/revisions"}],"predecessor-version":[{"id":154648,"href":"https:\/\/www.correiobraziliense.com.br\/cbradar\/wp-json\/wp\/v2\/posts\/154647\/revisions\/154648"}],"wp:featuredmedia":[{"embeddable":true,"href":"https:\/\/www.correiobraziliense.com.br\/cbradar\/wp-json\/wp\/v2\/media\/36319"}],"wp:attachment":[{"href":"https:\/\/www.correiobraziliense.com.br\/cbradar\/wp-json\/wp\/v2\/media?parent=154647"}],"wp:term":[{"taxonomy":"category","embeddable":true,"href":"https:\/\/www.correiobraziliense.com.br\/cbradar\/wp-json\/wp\/v2\/categories?post=154647"},{"taxonomy":"post_tag","embeddable":true,"href":"https:\/\/www.correiobraziliense.com.br\/cbradar\/wp-json\/wp\/v2\/tags?post=154647"}],"curies":[{"name":"wp","href":"https:\/\/api.w.org\/{rel}","templated":true}]}}