{"id":154653,"date":"2025-12-12T18:25:00","date_gmt":"2025-12-12T21:25:00","guid":{"rendered":"https:\/\/www.correiobraziliense.com.br\/cbradar\/?p=154653"},"modified":"2025-12-11T20:06:18","modified_gmt":"2025-12-11T23:06:18","slug":"esta-planta-esquecida-limpa-o-figado-e-reduz-o-inchaco-segundo-a-medicina","status":"publish","type":"post","link":"https:\/\/www.correiobraziliense.com.br\/cbradar\/esta-planta-esquecida-limpa-o-figado-e-reduz-o-inchaco-segundo-a-medicina\/","title":{"rendered":"Esta planta esquecida limpa o f\u00edgado e reduz o incha\u00e7o segundo a medicina"},"content":{"rendered":"\n<p>O <strong>Dente-de-Le\u00e3o<\/strong> (Taraxacum officinale) \u00e9 geralmente visto como uma erva daninha, mas suas qualidades medicinais t\u00eam sido celebradas ao longo do tempo. Esta planta cont\u00e9m compostos ativos, como flavonoides e lactonas sesquiterp\u00eanicas, que oferecem in\u00fameros benef\u00edcios \u00e0 sa\u00fade. Em particular, s\u00e3o reconhecidas as suas capacidades diur\u00e9ticas, hepatoprotetoras e a promo\u00e7\u00e3o da drenagem linf\u00e1tica. Esses efeitos terap\u00eauticos s\u00e3o essenciais para a desintoxica\u00e7\u00e3o do corpo e a manuten\u00e7\u00e3o da sa\u00fade geral.<\/p>\n\n\n\n<h2 class=\"wp-block-heading\">Como o Dente-de-Le\u00e3o atua como diur\u00e9tico?<\/h2>\n\n\n\n<p>O Dente-de-Le\u00e3o \u00e9 amplamente reconhecido por seu efeito diur\u00e9tico, contribuindo significativamente para a elimina\u00e7\u00e3o de l\u00edquidos e redu\u00e7\u00e3o do incha\u00e7o. Isto se deve aos seus compostos bioativos que estimulam a produ\u00e7\u00e3o e a excre\u00e7\u00e3o de urina, ajudando na remo\u00e7\u00e3o de \u00e1gua e s\u00f3dio do organismo. Esta a\u00e7\u00e3o \u00e9 crucial para a sa\u00fade do sistema linf\u00e1tico, pois ajuda a al\u00edvio do excesso de l\u00edquidos nos tecidos, promovendo um bom fluxo de linfa.<\/p>\n\n\n\n<h2 class=\"wp-block-heading\">Qual \u00e9 o papel do Dente-de-Le\u00e3o na sa\u00fade do f\u00edgado?<\/h2>\n\n\n\n<p>A sa\u00fade hep\u00e1tica est\u00e1 diretamente ligada a um sistema linf\u00e1tico eficiente. O Dente-de-Le\u00e3o oferta benef\u00edcios curativos que suportam a atividade do f\u00edgado, ajudando-o na desintoxica\u00e7\u00e3o e remo\u00e7\u00e3o de res\u00edduos metab\u00f3licos. Os flavonoides presentes na planta, assim como o \u00e1cido chic\u00f3rico, s\u00e3o conhecidos por protegerem as c\u00e9lulas do f\u00edgado do estresse oxidativo, promovendo assim a produ\u00e7\u00e3o de bile necess\u00e1ria para digest\u00e3o e desintoxica\u00e7\u00e3o. Tais propriedades fazem dele um recurso essencial para quem busca manter o f\u00edgado saud\u00e1vel e funcional.<\/p>\n\n\n<div class=\"wp-block-image\">\n<figure class=\"aligncenter size-large\"><img decoding=\"async\" width=\"1024\" height=\"576\" src=\"https:\/\/www.correiobraziliense.com.br\/cbradar\/wp-content\/uploads\/2025\/10\/Dente-de-Leao_1760186540651-1024x576.jpg\" alt=\"\" class=\"wp-image-117507\" srcset=\"https:\/\/www.correiobraziliense.com.br\/cbradar\/wp-content\/uploads\/2025\/10\/Dente-de-Leao_1760186540651-1024x576.jpg 1024w, https:\/\/www.correiobraziliense.com.br\/cbradar\/wp-content\/uploads\/2025\/10\/Dente-de-Leao_1760186540651-300x169.jpg 300w, https:\/\/www.correiobraziliense.com.br\/cbradar\/wp-content\/uploads\/2025\/10\/Dente-de-Leao_1760186540651-768x432.jpg 768w, https:\/\/www.correiobraziliense.com.br\/cbradar\/wp-content\/uploads\/2025\/10\/Dente-de-Leao_1760186540651-750x422.jpg 750w, https:\/\/www.correiobraziliense.com.br\/cbradar\/wp-content\/uploads\/2025\/10\/Dente-de-Leao_1760186540651-1140x641.jpg 1140w, https:\/\/www.correiobraziliense.com.br\/cbradar\/wp-content\/uploads\/2025\/10\/Dente-de-Leao_1760186540651.jpg 1280w\" sizes=\"(max-width: 1024px) 100vw, 1024px\" \/><figcaption class=\"wp-element-caption\">Dente-de-Le\u00e3o &#8211; Cr\u00e9ditos: depositphotos.com \/ skyfotostock1<\/figcaption><\/figure><\/div>\n\n\n<h2 class=\"wp-block-heading\">Qual a import\u00e2ncia do Dente-de-Le\u00e3o para a drenagem linf\u00e1tica?<\/h2>\n\n\n\n<p>As fun\u00e7\u00f5es combinadas de diur\u00e9tico e suporte hep\u00e1tico destacam o Dente-de-Le\u00e3o como uma planta excepcional para a drenagem linf\u00e1tica. Um sistema linf\u00e1tico congestionado pode causar incha\u00e7o e um sistema imunol\u00f3gico comprometido. O Dente-de-Le\u00e3o ajuda a fluidificar a linfa, facilitando a remo\u00e7\u00e3o de toxinas de todo o corpo, essencial para manter a <a href=\"https:\/\/www.correiobraziliense.com.br\/cbradar\/dra-najla-smaili-implantes-hormonais-aliviam-sintomas-da-menopausa\/\" target=\"_blank\" rel=\"noreferrer noopener\">sa\u00fade <\/a>do sistema imunol\u00f3gico e o bem-estar geral.<\/p>\n\n\n\n<ul class=\"wp-block-list\">\n<li>A ingest\u00e3o regular de ch\u00e1 de Dente-de-Le\u00e3o pode ajudar a maximizar seus benef\u00edcios.<\/li>\n\n\n\n<li>O Dente-de-Le\u00e3o contribui para a efic\u00e1cia no tratamento de edemas devido \u00e0s suas propriedades diur\u00e9ticas e hepatoprotetoras.<\/li>\n<\/ul>\n\n\n\n<h2 class=\"wp-block-heading\">Por que o Dente-de-Le\u00e3o \u00e9 um aliado na desintoxica\u00e7\u00e3o?<\/h2>\n\n\n\n<p>Apesar de muitas vezes ser visto apenas como uma erva daninha, o Dente-de-Le\u00e3o \u00e9 uma fonte rica em propriedades curativas com efeitos que ultrapassam sua apar\u00eancia comum. A moderna ci\u00eancia apoia a sabedoria tradicional no uso desta planta, reafirmando sua import\u00e2ncia para a sa\u00fade e o bem-estar. Suas fun\u00e7\u00f5es diur\u00e9ticas e de suporte hep\u00e1tico o tornam uma escolha valiosa para apoiar o sistema linf\u00e1tico e promover a desintoxica\u00e7\u00e3o natural do corpo. Atrav\u00e9s desse contexto, o dente-de-le\u00e3o solidifica seu lugar como uma planta vital para a medicina natural.<\/p>\n\n\n<a href=\"https:\/\/www.instagram.com\/dra.annaluisabf\/\" target=\"_blank\" rel=\"noopener\" style=\"text-decoration: none; color: inherit;\">\n    <span style=\"display: inline-block; border: 1px solid #ccc; border-radius: 10px; padding: 15px; max-width: 550px; font-family: sans-serif; box-shadow: 0 2px 5px rgba(0,0,0,0.1); width: 100%;\">\n\n      <!-- T\u00edtulo -->\n      <span style=\"display: block; margin: 0 0 15px 0; font-weight: bold; color: #2c3e50; text-align: center;\">\n        Entre em contato:\n      <\/span>\n\n      <!-- Linha do perfil -->\n      <span style=\"display: flex; align-items: center; gap: 15px;\">\n        <img decoding=\"async\"\n          src=\"https:\/\/www.correiobraziliense.com.br\/cbradar\/wp-content\/uploads\/2025\/08\/dra_anna_luisa.jpeg\"\n          alt=\"Foto da Dra. Anna Lu\u00edsa\"\n          style=\"border-radius: 50%; width: 80px; height: 80px; object-fit: cover;\"\n        \/>\n        <span style=\"display: flex; flex-direction: column;\">\n          <span style=\"font-size: 18px; font-weight: 700; color: #2c3e50;\">Dra. Anna Lu\u00edsa Barbosa Fernandes<\/span>\n          <span style=\"color: #555;\">CRM-GO 33.271<\/span>\n        <\/span>\n      <\/span>\n\n      <!-- Redes -->\n      <span style=\"display: flex; align-items: center; gap: 10px; margin-top: 12px;\">\n        <img decoding=\"async\" src=\"https:\/\/cdn-icons-png.flaticon.com\/24\/1384\/1384063.png\" alt=\"Instagram\" width=\"24\" height=\"24\" \/>\n        <span style=\"text-decoration: underline; color: #2c3e50;\">@dra.annaluisabf<\/span>\n      <\/span>\n\n    <\/span>\n  <\/a>","protected":false},"excerpt":{"rendered":"<p>O Dente-de-Le\u00e3o (Taraxacum officinale) \u00e9 geralmente visto como uma erva daninha, mas suas qualidades medicinais t\u00eam sido celebradas ao longo do tempo. Esta planta cont\u00e9m compostos ativos, como flavonoides e lactonas sesquiterp\u00eanicas, que oferecem in\u00fameros benef\u00edcios \u00e0 sa\u00fade. Em particular, s\u00e3o reconhecidas as suas capacidades diur\u00e9ticas, hepatoprotetoras e a promo\u00e7\u00e3o da drenagem linf\u00e1tica. Esses efeitos [&hellip;]<\/p>\n","protected":false},"author":14,"featured_media":117506,"comment_status":"open","ping_status":"open","sticky":false,"template":"","format":"standard","meta":{"_yoast_wpseo_focuskw":"f\u00edgado","_yoast_wpseo_title":"","_yoast_wpseo_metadesc":"Planta medicinal poderosa, o dente-de-le\u00e3o reduz o incha\u00e7o, ajuda a desintoxicar o f\u00edgado e fortalece o sistema linf\u00e1tico.","jnews-multi-image_gallery":[],"jnews_single_post":{"format":"standard"},"jnews_primary_category":[],"jnews_social_meta":[],"jnews_override_counter":[],"footnotes":""},"categories":[4404],"tags":[281,120,1318],"class_list":["post-154653","post","type-post","status-publish","format-standard","has-post-thumbnail","hentry","category-saude","tag-alimentacao","tag-bem-estar","tag-saude-2"],"yoast_head":"<!-- This site is optimized with the Yoast SEO plugin v24.6 - https:\/\/yoast.com\/wordpress\/plugins\/seo\/ -->\n<title>Esta planta esquecida limpa o f\u00edgado e reduz o incha\u00e7o segundo a medicina - Correio Braziliense - Radar<\/title>\n<meta name=\"description\" content=\"Planta medicinal poderosa, o dente-de-le\u00e3o reduz o incha\u00e7o, ajuda a desintoxicar o f\u00edgado e fortalece o sistema linf\u00e1tico.\" \/>\n<meta name=\"robots\" content=\"index, follow, max-snippet:-1, max-image-preview:large, max-video-preview:-1\" \/>\n<link rel=\"canonical\" href=\"https:\/\/www.correiobraziliense.com.br\/cbradar\/esta-planta-esquecida-limpa-o-figado-e-reduz-o-inchaco-segundo-a-medicina\/\" \/>\n<meta property=\"og:locale\" content=\"pt_BR\" \/>\n<meta property=\"og:type\" content=\"article\" \/>\n<meta property=\"og:title\" content=\"Esta planta esquecida limpa o f\u00edgado e reduz o incha\u00e7o segundo a medicina - Correio Braziliense - Radar\" \/>\n<meta property=\"og:description\" content=\"Planta medicinal poderosa, o dente-de-le\u00e3o reduz o incha\u00e7o, ajuda a desintoxicar o f\u00edgado e fortalece o sistema linf\u00e1tico.\" \/>\n<meta property=\"og:url\" content=\"https:\/\/www.correiobraziliense.com.br\/cbradar\/esta-planta-esquecida-limpa-o-figado-e-reduz-o-inchaco-segundo-a-medicina\/\" \/>\n<meta property=\"og:site_name\" content=\"Correio Braziliense - Radar\" \/>\n<meta property=\"article:published_time\" content=\"2025-12-12T21:25:00+00:00\" \/>\n<meta property=\"og:image\" content=\"https:\/\/www.correiobraziliense.com.br\/cbradar\/wp-content\/uploads\/2025\/10\/Dente-de-Leao_1760186518212.jpg\" \/>\n\t<meta property=\"og:image:width\" content=\"1280\" \/>\n\t<meta property=\"og:image:height\" content=\"720\" \/>\n\t<meta property=\"og:image:type\" content=\"image\/jpeg\" \/>\n<meta name=\"author\" content=\"guilherme_saude\" \/>\n<meta name=\"twitter:card\" content=\"summary_large_image\" \/>\n<meta name=\"twitter:label1\" content=\"Escrito por\" \/>\n\t<meta name=\"twitter:data1\" content=\"guilherme_saude\" \/>\n\t<meta name=\"twitter:label2\" content=\"Est. tempo de leitura\" \/>\n\t<meta name=\"twitter:data2\" content=\"4 minutos\" \/>\n<!-- \/ Yoast SEO plugin. -->","yoast_head_json":{"title":"Esta planta esquecida limpa o f\u00edgado e reduz o incha\u00e7o segundo a medicina - Correio Braziliense - Radar","description":"Planta medicinal poderosa, o dente-de-le\u00e3o reduz o incha\u00e7o, ajuda a desintoxicar o f\u00edgado e fortalece o sistema linf\u00e1tico.","robots":{"index":"index","follow":"follow","max-snippet":"max-snippet:-1","max-image-preview":"max-image-preview:large","max-video-preview":"max-video-preview:-1"},"canonical":"https:\/\/www.correiobraziliense.com.br\/cbradar\/esta-planta-esquecida-limpa-o-figado-e-reduz-o-inchaco-segundo-a-medicina\/","og_locale":"pt_BR","og_type":"article","og_title":"Esta planta esquecida limpa o f\u00edgado e reduz o incha\u00e7o segundo a medicina - Correio Braziliense - Radar","og_description":"Planta medicinal poderosa, o dente-de-le\u00e3o reduz o incha\u00e7o, ajuda a desintoxicar o f\u00edgado e fortalece o sistema linf\u00e1tico.","og_url":"https:\/\/www.correiobraziliense.com.br\/cbradar\/esta-planta-esquecida-limpa-o-figado-e-reduz-o-inchaco-segundo-a-medicina\/","og_site_name":"Correio Braziliense - Radar","article_published_time":"2025-12-12T21:25:00+00:00","og_image":[{"width":1280,"height":720,"url":"https:\/\/www.correiobraziliense.com.br\/cbradar\/wp-content\/uploads\/2025\/10\/Dente-de-Leao_1760186518212.jpg","type":"image\/jpeg"}],"author":"guilherme_saude","twitter_card":"summary_large_image","twitter_misc":{"Escrito por":"guilherme_saude","Est. tempo de leitura":"4 minutos"},"schema":{"@context":"https:\/\/schema.org","@graph":[{"@type":"WebPage","@id":"https:\/\/www.correiobraziliense.com.br\/cbradar\/esta-planta-esquecida-limpa-o-figado-e-reduz-o-inchaco-segundo-a-medicina\/","url":"https:\/\/www.correiobraziliense.com.br\/cbradar\/esta-planta-esquecida-limpa-o-figado-e-reduz-o-inchaco-segundo-a-medicina\/","name":"Esta planta esquecida limpa o f\u00edgado e reduz o incha\u00e7o segundo a medicina - Correio Braziliense - Radar","isPartOf":{"@id":"https:\/\/www.correiobraziliense.com.br\/cbradar\/#website"},"primaryImageOfPage":{"@id":"https:\/\/www.correiobraziliense.com.br\/cbradar\/esta-planta-esquecida-limpa-o-figado-e-reduz-o-inchaco-segundo-a-medicina\/#primaryimage"},"image":{"@id":"https:\/\/www.correiobraziliense.com.br\/cbradar\/esta-planta-esquecida-limpa-o-figado-e-reduz-o-inchaco-segundo-a-medicina\/#primaryimage"},"thumbnailUrl":"https:\/\/www.correiobraziliense.com.br\/cbradar\/wp-content\/uploads\/2025\/10\/Dente-de-Leao_1760186518212.jpg","datePublished":"2025-12-12T21:25:00+00:00","author":{"@id":"https:\/\/www.correiobraziliense.com.br\/cbradar\/#\/schema\/person\/5aa4bf3c8fa699c267933611de12978b"},"description":"Planta medicinal poderosa, o dente-de-le\u00e3o reduz o incha\u00e7o, ajuda a desintoxicar o f\u00edgado e fortalece o sistema linf\u00e1tico.","breadcrumb":{"@id":"https:\/\/www.correiobraziliense.com.br\/cbradar\/esta-planta-esquecida-limpa-o-figado-e-reduz-o-inchaco-segundo-a-medicina\/#breadcrumb"},"inLanguage":"pt-BR","potentialAction":[{"@type":"ReadAction","target":["https:\/\/www.correiobraziliense.com.br\/cbradar\/esta-planta-esquecida-limpa-o-figado-e-reduz-o-inchaco-segundo-a-medicina\/"]}]},{"@type":"ImageObject","inLanguage":"pt-BR","@id":"https:\/\/www.correiobraziliense.com.br\/cbradar\/esta-planta-esquecida-limpa-o-figado-e-reduz-o-inchaco-segundo-a-medicina\/#primaryimage","url":"https:\/\/www.correiobraziliense.com.br\/cbradar\/wp-content\/uploads\/2025\/10\/Dente-de-Leao_1760186518212.jpg","contentUrl":"https:\/\/www.correiobraziliense.com.br\/cbradar\/wp-content\/uploads\/2025\/10\/Dente-de-Leao_1760186518212.jpg","width":1280,"height":720,"caption":"Dente-de-Le\u00e3o - Cr\u00e9ditos: depositphotos.com \/ Hriana"},{"@type":"BreadcrumbList","@id":"https:\/\/www.correiobraziliense.com.br\/cbradar\/esta-planta-esquecida-limpa-o-figado-e-reduz-o-inchaco-segundo-a-medicina\/#breadcrumb","itemListElement":[{"@type":"ListItem","position":1,"name":"In\u00edcio","item":"https:\/\/www.correiobraziliense.com.br\/cbradar\/"},{"@type":"ListItem","position":2,"name":"Esta planta esquecida limpa o f\u00edgado e reduz o incha\u00e7o segundo a medicina"}]},{"@type":"WebSite","@id":"https:\/\/www.correiobraziliense.com.br\/cbradar\/#website","url":"https:\/\/www.correiobraziliense.com.br\/cbradar\/","name":"Correio Braziliense - Radar","description":"Acompanhe as \u00faltimas not\u00edcias e fique bem informado sobre tudo o que acontece no Brasil e no mundo.","potentialAction":[{"@type":"SearchAction","target":{"@type":"EntryPoint","urlTemplate":"https:\/\/www.correiobraziliense.com.br\/cbradar\/?s={search_term_string}"},"query-input":{"@type":"PropertyValueSpecification","valueRequired":true,"valueName":"search_term_string"}}],"inLanguage":"pt-BR"},{"@type":"Person","@id":"https:\/\/www.correiobraziliense.com.br\/cbradar\/#\/schema\/person\/5aa4bf3c8fa699c267933611de12978b","name":"guilherme_saude","image":{"@type":"ImageObject","inLanguage":"pt-BR","@id":"https:\/\/www.correiobraziliense.com.br\/cbradar\/#\/schema\/person\/image\/","url":"https:\/\/secure.gravatar.com\/avatar\/df9adfb835d344bc0af109d41756253f?s=96&d=mm&r=g","contentUrl":"https:\/\/secure.gravatar.com\/avatar\/df9adfb835d344bc0af109d41756253f?s=96&d=mm&r=g","caption":"guilherme_saude"},"url":"https:\/\/www.correiobraziliense.com.br\/cbradar\/author\/guilherme_saude\/"}]}},"_links":{"self":[{"href":"https:\/\/www.correiobraziliense.com.br\/cbradar\/wp-json\/wp\/v2\/posts\/154653","targetHints":{"allow":["GET"]}}],"collection":[{"href":"https:\/\/www.correiobraziliense.com.br\/cbradar\/wp-json\/wp\/v2\/posts"}],"about":[{"href":"https:\/\/www.correiobraziliense.com.br\/cbradar\/wp-json\/wp\/v2\/types\/post"}],"author":[{"embeddable":true,"href":"https:\/\/www.correiobraziliense.com.br\/cbradar\/wp-json\/wp\/v2\/users\/14"}],"replies":[{"embeddable":true,"href":"https:\/\/www.correiobraziliense.com.br\/cbradar\/wp-json\/wp\/v2\/comments?post=154653"}],"version-history":[{"count":1,"href":"https:\/\/www.correiobraziliense.com.br\/cbradar\/wp-json\/wp\/v2\/posts\/154653\/revisions"}],"predecessor-version":[{"id":154658,"href":"https:\/\/www.correiobraziliense.com.br\/cbradar\/wp-json\/wp\/v2\/posts\/154653\/revisions\/154658"}],"wp:featuredmedia":[{"embeddable":true,"href":"https:\/\/www.correiobraziliense.com.br\/cbradar\/wp-json\/wp\/v2\/media\/117506"}],"wp:attachment":[{"href":"https:\/\/www.correiobraziliense.com.br\/cbradar\/wp-json\/wp\/v2\/media?parent=154653"}],"wp:term":[{"taxonomy":"category","embeddable":true,"href":"https:\/\/www.correiobraziliense.com.br\/cbradar\/wp-json\/wp\/v2\/categories?post=154653"},{"taxonomy":"post_tag","embeddable":true,"href":"https:\/\/www.correiobraziliense.com.br\/cbradar\/wp-json\/wp\/v2\/tags?post=154653"}],"curies":[{"name":"wp","href":"https:\/\/api.w.org\/{rel}","templated":true}]}}