{"id":154660,"date":"2025-12-12T20:25:00","date_gmt":"2025-12-12T23:25:00","guid":{"rendered":"https:\/\/www.correiobraziliense.com.br\/cbradar\/?p=154660"},"modified":"2025-12-11T20:09:42","modified_gmt":"2025-12-11T23:09:42","slug":"de-adeus-ao-caos-use-a-regra-dos-dois-minutos","status":"publish","type":"post","link":"https:\/\/www.correiobraziliense.com.br\/cbradar\/de-adeus-ao-caos-use-a-regra-dos-dois-minutos\/","title":{"rendered":"D\u00ea adeus ao caos: use a regra dos dois minutos"},"content":{"rendered":"\n<p>Em um mundo onde as pequenas tarefas do cotidiano se acumulam rapidamente, entender como gerenci\u00e1-las efetivamente pode ser crucial para a sa\u00fade mental e a produtividade. Essas pequenas obriga\u00e7\u00f5es, que variam desde responder a um e-mail at\u00e9 anotar uma lista de compras, frequentemente ocupam mais espa\u00e7o na mente do que deveriam. Diante desse cen\u00e1rio, muitos especialistas em psicologia t\u00eam se voltado para m\u00e9todos que prop\u00f5em simplificar e otimizar o tempo, como a <strong>Regra Dos Dois Minutos<\/strong>, visando aliviar a carga mental causada por essas pend\u00eancias.<\/p>\n\n\n\n<p>A Regra Dos Dois Minutos consiste em uma t\u00e9cnica simples: resolver imediatamente qualquer tarefa que possa ser conclu\u00edda em menos de dois minutos. Este m\u00e9todo visa n\u00e3o apenas aumentar a efici\u00eancia no dia a dia, mas tamb\u00e9m reduzir o estresse associado \u00e0 acumula\u00e7\u00e3o de pequenas tarefas. De acordo com Ana P\u00e9rez, psic\u00f3loga e autora de &#8220;Tempo para viver&#8221;, a ado\u00e7\u00e3o desta pr\u00e1tica pode transformar significativamente a gest\u00e3o do tempo, promovendo uma vida mais organizada e menos estressante.<\/p>\n\n\n\n<h2 class=\"wp-block-heading\">Como a Regra Dos Dois Minutos impacta na rotina di\u00e1ria?<\/h2>\n\n\n\n<p>Adotar a Regra Dos Dois Minutos pode trazer benef\u00edcios substanciais tanto para a organiza\u00e7\u00e3o quanto para o bem-estar psicol\u00f3gico. A principal vantagem est\u00e1 na elimina\u00e7\u00e3o do &#8220;ru\u00eddo mental&#8221; causado por pequenas tarefas pendentes. Ao livrar-se delas de imediato, \u00e9 poss\u00edvel alcan\u00e7ar um estado de maior equil\u00edbrio e foco, essencial para enfrentar as obriga\u00e7\u00f5es mais complexas e desafiadoras.<\/p>\n\n\n<div class=\"wp-block-image\">\n<figure class=\"aligncenter size-large\"><img decoding=\"async\" width=\"1024\" height=\"576\" src=\"https:\/\/www.correiobraziliense.com.br\/cbradar\/wp-content\/uploads\/2025\/12\/dois-minutos_1765498332965-1024x576.jpg\" alt=\"\" class=\"wp-image-154663\" srcset=\"https:\/\/www.correiobraziliense.com.br\/cbradar\/wp-content\/uploads\/2025\/12\/dois-minutos_1765498332965-1024x576.jpg 1024w, https:\/\/www.correiobraziliense.com.br\/cbradar\/wp-content\/uploads\/2025\/12\/dois-minutos_1765498332965-300x169.jpg 300w, https:\/\/www.correiobraziliense.com.br\/cbradar\/wp-content\/uploads\/2025\/12\/dois-minutos_1765498332965-768x432.jpg 768w, https:\/\/www.correiobraziliense.com.br\/cbradar\/wp-content\/uploads\/2025\/12\/dois-minutos_1765498332965-750x422.jpg 750w, https:\/\/www.correiobraziliense.com.br\/cbradar\/wp-content\/uploads\/2025\/12\/dois-minutos_1765498332965-1140x641.jpg 1140w, https:\/\/www.correiobraziliense.com.br\/cbradar\/wp-content\/uploads\/2025\/12\/dois-minutos_1765498332965.jpg 1280w\" sizes=\"(max-width: 1024px) 100vw, 1024px\" \/><figcaption class=\"wp-element-caption\">Regra Dos Dois Minutos &#8211; Cr\u00e9ditos: depositphotos.com \/ nickylarson<\/figcaption><\/figure><\/div>\n\n\n<h2 class=\"wp-block-heading\">Quais s\u00e3o os benef\u00edcios pr\u00e1ticos?<\/h2>\n\n\n\n<p>Os benef\u00edcios pr\u00e1ticos da Regra Dos Dois Minutos se estendem al\u00e9m da simples organiza\u00e7\u00e3o do tempo. Primeiramente, h\u00e1 a\u00a0<strong>paz mental<\/strong>, resultado da redu\u00e7\u00e3o da ansiedade causada por obriga\u00e7\u00f5es pendentes. Al\u00e9m disso, a t\u00e9cnica contribui para a\u00a0<strong>manuten\u00e7\u00e3o do foco<\/strong>, eliminando distra\u00e7\u00f5es e permitindo uma maior concentra\u00e7\u00e3o em tarefas mais desafiadoras.<\/p>\n\n\n\n<ul class=\"wp-block-list\">\n<li><strong>Paz mental:<\/strong>\u00a0diminui a ansiedade gerada por deveres n\u00e3o realizados.<\/li>\n\n\n\n<li><strong>Manuten\u00e7\u00e3o do foco:<\/strong>\u00a0elimina distra\u00e7\u00f5es, permitindo maior concentra\u00e7\u00e3o.<\/li>\n\n\n\n<li><strong>Motiva\u00e7\u00e3o incrementada:<\/strong>\u00a0sensa\u00e7\u00e3o de realiza\u00e7\u00e3o ao completar tarefas, incentivando a enfrentar desafios maiores.<\/li>\n<\/ul>\n\n\n\n<h2 class=\"wp-block-heading\">Como integrar a Regra Dos Dois Minutos na sua vida?<\/h2>\n\n\n\n<p>Para aplicar a Regra Dos Dois Minutos, o primeiro passo \u00e9 identificar as atividades di\u00e1rias que podem ser rapidamente conclu\u00eddas. Com o tempo, torna-se um h\u00e1bito autom\u00e1tico dirigir-se \u00e0s pequenas tarefas assim que surgem, promovendo uma rotina mais organizada e eficiente. Este h\u00e1bito n\u00e3o s\u00f3 facilita a vida pessoal, mas <a href=\"https:\/\/www.correiobraziliense.com.br\/cbradar\/dra-najla-smaili-implantes-hormonais-aliviam-sintomas-da-menopausa\/\" target=\"_blank\" rel=\"noreferrer noopener\">tamb\u00e9m <\/a>pode aperfei\u00e7oar a gest\u00e3o do tempo no ambiente profissional, melhorando o desempenho e reduzindo o estresse.<\/p>\n\n\n\n<h2 class=\"wp-block-heading\">Como aplic\u00e1-la eficazmente?<\/h2>\n\n\n\n<p>A efic\u00e1cia da Regra Dos Dois Minutos reside na pr\u00e1tica consistente. A implementa\u00e7\u00e3o bem-sucedida depende da conscientiza\u00e7\u00e3o cont\u00ednua sobre as tarefas que podem ser resolvidas rapidamente. Assim, ao adotar essa abordagem, n\u00e3o s\u00f3 se organiza a agenda, como tamb\u00e9m se promove um estado mental mais calmo e focado. Incorporar essa estrat\u00e9gia pode ser o catalisador para uma rotina mais produtiva e satisfat\u00f3ria.<\/p>\n\n\n\n<p>Em s\u00edntese, a Regra Dos Dois Minutos \u00e9 uma ferramenta acess\u00edvel e poderosa para melhorar a efici\u00eancia geral e garantir o bem-estar mental. Seguindo as orienta\u00e7\u00f5es de especialistas, como Ana P\u00e9rez, essa t\u00e9cnica pode aprimorar significativamente tanto a vida pessoal quanto a profissional, facilitando o enfrentamento dos desafios di\u00e1rios com mais equil\u00edbrio e serenidade.<\/p>\n\n\n<a href=\"https:\/\/www.instagram.com\/dra.annaluisabf\/\" target=\"_blank\" rel=\"noopener\" style=\"text-decoration: none; color: inherit;\">\n    <span style=\"display: inline-block; border: 1px solid #ccc; border-radius: 10px; padding: 15px; max-width: 550px; font-family: sans-serif; box-shadow: 0 2px 5px rgba(0,0,0,0.1); width: 100%;\">\n\n      <!-- T\u00edtulo -->\n      <span style=\"display: block; margin: 0 0 15px 0; font-weight: bold; color: #2c3e50; text-align: center;\">\n        Entre em contato:\n      <\/span>\n\n      <!-- Linha do perfil -->\n      <span style=\"display: flex; align-items: center; gap: 15px;\">\n        <img decoding=\"async\"\n          src=\"https:\/\/www.correiobraziliense.com.br\/cbradar\/wp-content\/uploads\/2025\/08\/dra_anna_luisa.jpeg\"\n          alt=\"Foto da Dra. Anna Lu\u00edsa\"\n          style=\"border-radius: 50%; width: 80px; height: 80px; object-fit: cover;\"\n        \/>\n        <span style=\"display: flex; flex-direction: column;\">\n          <span style=\"font-size: 18px; font-weight: 700; color: #2c3e50;\">Dra. Anna Lu\u00edsa Barbosa Fernandes<\/span>\n          <span style=\"color: #555;\">CRM-GO 33.271<\/span>\n        <\/span>\n      <\/span>\n\n      <!-- Redes -->\n      <span style=\"display: flex; align-items: center; gap: 10px; margin-top: 12px;\">\n        <img decoding=\"async\" src=\"https:\/\/cdn-icons-png.flaticon.com\/24\/1384\/1384063.png\" alt=\"Instagram\" width=\"24\" height=\"24\" \/>\n        <span style=\"text-decoration: underline; color: #2c3e50;\">@dra.annaluisabf<\/span>\n      <\/span>\n\n    <\/span>\n  <\/a>","protected":false},"excerpt":{"rendered":"<p>Em um mundo onde as pequenas tarefas do cotidiano se acumulam rapidamente, entender como gerenci\u00e1-las efetivamente pode ser crucial para a sa\u00fade mental e a produtividade. Essas pequenas obriga\u00e7\u00f5es, que variam desde responder a um e-mail at\u00e9 anotar uma lista de compras, frequentemente ocupam mais espa\u00e7o na mente do que deveriam. Diante desse cen\u00e1rio, muitos [&hellip;]<\/p>\n","protected":false},"author":14,"featured_media":154662,"comment_status":"open","ping_status":"open","sticky":false,"template":"","format":"standard","meta":{"_yoast_wpseo_focuskw":"Regra Dos Dois Minutos","_yoast_wpseo_title":"","_yoast_wpseo_metadesc":"Acabe com a bagun\u00e7a mental com a regra dos dois minutos: uma t\u00e9cnica pr\u00e1tica para ter mais foco, produtividade e paz de esp\u00edrito.","jnews-multi-image_gallery":[],"jnews_single_post":{"format":"standard"},"jnews_primary_category":[],"jnews_social_meta":[],"jnews_override_counter":[],"footnotes":""},"categories":[4404],"tags":[120,12675,1318],"class_list":["post-154660","post","type-post","status-publish","format-standard","has-post-thumbnail","hentry","category-saude","tag-bem-estar","tag-dois","tag-saude-2"],"yoast_head":"<!-- This site is optimized with the Yoast SEO plugin v24.6 - https:\/\/yoast.com\/wordpress\/plugins\/seo\/ -->\n<title>D\u00ea adeus ao caos: use a regra dos dois minutos - Correio Braziliense - Radar<\/title>\n<meta name=\"description\" content=\"Acabe com a bagun\u00e7a mental com a regra dos dois minutos: uma t\u00e9cnica pr\u00e1tica para ter mais foco, produtividade e paz de esp\u00edrito.\" \/>\n<meta name=\"robots\" content=\"index, follow, max-snippet:-1, max-image-preview:large, max-video-preview:-1\" \/>\n<link rel=\"canonical\" href=\"https:\/\/www.correiobraziliense.com.br\/cbradar\/de-adeus-ao-caos-use-a-regra-dos-dois-minutos\/\" \/>\n<meta property=\"og:locale\" content=\"pt_BR\" \/>\n<meta property=\"og:type\" content=\"article\" \/>\n<meta property=\"og:title\" content=\"D\u00ea adeus ao caos: use a regra dos dois minutos - Correio Braziliense - Radar\" \/>\n<meta property=\"og:description\" content=\"Acabe com a bagun\u00e7a mental com a regra dos dois minutos: uma t\u00e9cnica pr\u00e1tica para ter mais foco, produtividade e paz de esp\u00edrito.\" \/>\n<meta property=\"og:url\" content=\"https:\/\/www.correiobraziliense.com.br\/cbradar\/de-adeus-ao-caos-use-a-regra-dos-dois-minutos\/\" \/>\n<meta property=\"og:site_name\" content=\"Correio Braziliense - Radar\" \/>\n<meta property=\"article:published_time\" content=\"2025-12-12T23:25:00+00:00\" \/>\n<meta property=\"og:image\" content=\"https:\/\/www.correiobraziliense.com.br\/cbradar\/wp-content\/uploads\/2025\/12\/dois-minutos_1765498311301.jpg\" \/>\n\t<meta property=\"og:image:width\" content=\"1280\" \/>\n\t<meta property=\"og:image:height\" content=\"720\" \/>\n\t<meta property=\"og:image:type\" content=\"image\/jpeg\" \/>\n<meta name=\"author\" content=\"guilherme_saude\" \/>\n<meta name=\"twitter:card\" content=\"summary_large_image\" \/>\n<meta name=\"twitter:label1\" content=\"Escrito por\" \/>\n\t<meta name=\"twitter:data1\" content=\"guilherme_saude\" \/>\n\t<meta name=\"twitter:label2\" content=\"Est. tempo de leitura\" \/>\n\t<meta name=\"twitter:data2\" content=\"4 minutos\" \/>\n<!-- \/ Yoast SEO plugin. -->","yoast_head_json":{"title":"D\u00ea adeus ao caos: use a regra dos dois minutos - Correio Braziliense - Radar","description":"Acabe com a bagun\u00e7a mental com a regra dos dois minutos: uma t\u00e9cnica pr\u00e1tica para ter mais foco, produtividade e paz de esp\u00edrito.","robots":{"index":"index","follow":"follow","max-snippet":"max-snippet:-1","max-image-preview":"max-image-preview:large","max-video-preview":"max-video-preview:-1"},"canonical":"https:\/\/www.correiobraziliense.com.br\/cbradar\/de-adeus-ao-caos-use-a-regra-dos-dois-minutos\/","og_locale":"pt_BR","og_type":"article","og_title":"D\u00ea adeus ao caos: use a regra dos dois minutos - Correio Braziliense - Radar","og_description":"Acabe com a bagun\u00e7a mental com a regra dos dois minutos: uma t\u00e9cnica pr\u00e1tica para ter mais foco, produtividade e paz de esp\u00edrito.","og_url":"https:\/\/www.correiobraziliense.com.br\/cbradar\/de-adeus-ao-caos-use-a-regra-dos-dois-minutos\/","og_site_name":"Correio Braziliense - Radar","article_published_time":"2025-12-12T23:25:00+00:00","og_image":[{"width":1280,"height":720,"url":"https:\/\/www.correiobraziliense.com.br\/cbradar\/wp-content\/uploads\/2025\/12\/dois-minutos_1765498311301.jpg","type":"image\/jpeg"}],"author":"guilherme_saude","twitter_card":"summary_large_image","twitter_misc":{"Escrito por":"guilherme_saude","Est. tempo de leitura":"4 minutos"},"schema":{"@context":"https:\/\/schema.org","@graph":[{"@type":"WebPage","@id":"https:\/\/www.correiobraziliense.com.br\/cbradar\/de-adeus-ao-caos-use-a-regra-dos-dois-minutos\/","url":"https:\/\/www.correiobraziliense.com.br\/cbradar\/de-adeus-ao-caos-use-a-regra-dos-dois-minutos\/","name":"D\u00ea adeus ao caos: use a regra dos dois minutos - Correio Braziliense - Radar","isPartOf":{"@id":"https:\/\/www.correiobraziliense.com.br\/cbradar\/#website"},"primaryImageOfPage":{"@id":"https:\/\/www.correiobraziliense.com.br\/cbradar\/de-adeus-ao-caos-use-a-regra-dos-dois-minutos\/#primaryimage"},"image":{"@id":"https:\/\/www.correiobraziliense.com.br\/cbradar\/de-adeus-ao-caos-use-a-regra-dos-dois-minutos\/#primaryimage"},"thumbnailUrl":"https:\/\/www.correiobraziliense.com.br\/cbradar\/wp-content\/uploads\/2025\/12\/dois-minutos_1765498311301.jpg","datePublished":"2025-12-12T23:25:00+00:00","author":{"@id":"https:\/\/www.correiobraziliense.com.br\/cbradar\/#\/schema\/person\/5aa4bf3c8fa699c267933611de12978b"},"description":"Acabe com a bagun\u00e7a mental com a regra dos dois minutos: uma t\u00e9cnica pr\u00e1tica para ter mais foco, produtividade e paz de esp\u00edrito.","breadcrumb":{"@id":"https:\/\/www.correiobraziliense.com.br\/cbradar\/de-adeus-ao-caos-use-a-regra-dos-dois-minutos\/#breadcrumb"},"inLanguage":"pt-BR","potentialAction":[{"@type":"ReadAction","target":["https:\/\/www.correiobraziliense.com.br\/cbradar\/de-adeus-ao-caos-use-a-regra-dos-dois-minutos\/"]}]},{"@type":"ImageObject","inLanguage":"pt-BR","@id":"https:\/\/www.correiobraziliense.com.br\/cbradar\/de-adeus-ao-caos-use-a-regra-dos-dois-minutos\/#primaryimage","url":"https:\/\/www.correiobraziliense.com.br\/cbradar\/wp-content\/uploads\/2025\/12\/dois-minutos_1765498311301.jpg","contentUrl":"https:\/\/www.correiobraziliense.com.br\/cbradar\/wp-content\/uploads\/2025\/12\/dois-minutos_1765498311301.jpg","width":1280,"height":720,"caption":"Regra Dos Dois Minutos - Cr\u00e9ditos: depositphotos.com \/ joseyyoestudio.gmail.com"},{"@type":"BreadcrumbList","@id":"https:\/\/www.correiobraziliense.com.br\/cbradar\/de-adeus-ao-caos-use-a-regra-dos-dois-minutos\/#breadcrumb","itemListElement":[{"@type":"ListItem","position":1,"name":"In\u00edcio","item":"https:\/\/www.correiobraziliense.com.br\/cbradar\/"},{"@type":"ListItem","position":2,"name":"D\u00ea adeus ao caos: use a regra dos dois minutos"}]},{"@type":"WebSite","@id":"https:\/\/www.correiobraziliense.com.br\/cbradar\/#website","url":"https:\/\/www.correiobraziliense.com.br\/cbradar\/","name":"Correio Braziliense - Radar","description":"Acompanhe as \u00faltimas not\u00edcias e fique bem informado sobre tudo o que acontece no Brasil e no mundo.","potentialAction":[{"@type":"SearchAction","target":{"@type":"EntryPoint","urlTemplate":"https:\/\/www.correiobraziliense.com.br\/cbradar\/?s={search_term_string}"},"query-input":{"@type":"PropertyValueSpecification","valueRequired":true,"valueName":"search_term_string"}}],"inLanguage":"pt-BR"},{"@type":"Person","@id":"https:\/\/www.correiobraziliense.com.br\/cbradar\/#\/schema\/person\/5aa4bf3c8fa699c267933611de12978b","name":"guilherme_saude","image":{"@type":"ImageObject","inLanguage":"pt-BR","@id":"https:\/\/www.correiobraziliense.com.br\/cbradar\/#\/schema\/person\/image\/","url":"https:\/\/secure.gravatar.com\/avatar\/df9adfb835d344bc0af109d41756253f?s=96&d=mm&r=g","contentUrl":"https:\/\/secure.gravatar.com\/avatar\/df9adfb835d344bc0af109d41756253f?s=96&d=mm&r=g","caption":"guilherme_saude"},"url":"https:\/\/www.correiobraziliense.com.br\/cbradar\/author\/guilherme_saude\/"}]}},"_links":{"self":[{"href":"https:\/\/www.correiobraziliense.com.br\/cbradar\/wp-json\/wp\/v2\/posts\/154660","targetHints":{"allow":["GET"]}}],"collection":[{"href":"https:\/\/www.correiobraziliense.com.br\/cbradar\/wp-json\/wp\/v2\/posts"}],"about":[{"href":"https:\/\/www.correiobraziliense.com.br\/cbradar\/wp-json\/wp\/v2\/types\/post"}],"author":[{"embeddable":true,"href":"https:\/\/www.correiobraziliense.com.br\/cbradar\/wp-json\/wp\/v2\/users\/14"}],"replies":[{"embeddable":true,"href":"https:\/\/www.correiobraziliense.com.br\/cbradar\/wp-json\/wp\/v2\/comments?post=154660"}],"version-history":[{"count":1,"href":"https:\/\/www.correiobraziliense.com.br\/cbradar\/wp-json\/wp\/v2\/posts\/154660\/revisions"}],"predecessor-version":[{"id":154664,"href":"https:\/\/www.correiobraziliense.com.br\/cbradar\/wp-json\/wp\/v2\/posts\/154660\/revisions\/154664"}],"wp:featuredmedia":[{"embeddable":true,"href":"https:\/\/www.correiobraziliense.com.br\/cbradar\/wp-json\/wp\/v2\/media\/154662"}],"wp:attachment":[{"href":"https:\/\/www.correiobraziliense.com.br\/cbradar\/wp-json\/wp\/v2\/media?parent=154660"}],"wp:term":[{"taxonomy":"category","embeddable":true,"href":"https:\/\/www.correiobraziliense.com.br\/cbradar\/wp-json\/wp\/v2\/categories?post=154660"},{"taxonomy":"post_tag","embeddable":true,"href":"https:\/\/www.correiobraziliense.com.br\/cbradar\/wp-json\/wp\/v2\/tags?post=154660"}],"curies":[{"name":"wp","href":"https:\/\/api.w.org\/{rel}","templated":true}]}}