{"id":15472,"date":"2025-03-25T18:10:00","date_gmt":"2025-03-25T21:10:00","guid":{"rendered":"https:\/\/www.correiobraziliense.com.br\/cbradar\/?p=15472"},"modified":"2025-03-24T21:54:12","modified_gmt":"2025-03-25T00:54:12","slug":"oasis-vai-produzir-um-filme-sobre-a-turne-de-2025","status":"publish","type":"post","link":"https:\/\/www.correiobraziliense.com.br\/cbradar\/oasis-vai-produzir-um-filme-sobre-a-turne-de-2025\/","title":{"rendered":"Oasis vai produzir um filme sobre a turn\u00ea de 2025"},"content":{"rendered":"\n<p>A lend\u00e1ria banda brit\u00e2nica <strong>Oasis <\/strong>anunciou recentemente um novo projeto cinematogr\u00e1fico que acompanhar\u00e1 sua aguardada turn\u00ea de reuni\u00e3o. A not\u00edcia foi divulgada no dia 13 de mar\u00e7o de 2025, e trouxe grande expectativa entre os f\u00e3s. O filme ser\u00e1 roteirizado e produzido por <strong>Steven Knight<\/strong>, conhecido por seu trabalho em s\u00e9ries como\u00a0<em><strong>Peaky Blinders<\/strong><\/em>\u00a0e filmes como\u00a0<em><strong>Locke<\/strong><\/em>.<\/p>\n\n\n\n<p>Os diretores <strong>Dylan Southern <\/strong>e <strong>Will Lovelace<\/strong>, que j\u00e1 trabalharam em document\u00e1rios musicais, estar\u00e3o \u00e0 frente da dire\u00e7\u00e3o do longa. Embora detalhes sobre o formato do filme ainda n\u00e3o tenham sido revelados, espera-se que ele combine elementos de document\u00e1rio e apresenta\u00e7\u00f5es ao vivo, semelhante ao estilo adotado em\u00a0<em><strong>Shut Up and Play the Hits<\/strong><\/em>, que retratou o <strong>LCD Soundsystem<\/strong>.<\/p>\n\n\n\n<h2 class=\"wp-block-heading\"><strong>Qual \u00e9 o papel da Magna Studios no projeto do Oasis?<\/strong><\/h2>\n\n\n\n<p>A Magna Studios ser\u00e1 respons\u00e1vel pelo desenvolvimento do filme do Oasis, com Sam Bridger e Guy Heeley na produ\u00e7\u00e3o. Marisa Clifford e Kate Shepherd atuar\u00e3o como produtoras executivas, enquanto a distribui\u00e7\u00e3o global ficar\u00e1 a cargo da Sony Music Vision. At\u00e9 o momento, n\u00e3o h\u00e1 uma data de lan\u00e7amento definida para o projeto, mas a expectativa \u00e9 alta entre os f\u00e3s da banda.<\/p>\n\n\n\n<figure class=\"wp-block-image size-large\"><img decoding=\"async\" width=\"1024\" height=\"576\" src=\"https:\/\/www.correiobraziliense.com.br\/cbradar\/wp-content\/uploads\/2025\/03\/oasis-band_1742846440112-1024x576.jpg\" alt=\"Oasis vai produzir um filme sobre a turn\u00ea de 2025\" class=\"wp-image-15474\" srcset=\"https:\/\/www.correiobraziliense.com.br\/cbradar\/wp-content\/uploads\/2025\/03\/oasis-band_1742846440112-1024x576.jpg 1024w, https:\/\/www.correiobraziliense.com.br\/cbradar\/wp-content\/uploads\/2025\/03\/oasis-band_1742846440112-300x169.jpg 300w, https:\/\/www.correiobraziliense.com.br\/cbradar\/wp-content\/uploads\/2025\/03\/oasis-band_1742846440112-768x432.jpg 768w, https:\/\/www.correiobraziliense.com.br\/cbradar\/wp-content\/uploads\/2025\/03\/oasis-band_1742846440112-750x422.jpg 750w, https:\/\/www.correiobraziliense.com.br\/cbradar\/wp-content\/uploads\/2025\/03\/oasis-band_1742846440112-1140x641.jpg 1140w, https:\/\/www.correiobraziliense.com.br\/cbradar\/wp-content\/uploads\/2025\/03\/oasis-band_1742846440112.jpg 1280w\" sizes=\"(max-width: 1024px) 100vw, 1024px\" \/><figcaption class=\"wp-element-caption\">Oasis. Cr\u00e9ditos: depositphotos.com \/ A.Paes<\/figcaption><\/figure>\n\n\n\n<h2 class=\"wp-block-heading\"><strong>Quando e onde ocorrer\u00e1 a turn\u00ea de reuni\u00e3o do Oasis?<\/strong><\/h2>\n\n\n\n<p>A turn\u00ea de reuni\u00e3o do Oasis est\u00e1 programada para come\u00e7ar no dia 4 de julho de 2025, em Cardiff, no Pa\u00eds de Gales. A banda passar\u00e1 por diversos continentes, incluindo Europa, Am\u00e9rica do Norte, \u00c1sia, Oceania e Am\u00e9rica do Sul. Os f\u00e3s brasileiros ter\u00e3o a oportunidade de assistir aos shows nos dias 22 e 23 de novembro, no Est\u00e1dio do Morumbi, em S\u00e3o Paulo.<\/p>\n\n\n\n<blockquote class=\"instagram-media\" data-instgrm-captioned data-instgrm-permalink=\"https:\/\/www.instagram.com\/reel\/DHUGYTcN7bm\/?utm_source=ig_embed&amp;utm_campaign=loading\" data-instgrm-version=\"14\" style=\" background:#FFF; border:0; border-radius:3px; box-shadow:0 0 1px 0 rgba(0,0,0,0.5),0 1px 10px 0 rgba(0,0,0,0.15); margin: 1px; max-width:540px; min-width:326px; padding:0; width:99.375%; width:-webkit-calc(100% - 2px); width:calc(100% - 2px);\"><div style=\"padding:16px;\"> <a href=\"https:\/\/www.instagram.com\/reel\/DHUGYTcN7bm\/?utm_source=ig_embed&amp;utm_campaign=loading\" style=\" background:#FFFFFF; line-height:0; padding:0 0; text-align:center; text-decoration:none; width:100%;\" target=\"_blank\"> <div style=\" display: flex; flex-direction: row; align-items: center;\"> <div style=\"background-color: #F4F4F4; border-radius: 50%; flex-grow: 0; height: 40px; margin-right: 14px; width: 40px;\"><\/div> <div style=\"display: flex; flex-direction: column; flex-grow: 1; justify-content: center;\"> <div style=\" background-color: #F4F4F4; border-radius: 4px; flex-grow: 0; height: 14px; margin-bottom: 6px; width: 100px;\"><\/div> <div style=\" background-color: #F4F4F4; border-radius: 4px; flex-grow: 0; height: 14px; width: 60px;\"><\/div><\/div><\/div><div style=\"padding: 19% 0;\"><\/div> <div style=\"display:block; height:50px; margin:0 auto 12px; width:50px;\"><svg width=\"50px\" height=\"50px\" viewBox=\"0 0 60 60\" version=\"1.1\" xmlns=\"https:\/\/www.w3.org\/2000\/svg\" xmlns:xlink=\"https:\/\/www.w3.org\/1999\/xlink\"><g stroke=\"none\" stroke-width=\"1\" fill=\"none\" fill-rule=\"evenodd\"><g transform=\"translate(-511.000000, -20.000000)\" fill=\"#000000\"><g><path d=\"M556.869,30.41 C554.814,30.41 553.148,32.076 553.148,34.131 C553.148,36.186 554.814,37.852 556.869,37.852 C558.924,37.852 560.59,36.186 560.59,34.131 C560.59,32.076 558.924,30.41 556.869,30.41 M541,60.657 C535.114,60.657 530.342,55.887 530.342,50 C530.342,44.114 535.114,39.342 541,39.342 C546.887,39.342 551.658,44.114 551.658,50 C551.658,55.887 546.887,60.657 541,60.657 M541,33.886 C532.1,33.886 524.886,41.1 524.886,50 C524.886,58.899 532.1,66.113 541,66.113 C549.9,66.113 557.115,58.899 557.115,50 C557.115,41.1 549.9,33.886 541,33.886 M565.378,62.101 C565.244,65.022 564.756,66.606 564.346,67.663 C563.803,69.06 563.154,70.057 562.106,71.106 C561.058,72.155 560.06,72.803 558.662,73.347 C557.607,73.757 556.021,74.244 553.102,74.378 C549.944,74.521 548.997,74.552 541,74.552 C533.003,74.552 532.056,74.521 528.898,74.378 C525.979,74.244 524.393,73.757 523.338,73.347 C521.94,72.803 520.942,72.155 519.894,71.106 C518.846,70.057 518.197,69.06 517.654,67.663 C517.244,66.606 516.755,65.022 516.623,62.101 C516.479,58.943 516.448,57.996 516.448,50 C516.448,42.003 516.479,41.056 516.623,37.899 C516.755,34.978 517.244,33.391 517.654,32.338 C518.197,30.938 518.846,29.942 519.894,28.894 C520.942,27.846 521.94,27.196 523.338,26.654 C524.393,26.244 525.979,25.756 528.898,25.623 C532.057,25.479 533.004,25.448 541,25.448 C548.997,25.448 549.943,25.479 553.102,25.623 C556.021,25.756 557.607,26.244 558.662,26.654 C560.06,27.196 561.058,27.846 562.106,28.894 C563.154,29.942 563.803,30.938 564.346,32.338 C564.756,33.391 565.244,34.978 565.378,37.899 C565.522,41.056 565.552,42.003 565.552,50 C565.552,57.996 565.522,58.943 565.378,62.101 M570.82,37.631 C570.674,34.438 570.167,32.258 569.425,30.349 C568.659,28.377 567.633,26.702 565.965,25.035 C564.297,23.368 562.623,22.342 560.652,21.575 C558.743,20.834 556.562,20.326 553.369,20.18 C550.169,20.033 549.148,20 541,20 C532.853,20 531.831,20.033 528.631,20.18 C525.438,20.326 523.257,20.834 521.349,21.575 C519.376,22.342 517.703,23.368 516.035,25.035 C514.368,26.702 513.342,28.377 512.574,30.349 C511.834,32.258 511.326,34.438 511.181,37.631 C511.035,40.831 511,41.851 511,50 C511,58.147 511.035,59.17 511.181,62.369 C511.326,65.562 511.834,67.743 512.574,69.651 C513.342,71.625 514.368,73.296 516.035,74.965 C517.703,76.634 519.376,77.658 521.349,78.425 C523.257,79.167 525.438,79.673 528.631,79.82 C531.831,79.965 532.853,80.001 541,80.001 C549.148,80.001 550.169,79.965 553.369,79.82 C556.562,79.673 558.743,79.167 560.652,78.425 C562.623,77.658 564.297,76.634 565.965,74.965 C567.633,73.296 568.659,71.625 569.425,69.651 C570.167,67.743 570.674,65.562 570.82,62.369 C570.966,59.17 571,58.147 571,50 C571,41.851 570.966,40.831 570.82,37.631\"><\/path><\/g><\/g><\/g><\/svg><\/div><div style=\"padding-top: 8px;\"> <div style=\" color:#3897f0; font-family:Arial,sans-serif; font-size:14px; font-style:normal; font-weight:550; line-height:18px;\">Ver essa foto no Instagram<\/div><\/div><div style=\"padding: 12.5% 0;\"><\/div> <div style=\"display: flex; flex-direction: row; margin-bottom: 14px; align-items: center;\"><div> <div style=\"background-color: #F4F4F4; border-radius: 50%; height: 12.5px; width: 12.5px; transform: translateX(0px) translateY(7px);\"><\/div> <div style=\"background-color: #F4F4F4; height: 12.5px; transform: rotate(-45deg) translateX(3px) translateY(1px); width: 12.5px; flex-grow: 0; margin-right: 14px; margin-left: 2px;\"><\/div> <div style=\"background-color: #F4F4F4; border-radius: 50%; height: 12.5px; width: 12.5px; transform: translateX(9px) translateY(-18px);\"><\/div><\/div><div style=\"margin-left: 8px;\"> <div style=\" background-color: #F4F4F4; border-radius: 50%; flex-grow: 0; height: 20px; width: 20px;\"><\/div> <div style=\" width: 0; height: 0; border-top: 2px solid transparent; border-left: 6px solid #f4f4f4; border-bottom: 2px solid transparent; transform: translateX(16px) translateY(-4px) rotate(30deg)\"><\/div><\/div><div style=\"margin-left: auto;\"> <div style=\" width: 0px; border-top: 8px solid #F4F4F4; border-right: 8px solid transparent; transform: translateY(16px);\"><\/div> <div style=\" background-color: #F4F4F4; flex-grow: 0; height: 12px; width: 16px; transform: translateY(-4px);\"><\/div> <div style=\" width: 0; height: 0; border-top: 8px solid #F4F4F4; border-left: 8px solid transparent; transform: translateY(-4px) translateX(8px);\"><\/div><\/div><\/div> <div style=\"display: flex; flex-direction: column; flex-grow: 1; justify-content: center; margin-bottom: 24px;\"> <div style=\" background-color: #F4F4F4; border-radius: 4px; flex-grow: 0; height: 14px; margin-bottom: 6px; width: 224px;\"><\/div> <div style=\" background-color: #F4F4F4; border-radius: 4px; flex-grow: 0; height: 14px; width: 144px;\"><\/div><\/div><\/a><p style=\" color:#c9c8cd; font-family:Arial,sans-serif; font-size:14px; line-height:17px; margin-bottom:0; margin-top:8px; overflow:hidden; padding:8px 0 7px; text-align:center; text-overflow:ellipsis; white-space:nowrap;\"><a href=\"https:\/\/www.instagram.com\/reel\/DHUGYTcN7bm\/?utm_source=ig_embed&amp;utm_campaign=loading\" style=\" color:#c9c8cd; font-family:Arial,sans-serif; font-size:14px; font-style:normal; font-weight:normal; line-height:17px; text-decoration:none;\" target=\"_blank\">Uma publica\u00e7\u00e3o compartilhada por Oasis (@oasis)<\/a><\/p><\/div><\/blockquote>\n<script async src=\"\/\/www.instagram.com\/embed.js\"><\/script>\n\n\n\n<h2 class=\"wp-block-heading\"><strong>O que esperar do novo filme do Oasis?<\/strong><\/h2>\n\n\n\n<p>Embora ainda n\u00e3o se saiba muito sobre o conte\u00fado exato do filme, a colabora\u00e7\u00e3o com Steven Knight e a experi\u00eancia dos diretores em document\u00e1rios musicais sugerem uma produ\u00e7\u00e3o rica em detalhes sobre a hist\u00f3ria e a m\u00fasica do Oasis. O filme pode oferecer uma vis\u00e3o \u00fanica sobre a din\u00e2mica da banda e sua influ\u00eancia no cen\u00e1rio musical global.<\/p>\n\n\n\n<p>Com a combina\u00e7\u00e3o de uma turn\u00ea mundial e um projeto cinematogr\u00e1fico, 2025 promete ser um ano marcante para os f\u00e3s do Oasis. A expectativa \u00e9 que tanto o filme quanto os shows ofere\u00e7am uma experi\u00eancia memor\u00e1vel, celebrando o legado e a m\u00fasica de uma das bandas mais ic\u00f4nicas do rock brit\u00e2nico.<\/p>\n","protected":false},"excerpt":{"rendered":"<p>O aguardado projeto cinematogr\u00e1fico do Oasis: uma jornada pela hist\u00f3ria e m\u00fasica da banda brit\u00e2nica, acompanhando sua turn\u00ea de reuni\u00e3o em 2025.<\/p>\n","protected":false},"author":3,"featured_media":15473,"comment_status":"open","ping_status":"open","sticky":false,"template":"","format":"standard","meta":{"_yoast_wpseo_focuskw":"oasis filme","_yoast_wpseo_title":"","_yoast_wpseo_metadesc":"O aguardado projeto cinematogr\u00e1fico do Oasis: uma jornada pela hist\u00f3ria e m\u00fasica da banda brit\u00e2nica, acompanhando sua turn\u00ea de reuni\u00e3o em 2025.","jnews-multi-image_gallery":[],"jnews_single_post":{"format":"standard"},"jnews_primary_category":[],"jnews_social_meta":[],"jnews_override_counter":[],"footnotes":""},"categories":[140],"post_tag":[2374,568],"class_list":["post-15472","post","type-post","status-publish","format-standard","has-post-thumbnail","hentry","category-entretenimento","tag-oasis","tag-series-e-filmes"],"yoast_head":"<!-- This site is optimized with the Yoast SEO plugin v24.6 - https:\/\/yoast.com\/wordpress\/plugins\/seo\/ -->\n<title>Oasis vai produzir um filme sobre a turn\u00ea de 2025 - Correio Braziliense - Radar<\/title>\n<meta name=\"description\" content=\"O aguardado projeto cinematogr\u00e1fico do Oasis: uma jornada pela hist\u00f3ria e m\u00fasica da banda brit\u00e2nica, acompanhando sua turn\u00ea de reuni\u00e3o em 2025.\" \/>\n<meta name=\"robots\" content=\"index, follow, max-snippet:-1, max-image-preview:large, max-video-preview:-1\" \/>\n<link rel=\"canonical\" href=\"https:\/\/www.correiobraziliense.com.br\/cbradar\/oasis-vai-produzir-um-filme-sobre-a-turne-de-2025\/\" \/>\n<meta property=\"og:locale\" content=\"pt_BR\" \/>\n<meta property=\"og:type\" content=\"article\" \/>\n<meta property=\"og:title\" content=\"Oasis vai produzir um filme sobre a turn\u00ea de 2025 - Correio Braziliense - Radar\" \/>\n<meta property=\"og:description\" content=\"O aguardado projeto cinematogr\u00e1fico do Oasis: uma jornada pela hist\u00f3ria e m\u00fasica da banda brit\u00e2nica, acompanhando sua turn\u00ea de reuni\u00e3o em 2025.\" \/>\n<meta property=\"og:url\" content=\"https:\/\/www.correiobraziliense.com.br\/cbradar\/oasis-vai-produzir-um-filme-sobre-a-turne-de-2025\/\" \/>\n<meta property=\"og:site_name\" content=\"Correio Braziliense - Radar\" \/>\n<meta property=\"article:published_time\" content=\"2025-03-25T21:10:00+00:00\" \/>\n<meta property=\"og:image\" content=\"https:\/\/www.correiobraziliense.com.br\/cbradar\/wp-content\/uploads\/2025\/03\/oasis-band_1742846419332.jpg\" \/>\n\t<meta property=\"og:image:width\" content=\"1280\" \/>\n\t<meta property=\"og:image:height\" content=\"720\" \/>\n\t<meta property=\"og:image:type\" content=\"image\/jpeg\" \/>\n<meta name=\"author\" content=\"Larissa Carvalho\" \/>\n<meta name=\"twitter:card\" content=\"summary_large_image\" \/>\n<meta name=\"twitter:label1\" content=\"Escrito por\" \/>\n\t<meta name=\"twitter:data1\" content=\"Larissa Carvalho\" \/>\n\t<meta name=\"twitter:label2\" content=\"Est. tempo de leitura\" \/>\n\t<meta name=\"twitter:data2\" content=\"3 minutos\" \/>\n<!-- \/ Yoast SEO plugin. -->","yoast_head_json":{"title":"Oasis vai produzir um filme sobre a turn\u00ea de 2025 - Correio Braziliense - Radar","description":"O aguardado projeto cinematogr\u00e1fico do Oasis: uma jornada pela hist\u00f3ria e m\u00fasica da banda brit\u00e2nica, acompanhando sua turn\u00ea de reuni\u00e3o em 2025.","robots":{"index":"index","follow":"follow","max-snippet":"max-snippet:-1","max-image-preview":"max-image-preview:large","max-video-preview":"max-video-preview:-1"},"canonical":"https:\/\/www.correiobraziliense.com.br\/cbradar\/oasis-vai-produzir-um-filme-sobre-a-turne-de-2025\/","og_locale":"pt_BR","og_type":"article","og_title":"Oasis vai produzir um filme sobre a turn\u00ea de 2025 - Correio Braziliense - Radar","og_description":"O aguardado projeto cinematogr\u00e1fico do Oasis: uma jornada pela hist\u00f3ria e m\u00fasica da banda brit\u00e2nica, acompanhando sua turn\u00ea de reuni\u00e3o em 2025.","og_url":"https:\/\/www.correiobraziliense.com.br\/cbradar\/oasis-vai-produzir-um-filme-sobre-a-turne-de-2025\/","og_site_name":"Correio Braziliense - Radar","article_published_time":"2025-03-25T21:10:00+00:00","og_image":[{"width":1280,"height":720,"url":"https:\/\/www.correiobraziliense.com.br\/cbradar\/wp-content\/uploads\/2025\/03\/oasis-band_1742846419332.jpg","type":"image\/jpeg"}],"author":"Larissa Carvalho","twitter_card":"summary_large_image","twitter_misc":{"Escrito por":"Larissa Carvalho","Est. tempo de leitura":"3 minutos"},"schema":{"@context":"https:\/\/schema.org","@graph":[{"@type":"WebPage","@id":"https:\/\/www.correiobraziliense.com.br\/cbradar\/oasis-vai-produzir-um-filme-sobre-a-turne-de-2025\/","url":"https:\/\/www.correiobraziliense.com.br\/cbradar\/oasis-vai-produzir-um-filme-sobre-a-turne-de-2025\/","name":"Oasis vai produzir um filme sobre a turn\u00ea de 2025 - Correio Braziliense - Radar","isPartOf":{"@id":"https:\/\/www.correiobraziliense.com.br\/cbradar\/#website"},"primaryImageOfPage":{"@id":"https:\/\/www.correiobraziliense.com.br\/cbradar\/oasis-vai-produzir-um-filme-sobre-a-turne-de-2025\/#primaryimage"},"image":{"@id":"https:\/\/www.correiobraziliense.com.br\/cbradar\/oasis-vai-produzir-um-filme-sobre-a-turne-de-2025\/#primaryimage"},"thumbnailUrl":"https:\/\/www.correiobraziliense.com.br\/cbradar\/wp-content\/uploads\/2025\/03\/oasis-band_1742846419332.jpg","datePublished":"2025-03-25T21:10:00+00:00","author":{"@id":"https:\/\/www.correiobraziliense.com.br\/cbradar\/#\/schema\/person\/58422787644df994b53a19d3e56c1513"},"description":"O aguardado projeto cinematogr\u00e1fico do Oasis: uma jornada pela hist\u00f3ria e m\u00fasica da banda brit\u00e2nica, acompanhando sua turn\u00ea de reuni\u00e3o em 2025.","breadcrumb":{"@id":"https:\/\/www.correiobraziliense.com.br\/cbradar\/oasis-vai-produzir-um-filme-sobre-a-turne-de-2025\/#breadcrumb"},"inLanguage":"pt-BR","potentialAction":[{"@type":"ReadAction","target":["https:\/\/www.correiobraziliense.com.br\/cbradar\/oasis-vai-produzir-um-filme-sobre-a-turne-de-2025\/"]}]},{"@type":"ImageObject","inLanguage":"pt-BR","@id":"https:\/\/www.correiobraziliense.com.br\/cbradar\/oasis-vai-produzir-um-filme-sobre-a-turne-de-2025\/#primaryimage","url":"https:\/\/www.correiobraziliense.com.br\/cbradar\/wp-content\/uploads\/2025\/03\/oasis-band_1742846419332.jpg","contentUrl":"https:\/\/www.correiobraziliense.com.br\/cbradar\/wp-content\/uploads\/2025\/03\/oasis-band_1742846419332.jpg","width":1280,"height":720,"caption":"Oasis. Cr\u00e9ditos: depositphotos.com \/ A.Paes"},{"@type":"BreadcrumbList","@id":"https:\/\/www.correiobraziliense.com.br\/cbradar\/oasis-vai-produzir-um-filme-sobre-a-turne-de-2025\/#breadcrumb","itemListElement":[{"@type":"ListItem","position":1,"name":"In\u00edcio","item":"https:\/\/www.correiobraziliense.com.br\/cbradar\/"},{"@type":"ListItem","position":2,"name":"Oasis vai produzir um filme sobre a turn\u00ea de 2025"}]},{"@type":"WebSite","@id":"https:\/\/www.correiobraziliense.com.br\/cbradar\/#website","url":"https:\/\/www.correiobraziliense.com.br\/cbradar\/","name":"Correio Braziliense - Radar","description":"Acompanhe as \u00faltimas not\u00edcias e fique bem informado sobre tudo o que acontece no Brasil e no mundo.","potentialAction":[{"@type":"SearchAction","target":{"@type":"EntryPoint","urlTemplate":"https:\/\/www.correiobraziliense.com.br\/cbradar\/?s={search_term_string}"},"query-input":{"@type":"PropertyValueSpecification","valueRequired":true,"valueName":"search_term_string"}}],"inLanguage":"pt-BR"},{"@type":"Person","@id":"https:\/\/www.correiobraziliense.com.br\/cbradar\/#\/schema\/person\/58422787644df994b53a19d3e56c1513","name":"Larissa Carvalho","image":{"@type":"ImageObject","inLanguage":"pt-BR","@id":"https:\/\/www.correiobraziliense.com.br\/cbradar\/#\/schema\/person\/image\/","url":"https:\/\/secure.gravatar.com\/avatar\/fe4f91a0de32b52a838d0d612abdc1aa?s=96&d=mm&r=g","contentUrl":"https:\/\/secure.gravatar.com\/avatar\/fe4f91a0de32b52a838d0d612abdc1aa?s=96&d=mm&r=g","caption":"Larissa Carvalho"},"url":"https:\/\/www.correiobraziliense.com.br\/cbradar\/author\/larissamyth\/"}]}},"_links":{"self":[{"href":"https:\/\/www.correiobraziliense.com.br\/cbradar\/wp-json\/wp\/v2\/posts\/15472","targetHints":{"allow":["GET"]}}],"collection":[{"href":"https:\/\/www.correiobraziliense.com.br\/cbradar\/wp-json\/wp\/v2\/posts"}],"about":[{"href":"https:\/\/www.correiobraziliense.com.br\/cbradar\/wp-json\/wp\/v2\/types\/post"}],"author":[{"embeddable":true,"href":"https:\/\/www.correiobraziliense.com.br\/cbradar\/wp-json\/wp\/v2\/users\/3"}],"replies":[{"embeddable":true,"href":"https:\/\/www.correiobraziliense.com.br\/cbradar\/wp-json\/wp\/v2\/comments?post=15472"}],"version-history":[{"count":1,"href":"https:\/\/www.correiobraziliense.com.br\/cbradar\/wp-json\/wp\/v2\/posts\/15472\/revisions"}],"predecessor-version":[{"id":15475,"href":"https:\/\/www.correiobraziliense.com.br\/cbradar\/wp-json\/wp\/v2\/posts\/15472\/revisions\/15475"}],"wp:featuredmedia":[{"embeddable":true,"href":"https:\/\/www.correiobraziliense.com.br\/cbradar\/wp-json\/wp\/v2\/media\/15473"}],"wp:attachment":[{"href":"https:\/\/www.correiobraziliense.com.br\/cbradar\/wp-json\/wp\/v2\/media?parent=15472"}],"wp:term":[{"taxonomy":"category","embeddable":true,"href":"https:\/\/www.correiobraziliense.com.br\/cbradar\/wp-json\/wp\/v2\/categories?post=15472"},{"taxonomy":"post_tag","embeddable":true,"href":"https:\/\/www.correiobraziliense.com.br\/cbradar\/wp-json\/wp\/v2\/post_tag?post=15472"}],"curies":[{"name":"wp","href":"https:\/\/api.w.org\/{rel}","templated":true}]}}