{"id":15476,"date":"2025-03-25T19:30:00","date_gmt":"2025-03-25T22:30:00","guid":{"rendered":"https:\/\/www.correiobraziliense.com.br\/cbradar\/?p=15476"},"modified":"2025-03-24T21:51:46","modified_gmt":"2025-03-25T00:51:46","slug":"filme-com-michael-b-jordan-de-protagonista-ganha-poster-oficial","status":"publish","type":"post","link":"https:\/\/www.correiobraziliense.com.br\/cbradar\/filme-com-michael-b-jordan-de-protagonista-ganha-poster-oficial\/","title":{"rendered":"Filme com Michael B. Jordan de protagonista ganha p\u00f4ster oficial"},"content":{"rendered":"\n<p>A <strong>Warner Bros<\/strong>. recentemente revelou um novo cartaz para &#8220;<strong>Pecadores<\/strong>&#8220;, um filme muito aguardado dirigido por <strong>Ryan Coogler <\/strong>e estrelado por <strong>Michael B. Jordan<\/strong>. O p\u00f4ster destaca o ambiente sombrio e misterioso da trama, prometendo uma experi\u00eancia intensa para os f\u00e3s do g\u00eanero terror. Este projeto tem gerado grande expectativa desde seu an\u00fancio, especialmente por sua abordagem inovadora sobre temas cl\u00e1ssicos.<\/p>\n\n\n\n<p>Segundo <strong>Ryan Coogler<\/strong>, &#8220;Pecadores&#8221; \u00e9 uma hist\u00f3ria que explora a m\u00fasica americana sob uma perspectiva \u00fanica. A sinopse oficial revela que o enredo gira em torno de dois irm\u00e3os g\u00eameos, ambos interpretados por Jordan, que ao tentar recome\u00e7ar suas vidas em sua cidade natal, acabam confrontando um mal ainda maior que os aguarda. Essa premissa intrigante tem capturado a aten\u00e7\u00e3o do p\u00fablico e da cr\u00edtica.<\/p>\n\n\n\n<h2 class=\"wp-block-heading\"><strong>O que esperar de pecadores?<\/strong><\/h2>\n\n\n\n<p>Desde seu an\u00fancio, &#8220;Pecadores&#8221; tem sido envolto em mist\u00e9rio. Poucos detalhes foram revelados, mas especula-se que Coogler traga uma nova abordagem para figuras folcl\u00f3ricas como vampiros, o que aumenta ainda mais a curiosidade do p\u00fablico. A expectativa \u00e9 que o filme combine elementos de terror com uma narrativa rica e complexa, caracter\u00edstica do trabalho de Coogler.<\/p>\n\n\n\n<p>Al\u00e9m de Michael B. Jordan, o longa conta com um elenco talentoso, incluindo Delroy Lindo, Hailee Steinfeld e Jayme Lawson. Essa sele\u00e7\u00e3o promete atua\u00e7\u00f5es marcantes e uma din\u00e2mica envolvente, contribuindo para a profundidade e o impacto emocional do filme. A combina\u00e7\u00e3o de um elenco forte com uma dire\u00e7\u00e3o vision\u00e1ria sugere que &#8220;Pecadores&#8221; pode se tornar um marco no g\u00eanero.<\/p>\n\n\n\n<blockquote class=\"instagram-media\" data-instgrm-captioned data-instgrm-permalink=\"https:\/\/www.instagram.com\/p\/DHglzx3S9O_\/?utm_source=ig_embed&amp;utm_campaign=loading\" data-instgrm-version=\"14\" style=\" background:#FFF; border:0; border-radius:3px; box-shadow:0 0 1px 0 rgba(0,0,0,0.5),0 1px 10px 0 rgba(0,0,0,0.15); margin: 1px; max-width:540px; min-width:326px; padding:0; width:99.375%; width:-webkit-calc(100% - 2px); width:calc(100% - 2px);\"><div style=\"padding:16px;\"> <a href=\"https:\/\/www.instagram.com\/p\/DHglzx3S9O_\/?utm_source=ig_embed&amp;utm_campaign=loading\" style=\" background:#FFFFFF; line-height:0; padding:0 0; text-align:center; text-decoration:none; width:100%;\" target=\"_blank\"> <div style=\" display: flex; flex-direction: row; align-items: center;\"> <div style=\"background-color: #F4F4F4; border-radius: 50%; flex-grow: 0; height: 40px; margin-right: 14px; width: 40px;\"><\/div> <div style=\"display: flex; flex-direction: column; flex-grow: 1; justify-content: center;\"> <div style=\" background-color: #F4F4F4; border-radius: 4px; flex-grow: 0; height: 14px; margin-bottom: 6px; width: 100px;\"><\/div> <div style=\" background-color: #F4F4F4; border-radius: 4px; flex-grow: 0; height: 14px; width: 60px;\"><\/div><\/div><\/div><div style=\"padding: 19% 0;\"><\/div> <div style=\"display:block; height:50px; margin:0 auto 12px; width:50px;\"><svg width=\"50px\" height=\"50px\" viewBox=\"0 0 60 60\" version=\"1.1\" xmlns=\"https:\/\/www.w3.org\/2000\/svg\" xmlns:xlink=\"https:\/\/www.w3.org\/1999\/xlink\"><g stroke=\"none\" stroke-width=\"1\" fill=\"none\" fill-rule=\"evenodd\"><g transform=\"translate(-511.000000, -20.000000)\" fill=\"#000000\"><g><path d=\"M556.869,30.41 C554.814,30.41 553.148,32.076 553.148,34.131 C553.148,36.186 554.814,37.852 556.869,37.852 C558.924,37.852 560.59,36.186 560.59,34.131 C560.59,32.076 558.924,30.41 556.869,30.41 M541,60.657 C535.114,60.657 530.342,55.887 530.342,50 C530.342,44.114 535.114,39.342 541,39.342 C546.887,39.342 551.658,44.114 551.658,50 C551.658,55.887 546.887,60.657 541,60.657 M541,33.886 C532.1,33.886 524.886,41.1 524.886,50 C524.886,58.899 532.1,66.113 541,66.113 C549.9,66.113 557.115,58.899 557.115,50 C557.115,41.1 549.9,33.886 541,33.886 M565.378,62.101 C565.244,65.022 564.756,66.606 564.346,67.663 C563.803,69.06 563.154,70.057 562.106,71.106 C561.058,72.155 560.06,72.803 558.662,73.347 C557.607,73.757 556.021,74.244 553.102,74.378 C549.944,74.521 548.997,74.552 541,74.552 C533.003,74.552 532.056,74.521 528.898,74.378 C525.979,74.244 524.393,73.757 523.338,73.347 C521.94,72.803 520.942,72.155 519.894,71.106 C518.846,70.057 518.197,69.06 517.654,67.663 C517.244,66.606 516.755,65.022 516.623,62.101 C516.479,58.943 516.448,57.996 516.448,50 C516.448,42.003 516.479,41.056 516.623,37.899 C516.755,34.978 517.244,33.391 517.654,32.338 C518.197,30.938 518.846,29.942 519.894,28.894 C520.942,27.846 521.94,27.196 523.338,26.654 C524.393,26.244 525.979,25.756 528.898,25.623 C532.057,25.479 533.004,25.448 541,25.448 C548.997,25.448 549.943,25.479 553.102,25.623 C556.021,25.756 557.607,26.244 558.662,26.654 C560.06,27.196 561.058,27.846 562.106,28.894 C563.154,29.942 563.803,30.938 564.346,32.338 C564.756,33.391 565.244,34.978 565.378,37.899 C565.522,41.056 565.552,42.003 565.552,50 C565.552,57.996 565.522,58.943 565.378,62.101 M570.82,37.631 C570.674,34.438 570.167,32.258 569.425,30.349 C568.659,28.377 567.633,26.702 565.965,25.035 C564.297,23.368 562.623,22.342 560.652,21.575 C558.743,20.834 556.562,20.326 553.369,20.18 C550.169,20.033 549.148,20 541,20 C532.853,20 531.831,20.033 528.631,20.18 C525.438,20.326 523.257,20.834 521.349,21.575 C519.376,22.342 517.703,23.368 516.035,25.035 C514.368,26.702 513.342,28.377 512.574,30.349 C511.834,32.258 511.326,34.438 511.181,37.631 C511.035,40.831 511,41.851 511,50 C511,58.147 511.035,59.17 511.181,62.369 C511.326,65.562 511.834,67.743 512.574,69.651 C513.342,71.625 514.368,73.296 516.035,74.965 C517.703,76.634 519.376,77.658 521.349,78.425 C523.257,79.167 525.438,79.673 528.631,79.82 C531.831,79.965 532.853,80.001 541,80.001 C549.148,80.001 550.169,79.965 553.369,79.82 C556.562,79.673 558.743,79.167 560.652,78.425 C562.623,77.658 564.297,76.634 565.965,74.965 C567.633,73.296 568.659,71.625 569.425,69.651 C570.167,67.743 570.674,65.562 570.82,62.369 C570.966,59.17 571,58.147 571,50 C571,41.851 570.966,40.831 570.82,37.631\"><\/path><\/g><\/g><\/g><\/svg><\/div><div style=\"padding-top: 8px;\"> <div style=\" color:#3897f0; font-family:Arial,sans-serif; font-size:14px; font-style:normal; font-weight:550; line-height:18px;\">Ver essa foto no Instagram<\/div><\/div><div style=\"padding: 12.5% 0;\"><\/div> <div style=\"display: flex; flex-direction: row; margin-bottom: 14px; align-items: center;\"><div> <div style=\"background-color: #F4F4F4; border-radius: 50%; height: 12.5px; width: 12.5px; transform: translateX(0px) translateY(7px);\"><\/div> <div style=\"background-color: #F4F4F4; height: 12.5px; transform: rotate(-45deg) translateX(3px) translateY(1px); width: 12.5px; flex-grow: 0; margin-right: 14px; margin-left: 2px;\"><\/div> <div style=\"background-color: #F4F4F4; border-radius: 50%; height: 12.5px; width: 12.5px; transform: translateX(9px) translateY(-18px);\"><\/div><\/div><div style=\"margin-left: 8px;\"> <div style=\" background-color: #F4F4F4; border-radius: 50%; flex-grow: 0; height: 20px; width: 20px;\"><\/div> <div style=\" width: 0; height: 0; border-top: 2px solid transparent; border-left: 6px solid #f4f4f4; border-bottom: 2px solid transparent; transform: translateX(16px) translateY(-4px) rotate(30deg)\"><\/div><\/div><div style=\"margin-left: auto;\"> <div style=\" width: 0px; border-top: 8px solid #F4F4F4; border-right: 8px solid transparent; transform: translateY(16px);\"><\/div> <div style=\" background-color: #F4F4F4; flex-grow: 0; height: 12px; width: 16px; transform: translateY(-4px);\"><\/div> <div style=\" width: 0; height: 0; border-top: 8px solid #F4F4F4; border-left: 8px solid transparent; transform: translateY(-4px) translateX(8px);\"><\/div><\/div><\/div> <div style=\"display: flex; flex-direction: column; flex-grow: 1; justify-content: center; margin-bottom: 24px;\"> <div style=\" background-color: #F4F4F4; border-radius: 4px; flex-grow: 0; height: 14px; margin-bottom: 6px; width: 224px;\"><\/div> <div style=\" background-color: #F4F4F4; border-radius: 4px; flex-grow: 0; height: 14px; width: 144px;\"><\/div><\/div><\/a><p style=\" color:#c9c8cd; font-family:Arial,sans-serif; font-size:14px; line-height:17px; margin-bottom:0; margin-top:8px; overflow:hidden; padding:8px 0 7px; text-align:center; text-overflow:ellipsis; white-space:nowrap;\"><a href=\"https:\/\/www.instagram.com\/p\/DHglzx3S9O_\/?utm_source=ig_embed&amp;utm_campaign=loading\" style=\" color:#c9c8cd; font-family:Arial,sans-serif; font-size:14px; font-style:normal; font-weight:normal; line-height:17px; text-decoration:none;\" target=\"_blank\">Uma publica\u00e7\u00e3o compartilhada por Letterboxd (@letterboxd)<\/a><\/p><\/div><\/blockquote>\n<script async src=\"\/\/www.instagram.com\/embed.js\"><\/script>\n\n\n\n<h2 class=\"wp-block-heading\"><strong>Quando pecadores chega aos cinemas brasileiros?<\/strong><\/h2>\n\n\n\n<p>Os f\u00e3s brasileiros poder\u00e3o conferir &#8220;Pecadores&#8221; nos cinemas a partir de 16 de abril de 2025. A estreia promete uma jornada sombria e cheia de suspense que deve surpreender e arrepiar o p\u00fablico. A expectativa \u00e9 que o filme n\u00e3o apenas entretenha, mas tamb\u00e9m provoque reflex\u00f5es sobre temas universais atrav\u00e9s de sua narrativa envolvente.<\/p>\n\n\n\n<figure class=\"wp-block-image size-large\"><img decoding=\"async\" width=\"1024\" height=\"576\" src=\"https:\/\/www.correiobraziliense.com.br\/cbradar\/wp-content\/uploads\/2025\/03\/Pecadores-1024x576.png\" alt=\"Filme com Michael B. Jordan de protagonista ganha p\u00f4ster oficial\" class=\"wp-image-15477\" srcset=\"https:\/\/www.correiobraziliense.com.br\/cbradar\/wp-content\/uploads\/2025\/03\/Pecadores-1024x576.png 1024w, https:\/\/www.correiobraziliense.com.br\/cbradar\/wp-content\/uploads\/2025\/03\/Pecadores-300x169.png 300w, https:\/\/www.correiobraziliense.com.br\/cbradar\/wp-content\/uploads\/2025\/03\/Pecadores-768x432.png 768w, https:\/\/www.correiobraziliense.com.br\/cbradar\/wp-content\/uploads\/2025\/03\/Pecadores-750x422.png 750w, https:\/\/www.correiobraziliense.com.br\/cbradar\/wp-content\/uploads\/2025\/03\/Pecadores-1140x641.png 1140w, https:\/\/www.correiobraziliense.com.br\/cbradar\/wp-content\/uploads\/2025\/03\/Pecadores.png 1280w\" sizes=\"(max-width: 1024px) 100vw, 1024px\" \/><figcaption class=\"wp-element-caption\">Pecadores. Fonte: divulga\u00e7\u00e3o \/ Warner<\/figcaption><\/figure>\n\n\n\n<h2 class=\"wp-block-heading\"><strong>Por que pecadores \u00e9 t\u00e3o aguardado?<\/strong><\/h2>\n\n\n\n<p>O filme \u00e9 aguardado n\u00e3o apenas por seu elenco e dire\u00e7\u00e3o, mas tamb\u00e9m pela promessa de uma narrativa inovadora. A abordagem de Coogler, conhecida por sua capacidade de misturar entretenimento com profundidade tem\u00e1tica, sugere que &#8220;Pecadores&#8221; trar\u00e1 algo novo para o g\u00eanero de terror. A explora\u00e7\u00e3o de temas como identidade, fam\u00edlia e o confronto com o desconhecido s\u00e3o esperados para serem centrais na trama.<\/p>\n\n\n\n<p>Al\u00e9m disso, a presen\u00e7a de Michael B. Jordan, um ator conhecido por sua versatilidade e intensidade, adiciona um n\u00edvel extra de interesse ao projeto. Sua capacidade de dar vida a personagens complexos \u00e9 um dos fatores que mais atraem o p\u00fablico para este filme.<\/p>\n\n\n\n<p>Com uma combina\u00e7\u00e3o de um elenco talentoso, uma dire\u00e7\u00e3o inovadora e uma narrativa intrigante, &#8220;Pecadores&#8221; promete ser um dos destaques do cinema em 2025. A expectativa \u00e9 que o filme n\u00e3o apenas assuste, mas tamb\u00e9m engaje o p\u00fablico em uma reflex\u00e3o sobre os temas apresentados. Para os f\u00e3s de terror e cinema de qualidade, &#8220;Pecadores&#8221; \u00e9 um filme a n\u00e3o perder.<\/p>\n","protected":false},"excerpt":{"rendered":"<p>O aguardado filme de terror dirigido por Ryan Coogler e estrelado por Michael B. Jordan. &#8216;Pecadores&#8217; promete uma experi\u00eancia assombrosa e reflexiva.<\/p>\n","protected":false},"author":3,"featured_media":15478,"comment_status":"open","ping_status":"open","sticky":false,"template":"","format":"standard","meta":{"_yoast_wpseo_focuskw":"Michael B. Jordan","_yoast_wpseo_title":"%%title%%","_yoast_wpseo_metadesc":"O aguardado filme de terror dirigido por Ryan Coogler e estrelado por Michael B. Jordan. 'Pecadores' promete uma experi\u00eancia assombrosa e reflexiva.","jnews-multi-image_gallery":[],"jnews_single_post":{"format":"standard"},"jnews_primary_category":[],"jnews_social_meta":[],"jnews_override_counter":[],"footnotes":""},"categories":[140],"post_tag":[2264,568],"class_list":["post-15476","post","type-post","status-publish","format-standard","has-post-thumbnail","hentry","category-entretenimento","tag-michael-b-jordan","tag-series-e-filmes"],"yoast_head":"<!-- This site is optimized with the Yoast SEO plugin v24.6 - https:\/\/yoast.com\/wordpress\/plugins\/seo\/ -->\n<title>Filme com Michael B. Jordan de protagonista ganha p\u00f4ster oficial<\/title>\n<meta name=\"description\" content=\"O aguardado filme de terror dirigido por Ryan Coogler e estrelado por Michael B. Jordan. &#039;Pecadores&#039; promete uma experi\u00eancia assombrosa e reflexiva.\" \/>\n<meta name=\"robots\" content=\"index, follow, max-snippet:-1, max-image-preview:large, max-video-preview:-1\" \/>\n<link rel=\"canonical\" href=\"https:\/\/www.correiobraziliense.com.br\/cbradar\/filme-com-michael-b-jordan-de-protagonista-ganha-poster-oficial\/\" \/>\n<meta property=\"og:locale\" content=\"pt_BR\" \/>\n<meta property=\"og:type\" content=\"article\" \/>\n<meta property=\"og:title\" content=\"Filme com Michael B. Jordan de protagonista ganha p\u00f4ster oficial\" \/>\n<meta property=\"og:description\" content=\"O aguardado filme de terror dirigido por Ryan Coogler e estrelado por Michael B. Jordan. &#039;Pecadores&#039; promete uma experi\u00eancia assombrosa e reflexiva.\" \/>\n<meta property=\"og:url\" content=\"https:\/\/www.correiobraziliense.com.br\/cbradar\/filme-com-michael-b-jordan-de-protagonista-ganha-poster-oficial\/\" \/>\n<meta property=\"og:site_name\" content=\"Correio Braziliense - Radar\" \/>\n<meta property=\"article:published_time\" content=\"2025-03-25T22:30:00+00:00\" \/>\n<meta property=\"og:image\" content=\"https:\/\/www.correiobraziliense.com.br\/cbradar\/wp-content\/uploads\/2025\/03\/Pecadores-2.png\" \/>\n\t<meta property=\"og:image:width\" content=\"1280\" \/>\n\t<meta property=\"og:image:height\" content=\"720\" \/>\n\t<meta property=\"og:image:type\" content=\"image\/png\" \/>\n<meta name=\"author\" content=\"Larissa Carvalho\" \/>\n<meta name=\"twitter:card\" content=\"summary_large_image\" \/>\n<meta name=\"twitter:label1\" content=\"Escrito por\" \/>\n\t<meta name=\"twitter:data1\" content=\"Larissa Carvalho\" \/>\n\t<meta name=\"twitter:label2\" content=\"Est. tempo de leitura\" \/>\n\t<meta name=\"twitter:data2\" content=\"4 minutos\" \/>\n<!-- \/ Yoast SEO plugin. -->","yoast_head_json":{"title":"Filme com Michael B. Jordan de protagonista ganha p\u00f4ster oficial","description":"O aguardado filme de terror dirigido por Ryan Coogler e estrelado por Michael B. Jordan. 'Pecadores' promete uma experi\u00eancia assombrosa e reflexiva.","robots":{"index":"index","follow":"follow","max-snippet":"max-snippet:-1","max-image-preview":"max-image-preview:large","max-video-preview":"max-video-preview:-1"},"canonical":"https:\/\/www.correiobraziliense.com.br\/cbradar\/filme-com-michael-b-jordan-de-protagonista-ganha-poster-oficial\/","og_locale":"pt_BR","og_type":"article","og_title":"Filme com Michael B. Jordan de protagonista ganha p\u00f4ster oficial","og_description":"O aguardado filme de terror dirigido por Ryan Coogler e estrelado por Michael B. Jordan. 'Pecadores' promete uma experi\u00eancia assombrosa e reflexiva.","og_url":"https:\/\/www.correiobraziliense.com.br\/cbradar\/filme-com-michael-b-jordan-de-protagonista-ganha-poster-oficial\/","og_site_name":"Correio Braziliense - Radar","article_published_time":"2025-03-25T22:30:00+00:00","og_image":[{"width":1280,"height":720,"url":"https:\/\/www.correiobraziliense.com.br\/cbradar\/wp-content\/uploads\/2025\/03\/Pecadores-2.png","type":"image\/png"}],"author":"Larissa Carvalho","twitter_card":"summary_large_image","twitter_misc":{"Escrito por":"Larissa Carvalho","Est. tempo de leitura":"4 minutos"},"schema":{"@context":"https:\/\/schema.org","@graph":[{"@type":"WebPage","@id":"https:\/\/www.correiobraziliense.com.br\/cbradar\/filme-com-michael-b-jordan-de-protagonista-ganha-poster-oficial\/","url":"https:\/\/www.correiobraziliense.com.br\/cbradar\/filme-com-michael-b-jordan-de-protagonista-ganha-poster-oficial\/","name":"Filme com Michael B. Jordan de protagonista ganha p\u00f4ster oficial","isPartOf":{"@id":"https:\/\/www.correiobraziliense.com.br\/cbradar\/#website"},"primaryImageOfPage":{"@id":"https:\/\/www.correiobraziliense.com.br\/cbradar\/filme-com-michael-b-jordan-de-protagonista-ganha-poster-oficial\/#primaryimage"},"image":{"@id":"https:\/\/www.correiobraziliense.com.br\/cbradar\/filme-com-michael-b-jordan-de-protagonista-ganha-poster-oficial\/#primaryimage"},"thumbnailUrl":"https:\/\/www.correiobraziliense.com.br\/cbradar\/wp-content\/uploads\/2025\/03\/Pecadores-2.png","datePublished":"2025-03-25T22:30:00+00:00","author":{"@id":"https:\/\/www.correiobraziliense.com.br\/cbradar\/#\/schema\/person\/58422787644df994b53a19d3e56c1513"},"description":"O aguardado filme de terror dirigido por Ryan Coogler e estrelado por Michael B. Jordan. 'Pecadores' promete uma experi\u00eancia assombrosa e reflexiva.","breadcrumb":{"@id":"https:\/\/www.correiobraziliense.com.br\/cbradar\/filme-com-michael-b-jordan-de-protagonista-ganha-poster-oficial\/#breadcrumb"},"inLanguage":"pt-BR","potentialAction":[{"@type":"ReadAction","target":["https:\/\/www.correiobraziliense.com.br\/cbradar\/filme-com-michael-b-jordan-de-protagonista-ganha-poster-oficial\/"]}]},{"@type":"ImageObject","inLanguage":"pt-BR","@id":"https:\/\/www.correiobraziliense.com.br\/cbradar\/filme-com-michael-b-jordan-de-protagonista-ganha-poster-oficial\/#primaryimage","url":"https:\/\/www.correiobraziliense.com.br\/cbradar\/wp-content\/uploads\/2025\/03\/Pecadores-2.png","contentUrl":"https:\/\/www.correiobraziliense.com.br\/cbradar\/wp-content\/uploads\/2025\/03\/Pecadores-2.png","width":1280,"height":720,"caption":"Pecadores. Fonte: divulga\u00e7\u00e3o \/ Warner"},{"@type":"BreadcrumbList","@id":"https:\/\/www.correiobraziliense.com.br\/cbradar\/filme-com-michael-b-jordan-de-protagonista-ganha-poster-oficial\/#breadcrumb","itemListElement":[{"@type":"ListItem","position":1,"name":"In\u00edcio","item":"https:\/\/www.correiobraziliense.com.br\/cbradar\/"},{"@type":"ListItem","position":2,"name":"Filme com Michael B. Jordan de protagonista ganha p\u00f4ster oficial"}]},{"@type":"WebSite","@id":"https:\/\/www.correiobraziliense.com.br\/cbradar\/#website","url":"https:\/\/www.correiobraziliense.com.br\/cbradar\/","name":"Correio Braziliense - Radar","description":"Acompanhe as \u00faltimas not\u00edcias e fique bem informado sobre tudo o que acontece no Brasil e no mundo.","potentialAction":[{"@type":"SearchAction","target":{"@type":"EntryPoint","urlTemplate":"https:\/\/www.correiobraziliense.com.br\/cbradar\/?s={search_term_string}"},"query-input":{"@type":"PropertyValueSpecification","valueRequired":true,"valueName":"search_term_string"}}],"inLanguage":"pt-BR"},{"@type":"Person","@id":"https:\/\/www.correiobraziliense.com.br\/cbradar\/#\/schema\/person\/58422787644df994b53a19d3e56c1513","name":"Larissa Carvalho","image":{"@type":"ImageObject","inLanguage":"pt-BR","@id":"https:\/\/www.correiobraziliense.com.br\/cbradar\/#\/schema\/person\/image\/","url":"https:\/\/secure.gravatar.com\/avatar\/fe4f91a0de32b52a838d0d612abdc1aa?s=96&d=mm&r=g","contentUrl":"https:\/\/secure.gravatar.com\/avatar\/fe4f91a0de32b52a838d0d612abdc1aa?s=96&d=mm&r=g","caption":"Larissa Carvalho"},"url":"https:\/\/www.correiobraziliense.com.br\/cbradar\/author\/larissamyth\/"}]}},"_links":{"self":[{"href":"https:\/\/www.correiobraziliense.com.br\/cbradar\/wp-json\/wp\/v2\/posts\/15476","targetHints":{"allow":["GET"]}}],"collection":[{"href":"https:\/\/www.correiobraziliense.com.br\/cbradar\/wp-json\/wp\/v2\/posts"}],"about":[{"href":"https:\/\/www.correiobraziliense.com.br\/cbradar\/wp-json\/wp\/v2\/types\/post"}],"author":[{"embeddable":true,"href":"https:\/\/www.correiobraziliense.com.br\/cbradar\/wp-json\/wp\/v2\/users\/3"}],"replies":[{"embeddable":true,"href":"https:\/\/www.correiobraziliense.com.br\/cbradar\/wp-json\/wp\/v2\/comments?post=15476"}],"version-history":[{"count":1,"href":"https:\/\/www.correiobraziliense.com.br\/cbradar\/wp-json\/wp\/v2\/posts\/15476\/revisions"}],"predecessor-version":[{"id":15479,"href":"https:\/\/www.correiobraziliense.com.br\/cbradar\/wp-json\/wp\/v2\/posts\/15476\/revisions\/15479"}],"wp:featuredmedia":[{"embeddable":true,"href":"https:\/\/www.correiobraziliense.com.br\/cbradar\/wp-json\/wp\/v2\/media\/15478"}],"wp:attachment":[{"href":"https:\/\/www.correiobraziliense.com.br\/cbradar\/wp-json\/wp\/v2\/media?parent=15476"}],"wp:term":[{"taxonomy":"category","embeddable":true,"href":"https:\/\/www.correiobraziliense.com.br\/cbradar\/wp-json\/wp\/v2\/categories?post=15476"},{"taxonomy":"post_tag","embeddable":true,"href":"https:\/\/www.correiobraziliense.com.br\/cbradar\/wp-json\/wp\/v2\/post_tag?post=15476"}],"curies":[{"name":"wp","href":"https:\/\/api.w.org\/{rel}","templated":true}]}}