{"id":15484,"date":"2025-03-25T09:30:00","date_gmt":"2025-03-25T12:30:00","guid":{"rendered":"https:\/\/www.correiobraziliense.com.br\/cbradar\/?p=15484"},"modified":"2025-03-24T21:58:27","modified_gmt":"2025-03-25T00:58:27","slug":"a-cidade-com-casas-empilhadas-em-blocos-como-pecas-de-tetris","status":"publish","type":"post","link":"https:\/\/www.correiobraziliense.com.br\/cbradar\/a-cidade-com-casas-empilhadas-em-blocos-como-pecas-de-tetris\/","title":{"rendered":"A cidade com casas empilhadas em blocos como pe\u00e7as de Tetris"},"content":{"rendered":"\n<p>Na cidade futurista de <strong>Rotterdam<\/strong>, na <strong>Holanda<\/strong>, um conjunto de casas desafia a l\u00f3gica da arquitetura tradicional. Conhecidas como <strong>Kubuswoningen<\/strong> ou <strong>Casas Cubo<\/strong>, essas resid\u00eancias parecem pe\u00e7as de <strong>Tetris empilhadas<\/strong>, inclinadas em \u00e2ngulos ousados, como se estivessem lan\u00e7ando um cair \u2014 mas est\u00e3o firmes h\u00e1 d\u00e9cadas e s\u00e3o um \u00edcone da cidade.<\/p>\n\n\n\n<h2 class=\"wp-block-heading\">O que s\u00e3o as casas cubo?<\/h2>\n\n\n\n<p>As <strong>Kubuswoningen<\/strong> foram projetadas pelo arquiteto <strong>Piet Blom<\/strong> na d\u00e9cada de 1970, com a proposta de <strong>criar uma \u201cvila urbana dentro da cidade\u201d<\/strong> . A ideia era usar o espa\u00e7o acima de uma ponte para moradia, sem bloquear a passagem dos pedestres.<\/p>\n\n\n\n<p>O resultado? Um conjunto de <strong>38 casas em forma de cubo inclinado a 45 graus<\/strong>, instaladas sobre colunas hexagonais, como se fossem \u00e1rvores de uma floresta geom\u00e9trica.<\/p>\n\n\n\n<p>Cada cubo representa uma \u201c\u00e1rvore\u201d e o conjunto, uma \u201cfloresta urbana\u201d.<\/p>\n\n\n\n<figure class=\"wp-block-image size-large\"><img decoding=\"async\" width=\"1024\" height=\"576\" src=\"https:\/\/www.correiobraziliense.com.br\/cbradar\/wp-content\/uploads\/2025\/03\/Rotterdam_1742847663712-1024x576.jpg\" alt=\"A cidade com casas empilhadas em blocos como pe\u00e7as de Tetris\" class=\"wp-image-15486\" srcset=\"https:\/\/www.correiobraziliense.com.br\/cbradar\/wp-content\/uploads\/2025\/03\/Rotterdam_1742847663712-1024x576.jpg 1024w, https:\/\/www.correiobraziliense.com.br\/cbradar\/wp-content\/uploads\/2025\/03\/Rotterdam_1742847663712-300x169.jpg 300w, https:\/\/www.correiobraziliense.com.br\/cbradar\/wp-content\/uploads\/2025\/03\/Rotterdam_1742847663712-768x432.jpg 768w, https:\/\/www.correiobraziliense.com.br\/cbradar\/wp-content\/uploads\/2025\/03\/Rotterdam_1742847663712-750x422.jpg 750w, https:\/\/www.correiobraziliense.com.br\/cbradar\/wp-content\/uploads\/2025\/03\/Rotterdam_1742847663712-1140x641.jpg 1140w, https:\/\/www.correiobraziliense.com.br\/cbradar\/wp-content\/uploads\/2025\/03\/Rotterdam_1742847663712.jpg 1280w\" sizes=\"(max-width: 1024px) 100vw, 1024px\" \/><figcaption class=\"wp-element-caption\">Rotterdam. Cr\u00e9ditos: depositphotos.com \/ Leonid_Andronov<\/figcaption><\/figure>\n\n\n\n<h2 class=\"wp-block-heading\">Como \u00e9 morar em uma casa inclinada?<\/h2>\n\n\n\n<p>As casas t\u00eam cerca de <strong>100 m\u00b2,<\/strong> mas parte desse espa\u00e7o \u00e9 inutiliz\u00e1vel devido \u00e0s paredes inclinadas. Mesmo assim, elas possuem:<\/p>\n\n\n\n<ul class=\"wp-block-list\">\n<li><strong>Tr\u00eas andares<\/strong>: entrada e hall no t\u00e9rreo, sala e cozinha no segundo andar, e quarto e banheiro no \u00faltimo.<\/li>\n\n\n\n<li><strong>Janelas em \u00e2ngulos espec\u00edficos<\/strong>, oferecendo vistas \u00fanicas da cidade.<\/li>\n\n\n\n<li><strong>Espa\u00e7os compactos e criativos<\/strong>, com aproveitamento inteligente de cada cent\u00edmetro.<\/li>\n<\/ul>\n\n\n\n<p>Uma das casas foi transformada em <strong>museu<\/strong>, chamada de <em>Kijk-Kubus<\/em>, e est\u00e1 aberta para visitas p\u00fablicas.<\/p>\n\n\n\n<h2 class=\"wp-block-heading\">Curiosidades sobre as Kubuswoningen e Rotterdam<\/h2>\n\n\n\n<ul class=\"wp-block-list\">\n<li><strong>Piet Blom tamb\u00e9m projetou um conjunto semelhante em Helmond, mas o de Rotterdam \u00e9 o mais famoso.<\/strong><\/li>\n\n\n\n<li><strong>As casas ficam perto do centro e da esta\u00e7\u00e3o Blaak<\/strong>, facilitando o acesso dos turistas.<\/li>\n\n\n\n<li><strong>H\u00e1 at\u00e9 um albergue funcionando dentro de algumas das casas cubo.<\/strong><\/li>\n\n\n\n<li><strong>A \u00e1rea ao redor de Kubuswoningen \u00e9 moderna e vibrante, com mercado, museus e caf\u00e9s.<\/strong><\/li>\n\n\n\n<li><strong>As casas se tornaram s\u00edmbolo de inova\u00e7\u00e3o arquitet\u00f4nica holandesa e s\u00e3o destaque nos postos da cidade.<\/strong><\/li>\n<\/ul>\n\n\n\n<p>Como <strong>Kubuswoningen<\/strong> mostra como a arquitetura pode ir al\u00e9m da fun\u00e7\u00e3o b\u00e1sica e se transformar em arte urbana, <strong>misturando ousadia, funcionalidade e muita personalidade<\/strong>.<\/p>\n","protected":false},"excerpt":{"rendered":"<p>Em Rotterdam, casas em forma de cubo parecem pe\u00e7as de Tetris empilhadas. Descubra como Kubuswoningen e a ousada arquitetura holandesa!<\/p>\n","protected":false},"author":3,"featured_media":15485,"comment_status":"open","ping_status":"open","sticky":false,"template":"","format":"standard","meta":{"_yoast_wpseo_focuskw":"casa tetris","_yoast_wpseo_title":"%%title%%","_yoast_wpseo_metadesc":"Em Rotterdam, casas em forma de cubo parecem pe\u00e7as de Tetris empilhadas. Descubra como Kubuswoningen e a ousada arquitetura holandesa!","jnews-multi-image_gallery":[],"jnews_single_post":{"format":"standard"},"jnews_primary_category":[],"jnews_social_meta":[],"jnews_override_counter":[],"footnotes":""},"categories":[108],"tags":[109],"class_list":["post-15484","post","type-post","status-publish","format-standard","has-post-thumbnail","hentry","category-cidades","tag-cidades"],"yoast_head":"<!-- This site is optimized with the Yoast SEO plugin v24.6 - https:\/\/yoast.com\/wordpress\/plugins\/seo\/ -->\n<title>A cidade com casas empilhadas em blocos como pe\u00e7as de Tetris<\/title>\n<meta name=\"description\" content=\"Em Rotterdam, casas em forma de cubo parecem pe\u00e7as de Tetris empilhadas. Descubra como Kubuswoningen e a ousada arquitetura holandesa!\" \/>\n<meta name=\"robots\" content=\"index, follow, max-snippet:-1, max-image-preview:large, max-video-preview:-1\" \/>\n<link rel=\"canonical\" href=\"https:\/\/www.correiobraziliense.com.br\/cbradar\/a-cidade-com-casas-empilhadas-em-blocos-como-pecas-de-tetris\/\" \/>\n<meta property=\"og:locale\" content=\"pt_BR\" \/>\n<meta property=\"og:type\" content=\"article\" \/>\n<meta property=\"og:title\" content=\"A cidade com casas empilhadas em blocos como pe\u00e7as de Tetris\" \/>\n<meta property=\"og:description\" content=\"Em Rotterdam, casas em forma de cubo parecem pe\u00e7as de Tetris empilhadas. Descubra como Kubuswoningen e a ousada arquitetura holandesa!\" \/>\n<meta property=\"og:url\" content=\"https:\/\/www.correiobraziliense.com.br\/cbradar\/a-cidade-com-casas-empilhadas-em-blocos-como-pecas-de-tetris\/\" \/>\n<meta property=\"og:site_name\" content=\"Correio Braziliense - Radar\" \/>\n<meta property=\"article:published_time\" content=\"2025-03-25T12:30:00+00:00\" \/>\n<meta property=\"og:image\" content=\"https:\/\/www.correiobraziliense.com.br\/cbradar\/wp-content\/uploads\/2025\/03\/Rotterdam_1742847640190.jpg\" \/>\n\t<meta property=\"og:image:width\" content=\"1280\" \/>\n\t<meta property=\"og:image:height\" content=\"720\" \/>\n\t<meta property=\"og:image:type\" content=\"image\/jpeg\" \/>\n<meta name=\"author\" content=\"Larissa Carvalho\" \/>\n<meta name=\"twitter:card\" content=\"summary_large_image\" \/>\n<meta name=\"twitter:label1\" content=\"Escrito por\" \/>\n\t<meta name=\"twitter:data1\" content=\"Larissa Carvalho\" \/>\n\t<meta name=\"twitter:label2\" content=\"Est. tempo de leitura\" \/>\n\t<meta name=\"twitter:data2\" content=\"3 minutos\" \/>\n<!-- \/ Yoast SEO plugin. -->","yoast_head_json":{"title":"A cidade com casas empilhadas em blocos como pe\u00e7as de Tetris","description":"Em Rotterdam, casas em forma de cubo parecem pe\u00e7as de Tetris empilhadas. Descubra como Kubuswoningen e a ousada arquitetura holandesa!","robots":{"index":"index","follow":"follow","max-snippet":"max-snippet:-1","max-image-preview":"max-image-preview:large","max-video-preview":"max-video-preview:-1"},"canonical":"https:\/\/www.correiobraziliense.com.br\/cbradar\/a-cidade-com-casas-empilhadas-em-blocos-como-pecas-de-tetris\/","og_locale":"pt_BR","og_type":"article","og_title":"A cidade com casas empilhadas em blocos como pe\u00e7as de Tetris","og_description":"Em Rotterdam, casas em forma de cubo parecem pe\u00e7as de Tetris empilhadas. Descubra como Kubuswoningen e a ousada arquitetura holandesa!","og_url":"https:\/\/www.correiobraziliense.com.br\/cbradar\/a-cidade-com-casas-empilhadas-em-blocos-como-pecas-de-tetris\/","og_site_name":"Correio Braziliense - Radar","article_published_time":"2025-03-25T12:30:00+00:00","og_image":[{"width":1280,"height":720,"url":"https:\/\/www.correiobraziliense.com.br\/cbradar\/wp-content\/uploads\/2025\/03\/Rotterdam_1742847640190.jpg","type":"image\/jpeg"}],"author":"Larissa Carvalho","twitter_card":"summary_large_image","twitter_misc":{"Escrito por":"Larissa Carvalho","Est. tempo de leitura":"3 minutos"},"schema":{"@context":"https:\/\/schema.org","@graph":[{"@type":"WebPage","@id":"https:\/\/www.correiobraziliense.com.br\/cbradar\/a-cidade-com-casas-empilhadas-em-blocos-como-pecas-de-tetris\/","url":"https:\/\/www.correiobraziliense.com.br\/cbradar\/a-cidade-com-casas-empilhadas-em-blocos-como-pecas-de-tetris\/","name":"A cidade com casas empilhadas em blocos como pe\u00e7as de Tetris","isPartOf":{"@id":"https:\/\/www.correiobraziliense.com.br\/cbradar\/#website"},"primaryImageOfPage":{"@id":"https:\/\/www.correiobraziliense.com.br\/cbradar\/a-cidade-com-casas-empilhadas-em-blocos-como-pecas-de-tetris\/#primaryimage"},"image":{"@id":"https:\/\/www.correiobraziliense.com.br\/cbradar\/a-cidade-com-casas-empilhadas-em-blocos-como-pecas-de-tetris\/#primaryimage"},"thumbnailUrl":"https:\/\/www.correiobraziliense.com.br\/cbradar\/wp-content\/uploads\/2025\/03\/Rotterdam_1742847640190.jpg","datePublished":"2025-03-25T12:30:00+00:00","author":{"@id":"https:\/\/www.correiobraziliense.com.br\/cbradar\/#\/schema\/person\/58422787644df994b53a19d3e56c1513"},"description":"Em Rotterdam, casas em forma de cubo parecem pe\u00e7as de Tetris empilhadas. Descubra como Kubuswoningen e a ousada arquitetura holandesa!","breadcrumb":{"@id":"https:\/\/www.correiobraziliense.com.br\/cbradar\/a-cidade-com-casas-empilhadas-em-blocos-como-pecas-de-tetris\/#breadcrumb"},"inLanguage":"pt-BR","potentialAction":[{"@type":"ReadAction","target":["https:\/\/www.correiobraziliense.com.br\/cbradar\/a-cidade-com-casas-empilhadas-em-blocos-como-pecas-de-tetris\/"]}]},{"@type":"ImageObject","inLanguage":"pt-BR","@id":"https:\/\/www.correiobraziliense.com.br\/cbradar\/a-cidade-com-casas-empilhadas-em-blocos-como-pecas-de-tetris\/#primaryimage","url":"https:\/\/www.correiobraziliense.com.br\/cbradar\/wp-content\/uploads\/2025\/03\/Rotterdam_1742847640190.jpg","contentUrl":"https:\/\/www.correiobraziliense.com.br\/cbradar\/wp-content\/uploads\/2025\/03\/Rotterdam_1742847640190.jpg","width":1280,"height":720,"caption":"Rotterdam. Cr\u00e9ditos: depositphotos.com \/ JJFarquitectos"},{"@type":"BreadcrumbList","@id":"https:\/\/www.correiobraziliense.com.br\/cbradar\/a-cidade-com-casas-empilhadas-em-blocos-como-pecas-de-tetris\/#breadcrumb","itemListElement":[{"@type":"ListItem","position":1,"name":"In\u00edcio","item":"https:\/\/www.correiobraziliense.com.br\/cbradar\/"},{"@type":"ListItem","position":2,"name":"A cidade com casas empilhadas em blocos como pe\u00e7as de Tetris"}]},{"@type":"WebSite","@id":"https:\/\/www.correiobraziliense.com.br\/cbradar\/#website","url":"https:\/\/www.correiobraziliense.com.br\/cbradar\/","name":"Correio Braziliense - Radar","description":"Acompanhe as \u00faltimas not\u00edcias e fique bem informado sobre tudo o que acontece no Brasil e no mundo.","potentialAction":[{"@type":"SearchAction","target":{"@type":"EntryPoint","urlTemplate":"https:\/\/www.correiobraziliense.com.br\/cbradar\/?s={search_term_string}"},"query-input":{"@type":"PropertyValueSpecification","valueRequired":true,"valueName":"search_term_string"}}],"inLanguage":"pt-BR"},{"@type":"Person","@id":"https:\/\/www.correiobraziliense.com.br\/cbradar\/#\/schema\/person\/58422787644df994b53a19d3e56c1513","name":"Larissa Carvalho","image":{"@type":"ImageObject","inLanguage":"pt-BR","@id":"https:\/\/www.correiobraziliense.com.br\/cbradar\/#\/schema\/person\/image\/","url":"https:\/\/secure.gravatar.com\/avatar\/fe4f91a0de32b52a838d0d612abdc1aa?s=96&d=mm&r=g","contentUrl":"https:\/\/secure.gravatar.com\/avatar\/fe4f91a0de32b52a838d0d612abdc1aa?s=96&d=mm&r=g","caption":"Larissa Carvalho"},"url":"https:\/\/www.correiobraziliense.com.br\/cbradar\/author\/larissamyth\/"}]}},"_links":{"self":[{"href":"https:\/\/www.correiobraziliense.com.br\/cbradar\/wp-json\/wp\/v2\/posts\/15484","targetHints":{"allow":["GET"]}}],"collection":[{"href":"https:\/\/www.correiobraziliense.com.br\/cbradar\/wp-json\/wp\/v2\/posts"}],"about":[{"href":"https:\/\/www.correiobraziliense.com.br\/cbradar\/wp-json\/wp\/v2\/types\/post"}],"author":[{"embeddable":true,"href":"https:\/\/www.correiobraziliense.com.br\/cbradar\/wp-json\/wp\/v2\/users\/3"}],"replies":[{"embeddable":true,"href":"https:\/\/www.correiobraziliense.com.br\/cbradar\/wp-json\/wp\/v2\/comments?post=15484"}],"version-history":[{"count":1,"href":"https:\/\/www.correiobraziliense.com.br\/cbradar\/wp-json\/wp\/v2\/posts\/15484\/revisions"}],"predecessor-version":[{"id":15487,"href":"https:\/\/www.correiobraziliense.com.br\/cbradar\/wp-json\/wp\/v2\/posts\/15484\/revisions\/15487"}],"wp:featuredmedia":[{"embeddable":true,"href":"https:\/\/www.correiobraziliense.com.br\/cbradar\/wp-json\/wp\/v2\/media\/15485"}],"wp:attachment":[{"href":"https:\/\/www.correiobraziliense.com.br\/cbradar\/wp-json\/wp\/v2\/media?parent=15484"}],"wp:term":[{"taxonomy":"category","embeddable":true,"href":"https:\/\/www.correiobraziliense.com.br\/cbradar\/wp-json\/wp\/v2\/categories?post=15484"},{"taxonomy":"post_tag","embeddable":true,"href":"https:\/\/www.correiobraziliense.com.br\/cbradar\/wp-json\/wp\/v2\/tags?post=15484"}],"curies":[{"name":"wp","href":"https:\/\/api.w.org\/{rel}","templated":true}]}}