{"id":15492,"date":"2025-03-25T20:10:00","date_gmt":"2025-03-25T23:10:00","guid":{"rendered":"https:\/\/www.correiobraziliense.com.br\/cbradar\/?p=15492"},"modified":"2025-03-24T21:50:39","modified_gmt":"2025-03-25T00:50:39","slug":"conheca-a-cidade-onde-o-calendario-oficial-e-diferente-do-que-conhecemos","status":"publish","type":"post","link":"https:\/\/www.correiobraziliense.com.br\/cbradar\/conheca-a-cidade-onde-o-calendario-oficial-e-diferente-do-que-conhecemos\/","title":{"rendered":"Conhe\u00e7a a cidade onde o calend\u00e1rio oficial \u00e9 diferente do que conhecemos"},"content":{"rendered":"\n<p>Enquanto o mundo segue o calend\u00e1rio gregoriano, com o ano come\u00e7ando em <strong>1\u00ba de janeiro<\/strong> e dividindo os meses de forma familiar, na <strong>Eti\u00f3pia<\/strong>, e especialmente em sua capital <strong>Adis Abeba<\/strong>, o tempo corre <strong>em outro ritmo<\/strong>. O pa\u00eds segue o <strong>calend\u00e1rio et\u00edope<\/strong>, um sistema pr\u00f3prio que faz com que o ano novo aconte\u00e7a em setembro e que o pa\u00eds esteja, oficialmente, <strong>sete a oito anos \u201catrasado\u201d<\/strong> em rela\u00e7\u00e3o ao restante do mundo.<\/p>\n\n\n\n<h2 class=\"wp-block-heading\">Como funciona o calend\u00e1rio et\u00edope?<\/h2>\n\n\n\n<p>O calend\u00e1rio et\u00edope tem origem <strong>crist\u00e3 ortodoxa<\/strong>, baseado no calend\u00e1rio antigo copta. Ele difere do calend\u00e1rio gregoriano em v\u00e1rios aspectos:<\/p>\n\n\n\n<ul class=\"wp-block-list\">\n<li><strong>Tem 13 meses<\/strong>: 12 meses de 30 dias e 1 m\u00eas adicional com 5 ou 6 dias (dependendo se o ano \u00e9 bissexto).<\/li>\n\n\n\n<li>O <strong>Ano Novo (Enkutatash)<\/strong> \u00e9 celebrado em <strong>11 ou 12 de setembro<\/strong> no calend\u00e1rio gregoriano.<\/li>\n\n\n\n<li>A <strong>diferen\u00e7a de anos<\/strong> ocorre por conta de um projeto distinto dos dados do nascimento de Jesus. Por isso, por exemplo, enquanto o mundo celebrava <strong>2024<\/strong>, na Eti\u00f3pia ainda era <strong>2016 ou 2017<\/strong>.<\/li>\n<\/ul>\n\n\n\n<figure class=\"wp-block-image size-large\"><img decoding=\"async\" width=\"1024\" height=\"576\" src=\"https:\/\/www.correiobraziliense.com.br\/cbradar\/wp-content\/uploads\/2025\/03\/Etiopia_1742850393171-1024x576.jpg\" alt=\"Conhe\u00e7a a cidade onde o calend\u00e1rio oficial \u00e9 diferente do que conhecemos\" class=\"wp-image-15494\" srcset=\"https:\/\/www.correiobraziliense.com.br\/cbradar\/wp-content\/uploads\/2025\/03\/Etiopia_1742850393171-1024x576.jpg 1024w, https:\/\/www.correiobraziliense.com.br\/cbradar\/wp-content\/uploads\/2025\/03\/Etiopia_1742850393171-300x169.jpg 300w, https:\/\/www.correiobraziliense.com.br\/cbradar\/wp-content\/uploads\/2025\/03\/Etiopia_1742850393171-768x432.jpg 768w, https:\/\/www.correiobraziliense.com.br\/cbradar\/wp-content\/uploads\/2025\/03\/Etiopia_1742850393171-750x422.jpg 750w, https:\/\/www.correiobraziliense.com.br\/cbradar\/wp-content\/uploads\/2025\/03\/Etiopia_1742850393171-1140x641.jpg 1140w, https:\/\/www.correiobraziliense.com.br\/cbradar\/wp-content\/uploads\/2025\/03\/Etiopia_1742850393171.jpg 1280w\" sizes=\"(max-width: 1024px) 100vw, 1024px\" \/><figcaption class=\"wp-element-caption\">Eti\u00f3pia. Cr\u00e9ditos: depositphotos.com \/ derejeb<\/figcaption><\/figure>\n\n\n\n<h2 class=\"wp-block-heading\">Como isso impacta a vida em Adis Abeba?<\/h2>\n\n\n\n<p>Na \u00e9poca capital, <strong>Adis Abeba<\/strong>, o calend\u00e1rio et\u00edope \u00e9 usado oficialmente em:<\/p>\n\n\n\n<ul class=\"wp-block-list\">\n<li>Documentos p\u00fablicos e governamentais<\/li>\n\n\n\n<li>Escolas, universidades e \u00f3rg\u00e3os oficiais<\/li>\n\n\n\n<li>Calend\u00e1rios e celebra\u00e7\u00f5es religiosas<\/li>\n\n\n\n<li>Programa\u00e7\u00f5es de TV, jornais e r\u00e1dios locais<\/li>\n<\/ul>\n\n\n\n<p>No entanto, por ser um centro internacional e tur\u00edstico, o calend\u00e1rio gregoriano tamb\u00e9m \u00e9 usado paralelamente, especialmente em sectores como <strong>aeroportos, neg\u00f3cios e turismo<\/strong>.<\/p>\n\n\n\n<h2 class=\"wp-block-heading\">Curiosidades sobre Addis Abeba e o calend\u00e1rio et\u00edope<\/h2>\n\n\n\n<ul class=\"wp-block-list\">\n<li><strong>Addis Abeba significa \u201cnova flor\u201d em am\u00e1rico<\/strong>, o idioma oficial do pa\u00eds.<\/li>\n\n\n\n<li><strong>O pa\u00eds nunca foi colonizado<\/strong>, o que contribuiu para a preserva\u00e7\u00e3o de seu sistema pr\u00f3prio de calend\u00e1rio.<\/li>\n\n\n\n<li><strong>O et\u00edope natalino \u00e9 comemorado em 7 de janeiro<\/strong>, assim como na Igreja Ortodoxa.<\/li>\n\n\n\n<li><strong>Os rel\u00f3gios tamb\u00e9m s\u00e3o diferentes<\/strong>: o dia come\u00e7a \u00e0s 6h da manh\u00e3, depois 7h locais \u00e9, na pr\u00e1tica, 1h et\u00edope.<\/li>\n\n\n\n<li><strong>Os turistas frequentemente se confundem com reservas e dados<\/strong>, por causa da diferen\u00e7a entre os sistemas.<\/li>\n<\/ul>\n\n\n\n<p>Addis Abeba mostra que o tempo pode ser medido de maneiras diferentes \u2014 e que a <strong>cultura tamb\u00e9m se expressa atrav\u00e9s do calend\u00e1rio<\/strong>, conectando o presente a uma tradi\u00e7\u00e3o milenar.<\/p>\n","protected":false},"excerpt":{"rendered":"<p>Em Addis Abeba, capital da Eti\u00f3pia, o calend\u00e1rio oficial tem 13 meses e segue um ano diferente.<\/p>\n","protected":false},"author":3,"featured_media":15493,"comment_status":"open","ping_status":"open","sticky":false,"template":"","format":"standard","meta":{"_yoast_wpseo_focuskw":"calend\u00e1rio diferente","_yoast_wpseo_title":"%%title%%","_yoast_wpseo_metadesc":"Em Addis Abeba, capital da Eti\u00f3pia, o calend\u00e1rio oficial tem 13 meses e segue um ano diferente.","jnews-multi-image_gallery":[],"jnews_single_post":{"format":"standard"},"jnews_primary_category":[],"jnews_social_meta":[],"jnews_override_counter":[],"footnotes":""},"categories":[108],"tags":[109],"class_list":["post-15492","post","type-post","status-publish","format-standard","has-post-thumbnail","hentry","category-cidades","tag-cidades"],"yoast_head":"<!-- This site is optimized with the Yoast SEO plugin v24.6 - https:\/\/yoast.com\/wordpress\/plugins\/seo\/ -->\n<title>Conhe\u00e7a a cidade onde o calend\u00e1rio oficial \u00e9 diferente do que conhecemos<\/title>\n<meta name=\"description\" content=\"Em Addis Abeba, capital da Eti\u00f3pia, o calend\u00e1rio oficial tem 13 meses e segue um ano diferente.\" \/>\n<meta name=\"robots\" content=\"index, follow, max-snippet:-1, max-image-preview:large, max-video-preview:-1\" \/>\n<link rel=\"canonical\" href=\"https:\/\/www.correiobraziliense.com.br\/cbradar\/conheca-a-cidade-onde-o-calendario-oficial-e-diferente-do-que-conhecemos\/\" \/>\n<meta property=\"og:locale\" content=\"pt_BR\" \/>\n<meta property=\"og:type\" content=\"article\" \/>\n<meta property=\"og:title\" content=\"Conhe\u00e7a a cidade onde o calend\u00e1rio oficial \u00e9 diferente do que conhecemos\" \/>\n<meta property=\"og:description\" content=\"Em Addis Abeba, capital da Eti\u00f3pia, o calend\u00e1rio oficial tem 13 meses e segue um ano diferente.\" \/>\n<meta property=\"og:url\" content=\"https:\/\/www.correiobraziliense.com.br\/cbradar\/conheca-a-cidade-onde-o-calendario-oficial-e-diferente-do-que-conhecemos\/\" \/>\n<meta property=\"og:site_name\" content=\"Correio Braziliense - Radar\" \/>\n<meta property=\"article:published_time\" content=\"2025-03-25T23:10:00+00:00\" \/>\n<meta property=\"og:image\" content=\"https:\/\/www.correiobraziliense.com.br\/cbradar\/wp-content\/uploads\/2025\/03\/Etiopia_1742848738712.jpg\" \/>\n\t<meta property=\"og:image:width\" content=\"1280\" \/>\n\t<meta property=\"og:image:height\" content=\"720\" \/>\n\t<meta property=\"og:image:type\" content=\"image\/jpeg\" \/>\n<meta name=\"author\" content=\"Larissa Carvalho\" \/>\n<meta name=\"twitter:card\" content=\"summary_large_image\" \/>\n<meta name=\"twitter:label1\" content=\"Escrito por\" \/>\n\t<meta name=\"twitter:data1\" content=\"Larissa Carvalho\" \/>\n\t<meta name=\"twitter:label2\" content=\"Est. tempo de leitura\" \/>\n\t<meta name=\"twitter:data2\" content=\"3 minutos\" \/>\n<!-- \/ Yoast SEO plugin. -->","yoast_head_json":{"title":"Conhe\u00e7a a cidade onde o calend\u00e1rio oficial \u00e9 diferente do que conhecemos","description":"Em Addis Abeba, capital da Eti\u00f3pia, o calend\u00e1rio oficial tem 13 meses e segue um ano diferente.","robots":{"index":"index","follow":"follow","max-snippet":"max-snippet:-1","max-image-preview":"max-image-preview:large","max-video-preview":"max-video-preview:-1"},"canonical":"https:\/\/www.correiobraziliense.com.br\/cbradar\/conheca-a-cidade-onde-o-calendario-oficial-e-diferente-do-que-conhecemos\/","og_locale":"pt_BR","og_type":"article","og_title":"Conhe\u00e7a a cidade onde o calend\u00e1rio oficial \u00e9 diferente do que conhecemos","og_description":"Em Addis Abeba, capital da Eti\u00f3pia, o calend\u00e1rio oficial tem 13 meses e segue um ano diferente.","og_url":"https:\/\/www.correiobraziliense.com.br\/cbradar\/conheca-a-cidade-onde-o-calendario-oficial-e-diferente-do-que-conhecemos\/","og_site_name":"Correio Braziliense - Radar","article_published_time":"2025-03-25T23:10:00+00:00","og_image":[{"width":1280,"height":720,"url":"https:\/\/www.correiobraziliense.com.br\/cbradar\/wp-content\/uploads\/2025\/03\/Etiopia_1742848738712.jpg","type":"image\/jpeg"}],"author":"Larissa Carvalho","twitter_card":"summary_large_image","twitter_misc":{"Escrito por":"Larissa Carvalho","Est. tempo de leitura":"3 minutos"},"schema":{"@context":"https:\/\/schema.org","@graph":[{"@type":"WebPage","@id":"https:\/\/www.correiobraziliense.com.br\/cbradar\/conheca-a-cidade-onde-o-calendario-oficial-e-diferente-do-que-conhecemos\/","url":"https:\/\/www.correiobraziliense.com.br\/cbradar\/conheca-a-cidade-onde-o-calendario-oficial-e-diferente-do-que-conhecemos\/","name":"Conhe\u00e7a a cidade onde o calend\u00e1rio oficial \u00e9 diferente do que conhecemos","isPartOf":{"@id":"https:\/\/www.correiobraziliense.com.br\/cbradar\/#website"},"primaryImageOfPage":{"@id":"https:\/\/www.correiobraziliense.com.br\/cbradar\/conheca-a-cidade-onde-o-calendario-oficial-e-diferente-do-que-conhecemos\/#primaryimage"},"image":{"@id":"https:\/\/www.correiobraziliense.com.br\/cbradar\/conheca-a-cidade-onde-o-calendario-oficial-e-diferente-do-que-conhecemos\/#primaryimage"},"thumbnailUrl":"https:\/\/www.correiobraziliense.com.br\/cbradar\/wp-content\/uploads\/2025\/03\/Etiopia_1742848738712.jpg","datePublished":"2025-03-25T23:10:00+00:00","author":{"@id":"https:\/\/www.correiobraziliense.com.br\/cbradar\/#\/schema\/person\/58422787644df994b53a19d3e56c1513"},"description":"Em Addis Abeba, capital da Eti\u00f3pia, o calend\u00e1rio oficial tem 13 meses e segue um ano diferente.","breadcrumb":{"@id":"https:\/\/www.correiobraziliense.com.br\/cbradar\/conheca-a-cidade-onde-o-calendario-oficial-e-diferente-do-que-conhecemos\/#breadcrumb"},"inLanguage":"pt-BR","potentialAction":[{"@type":"ReadAction","target":["https:\/\/www.correiobraziliense.com.br\/cbradar\/conheca-a-cidade-onde-o-calendario-oficial-e-diferente-do-que-conhecemos\/"]}]},{"@type":"ImageObject","inLanguage":"pt-BR","@id":"https:\/\/www.correiobraziliense.com.br\/cbradar\/conheca-a-cidade-onde-o-calendario-oficial-e-diferente-do-que-conhecemos\/#primaryimage","url":"https:\/\/www.correiobraziliense.com.br\/cbradar\/wp-content\/uploads\/2025\/03\/Etiopia_1742848738712.jpg","contentUrl":"https:\/\/www.correiobraziliense.com.br\/cbradar\/wp-content\/uploads\/2025\/03\/Etiopia_1742848738712.jpg","width":1280,"height":720,"caption":"Eti\u00f3pia. Cr\u00e9ditos: depositphotos.com \/ Knet2d"},{"@type":"BreadcrumbList","@id":"https:\/\/www.correiobraziliense.com.br\/cbradar\/conheca-a-cidade-onde-o-calendario-oficial-e-diferente-do-que-conhecemos\/#breadcrumb","itemListElement":[{"@type":"ListItem","position":1,"name":"In\u00edcio","item":"https:\/\/www.correiobraziliense.com.br\/cbradar\/"},{"@type":"ListItem","position":2,"name":"Conhe\u00e7a a cidade onde o calend\u00e1rio oficial \u00e9 diferente do que conhecemos"}]},{"@type":"WebSite","@id":"https:\/\/www.correiobraziliense.com.br\/cbradar\/#website","url":"https:\/\/www.correiobraziliense.com.br\/cbradar\/","name":"Correio Braziliense - Radar","description":"Acompanhe as \u00faltimas not\u00edcias e fique bem informado sobre tudo o que acontece no Brasil e no mundo.","potentialAction":[{"@type":"SearchAction","target":{"@type":"EntryPoint","urlTemplate":"https:\/\/www.correiobraziliense.com.br\/cbradar\/?s={search_term_string}"},"query-input":{"@type":"PropertyValueSpecification","valueRequired":true,"valueName":"search_term_string"}}],"inLanguage":"pt-BR"},{"@type":"Person","@id":"https:\/\/www.correiobraziliense.com.br\/cbradar\/#\/schema\/person\/58422787644df994b53a19d3e56c1513","name":"Larissa Carvalho","image":{"@type":"ImageObject","inLanguage":"pt-BR","@id":"https:\/\/www.correiobraziliense.com.br\/cbradar\/#\/schema\/person\/image\/","url":"https:\/\/secure.gravatar.com\/avatar\/fe4f91a0de32b52a838d0d612abdc1aa?s=96&d=mm&r=g","contentUrl":"https:\/\/secure.gravatar.com\/avatar\/fe4f91a0de32b52a838d0d612abdc1aa?s=96&d=mm&r=g","caption":"Larissa Carvalho"},"url":"https:\/\/www.correiobraziliense.com.br\/cbradar\/author\/larissamyth\/"}]}},"_links":{"self":[{"href":"https:\/\/www.correiobraziliense.com.br\/cbradar\/wp-json\/wp\/v2\/posts\/15492","targetHints":{"allow":["GET"]}}],"collection":[{"href":"https:\/\/www.correiobraziliense.com.br\/cbradar\/wp-json\/wp\/v2\/posts"}],"about":[{"href":"https:\/\/www.correiobraziliense.com.br\/cbradar\/wp-json\/wp\/v2\/types\/post"}],"author":[{"embeddable":true,"href":"https:\/\/www.correiobraziliense.com.br\/cbradar\/wp-json\/wp\/v2\/users\/3"}],"replies":[{"embeddable":true,"href":"https:\/\/www.correiobraziliense.com.br\/cbradar\/wp-json\/wp\/v2\/comments?post=15492"}],"version-history":[{"count":1,"href":"https:\/\/www.correiobraziliense.com.br\/cbradar\/wp-json\/wp\/v2\/posts\/15492\/revisions"}],"predecessor-version":[{"id":15495,"href":"https:\/\/www.correiobraziliense.com.br\/cbradar\/wp-json\/wp\/v2\/posts\/15492\/revisions\/15495"}],"wp:featuredmedia":[{"embeddable":true,"href":"https:\/\/www.correiobraziliense.com.br\/cbradar\/wp-json\/wp\/v2\/media\/15493"}],"wp:attachment":[{"href":"https:\/\/www.correiobraziliense.com.br\/cbradar\/wp-json\/wp\/v2\/media?parent=15492"}],"wp:term":[{"taxonomy":"category","embeddable":true,"href":"https:\/\/www.correiobraziliense.com.br\/cbradar\/wp-json\/wp\/v2\/categories?post=15492"},{"taxonomy":"post_tag","embeddable":true,"href":"https:\/\/www.correiobraziliense.com.br\/cbradar\/wp-json\/wp\/v2\/tags?post=15492"}],"curies":[{"name":"wp","href":"https:\/\/api.w.org\/{rel}","templated":true}]}}