{"id":154940,"date":"2025-12-13T06:45:00","date_gmt":"2025-12-13T09:45:00","guid":{"rendered":"https:\/\/www.correiobraziliense.com.br\/cbradar\/?p=154940"},"modified":"2025-12-12T10:46:54","modified_gmt":"2025-12-12T13:46:54","slug":"nomes-de-menino-longos-que-transmitem-poder-e-presenca-forte","status":"publish","type":"post","link":"https:\/\/www.correiobraziliense.com.br\/cbradar\/nomes-de-menino-longos-que-transmitem-poder-e-presenca-forte\/","title":{"rendered":"Nomes de menino longos que transmitem poder e presen\u00e7a forte"},"content":{"rendered":"\n<p>Na escolha de um nome masculino, o tamanho e a sonoridade costumam influenciar a percep\u00e7\u00e3o que ele transmite. Em 2025, nomes de menino com mais de oito letras seguem associados a <strong>lideran\u00e7a, autoridade, seguran\u00e7a e for\u00e7a simb\u00f3lica<\/strong>. Muitos deles t\u00eam origem hist\u00f3rica, religiosa ou nobre, o que refor\u00e7a a sensa\u00e7\u00e3o de poder e respeito.<\/p>\n\n\n\n<h2 class=\"wp-block-heading\">Nomes associados \u00e0 lideran\u00e7a e comando<\/h2>\n\n\n\n<p>Nomes longos costumam passar a ideia de estrutura e firmeza. <strong>Leonardo<\/strong>, por exemplo, remete \u00e0 for\u00e7a do le\u00e3o e \u00e0 coragem. J\u00e1 <strong>Alexandre<\/strong>, ligado historicamente a grandes l\u00edderes, transmite ambi\u00e7\u00e3o, autoridade natural e capacidade de comando.<a href=\"https:\/\/www.correiobraziliense.com.br\/cbradar\/nomes-com-origem-indigena-que-estao-conquistando-os-registros-brasileiros-em-2025\/\" target=\"_blank\" rel=\"noreferrer noopener\"> S\u00e3o nomes frequentemente associados a pessoas vistas como refer\u00eancias<\/a>.<\/p>\n\n\n<div class=\"wp-block-image\">\n<figure class=\"aligncenter size-large\"><img decoding=\"async\" width=\"1024\" height=\"576\" src=\"https:\/\/www.correiobraziliense.com.br\/cbradar\/wp-content\/uploads\/2025\/12\/baby_1765466015204-1024x576.jpg\" alt=\"Nomes de menino longos que transmitem poder e presen\u00e7a forte\" class=\"wp-image-154440\" srcset=\"https:\/\/www.correiobraziliense.com.br\/cbradar\/wp-content\/uploads\/2025\/12\/baby_1765466015204-1024x576.jpg 1024w, https:\/\/www.correiobraziliense.com.br\/cbradar\/wp-content\/uploads\/2025\/12\/baby_1765466015204-300x169.jpg 300w, https:\/\/www.correiobraziliense.com.br\/cbradar\/wp-content\/uploads\/2025\/12\/baby_1765466015204-768x432.jpg 768w, https:\/\/www.correiobraziliense.com.br\/cbradar\/wp-content\/uploads\/2025\/12\/baby_1765466015204-750x422.jpg 750w, https:\/\/www.correiobraziliense.com.br\/cbradar\/wp-content\/uploads\/2025\/12\/baby_1765466015204-1140x641.jpg 1140w, https:\/\/www.correiobraziliense.com.br\/cbradar\/wp-content\/uploads\/2025\/12\/baby_1765466015204.jpg 1280w\" sizes=\"(max-width: 1024px) 100vw, 1024px\" \/><figcaption class=\"wp-element-caption\">Nomes longos costumam passar a ideia de estrutura e firmeza &#8211; Cr\u00e9ditos: depositphotos.com \/ evgenyataman<\/figcaption><\/figure><\/div>\n\n\n<h2 class=\"wp-block-heading\">Nomes que transmitem prote\u00e7\u00e3o e responsabilidade<\/h2>\n\n\n\n<p><strong>Guilherme<\/strong> \u00e9 um nome cl\u00e1ssico ligado ao significado de \u201cprotetor decidido\u201d. Ele passa uma imagem de responsabilidade, intelig\u00eancia estrat\u00e9gica e confiabilidade. Outro exemplo \u00e9 <strong>Constantino<\/strong>, que sugere firmeza, estabilidade e const\u00e2ncia, qualidades associadas a lideran\u00e7a duradoura.<\/p>\n\n\n\n<h2 class=\"wp-block-heading\">Nomes ligados \u00e0 for\u00e7a moral e prop\u00f3sito<\/h2>\n\n\n\n<p>Alguns nomes longos transmitem poder mais simb\u00f3lico do que f\u00edsico. <strong>Cristiano<\/strong>, por exemplo, carrega uma forte ideia de prop\u00f3sito, disciplina e valores s\u00f3lidos. J\u00e1 <strong>Sebastiano<\/strong> remete ao respeito e \u00e0 dignidade, sendo associado a autoridade moral e reconhecimento social.<\/p>\n\n\n<div class=\"wp-block-image\">\n<figure class=\"aligncenter size-large\"><img decoding=\"async\" width=\"1024\" height=\"576\" src=\"https:\/\/www.correiobraziliense.com.br\/cbradar\/wp-content\/uploads\/2025\/12\/babies_1765322587756-1024x576.jpg\" alt=\"Nomes de menino longos que transmitem poder e presen\u00e7a forte\" class=\"wp-image-153499\" srcset=\"https:\/\/www.correiobraziliense.com.br\/cbradar\/wp-content\/uploads\/2025\/12\/babies_1765322587756-1024x576.jpg 1024w, https:\/\/www.correiobraziliense.com.br\/cbradar\/wp-content\/uploads\/2025\/12\/babies_1765322587756-300x169.jpg 300w, https:\/\/www.correiobraziliense.com.br\/cbradar\/wp-content\/uploads\/2025\/12\/babies_1765322587756-768x432.jpg 768w, https:\/\/www.correiobraziliense.com.br\/cbradar\/wp-content\/uploads\/2025\/12\/babies_1765322587756-750x422.jpg 750w, https:\/\/www.correiobraziliense.com.br\/cbradar\/wp-content\/uploads\/2025\/12\/babies_1765322587756-1140x641.jpg 1140w, https:\/\/www.correiobraziliense.com.br\/cbradar\/wp-content\/uploads\/2025\/12\/babies_1765322587756.jpg 1280w\" sizes=\"(max-width: 1024px) 100vw, 1024px\" \/><figcaption class=\"wp-element-caption\">No conjunto, nomes masculinos longos costumam comunicar presen\u00e7a forte, respeito e poder simb\u00f3lico &#8211; Cr\u00e9ditos: depositphotos.com \/ IuliiaVerstaBO<\/figcaption><\/figure><\/div>\n\n\n<h2 class=\"wp-block-heading\">Nomes que evocam grandeza e vit\u00f3ria<\/h2>\n\n\n\n<p>Nomes como <strong>Maximiliano<\/strong>, derivado de \u201co maior\u201d, passam sensa\u00e7\u00e3o de destaque e excel\u00eancia. <strong>Vincenzo<\/strong>, ligado ao verbo \u201cvencer\u201d, refor\u00e7a a ideia de supera\u00e7\u00e3o e sucesso. Em 2025, esses nomes seguem sendo vistos como marcantes e imponentes.<\/p>\n\n\n\n<p>A escolha por nomes sempre \u00e9 um grande desafio, abaixo, <strong>nomesdebebes.__<\/strong> mostra alguns exemplos de nomes em seu TikTok:<\/p>\n\n\n\n<figure class=\"wp-block-embed is-type-video is-provider-tiktok wp-block-embed-tiktok\"><div class=\"wp-block-embed__wrapper\">\n<blockquote class=\"tiktok-embed\" cite=\"https:\/\/www.tiktok.com\/@nomesdebebes.__\/video\/7489263138680933637\" data-video-id=\"7489263138680933637\" data-embed-from=\"oembed\" style=\"max-width:605px; min-width:325px;\"> <section> <a target=\"_blank\" title=\"@nomesdebebes.__\" href=\"https:\/\/www.tiktok.com\/@nomesdebebes.__?refer=embed\">@nomesdebebes.__<\/a> <p><a title=\"capcut\" target=\"_blank\" href=\"https:\/\/www.tiktok.com\/tag\/capcut?refer=embed\">#CapCut<\/a> <a title=\"foryouu\" target=\"_blank\" href=\"https:\/\/www.tiktok.com\/tag\/foryouu?refer=embed\">#foryouu<\/a> <a title=\"nomesmasculinos\" target=\"_blank\" href=\"https:\/\/www.tiktok.com\/tag\/nomesmasculinos?refer=embed\">#nomesmasculinos<\/a> <a title=\"nomesdebebes\" target=\"_blank\" href=\"https:\/\/www.tiktok.com\/tag\/nomesdebebes?refer=embed\">#nomesdebebes<\/a> <a title=\"names\" target=\"_blank\" href=\"https:\/\/www.tiktok.com\/tag\/names?refer=embed\">#names<\/a> <a title=\"nomes\" target=\"_blank\" href=\"https:\/\/www.tiktok.com\/tag\/nomes?refer=embed\">#nomes<\/a> <a title=\"foryouu\" target=\"_blank\" href=\"https:\/\/www.tiktok.com\/tag\/foryouu?refer=embed\">#foryouu<\/a> <a title=\"foryoupage\" target=\"_blank\" href=\"https:\/\/www.tiktok.com\/tag\/foryoupage?refer=embed\">#foryoupage<\/a> <a title=\"baby\" target=\"_blank\" href=\"https:\/\/www.tiktok.com\/tag\/baby?refer=embed\">#baby<\/a> <a title=\"viral\" target=\"_blank\" href=\"https:\/\/www.tiktok.com\/tag\/viral?refer=embed\">#viral<\/a> <a title=\"nomeslindos\" target=\"_blank\" href=\"https:\/\/www.tiktok.com\/tag\/nomeslindos?refer=embed\">#nomeslindos<\/a> <\/p> <a target=\"_blank\" title=\"\u266c Singular - ANAVIT\u00d3RIA\" href=\"https:\/\/www.tiktok.com\/music\/Singular-6765238391110895617?refer=embed\">\u266c Singular &#8211; ANAVIT\u00d3RIA<\/a> <\/section> <\/blockquote> <script async src=\"https:\/\/www.tiktok.com\/embed.js\"><\/script>\n<\/div><\/figure>\n\n\n\n<p>No conjunto, nomes masculinos longos costumam comunicar <strong>presen\u00e7a forte, respeito e poder simb\u00f3lico<\/strong>. Por isso, continuam sendo escolhas frequentes entre fam\u00edlias que buscam um nome com impacto e significado duradouro.<\/p>\n","protected":false},"excerpt":{"rendered":"<p>Na escolha de um nome masculino, o tamanho e a sonoridade costumam influenciar a percep\u00e7\u00e3o que ele transmite. Em 2025, nomes de menino com mais de oito letras seguem associados a lideran\u00e7a, autoridade, seguran\u00e7a e for\u00e7a simb\u00f3lica. Muitos deles t\u00eam origem hist\u00f3rica, religiosa ou nobre, o que refor\u00e7a a sensa\u00e7\u00e3o de poder e respeito. Nomes [&hellip;]<\/p>\n","protected":false},"author":18,"featured_media":154942,"comment_status":"open","ping_status":"open","sticky":false,"template":"","format":"standard","meta":{"_yoast_wpseo_focuskw":"nomes longos para meninos","_yoast_wpseo_title":"","_yoast_wpseo_metadesc":"Escolher um nome com mais de 8 letras pode revelar muito mais do que voc\u00ea imagina. Confira os que est\u00e3o bombando em 2025.","jnews-multi-image_gallery":[],"jnews_single_post":{"format":"standard"},"jnews_primary_category":[],"jnews_social_meta":[],"jnews_override_counter":[],"footnotes":""},"categories":[112],"post_tag":[12263,5202,4243,5812],"class_list":["post-154940","post","type-post","status-publish","format-standard","has-post-thumbnail","hentry","category-curiosidades","tag-influencia","tag-nomes","tag-origem","tag-significado"],"yoast_head":"<!-- This site is optimized with the Yoast SEO plugin v24.6 - https:\/\/yoast.com\/wordpress\/plugins\/seo\/ -->\n<title>Nomes de menino longos que transmitem poder e presen\u00e7a forte - Correio Braziliense - Radar<\/title>\n<meta name=\"description\" content=\"Escolher um nome com mais de 8 letras pode revelar muito mais do que voc\u00ea imagina. Confira os que est\u00e3o bombando em 2025.\" \/>\n<meta name=\"robots\" content=\"index, follow, max-snippet:-1, max-image-preview:large, max-video-preview:-1\" \/>\n<link rel=\"canonical\" href=\"https:\/\/www.correiobraziliense.com.br\/cbradar\/nomes-de-menino-longos-que-transmitem-poder-e-presenca-forte\/\" \/>\n<meta property=\"og:locale\" content=\"pt_BR\" \/>\n<meta property=\"og:type\" content=\"article\" \/>\n<meta property=\"og:title\" content=\"Nomes de menino longos que transmitem poder e presen\u00e7a forte - Correio Braziliense - Radar\" \/>\n<meta property=\"og:description\" content=\"Escolher um nome com mais de 8 letras pode revelar muito mais do que voc\u00ea imagina. Confira os que est\u00e3o bombando em 2025.\" \/>\n<meta property=\"og:url\" content=\"https:\/\/www.correiobraziliense.com.br\/cbradar\/nomes-de-menino-longos-que-transmitem-poder-e-presenca-forte\/\" \/>\n<meta property=\"og:site_name\" content=\"Correio Braziliense - Radar\" \/>\n<meta property=\"article:published_time\" content=\"2025-12-13T09:45:00+00:00\" \/>\n<meta property=\"og:image\" content=\"https:\/\/www.correiobraziliense.com.br\/cbradar\/wp-content\/uploads\/2025\/12\/boy-kids_1765546914624.jpg\" \/>\n\t<meta property=\"og:image:width\" content=\"1280\" \/>\n\t<meta property=\"og:image:height\" content=\"720\" \/>\n\t<meta property=\"og:image:type\" content=\"image\/jpeg\" \/>\n<meta name=\"author\" content=\"Maria Eduarda Pacheco\" \/>\n<meta name=\"twitter:card\" content=\"summary_large_image\" \/>\n<meta name=\"twitter:label1\" content=\"Escrito por\" \/>\n\t<meta name=\"twitter:data1\" content=\"Maria Eduarda Pacheco\" \/>\n\t<meta name=\"twitter:label2\" content=\"Est. tempo de leitura\" \/>\n\t<meta name=\"twitter:data2\" content=\"3 minutos\" \/>\n<!-- \/ Yoast SEO plugin. -->","yoast_head_json":{"title":"Nomes de menino longos que transmitem poder e presen\u00e7a forte - Correio Braziliense - Radar","description":"Escolher um nome com mais de 8 letras pode revelar muito mais do que voc\u00ea imagina. Confira os que est\u00e3o bombando em 2025.","robots":{"index":"index","follow":"follow","max-snippet":"max-snippet:-1","max-image-preview":"max-image-preview:large","max-video-preview":"max-video-preview:-1"},"canonical":"https:\/\/www.correiobraziliense.com.br\/cbradar\/nomes-de-menino-longos-que-transmitem-poder-e-presenca-forte\/","og_locale":"pt_BR","og_type":"article","og_title":"Nomes de menino longos que transmitem poder e presen\u00e7a forte - Correio Braziliense - Radar","og_description":"Escolher um nome com mais de 8 letras pode revelar muito mais do que voc\u00ea imagina. Confira os que est\u00e3o bombando em 2025.","og_url":"https:\/\/www.correiobraziliense.com.br\/cbradar\/nomes-de-menino-longos-que-transmitem-poder-e-presenca-forte\/","og_site_name":"Correio Braziliense - Radar","article_published_time":"2025-12-13T09:45:00+00:00","og_image":[{"width":1280,"height":720,"url":"https:\/\/www.correiobraziliense.com.br\/cbradar\/wp-content\/uploads\/2025\/12\/boy-kids_1765546914624.jpg","type":"image\/jpeg"}],"author":"Maria Eduarda Pacheco","twitter_card":"summary_large_image","twitter_misc":{"Escrito por":"Maria Eduarda Pacheco","Est. tempo de leitura":"3 minutos"},"schema":{"@context":"https:\/\/schema.org","@graph":[{"@type":"WebPage","@id":"https:\/\/www.correiobraziliense.com.br\/cbradar\/nomes-de-menino-longos-que-transmitem-poder-e-presenca-forte\/","url":"https:\/\/www.correiobraziliense.com.br\/cbradar\/nomes-de-menino-longos-que-transmitem-poder-e-presenca-forte\/","name":"Nomes de menino longos que transmitem poder e presen\u00e7a forte - Correio Braziliense - Radar","isPartOf":{"@id":"https:\/\/www.correiobraziliense.com.br\/cbradar\/#website"},"primaryImageOfPage":{"@id":"https:\/\/www.correiobraziliense.com.br\/cbradar\/nomes-de-menino-longos-que-transmitem-poder-e-presenca-forte\/#primaryimage"},"image":{"@id":"https:\/\/www.correiobraziliense.com.br\/cbradar\/nomes-de-menino-longos-que-transmitem-poder-e-presenca-forte\/#primaryimage"},"thumbnailUrl":"https:\/\/www.correiobraziliense.com.br\/cbradar\/wp-content\/uploads\/2025\/12\/boy-kids_1765546914624.jpg","datePublished":"2025-12-13T09:45:00+00:00","author":{"@id":"https:\/\/www.correiobraziliense.com.br\/cbradar\/#\/schema\/person\/6fdd694c4c0d658f15df15f390ddf066"},"description":"Escolher um nome com mais de 8 letras pode revelar muito mais do que voc\u00ea imagina. Confira os que est\u00e3o bombando em 2025.","breadcrumb":{"@id":"https:\/\/www.correiobraziliense.com.br\/cbradar\/nomes-de-menino-longos-que-transmitem-poder-e-presenca-forte\/#breadcrumb"},"inLanguage":"pt-BR","potentialAction":[{"@type":"ReadAction","target":["https:\/\/www.correiobraziliense.com.br\/cbradar\/nomes-de-menino-longos-que-transmitem-poder-e-presenca-forte\/"]}]},{"@type":"ImageObject","inLanguage":"pt-BR","@id":"https:\/\/www.correiobraziliense.com.br\/cbradar\/nomes-de-menino-longos-que-transmitem-poder-e-presenca-forte\/#primaryimage","url":"https:\/\/www.correiobraziliense.com.br\/cbradar\/wp-content\/uploads\/2025\/12\/boy-kids_1765546914624.jpg","contentUrl":"https:\/\/www.correiobraziliense.com.br\/cbradar\/wp-content\/uploads\/2025\/12\/boy-kids_1765546914624.jpg","width":1280,"height":720,"caption":"O c\u00e9rebro associa certos nomes a adultos porque convivemos com mais Robertos, Eduardos e Geraldos crescidos do que beb\u00eas com esses nomes - Cr\u00e9ditos: depositphotos.com \/ HayDmitriy"},{"@type":"BreadcrumbList","@id":"https:\/\/www.correiobraziliense.com.br\/cbradar\/nomes-de-menino-longos-que-transmitem-poder-e-presenca-forte\/#breadcrumb","itemListElement":[{"@type":"ListItem","position":1,"name":"In\u00edcio","item":"https:\/\/www.correiobraziliense.com.br\/cbradar\/"},{"@type":"ListItem","position":2,"name":"Nomes de menino longos que transmitem poder e presen\u00e7a forte"}]},{"@type":"WebSite","@id":"https:\/\/www.correiobraziliense.com.br\/cbradar\/#website","url":"https:\/\/www.correiobraziliense.com.br\/cbradar\/","name":"Correio Braziliense - Radar","description":"Acompanhe as \u00faltimas not\u00edcias e fique bem informado sobre tudo o que acontece no Brasil e no mundo.","potentialAction":[{"@type":"SearchAction","target":{"@type":"EntryPoint","urlTemplate":"https:\/\/www.correiobraziliense.com.br\/cbradar\/?s={search_term_string}"},"query-input":{"@type":"PropertyValueSpecification","valueRequired":true,"valueName":"search_term_string"}}],"inLanguage":"pt-BR"},{"@type":"Person","@id":"https:\/\/www.correiobraziliense.com.br\/cbradar\/#\/schema\/person\/6fdd694c4c0d658f15df15f390ddf066","name":"Maria Eduarda Pacheco","image":{"@type":"ImageObject","inLanguage":"pt-BR","@id":"https:\/\/www.correiobraziliense.com.br\/cbradar\/#\/schema\/person\/image\/","url":"https:\/\/secure.gravatar.com\/avatar\/f72a487b26fdeec08ba4868875ea328e?s=96&d=mm&r=g","contentUrl":"https:\/\/secure.gravatar.com\/avatar\/f72a487b26fdeec08ba4868875ea328e?s=96&d=mm&r=g","caption":"Maria Eduarda Pacheco"},"sameAs":["https:\/\/www.correiobraziliense.com.br\/cbradar\/"],"url":"https:\/\/www.correiobraziliense.com.br\/cbradar\/author\/maria-eduarda\/"}]}},"_links":{"self":[{"href":"https:\/\/www.correiobraziliense.com.br\/cbradar\/wp-json\/wp\/v2\/posts\/154940","targetHints":{"allow":["GET"]}}],"collection":[{"href":"https:\/\/www.correiobraziliense.com.br\/cbradar\/wp-json\/wp\/v2\/posts"}],"about":[{"href":"https:\/\/www.correiobraziliense.com.br\/cbradar\/wp-json\/wp\/v2\/types\/post"}],"author":[{"embeddable":true,"href":"https:\/\/www.correiobraziliense.com.br\/cbradar\/wp-json\/wp\/v2\/users\/18"}],"replies":[{"embeddable":true,"href":"https:\/\/www.correiobraziliense.com.br\/cbradar\/wp-json\/wp\/v2\/comments?post=154940"}],"version-history":[{"count":1,"href":"https:\/\/www.correiobraziliense.com.br\/cbradar\/wp-json\/wp\/v2\/posts\/154940\/revisions"}],"predecessor-version":[{"id":154943,"href":"https:\/\/www.correiobraziliense.com.br\/cbradar\/wp-json\/wp\/v2\/posts\/154940\/revisions\/154943"}],"wp:featuredmedia":[{"embeddable":true,"href":"https:\/\/www.correiobraziliense.com.br\/cbradar\/wp-json\/wp\/v2\/media\/154942"}],"wp:attachment":[{"href":"https:\/\/www.correiobraziliense.com.br\/cbradar\/wp-json\/wp\/v2\/media?parent=154940"}],"wp:term":[{"taxonomy":"category","embeddable":true,"href":"https:\/\/www.correiobraziliense.com.br\/cbradar\/wp-json\/wp\/v2\/categories?post=154940"},{"taxonomy":"post_tag","embeddable":true,"href":"https:\/\/www.correiobraziliense.com.br\/cbradar\/wp-json\/wp\/v2\/post_tag?post=154940"}],"curies":[{"name":"wp","href":"https:\/\/api.w.org\/{rel}","templated":true}]}}