{"id":15496,"date":"2025-03-25T21:30:00","date_gmt":"2025-03-26T00:30:00","guid":{"rendered":"https:\/\/www.correiobraziliense.com.br\/cbradar\/?p=15496"},"modified":"2025-03-24T21:49:43","modified_gmt":"2025-03-25T00:49:43","slug":"conheca-a-cidade-desenhada-por-leonardo-da-vinci","status":"publish","type":"post","link":"https:\/\/www.correiobraziliense.com.br\/cbradar\/conheca-a-cidade-desenhada-por-leonardo-da-vinci\/","title":{"rendered":"Conhe\u00e7a a cidade desenhada por Leonardo da Vinci"},"content":{"rendered":"\n<p>Poucas pessoas sabem, mas al\u00e9m de artista, inventor e cientista, <strong>Leonardo da Vinci<\/strong> tamb\u00e9m foi <strong>urbanista<\/strong>. E um dos raros exemplos do seu talento aplicado ao planejamento urbano est\u00e1 em <strong>\u00cdmola<\/strong>, uma cidade charmosa na <strong>Em\u00edlia-Romanha<\/strong>, no norte da <strong>It\u00e1lia<\/strong>.<\/p>\n\n\n\n<p>Foi a\u00ed que, no final do s\u00e9culo XV, Da Vinci criou <strong>um dos primeiros mapas urbanos modernos da hist\u00f3ria<\/strong>, desenhados com uma precis\u00e3o excepcional para a \u00e9poca e com prop\u00f3sitos estrat\u00e9gicos.<\/p>\n\n\n\n<h2 class=\"wp-block-heading\"><strong>Como Leonardo da Vinci desenhou \u00cdmola?<\/strong><\/h2>\n\n\n\n<p>Em <strong>1502<\/strong>, Leonardo da Vinci foi contratado por <strong>C\u00e9sar B\u00f3rgia<\/strong>, um dos homens mais poderosos e temidos do Renascimento, como engenheiro militar. A miss\u00e3o de Da Vinci era ajudar no <strong>fortalecimento das cidades conquistadas por B\u00f3rgia<\/strong> e, para isso, ele entendeu o territ\u00f3rio com detalhes.<\/p>\n\n\n\n<p>Em Imola, Da Vinci:<\/p>\n\n\n\n<ul class=\"wp-block-list\">\n<li><strong>Produziu um mapa em vista a\u00e9rea<\/strong> \u2014 uma inova\u00e7\u00e3o para o per\u00edodo.<\/li>\n\n\n\n<li>Desenhou com tamanha precis\u00e3o que o mapa \u00e9 <strong>reconhecido at\u00e9 hoje como um marco na cartografia urbana<\/strong>.<\/li>\n\n\n\n<li>Usei <strong>instrumentos pr\u00f3prios e c\u00e1lculos matem\u00e1ticos<\/strong> para representar a cidade com fidelidade.<\/li>\n<\/ul>\n\n\n\n<p>Esse mapa n\u00e3o apenas orientava decis\u00f5es militares, mas tamb\u00e9m influenciava o <strong>planejamento urbano e a administra\u00e7\u00e3o territorial<\/strong>.<\/p>\n\n\n\n<figure class=\"wp-block-image size-large\"><img decoding=\"async\" width=\"1024\" height=\"576\" src=\"https:\/\/www.correiobraziliense.com.br\/cbradar\/wp-content\/uploads\/2025\/03\/Imola_1742850765565-1024x576.jpg\" alt=\"Conhe\u00e7a a cidade desenhada por Leonardo da Vinci\" class=\"wp-image-15498\" srcset=\"https:\/\/www.correiobraziliense.com.br\/cbradar\/wp-content\/uploads\/2025\/03\/Imola_1742850765565-1024x576.jpg 1024w, https:\/\/www.correiobraziliense.com.br\/cbradar\/wp-content\/uploads\/2025\/03\/Imola_1742850765565-300x169.jpg 300w, https:\/\/www.correiobraziliense.com.br\/cbradar\/wp-content\/uploads\/2025\/03\/Imola_1742850765565-768x432.jpg 768w, https:\/\/www.correiobraziliense.com.br\/cbradar\/wp-content\/uploads\/2025\/03\/Imola_1742850765565-750x422.jpg 750w, https:\/\/www.correiobraziliense.com.br\/cbradar\/wp-content\/uploads\/2025\/03\/Imola_1742850765565-1140x641.jpg 1140w, https:\/\/www.correiobraziliense.com.br\/cbradar\/wp-content\/uploads\/2025\/03\/Imola_1742850765565.jpg 1280w\" sizes=\"(max-width: 1024px) 100vw, 1024px\" \/><figcaption class=\"wp-element-caption\">\u00cdmola. Cr\u00e9ditos: depositphotos.com \/ ermess<\/figcaption><\/figure>\n\n\n\n<h2 class=\"wp-block-heading\"><strong>O que restou do plano de Da Vinci em \u00cdmola hoje?<\/strong><\/h2>\n\n\n\n<p>Embora a cidade tenha se transformado ao longo dos s\u00e9culos, <strong>a estrutura central do mapa de Leonardo ainda pode ser reconhecida<\/strong> nas ruas do centro hist\u00f3rico de \u00cdmola. \u00c9 poss\u00edvel ver:<\/p>\n\n\n\n<ul class=\"wp-block-list\">\n<li>A disposi\u00e7\u00e3o radial das vias principais<\/li>\n\n\n\n<li>A <strong>Rocca Sforzesca<\/strong>, fortaleza renascentista que foi central no desenho original<\/li>\n\n\n\n<li>Pra\u00e7as e rotas que permanecem nos mesmos locais do mapa de 1502<\/li>\n<\/ul>\n\n\n\n<p>Hoje, o mapa de Leonardo \u00e9 preservado na <strong>Royal Collection Brit\u00e2nica<\/strong>, e c\u00f3pias est\u00e3o em museus e exposi\u00e7\u00f5es ao redor do mundo \u2014 inclusive em Imola, onde ele \u00e9 motivo de orgulho.<\/p>\n\n\n\n<h2 class=\"wp-block-heading\"><strong>Curiosidades sobre \u00cdmola e Leonardo da Vinci<\/strong><\/h2>\n\n\n\n<ul class=\"wp-block-list\">\n<li><strong>Imola \u00e9 mais conhecida atualmente por seu aut\u00f3dromo de F\u00f3rmula 1<\/strong>, mas guarda esse tesouro hist\u00f3rico em seu passado.<\/li>\n\n\n\n<li><strong>O mapa de Imola foi um dos primeiros da hist\u00f3ria a representar uma cidade com precis\u00e3o geom\u00e9trica e escala proporcional.<\/strong><\/li>\n\n\n\n<li><strong>Leonardo tamb\u00e9m planejou uma \u201ccidade ideal\u201d<\/strong>, com separa\u00e7\u00e3o de pedestres e ve\u00edculos, mas que nunca foi constru\u00edda.<\/li>\n\n\n\n<li><strong>O mapa de Imola influenciou gera\u00e7\u00f5es de cart\u00f3grafos e estrategistas europeus.<\/strong><\/li>\n\n\n\n<li><strong>Hoje \u00e9 poss\u00edvel seguir roteiros tur\u00edsticos em \u00cdmola baseados no mapa de Da Vinci.<\/strong><\/li>\n<\/ul>\n\n\n\n<p>\u00cdmola \u00e9 um exemplo fascinante de como <strong>arte, ci\u00eancia e estrat\u00e9gia militar se retornou nas m\u00e3os de um g\u00eanio renascentista<\/strong>, moldando uma cidade que ainda carrega a marca de <strong>Leonardo da Vinci<\/strong>.<\/p>\n","protected":false},"excerpt":{"rendered":"<p>Uma cidade italiana foi projetada por Leonardo da Vinci em 1502 com resultados impressionantes. Conhe\u00e7a \u00cdmola e o mapa que marcou a hist\u00f3ria urbana!<\/p>\n","protected":false},"author":3,"featured_media":15497,"comment_status":"open","ping_status":"open","sticky":false,"template":"","format":"standard","meta":{"_yoast_wpseo_focuskw":"cidade desenhada da Vinci","_yoast_wpseo_title":"%%title%%","_yoast_wpseo_metadesc":"Uma cidade italiana foi projetada por Leonardo da Vinci em 1502 com resultados impressionantes. Conhe\u00e7a \u00cdmola e o mapa que marcou a hist\u00f3ria urbana!","jnews-multi-image_gallery":[],"jnews_single_post":{"format":"standard"},"jnews_primary_category":[],"jnews_social_meta":[],"jnews_override_counter":[],"footnotes":""},"categories":[108],"tags":[109],"class_list":["post-15496","post","type-post","status-publish","format-standard","has-post-thumbnail","hentry","category-cidades","tag-cidades"],"yoast_head":"<!-- This site is optimized with the Yoast SEO plugin v24.6 - https:\/\/yoast.com\/wordpress\/plugins\/seo\/ -->\n<title>Conhe\u00e7a a cidade desenhada por Leonardo da Vinci<\/title>\n<meta name=\"description\" content=\"Uma cidade italiana foi projetada por Leonardo da Vinci em 1502 com resultados impressionantes. Conhe\u00e7a \u00cdmola e o mapa que marcou a hist\u00f3ria urbana!\" \/>\n<meta name=\"robots\" content=\"index, follow, max-snippet:-1, max-image-preview:large, max-video-preview:-1\" \/>\n<link rel=\"canonical\" href=\"https:\/\/www.correiobraziliense.com.br\/cbradar\/conheca-a-cidade-desenhada-por-leonardo-da-vinci\/\" \/>\n<meta property=\"og:locale\" content=\"pt_BR\" \/>\n<meta property=\"og:type\" content=\"article\" \/>\n<meta property=\"og:title\" content=\"Conhe\u00e7a a cidade desenhada por Leonardo da Vinci\" \/>\n<meta property=\"og:description\" content=\"Uma cidade italiana foi projetada por Leonardo da Vinci em 1502 com resultados impressionantes. Conhe\u00e7a \u00cdmola e o mapa que marcou a hist\u00f3ria urbana!\" \/>\n<meta property=\"og:url\" content=\"https:\/\/www.correiobraziliense.com.br\/cbradar\/conheca-a-cidade-desenhada-por-leonardo-da-vinci\/\" \/>\n<meta property=\"og:site_name\" content=\"Correio Braziliense - Radar\" \/>\n<meta property=\"article:published_time\" content=\"2025-03-26T00:30:00+00:00\" \/>\n<meta property=\"og:image\" content=\"https:\/\/www.correiobraziliense.com.br\/cbradar\/wp-content\/uploads\/2025\/03\/Imola_1742850745032.jpg\" \/>\n\t<meta property=\"og:image:width\" content=\"1279\" \/>\n\t<meta property=\"og:image:height\" content=\"720\" \/>\n\t<meta property=\"og:image:type\" content=\"image\/jpeg\" \/>\n<meta name=\"author\" content=\"Larissa Carvalho\" \/>\n<meta name=\"twitter:card\" content=\"summary_large_image\" \/>\n<meta name=\"twitter:label1\" content=\"Escrito por\" \/>\n\t<meta name=\"twitter:data1\" content=\"Larissa Carvalho\" \/>\n\t<meta name=\"twitter:label2\" content=\"Est. tempo de leitura\" \/>\n\t<meta name=\"twitter:data2\" content=\"3 minutos\" \/>\n<!-- \/ Yoast SEO plugin. -->","yoast_head_json":{"title":"Conhe\u00e7a a cidade desenhada por Leonardo da Vinci","description":"Uma cidade italiana foi projetada por Leonardo da Vinci em 1502 com resultados impressionantes. Conhe\u00e7a \u00cdmola e o mapa que marcou a hist\u00f3ria urbana!","robots":{"index":"index","follow":"follow","max-snippet":"max-snippet:-1","max-image-preview":"max-image-preview:large","max-video-preview":"max-video-preview:-1"},"canonical":"https:\/\/www.correiobraziliense.com.br\/cbradar\/conheca-a-cidade-desenhada-por-leonardo-da-vinci\/","og_locale":"pt_BR","og_type":"article","og_title":"Conhe\u00e7a a cidade desenhada por Leonardo da Vinci","og_description":"Uma cidade italiana foi projetada por Leonardo da Vinci em 1502 com resultados impressionantes. Conhe\u00e7a \u00cdmola e o mapa que marcou a hist\u00f3ria urbana!","og_url":"https:\/\/www.correiobraziliense.com.br\/cbradar\/conheca-a-cidade-desenhada-por-leonardo-da-vinci\/","og_site_name":"Correio Braziliense - Radar","article_published_time":"2025-03-26T00:30:00+00:00","og_image":[{"width":1279,"height":720,"url":"https:\/\/www.correiobraziliense.com.br\/cbradar\/wp-content\/uploads\/2025\/03\/Imola_1742850745032.jpg","type":"image\/jpeg"}],"author":"Larissa Carvalho","twitter_card":"summary_large_image","twitter_misc":{"Escrito por":"Larissa Carvalho","Est. tempo de leitura":"3 minutos"},"schema":{"@context":"https:\/\/schema.org","@graph":[{"@type":"WebPage","@id":"https:\/\/www.correiobraziliense.com.br\/cbradar\/conheca-a-cidade-desenhada-por-leonardo-da-vinci\/","url":"https:\/\/www.correiobraziliense.com.br\/cbradar\/conheca-a-cidade-desenhada-por-leonardo-da-vinci\/","name":"Conhe\u00e7a a cidade desenhada por Leonardo da Vinci","isPartOf":{"@id":"https:\/\/www.correiobraziliense.com.br\/cbradar\/#website"},"primaryImageOfPage":{"@id":"https:\/\/www.correiobraziliense.com.br\/cbradar\/conheca-a-cidade-desenhada-por-leonardo-da-vinci\/#primaryimage"},"image":{"@id":"https:\/\/www.correiobraziliense.com.br\/cbradar\/conheca-a-cidade-desenhada-por-leonardo-da-vinci\/#primaryimage"},"thumbnailUrl":"https:\/\/www.correiobraziliense.com.br\/cbradar\/wp-content\/uploads\/2025\/03\/Imola_1742850745032.jpg","datePublished":"2025-03-26T00:30:00+00:00","author":{"@id":"https:\/\/www.correiobraziliense.com.br\/cbradar\/#\/schema\/person\/58422787644df994b53a19d3e56c1513"},"description":"Uma cidade italiana foi projetada por Leonardo da Vinci em 1502 com resultados impressionantes. Conhe\u00e7a \u00cdmola e o mapa que marcou a hist\u00f3ria urbana!","breadcrumb":{"@id":"https:\/\/www.correiobraziliense.com.br\/cbradar\/conheca-a-cidade-desenhada-por-leonardo-da-vinci\/#breadcrumb"},"inLanguage":"pt-BR","potentialAction":[{"@type":"ReadAction","target":["https:\/\/www.correiobraziliense.com.br\/cbradar\/conheca-a-cidade-desenhada-por-leonardo-da-vinci\/"]}]},{"@type":"ImageObject","inLanguage":"pt-BR","@id":"https:\/\/www.correiobraziliense.com.br\/cbradar\/conheca-a-cidade-desenhada-por-leonardo-da-vinci\/#primaryimage","url":"https:\/\/www.correiobraziliense.com.br\/cbradar\/wp-content\/uploads\/2025\/03\/Imola_1742850745032.jpg","contentUrl":"https:\/\/www.correiobraziliense.com.br\/cbradar\/wp-content\/uploads\/2025\/03\/Imola_1742850745032.jpg","width":1279,"height":720,"caption":"\u00cdmola. Cr\u00e9ditos: depositphotos.com \/ clodio"},{"@type":"BreadcrumbList","@id":"https:\/\/www.correiobraziliense.com.br\/cbradar\/conheca-a-cidade-desenhada-por-leonardo-da-vinci\/#breadcrumb","itemListElement":[{"@type":"ListItem","position":1,"name":"In\u00edcio","item":"https:\/\/www.correiobraziliense.com.br\/cbradar\/"},{"@type":"ListItem","position":2,"name":"Conhe\u00e7a a cidade desenhada por Leonardo da Vinci"}]},{"@type":"WebSite","@id":"https:\/\/www.correiobraziliense.com.br\/cbradar\/#website","url":"https:\/\/www.correiobraziliense.com.br\/cbradar\/","name":"Correio Braziliense - Radar","description":"Acompanhe as \u00faltimas not\u00edcias e fique bem informado sobre tudo o que acontece no Brasil e no mundo.","potentialAction":[{"@type":"SearchAction","target":{"@type":"EntryPoint","urlTemplate":"https:\/\/www.correiobraziliense.com.br\/cbradar\/?s={search_term_string}"},"query-input":{"@type":"PropertyValueSpecification","valueRequired":true,"valueName":"search_term_string"}}],"inLanguage":"pt-BR"},{"@type":"Person","@id":"https:\/\/www.correiobraziliense.com.br\/cbradar\/#\/schema\/person\/58422787644df994b53a19d3e56c1513","name":"Larissa Carvalho","image":{"@type":"ImageObject","inLanguage":"pt-BR","@id":"https:\/\/www.correiobraziliense.com.br\/cbradar\/#\/schema\/person\/image\/","url":"https:\/\/secure.gravatar.com\/avatar\/fe4f91a0de32b52a838d0d612abdc1aa?s=96&d=mm&r=g","contentUrl":"https:\/\/secure.gravatar.com\/avatar\/fe4f91a0de32b52a838d0d612abdc1aa?s=96&d=mm&r=g","caption":"Larissa Carvalho"},"url":"https:\/\/www.correiobraziliense.com.br\/cbradar\/author\/larissamyth\/"}]}},"_links":{"self":[{"href":"https:\/\/www.correiobraziliense.com.br\/cbradar\/wp-json\/wp\/v2\/posts\/15496","targetHints":{"allow":["GET"]}}],"collection":[{"href":"https:\/\/www.correiobraziliense.com.br\/cbradar\/wp-json\/wp\/v2\/posts"}],"about":[{"href":"https:\/\/www.correiobraziliense.com.br\/cbradar\/wp-json\/wp\/v2\/types\/post"}],"author":[{"embeddable":true,"href":"https:\/\/www.correiobraziliense.com.br\/cbradar\/wp-json\/wp\/v2\/users\/3"}],"replies":[{"embeddable":true,"href":"https:\/\/www.correiobraziliense.com.br\/cbradar\/wp-json\/wp\/v2\/comments?post=15496"}],"version-history":[{"count":1,"href":"https:\/\/www.correiobraziliense.com.br\/cbradar\/wp-json\/wp\/v2\/posts\/15496\/revisions"}],"predecessor-version":[{"id":15499,"href":"https:\/\/www.correiobraziliense.com.br\/cbradar\/wp-json\/wp\/v2\/posts\/15496\/revisions\/15499"}],"wp:featuredmedia":[{"embeddable":true,"href":"https:\/\/www.correiobraziliense.com.br\/cbradar\/wp-json\/wp\/v2\/media\/15497"}],"wp:attachment":[{"href":"https:\/\/www.correiobraziliense.com.br\/cbradar\/wp-json\/wp\/v2\/media?parent=15496"}],"wp:term":[{"taxonomy":"category","embeddable":true,"href":"https:\/\/www.correiobraziliense.com.br\/cbradar\/wp-json\/wp\/v2\/categories?post=15496"},{"taxonomy":"post_tag","embeddable":true,"href":"https:\/\/www.correiobraziliense.com.br\/cbradar\/wp-json\/wp\/v2\/tags?post=15496"}],"curies":[{"name":"wp","href":"https:\/\/api.w.org\/{rel}","templated":true}]}}