{"id":154978,"date":"2025-12-14T16:05:00","date_gmt":"2025-12-14T19:05:00","guid":{"rendered":"https:\/\/www.correiobraziliense.com.br\/cbradar\/?p=154978"},"modified":"2025-12-12T14:57:07","modified_gmt":"2025-12-12T17:57:07","slug":"o-suco-de-sabugueiro-que-aumenta-a-imunidade-da-pele-como-antioxidantes-protegem-contra-danos","status":"publish","type":"post","link":"https:\/\/www.correiobraziliense.com.br\/cbradar\/o-suco-de-sabugueiro-que-aumenta-a-imunidade-da-pele-como-antioxidantes-protegem-contra-danos\/","title":{"rendered":"O suco de sabugueiro que aumenta a imunidade da pele: como antioxidantes protegem contra danos"},"content":{"rendered":"\n<p>Se voc\u00ea procura um ingrediente que atue como uma armadura biol\u00f3gica, o <strong>Sabugueiro<\/strong> (<em>Sambucus nigra<\/em>) \u00e9 a resposta da natureza. Conhecido historicamente por combater gripes e resfriados, este pequeno fruto escuro vai muito al\u00e9m da imunidade: ele \u00e9 uma <strong>pot\u00eancia antioxidante<\/strong> capaz de neutralizar danos celulares e promover uma beleza radiante de dentro para fora.<\/p>\n\n\n\n<h2 class=\"wp-block-heading\">Qual a pot\u00eancia antioxidante do <strong>Sabugueiro<\/strong>?<\/h2>\n\n\n\n<p><a href=\"https:\/\/pmc.ncbi.nlm.nih.gov\/articles\/PMC10096080\/\" target=\"_blank\" rel=\"noreferrer noopener\">O poder do sabugueiro <\/a>reside na sua pigmenta\u00e7\u00e3o profunda. Ele \u00e9 excepcionalmente rico em <strong>antocianinas<\/strong>, compostos que representam cerca de 80% do seu conte\u00fado de polifen\u00f3is. Essas subst\u00e2ncias n\u00e3o apenas d\u00e3o a cor \u00e0 fruta, mas atuam como varredores de radicais livres, reduzindo o estresse oxidativo que enferruja as nossas c\u00e9lulas.<\/p>\n\n\n\n<p>Ao consumir o extrato ou ch\u00e1, voc\u00ea cria um &#8220;escudo invis\u00edvel&#8221; que protege o DNA celular contra danos causados por toxinas e radia\u00e7\u00e3o, fortalecendo as defesas naturais do corpo de uma maneira que poucos alimentos conseguem.<\/p>\n\n\n\n<figure class=\"wp-block-image aligncenter size-large\"><img decoding=\"async\" width=\"1024\" height=\"576\" src=\"https:\/\/www.correiobraziliense.com.br\/cbradar\/wp-content\/uploads\/2025\/12\/unnamed-3-1-1024x576.jpg\" alt=\"A\u00e7\u00e3o antioxidante do suco de sabugueiro no fortalecimento da imunidade da pele\n\" class=\"wp-image-154981\" srcset=\"https:\/\/www.correiobraziliense.com.br\/cbradar\/wp-content\/uploads\/2025\/12\/unnamed-3-1-1024x576.jpg 1024w, https:\/\/www.correiobraziliense.com.br\/cbradar\/wp-content\/uploads\/2025\/12\/unnamed-3-1-300x169.jpg 300w, https:\/\/www.correiobraziliense.com.br\/cbradar\/wp-content\/uploads\/2025\/12\/unnamed-3-1-768x432.jpg 768w, https:\/\/www.correiobraziliense.com.br\/cbradar\/wp-content\/uploads\/2025\/12\/unnamed-3-1-750x422.jpg 750w, https:\/\/www.correiobraziliense.com.br\/cbradar\/wp-content\/uploads\/2025\/12\/unnamed-3-1-1140x641.jpg 1140w, https:\/\/www.correiobraziliense.com.br\/cbradar\/wp-content\/uploads\/2025\/12\/unnamed-3-1.jpg 1280w\" sizes=\"(max-width: 1024px) 100vw, 1024px\" \/><figcaption class=\"wp-element-caption\">A\u00e7\u00e3o antioxidante do suco de sabugueiro no fortalecimento da imunidade da pele\n<\/figcaption><\/figure>\n\n\n\n<p>Leia tamb\u00e9m: <a href=\"https:\/\/www.correiobraziliense.com.br\/cbradar\/o-que-acontece-quando-voce-come-semente-de-abobora-por-30-dias\/\" target=\"_blank\" rel=\"noreferrer noopener\">O que acontece quando voc\u00ea come semente de ab\u00f3bora por 30 dias?<\/a><\/p>\n\n\n\n<h2 class=\"wp-block-heading\">Ele tem efeito na pele?<\/h2>\n\n\n\n<p>Beber o suco ou ch\u00e1 de sabugueiro reflete diretamente no espelho. A ci\u00eancia dermatol\u00f3gica aponta que os antioxidantes dessa fruta oferecem uma fotoprote\u00e7\u00e3o interna, ajudando a pele a resistir ao envelhecimento causado pelos raios UV (fotoenvelhecimento).<\/p>\n\n\n\n<ul class=\"wp-block-list\">\n<li><strong>Prote\u00e7\u00e3o do Col\u00e1geno:<\/strong> As antocianinas ajudam a impedir a quebra das fibras de col\u00e1geno e elastina, mantendo a firmeza e prevenindo a flacidez e rugas finas.<\/li>\n\n\n\n<li><strong>Brilho Natural:<\/strong> O consumo regular melhora a microcircula\u00e7\u00e3o sangu\u00ednea na derme, o que oxigena os tecidos e resulta naquele aspecto de &#8220;glow&#8221; natural e saud\u00e1vel.<\/li>\n\n\n\n<li><strong>Tom Uniforme:<\/strong> Estudos sugerem que o sabugueiro pode ajudar a inibir a produ\u00e7\u00e3o excessiva de melanina, auxiliando na redu\u00e7\u00e3o de manchas escuras e hiperpigmenta\u00e7\u00e3o para um tom de pele mais uniforme.<\/li>\n<\/ul>\n\n\n\n<p>No v\u00eddeo a seguir, o <strong>Dr. J\u00falio\u2002Luchmann<\/strong>, com mais de 1 milh\u00e3o de seguidores, explica os benef\u00edcios dessa planta:<\/p>\n\n\n\n<blockquote class=\"tiktok-embed\" cite=\"https:\/\/www.tiktok.com\/@julioluchmann\/video\/7518881400909565189\" data-video-id=\"7518881400909565189\" style=\"max-width: 605px;min-width: 325px;\" > <section> <a target=\"_blank\" title=\"@julioluchmann\" href=\"https:\/\/www.tiktok.com\/@julioluchmann?refer=embed\">@julioluchmann<\/a> <a title=\"drjulioluchmann\" target=\"_blank\" href=\"https:\/\/www.tiktok.com\/tag\/drjulioluchmann?refer=embed\">#drjulioluchmann<\/a> <a target=\"_blank\" title=\"\u266c som original - J\u00falio\u2002luchmann\" href=\"https:\/\/www.tiktok.com\/music\/som-original-7518881411823176504?refer=embed\">\u266c som original &#8211; J\u00falio\u2002luchmann<\/a> <\/section> <\/blockquote> <script async src=\"https:\/\/www.tiktok.com\/embed.js\"><\/script>\n\n\n\n<h2 class=\"wp-block-heading\">Como fazer o consumo di\u00e1rio com seguran\u00e7a?<\/h2>\n\n\n\n<p>Para incorporar esse escudo na sua rotina, o ideal \u00e9 consumir o sabugueiro na forma de <strong>xaropes, extratos ou ch\u00e1s<\/strong>. Uma x\u00edcara de ch\u00e1 de sabugueiro (feito com as bagas secas ou flores) \u00e0 tarde pode ser o ritual perfeito para acalmar o corpo e ativar a regenera\u00e7\u00e3o celular.<\/p>\n\n\n\n<p><strong>Aten\u00e7\u00e3o Cr\u00edtica de Seguran\u00e7a:<\/strong> Jamais consuma as bagas do sabugueiro cruas. A planta <em>in natura<\/em> cont\u00e9m glicos\u00eddeos cianog\u00eanicos que podem ser t\u00f3xicos; o cozimento ou processamento t\u00e9rmico \u00e9 obrigat\u00f3rio para neutralizar essas subst\u00e2ncias e tornar o consumo seguro e ben\u00e9fico.<\/p>\n\n\n\n<p>Leia tamb\u00e9m: <a href=\"https:\/\/www.correiobraziliense.com.br\/cbradar\/a-emergencia-do-colesterol-alto-como-voce-pode-evitar-esse-caso\/\" target=\"_blank\" rel=\"noreferrer noopener\">A emerg\u00eancia do colesterol alto, como voc\u00ea pode evitar esse caso?<\/a><\/p>\n\n\n\n<h2 class=\"wp-block-heading\">O erro t\u00e9rmico que pode arruinar seu xarope<\/h2>\n\n\n\n<p>Ao preparar o xarope em casa, existe um dilema qu\u00edmico crucial: as bagas do sabugueiro <strong>precisam ser fervidas<\/strong> para eliminar as toxinas naturais, mas o mel (frequentemente usado como base) perde suas propriedades medicinais se for aquecido acima de 40\u00b0C.<\/p>\n\n\n\n<p>Muitas pessoas cometem o erro de ferver tudo junto na mesma panela. Isso neutraliza as enzimas vivas e a atividade antimicrobiana do mel, transformando-o em apenas um ado\u00e7ante cal\u00f3rico comum, sem o benef\u00edcio terap\u00eautico extra para a garganta.<\/p>\n\n\n\n<p>A <strong>estrat\u00e9gia de ouro<\/strong> \u00e9 realizar o preparo em duas etapas: cozinhe a redu\u00e7\u00e3o das bagas de sabugueiro primeiro e deixe-a esfriar at\u00e9 ficar apenas morna. S\u00f3 ent\u00e3o misture o mel cru. Esse processo preserva a integridade biol\u00f3gica de ambos os ingredientes, criando um elixir duplamente potente contra infec\u00e7\u00f5es.<\/p>\n","protected":false},"excerpt":{"rendered":"<p>Se voc\u00ea procura um ingrediente que atue como uma armadura biol\u00f3gica, o Sabugueiro (Sambucus nigra) \u00e9 a resposta da natureza. Conhecido historicamente por combater gripes e resfriados, este pequeno fruto escuro vai muito al\u00e9m da imunidade: ele \u00e9 uma pot\u00eancia antioxidante capaz de neutralizar danos celulares e promover uma beleza radiante de dentro para fora. [&hellip;]<\/p>\n","protected":false},"author":11,"featured_media":155079,"comment_status":"open","ping_status":"open","sticky":false,"template":"","format":"standard","meta":{"_yoast_wpseo_focuskw":"benef\u00edcios do Sabugueiro","_yoast_wpseo_title":"","_yoast_wpseo_metadesc":"Suco de sabugueiro eleva imunidade da pele gra\u00e7as a antioxidantes potentes que protegem contra danos oxidativos e promovem defesa natural eficaz","jnews-multi-image_gallery":[],"jnews_single_post":{"format":"standard"},"jnews_primary_category":[],"jnews_social_meta":[],"jnews_override_counter":[],"footnotes":""},"categories":[119],"tags":[866,12718,1318],"class_list":["post-154978","post","type-post","status-publish","format-standard","has-post-thumbnail","hentry","category-bem-estar","tag-planta","tag-sabugueiro","tag-saude-2"],"yoast_head":"<!-- This site is optimized with the Yoast SEO plugin v24.6 - https:\/\/yoast.com\/wordpress\/plugins\/seo\/ -->\n<title>O suco de sabugueiro que aumenta a imunidade da pele: como antioxidantes protegem contra danos - Correio Braziliense - Radar<\/title>\n<meta name=\"description\" content=\"Suco de sabugueiro eleva imunidade da pele gra\u00e7as a antioxidantes potentes que protegem contra danos oxidativos e promovem defesa natural eficaz\" \/>\n<meta name=\"robots\" content=\"index, follow, max-snippet:-1, max-image-preview:large, max-video-preview:-1\" \/>\n<link rel=\"canonical\" href=\"https:\/\/www.correiobraziliense.com.br\/cbradar\/o-suco-de-sabugueiro-que-aumenta-a-imunidade-da-pele-como-antioxidantes-protegem-contra-danos\/\" \/>\n<meta property=\"og:locale\" content=\"pt_BR\" \/>\n<meta property=\"og:type\" content=\"article\" \/>\n<meta property=\"og:title\" content=\"O suco de sabugueiro que aumenta a imunidade da pele: como antioxidantes protegem contra danos - Correio Braziliense - Radar\" \/>\n<meta property=\"og:description\" content=\"Suco de sabugueiro eleva imunidade da pele gra\u00e7as a antioxidantes potentes que protegem contra danos oxidativos e promovem defesa natural eficaz\" \/>\n<meta property=\"og:url\" content=\"https:\/\/www.correiobraziliense.com.br\/cbradar\/o-suco-de-sabugueiro-que-aumenta-a-imunidade-da-pele-como-antioxidantes-protegem-contra-danos\/\" \/>\n<meta property=\"og:site_name\" content=\"Correio Braziliense - Radar\" \/>\n<meta property=\"article:published_time\" content=\"2025-12-14T19:05:00+00:00\" \/>\n<meta property=\"og:image\" content=\"https:\/\/www.correiobraziliense.com.br\/cbradar\/wp-content\/uploads\/2025\/12\/freepik__faa-um-copo-do-suco-de-sabugueiro-img1-img2-img3__92035.jpeg\" \/>\n\t<meta property=\"og:image:width\" content=\"1280\" \/>\n\t<meta property=\"og:image:height\" content=\"720\" \/>\n\t<meta property=\"og:image:type\" content=\"image\/jpeg\" \/>\n<meta name=\"author\" content=\"Paulo Custodio\" \/>\n<meta name=\"twitter:card\" content=\"summary_large_image\" \/>\n<meta name=\"twitter:label1\" content=\"Escrito por\" \/>\n\t<meta name=\"twitter:data1\" content=\"Paulo Custodio\" \/>\n\t<meta name=\"twitter:label2\" content=\"Est. tempo de leitura\" \/>\n\t<meta name=\"twitter:data2\" content=\"4 minutos\" \/>\n<!-- \/ Yoast SEO plugin. -->","yoast_head_json":{"title":"O suco de sabugueiro que aumenta a imunidade da pele: como antioxidantes protegem contra danos - Correio Braziliense - Radar","description":"Suco de sabugueiro eleva imunidade da pele gra\u00e7as a antioxidantes potentes que protegem contra danos oxidativos e promovem defesa natural eficaz","robots":{"index":"index","follow":"follow","max-snippet":"max-snippet:-1","max-image-preview":"max-image-preview:large","max-video-preview":"max-video-preview:-1"},"canonical":"https:\/\/www.correiobraziliense.com.br\/cbradar\/o-suco-de-sabugueiro-que-aumenta-a-imunidade-da-pele-como-antioxidantes-protegem-contra-danos\/","og_locale":"pt_BR","og_type":"article","og_title":"O suco de sabugueiro que aumenta a imunidade da pele: como antioxidantes protegem contra danos - Correio Braziliense - Radar","og_description":"Suco de sabugueiro eleva imunidade da pele gra\u00e7as a antioxidantes potentes que protegem contra danos oxidativos e promovem defesa natural eficaz","og_url":"https:\/\/www.correiobraziliense.com.br\/cbradar\/o-suco-de-sabugueiro-que-aumenta-a-imunidade-da-pele-como-antioxidantes-protegem-contra-danos\/","og_site_name":"Correio Braziliense - Radar","article_published_time":"2025-12-14T19:05:00+00:00","og_image":[{"width":1280,"height":720,"url":"https:\/\/www.correiobraziliense.com.br\/cbradar\/wp-content\/uploads\/2025\/12\/freepik__faa-um-copo-do-suco-de-sabugueiro-img1-img2-img3__92035.jpeg","type":"image\/jpeg"}],"author":"Paulo Custodio","twitter_card":"summary_large_image","twitter_misc":{"Escrito por":"Paulo Custodio","Est. tempo de leitura":"4 minutos"},"schema":{"@context":"https:\/\/schema.org","@graph":[{"@type":"WebPage","@id":"https:\/\/www.correiobraziliense.com.br\/cbradar\/o-suco-de-sabugueiro-que-aumenta-a-imunidade-da-pele-como-antioxidantes-protegem-contra-danos\/","url":"https:\/\/www.correiobraziliense.com.br\/cbradar\/o-suco-de-sabugueiro-que-aumenta-a-imunidade-da-pele-como-antioxidantes-protegem-contra-danos\/","name":"O suco de sabugueiro que aumenta a imunidade da pele: como antioxidantes protegem contra danos - Correio Braziliense - Radar","isPartOf":{"@id":"https:\/\/www.correiobraziliense.com.br\/cbradar\/#website"},"primaryImageOfPage":{"@id":"https:\/\/www.correiobraziliense.com.br\/cbradar\/o-suco-de-sabugueiro-que-aumenta-a-imunidade-da-pele-como-antioxidantes-protegem-contra-danos\/#primaryimage"},"image":{"@id":"https:\/\/www.correiobraziliense.com.br\/cbradar\/o-suco-de-sabugueiro-que-aumenta-a-imunidade-da-pele-como-antioxidantes-protegem-contra-danos\/#primaryimage"},"thumbnailUrl":"https:\/\/www.correiobraziliense.com.br\/cbradar\/wp-content\/uploads\/2025\/12\/freepik__faa-um-copo-do-suco-de-sabugueiro-img1-img2-img3__92035.jpeg","datePublished":"2025-12-14T19:05:00+00:00","author":{"@id":"https:\/\/www.correiobraziliense.com.br\/cbradar\/#\/schema\/person\/4cec7857301a9a1a2ef249893cd908d3"},"description":"Suco de sabugueiro eleva imunidade da pele gra\u00e7as a antioxidantes potentes que protegem contra danos oxidativos e promovem defesa natural eficaz","breadcrumb":{"@id":"https:\/\/www.correiobraziliense.com.br\/cbradar\/o-suco-de-sabugueiro-que-aumenta-a-imunidade-da-pele-como-antioxidantes-protegem-contra-danos\/#breadcrumb"},"inLanguage":"pt-BR","potentialAction":[{"@type":"ReadAction","target":["https:\/\/www.correiobraziliense.com.br\/cbradar\/o-suco-de-sabugueiro-que-aumenta-a-imunidade-da-pele-como-antioxidantes-protegem-contra-danos\/"]}]},{"@type":"ImageObject","inLanguage":"pt-BR","@id":"https:\/\/www.correiobraziliense.com.br\/cbradar\/o-suco-de-sabugueiro-que-aumenta-a-imunidade-da-pele-como-antioxidantes-protegem-contra-danos\/#primaryimage","url":"https:\/\/www.correiobraziliense.com.br\/cbradar\/wp-content\/uploads\/2025\/12\/freepik__faa-um-copo-do-suco-de-sabugueiro-img1-img2-img3__92035.jpeg","contentUrl":"https:\/\/www.correiobraziliense.com.br\/cbradar\/wp-content\/uploads\/2025\/12\/freepik__faa-um-copo-do-suco-de-sabugueiro-img1-img2-img3__92035.jpeg","width":1280,"height":720,"caption":"A\u00e7\u00e3o tradicional no combate a gripes e resfriados"},{"@type":"BreadcrumbList","@id":"https:\/\/www.correiobraziliense.com.br\/cbradar\/o-suco-de-sabugueiro-que-aumenta-a-imunidade-da-pele-como-antioxidantes-protegem-contra-danos\/#breadcrumb","itemListElement":[{"@type":"ListItem","position":1,"name":"In\u00edcio","item":"https:\/\/www.correiobraziliense.com.br\/cbradar\/"},{"@type":"ListItem","position":2,"name":"O suco de sabugueiro que aumenta a imunidade da pele: como antioxidantes protegem contra danos"}]},{"@type":"WebSite","@id":"https:\/\/www.correiobraziliense.com.br\/cbradar\/#website","url":"https:\/\/www.correiobraziliense.com.br\/cbradar\/","name":"Correio Braziliense - Radar","description":"Acompanhe as \u00faltimas not\u00edcias e fique bem informado sobre tudo o que acontece no Brasil e no mundo.","potentialAction":[{"@type":"SearchAction","target":{"@type":"EntryPoint","urlTemplate":"https:\/\/www.correiobraziliense.com.br\/cbradar\/?s={search_term_string}"},"query-input":{"@type":"PropertyValueSpecification","valueRequired":true,"valueName":"search_term_string"}}],"inLanguage":"pt-BR"},{"@type":"Person","@id":"https:\/\/www.correiobraziliense.com.br\/cbradar\/#\/schema\/person\/4cec7857301a9a1a2ef249893cd908d3","name":"Paulo Custodio","image":{"@type":"ImageObject","inLanguage":"pt-BR","@id":"https:\/\/www.correiobraziliense.com.br\/cbradar\/#\/schema\/person\/image\/","url":"https:\/\/secure.gravatar.com\/avatar\/bcd67168d1534e8fcf4f45c726a87cea?s=96&d=mm&r=g","contentUrl":"https:\/\/secure.gravatar.com\/avatar\/bcd67168d1534e8fcf4f45c726a87cea?s=96&d=mm&r=g","caption":"Paulo Custodio"},"sameAs":["https:\/\/www.correiobraziliense.com.br\/cbradar"],"url":"https:\/\/www.correiobraziliense.com.br\/cbradar\/author\/paulomyth\/"}]}},"_links":{"self":[{"href":"https:\/\/www.correiobraziliense.com.br\/cbradar\/wp-json\/wp\/v2\/posts\/154978","targetHints":{"allow":["GET"]}}],"collection":[{"href":"https:\/\/www.correiobraziliense.com.br\/cbradar\/wp-json\/wp\/v2\/posts"}],"about":[{"href":"https:\/\/www.correiobraziliense.com.br\/cbradar\/wp-json\/wp\/v2\/types\/post"}],"author":[{"embeddable":true,"href":"https:\/\/www.correiobraziliense.com.br\/cbradar\/wp-json\/wp\/v2\/users\/11"}],"replies":[{"embeddable":true,"href":"https:\/\/www.correiobraziliense.com.br\/cbradar\/wp-json\/wp\/v2\/comments?post=154978"}],"version-history":[{"count":1,"href":"https:\/\/www.correiobraziliense.com.br\/cbradar\/wp-json\/wp\/v2\/posts\/154978\/revisions"}],"predecessor-version":[{"id":154983,"href":"https:\/\/www.correiobraziliense.com.br\/cbradar\/wp-json\/wp\/v2\/posts\/154978\/revisions\/154983"}],"wp:featuredmedia":[{"embeddable":true,"href":"https:\/\/www.correiobraziliense.com.br\/cbradar\/wp-json\/wp\/v2\/media\/155079"}],"wp:attachment":[{"href":"https:\/\/www.correiobraziliense.com.br\/cbradar\/wp-json\/wp\/v2\/media?parent=154978"}],"wp:term":[{"taxonomy":"category","embeddable":true,"href":"https:\/\/www.correiobraziliense.com.br\/cbradar\/wp-json\/wp\/v2\/categories?post=154978"},{"taxonomy":"post_tag","embeddable":true,"href":"https:\/\/www.correiobraziliense.com.br\/cbradar\/wp-json\/wp\/v2\/tags?post=154978"}],"curies":[{"name":"wp","href":"https:\/\/api.w.org\/{rel}","templated":true}]}}