{"id":155030,"date":"2025-12-13T18:15:00","date_gmt":"2025-12-13T21:15:00","guid":{"rendered":"https:\/\/www.correiobraziliense.com.br\/cbradar\/?p=155030"},"modified":"2025-12-12T13:39:30","modified_gmt":"2025-12-12T16:39:30","slug":"palavras-comuns-que-ninguem-percebe-que-sao-totalmente-erradas","status":"publish","type":"post","link":"https:\/\/www.correiobraziliense.com.br\/cbradar\/palavras-comuns-que-ninguem-percebe-que-sao-totalmente-erradas\/","title":{"rendered":"Palavras comuns que ningu\u00e9m percebe que s\u00e3o totalmente erradas"},"content":{"rendered":"\n<p>No portugu\u00eas do dia a dia, algumas palavras s\u00e3o t\u00e3o usadas que parecem corretas. Em 2025, mesmo com corretores autom\u00e1ticos, muita gente continua escrevendo termos que <strong>simplesmente n\u00e3o existem oficialmente<\/strong> nos dicion\u00e1rios. O motivo \u00e9 a repeti\u00e7\u00e3o: quando um erro se espalha, ele passa a soar \u201cnatural\u201d.<\/p>\n\n\n\n<h2 class=\"wp-block-heading\">Reinvindicar parece certa mas n\u00e3o existe<\/h2>\n\n\n\n<p><strong>Reinvindicar<\/strong> \u00e9 um dos erros mais comuns da l\u00edngua portuguesa. A forma correta \u00e9 <strong>reivindicar<\/strong>, sem o \u201cn\u201d ap\u00f3s o \u201ci\u201d.<\/p>\n\n\n\n<p>A confus\u00e3o acontece porque o som do \u201cn\u201d parece surgir na fala r\u00e1pida, mas ele n\u00e3o faz parte da grafia oficial. Apesar de muito usada no dia a dia, \u201creinvindicar\u201d n\u00e3o aparece em dicion\u00e1rios normativos.<\/p>\n\n\n<div class=\"wp-block-image\">\n<figure class=\"aligncenter size-large\"><img decoding=\"async\" width=\"1024\" height=\"576\" src=\"https:\/\/www.correiobraziliense.com.br\/cbradar\/wp-content\/uploads\/2025\/12\/people-talking_1765557355676-1024x576.jpg\" alt=\"Palavras comuns que ningu\u00e9m percebe que s\u00e3o totalmente erradas\" class=\"wp-image-155037\" srcset=\"https:\/\/www.correiobraziliense.com.br\/cbradar\/wp-content\/uploads\/2025\/12\/people-talking_1765557355676-1024x576.jpg 1024w, https:\/\/www.correiobraziliense.com.br\/cbradar\/wp-content\/uploads\/2025\/12\/people-talking_1765557355676-300x169.jpg 300w, https:\/\/www.correiobraziliense.com.br\/cbradar\/wp-content\/uploads\/2025\/12\/people-talking_1765557355676-768x432.jpg 768w, https:\/\/www.correiobraziliense.com.br\/cbradar\/wp-content\/uploads\/2025\/12\/people-talking_1765557355676-750x422.jpg 750w, https:\/\/www.correiobraziliense.com.br\/cbradar\/wp-content\/uploads\/2025\/12\/people-talking_1765557355676-1140x641.jpg 1140w, https:\/\/www.correiobraziliense.com.br\/cbradar\/wp-content\/uploads\/2025\/12\/people-talking_1765557355676.jpg 1280w\" sizes=\"(max-width: 1024px) 100vw, 1024px\" \/><figcaption class=\"wp-element-caption\">Apesar de muito usada no dia a dia, \u201creinvindicar\u201d n\u00e3o aparece em dicion\u00e1rios normativos &#8211; Cr\u00e9ditos: depositphotos.com \/ VitalikRadko<\/figcaption><\/figure><\/div>\n\n\n<h2 class=\"wp-block-heading\">Beneficiente n\u00e3o \u00e9 sin\u00f4nimo de bondoso<\/h2>\n\n\n\n<p>Muita gente usa <strong>beneficiente<\/strong> para se referir a algu\u00e9m que faz o bem. No entanto, essa palavra n\u00e3o existe com esse sentido.<\/p>\n\n\n\n<p>O termo correto \u00e9 <strong>beneficente<\/strong>, usado para pessoas ou institui\u00e7\u00f5es que praticam caridade. J\u00e1 <strong>beneficiente<\/strong> at\u00e9 aparece em contextos t\u00e9cnicos raros, mas n\u00e3o com o significado popular que se tenta dar a ela.<\/p>\n\n\n\n<h2 class=\"wp-block-heading\">Cabe\u00e7\u00e1rio \u00e9 um erro que passa despercebido<\/h2>\n\n\n\n<p><strong>Cabe\u00e7\u00e1rio<\/strong> \u00e9 outra palavra muito escrita, e muito errada. O correto \u00e9 <strong>cabe\u00e7alho<\/strong>, usado para indicar o in\u00edcio de um texto, documento ou p\u00e1gina.<\/p>\n\n\n\n<p>O erro surge por associa\u00e7\u00e3o com outras palavras terminadas em \u201c\u00e1rio\u201d, mas, no portugu\u00eas padr\u00e3o, \u201ccabe\u00e7\u00e1rio\u201d simplesmente n\u00e3o existe.<\/p>\n\n\n<div class=\"wp-block-image\">\n<figure class=\"aligncenter size-large\"><img decoding=\"async\" width=\"1024\" height=\"576\" src=\"https:\/\/www.correiobraziliense.com.br\/cbradar\/wp-content\/uploads\/2025\/12\/filosofia_1765465357259-1024x576.jpg\" alt=\"Palavras comuns que ningu\u00e9m percebe que s\u00e3o totalmente erradas\" class=\"wp-image-154434\" srcset=\"https:\/\/www.correiobraziliense.com.br\/cbradar\/wp-content\/uploads\/2025\/12\/filosofia_1765465357259-1024x576.jpg 1024w, https:\/\/www.correiobraziliense.com.br\/cbradar\/wp-content\/uploads\/2025\/12\/filosofia_1765465357259-300x169.jpg 300w, https:\/\/www.correiobraziliense.com.br\/cbradar\/wp-content\/uploads\/2025\/12\/filosofia_1765465357259-768x432.jpg 768w, https:\/\/www.correiobraziliense.com.br\/cbradar\/wp-content\/uploads\/2025\/12\/filosofia_1765465357259-750x422.jpg 750w, https:\/\/www.correiobraziliense.com.br\/cbradar\/wp-content\/uploads\/2025\/12\/filosofia_1765465357259-1140x641.jpg 1140w, https:\/\/www.correiobraziliense.com.br\/cbradar\/wp-content\/uploads\/2025\/12\/filosofia_1765465357259.jpg 1280w\" sizes=\"(max-width: 1024px) 100vw, 1024px\" \/><figcaption class=\"wp-element-caption\">Essas palavras se espalham porque s\u00e3o f\u00e1ceis de pronunciar e parecem seguir uma l\u00f3gica da l\u00edngua &#8211; Cr\u00e9ditos: depositphotos.com \/ monticello<\/figcaption><\/figure><\/div>\n\n\n<h2 class=\"wp-block-heading\">Por que esses erros se tornam t\u00e3o populares?<\/h2>\n\n\n\n<p>Essas palavras se espalham porque s\u00e3o f\u00e1ceis de pronunciar e parecem seguir uma l\u00f3gica da l\u00edngua. Al\u00e9m disso, o uso frequente em conversas, redes sociais e at\u00e9 textos informais refor\u00e7a a falsa sensa\u00e7\u00e3o de corre\u00e7\u00e3o.<\/p>\n\n\n\n<p>Em 2025, linguistas explicam que o c\u00e9rebro tende a aceitar como correto aquilo que v\u00ea repetidas vezes, mesmo quando o dicion\u00e1rio diz o contr\u00e1rio, abaixo, <strong>srgestaoenegocios <\/strong>fala sobre em seu TikTok:<\/p>\n\n\n\n<figure class=\"wp-block-embed is-type-video is-provider-tiktok wp-block-embed-tiktok\"><div class=\"wp-block-embed__wrapper\">\n<blockquote class=\"tiktok-embed\" cite=\"https:\/\/www.tiktok.com\/@srgestaoenegocios\/video\/7384272458884467974\" data-video-id=\"7384272458884467974\" data-embed-from=\"oembed\" style=\"max-width:605px; min-width:325px;\"> <section> <a target=\"_blank\" title=\"@srgestaoenegocios\" href=\"https:\/\/www.tiktok.com\/@srgestaoenegocios?refer=embed\">@srgestaoenegocios<\/a> <p>Por que as pessoas falam t\u00e3o errado? <a title=\"linguaportuguesa\" target=\"_blank\" href=\"https:\/\/www.tiktok.com\/tag\/linguaportuguesa?refer=embed\">#linguaportuguesa<\/a> <a title=\"comunicacao\" target=\"_blank\" href=\"https:\/\/www.tiktok.com\/tag\/comunicacao?refer=embed\">#comunicacao<\/a> gestao <a title=\"lideranca\" target=\"_blank\" href=\"https:\/\/www.tiktok.com\/tag\/lideranca?refer=embed\">#lideranca<\/a><\/p> <a target=\"_blank\" title=\"\u266c som original - S&#038;R Gest\u00e3o e Neg\u00f3cios - S&#038;R Gest\u00e3o e Neg\u00f3cios\" href=\"https:\/\/www.tiktok.com\/music\/som-original-SR-Gest\u00e3o-e-Neg\u00f3cios-7384273647824800518?refer=embed\">\u266c som original &#8211; S&#038;R Gest\u00e3o e Neg\u00f3cios &#8211; S&#038;R Gest\u00e3o e Neg\u00f3cios<\/a> <\/section> <\/blockquote> <script async src=\"https:\/\/www.tiktok.com\/embed.js\"><\/script>\n<\/div><\/figure>\n\n\n\n<p>Por isso, aten\u00e7\u00e3o: nem tudo o que soa certo realmente existe. Consultar fontes confi\u00e1veis ainda \u00e9 a melhor forma de evitar erros que passam despercebidos.<\/p>\n","protected":false},"excerpt":{"rendered":"<p>No portugu\u00eas do dia a dia, algumas palavras s\u00e3o t\u00e3o usadas que parecem corretas. Em 2025, mesmo com corretores autom\u00e1ticos, muita gente continua escrevendo termos que simplesmente n\u00e3o existem oficialmente nos dicion\u00e1rios. O motivo \u00e9 a repeti\u00e7\u00e3o: quando um erro se espalha, ele passa a soar \u201cnatural\u201d. Reinvindicar parece certa mas n\u00e3o existe Reinvindicar \u00e9 [&hellip;]<\/p>\n","protected":false},"author":18,"featured_media":155036,"comment_status":"open","ping_status":"open","sticky":false,"template":"","format":"standard","meta":{"_yoast_wpseo_focuskw":"palavras comuns que est\u00e3o erradas","_yoast_wpseo_title":"","_yoast_wpseo_metadesc":"Esses erros passam despercebidos por tanta gente que parecem reais. Saiba o que a l\u00edngua portuguesa realmente aceita.","jnews-multi-image_gallery":[],"jnews_single_post":{"format":"standard"},"jnews_primary_category":[],"jnews_social_meta":[],"jnews_override_counter":[],"footnotes":""},"categories":[112],"tags":[5891,8894,12730,12232],"class_list":["post-155030","post","type-post","status-publish","format-standard","has-post-thumbnail","hentry","category-curiosidades","tag-erros","tag-fala","tag-palavras-comuns","tag-popularidade"],"yoast_head":"<!-- This site is optimized with the Yoast SEO plugin v24.6 - https:\/\/yoast.com\/wordpress\/plugins\/seo\/ -->\n<title>Palavras comuns que ningu\u00e9m percebe que s\u00e3o totalmente erradas - Correio Braziliense - Radar<\/title>\n<meta name=\"description\" content=\"Esses erros passam despercebidos por tanta gente que parecem reais. Saiba o que a l\u00edngua portuguesa realmente aceita.\" \/>\n<meta name=\"robots\" content=\"index, follow, max-snippet:-1, max-image-preview:large, max-video-preview:-1\" \/>\n<link rel=\"canonical\" href=\"https:\/\/www.correiobraziliense.com.br\/cbradar\/palavras-comuns-que-ninguem-percebe-que-sao-totalmente-erradas\/\" \/>\n<meta property=\"og:locale\" content=\"pt_BR\" \/>\n<meta property=\"og:type\" content=\"article\" \/>\n<meta property=\"og:title\" content=\"Palavras comuns que ningu\u00e9m percebe que s\u00e3o totalmente erradas - Correio Braziliense - Radar\" \/>\n<meta property=\"og:description\" content=\"Esses erros passam despercebidos por tanta gente que parecem reais. Saiba o que a l\u00edngua portuguesa realmente aceita.\" \/>\n<meta property=\"og:url\" content=\"https:\/\/www.correiobraziliense.com.br\/cbradar\/palavras-comuns-que-ninguem-percebe-que-sao-totalmente-erradas\/\" \/>\n<meta property=\"og:site_name\" content=\"Correio Braziliense - Radar\" \/>\n<meta property=\"article:published_time\" content=\"2025-12-13T21:15:00+00:00\" \/>\n<meta property=\"og:image\" content=\"https:\/\/www.correiobraziliense.com.br\/cbradar\/wp-content\/uploads\/2025\/12\/people-talking_1765557302613.jpg\" \/>\n\t<meta property=\"og:image:width\" content=\"1280\" \/>\n\t<meta property=\"og:image:height\" content=\"720\" \/>\n\t<meta property=\"og:image:type\" content=\"image\/jpeg\" \/>\n<meta name=\"author\" content=\"Maria Eduarda Pacheco\" \/>\n<meta name=\"twitter:card\" content=\"summary_large_image\" \/>\n<meta name=\"twitter:label1\" content=\"Escrito por\" \/>\n\t<meta name=\"twitter:data1\" content=\"Maria Eduarda Pacheco\" \/>\n\t<meta name=\"twitter:label2\" content=\"Est. tempo de leitura\" \/>\n\t<meta name=\"twitter:data2\" content=\"3 minutos\" \/>\n<!-- \/ Yoast SEO plugin. -->","yoast_head_json":{"title":"Palavras comuns que ningu\u00e9m percebe que s\u00e3o totalmente erradas - Correio Braziliense - Radar","description":"Esses erros passam despercebidos por tanta gente que parecem reais. Saiba o que a l\u00edngua portuguesa realmente aceita.","robots":{"index":"index","follow":"follow","max-snippet":"max-snippet:-1","max-image-preview":"max-image-preview:large","max-video-preview":"max-video-preview:-1"},"canonical":"https:\/\/www.correiobraziliense.com.br\/cbradar\/palavras-comuns-que-ninguem-percebe-que-sao-totalmente-erradas\/","og_locale":"pt_BR","og_type":"article","og_title":"Palavras comuns que ningu\u00e9m percebe que s\u00e3o totalmente erradas - Correio Braziliense - Radar","og_description":"Esses erros passam despercebidos por tanta gente que parecem reais. Saiba o que a l\u00edngua portuguesa realmente aceita.","og_url":"https:\/\/www.correiobraziliense.com.br\/cbradar\/palavras-comuns-que-ninguem-percebe-que-sao-totalmente-erradas\/","og_site_name":"Correio Braziliense - Radar","article_published_time":"2025-12-13T21:15:00+00:00","og_image":[{"width":1280,"height":720,"url":"https:\/\/www.correiobraziliense.com.br\/cbradar\/wp-content\/uploads\/2025\/12\/people-talking_1765557302613.jpg","type":"image\/jpeg"}],"author":"Maria Eduarda Pacheco","twitter_card":"summary_large_image","twitter_misc":{"Escrito por":"Maria Eduarda Pacheco","Est. tempo de leitura":"3 minutos"},"schema":{"@context":"https:\/\/schema.org","@graph":[{"@type":"WebPage","@id":"https:\/\/www.correiobraziliense.com.br\/cbradar\/palavras-comuns-que-ninguem-percebe-que-sao-totalmente-erradas\/","url":"https:\/\/www.correiobraziliense.com.br\/cbradar\/palavras-comuns-que-ninguem-percebe-que-sao-totalmente-erradas\/","name":"Palavras comuns que ningu\u00e9m percebe que s\u00e3o totalmente erradas - Correio Braziliense - Radar","isPartOf":{"@id":"https:\/\/www.correiobraziliense.com.br\/cbradar\/#website"},"primaryImageOfPage":{"@id":"https:\/\/www.correiobraziliense.com.br\/cbradar\/palavras-comuns-que-ninguem-percebe-que-sao-totalmente-erradas\/#primaryimage"},"image":{"@id":"https:\/\/www.correiobraziliense.com.br\/cbradar\/palavras-comuns-que-ninguem-percebe-que-sao-totalmente-erradas\/#primaryimage"},"thumbnailUrl":"https:\/\/www.correiobraziliense.com.br\/cbradar\/wp-content\/uploads\/2025\/12\/people-talking_1765557302613.jpg","datePublished":"2025-12-13T21:15:00+00:00","author":{"@id":"https:\/\/www.correiobraziliense.com.br\/cbradar\/#\/schema\/person\/6fdd694c4c0d658f15df15f390ddf066"},"description":"Esses erros passam despercebidos por tanta gente que parecem reais. Saiba o que a l\u00edngua portuguesa realmente aceita.","breadcrumb":{"@id":"https:\/\/www.correiobraziliense.com.br\/cbradar\/palavras-comuns-que-ninguem-percebe-que-sao-totalmente-erradas\/#breadcrumb"},"inLanguage":"pt-BR","potentialAction":[{"@type":"ReadAction","target":["https:\/\/www.correiobraziliense.com.br\/cbradar\/palavras-comuns-que-ninguem-percebe-que-sao-totalmente-erradas\/"]}]},{"@type":"ImageObject","inLanguage":"pt-BR","@id":"https:\/\/www.correiobraziliense.com.br\/cbradar\/palavras-comuns-que-ninguem-percebe-que-sao-totalmente-erradas\/#primaryimage","url":"https:\/\/www.correiobraziliense.com.br\/cbradar\/wp-content\/uploads\/2025\/12\/people-talking_1765557302613.jpg","contentUrl":"https:\/\/www.correiobraziliense.com.br\/cbradar\/wp-content\/uploads\/2025\/12\/people-talking_1765557302613.jpg","width":1280,"height":720,"caption":"Hoje, \u201cp\u00f4r a m\u00e3o no fogo\u201d significa confiar totalmente em algu\u00e9m, acreditar sem reservas na honestidade ou na atitude de outra pessoa - Cr\u00e9ditos: depositphotos.com \/ HayDmitriy"},{"@type":"BreadcrumbList","@id":"https:\/\/www.correiobraziliense.com.br\/cbradar\/palavras-comuns-que-ninguem-percebe-que-sao-totalmente-erradas\/#breadcrumb","itemListElement":[{"@type":"ListItem","position":1,"name":"In\u00edcio","item":"https:\/\/www.correiobraziliense.com.br\/cbradar\/"},{"@type":"ListItem","position":2,"name":"Palavras comuns que ningu\u00e9m percebe que s\u00e3o totalmente erradas"}]},{"@type":"WebSite","@id":"https:\/\/www.correiobraziliense.com.br\/cbradar\/#website","url":"https:\/\/www.correiobraziliense.com.br\/cbradar\/","name":"Correio Braziliense - Radar","description":"Acompanhe as \u00faltimas not\u00edcias e fique bem informado sobre tudo o que acontece no Brasil e no mundo.","potentialAction":[{"@type":"SearchAction","target":{"@type":"EntryPoint","urlTemplate":"https:\/\/www.correiobraziliense.com.br\/cbradar\/?s={search_term_string}"},"query-input":{"@type":"PropertyValueSpecification","valueRequired":true,"valueName":"search_term_string"}}],"inLanguage":"pt-BR"},{"@type":"Person","@id":"https:\/\/www.correiobraziliense.com.br\/cbradar\/#\/schema\/person\/6fdd694c4c0d658f15df15f390ddf066","name":"Maria Eduarda Pacheco","image":{"@type":"ImageObject","inLanguage":"pt-BR","@id":"https:\/\/www.correiobraziliense.com.br\/cbradar\/#\/schema\/person\/image\/","url":"https:\/\/secure.gravatar.com\/avatar\/f72a487b26fdeec08ba4868875ea328e?s=96&d=mm&r=g","contentUrl":"https:\/\/secure.gravatar.com\/avatar\/f72a487b26fdeec08ba4868875ea328e?s=96&d=mm&r=g","caption":"Maria Eduarda Pacheco"},"sameAs":["https:\/\/www.correiobraziliense.com.br\/cbradar\/"],"url":"https:\/\/www.correiobraziliense.com.br\/cbradar\/author\/maria-eduarda\/"}]}},"_links":{"self":[{"href":"https:\/\/www.correiobraziliense.com.br\/cbradar\/wp-json\/wp\/v2\/posts\/155030","targetHints":{"allow":["GET"]}}],"collection":[{"href":"https:\/\/www.correiobraziliense.com.br\/cbradar\/wp-json\/wp\/v2\/posts"}],"about":[{"href":"https:\/\/www.correiobraziliense.com.br\/cbradar\/wp-json\/wp\/v2\/types\/post"}],"author":[{"embeddable":true,"href":"https:\/\/www.correiobraziliense.com.br\/cbradar\/wp-json\/wp\/v2\/users\/18"}],"replies":[{"embeddable":true,"href":"https:\/\/www.correiobraziliense.com.br\/cbradar\/wp-json\/wp\/v2\/comments?post=155030"}],"version-history":[{"count":1,"href":"https:\/\/www.correiobraziliense.com.br\/cbradar\/wp-json\/wp\/v2\/posts\/155030\/revisions"}],"predecessor-version":[{"id":155039,"href":"https:\/\/www.correiobraziliense.com.br\/cbradar\/wp-json\/wp\/v2\/posts\/155030\/revisions\/155039"}],"wp:featuredmedia":[{"embeddable":true,"href":"https:\/\/www.correiobraziliense.com.br\/cbradar\/wp-json\/wp\/v2\/media\/155036"}],"wp:attachment":[{"href":"https:\/\/www.correiobraziliense.com.br\/cbradar\/wp-json\/wp\/v2\/media?parent=155030"}],"wp:term":[{"taxonomy":"category","embeddable":true,"href":"https:\/\/www.correiobraziliense.com.br\/cbradar\/wp-json\/wp\/v2\/categories?post=155030"},{"taxonomy":"post_tag","embeddable":true,"href":"https:\/\/www.correiobraziliense.com.br\/cbradar\/wp-json\/wp\/v2\/tags?post=155030"}],"curies":[{"name":"wp","href":"https:\/\/api.w.org\/{rel}","templated":true}]}}