{"id":155032,"date":"2025-12-13T07:45:00","date_gmt":"2025-12-13T10:45:00","guid":{"rendered":"https:\/\/www.correiobraziliense.com.br\/cbradar\/?p=155032"},"modified":"2025-12-12T15:26:08","modified_gmt":"2025-12-12T18:26:08","slug":"a-erva-que-acalma-a-mente-e-ainda-e-facilmente-encontrada","status":"publish","type":"post","link":"https:\/\/www.correiobraziliense.com.br\/cbradar\/a-erva-que-acalma-a-mente-e-ainda-e-facilmente-encontrada\/","title":{"rendered":"A erva que acalma a mente e ainda \u00e9 facilmente encontrada"},"content":{"rendered":"\n<p>A <strong>Erva-Cidreira<\/strong> (<em>Melissa officinalis<\/em>), comumente chamada de melissa, possui um papel fundamental na medicina natural devido \u00e0s suas diversas propriedades medicinais. Esta planta, pertencente \u00e0 fam\u00edlia da menta, destaca-se por seu aroma agrad\u00e1vel e por ser uma aliada poderosa no tratamento de condi\u00e7\u00f5es como ansiedade e ins\u00f4nia. Popularizada pelo seu uso milenar, a Erva-Cidreira \u00e9 cada vez mais estudada pela ci\u00eancia moderna.<\/p>\n\n\n\n<p>O \u00f3leo essencial da Erva-Cidreira \u00e9 rico em compostos como citral e citronelal. Estes componentes s\u00e3o respons\u00e1veis por muitos dos benef\u00edcios terap\u00eauticos associados \u00e0 planta, incluindo a promo\u00e7\u00e3o de relaxamento e o al\u00edvio de tens\u00f5es. Sendo assim, seu uso tem sido amplamente indicado para quem busca alternativas naturais aos medicamentos convencionais.<\/p>\n\n\n\n<h2 class=\"wp-block-heading\">Como a Erva-Cidreira ajuda a reduzir a ansiedade?<\/h2>\n\n\n\n<p>O efeito ansiol\u00edtico da Erva-Cidreira \u00e9 uma de suas caracter\u00edsticas mais reconhecidas. Sua a\u00e7\u00e3o sobre o sistema nervoso central ocorre por meio da modula\u00e7\u00e3o de receptores do \u00e1cido gama-aminobut\u00edrico (GABA), que \u00e9 um neurotransmissor crucial para o controle do estresse e da ansiedade. Assim, o consumo regular do ch\u00e1 de Erva-Cidreira pode levar a uma redu\u00e7\u00e3o significativa dos sintomas de ansiedade leve a moderada.<\/p>\n\n\n\n<p>Estudos realizados demonstram que o extrato padronizado de&nbsp;<em>Melissa officinalis<\/em>&nbsp;\u00e9 eficaz na diminui\u00e7\u00e3o do estresse e da ansiedade, gra\u00e7as \u00e0 sua intera\u00e7\u00e3o com os receptores GABA. Essa caracter\u00edstica torna a melissa uma ferramenta \u00fatil para o manejo natural da sa\u00fade mental, oferecendo um suporte eficaz sem efeitos colaterais adversos associados a alguns medicamentos ansiol\u00edticos.<\/p>\n\n\n<div class=\"wp-block-image\">\n<figure class=\"aligncenter size-large\"><img decoding=\"async\" width=\"1024\" height=\"576\" src=\"https:\/\/www.correiobraziliense.com.br\/cbradar\/wp-content\/uploads\/2025\/06\/erva-cidreira_1748965221355-1024x576.jpg\" alt=\"\" class=\"wp-image-47505\" srcset=\"https:\/\/www.correiobraziliense.com.br\/cbradar\/wp-content\/uploads\/2025\/06\/erva-cidreira_1748965221355-1024x576.jpg 1024w, https:\/\/www.correiobraziliense.com.br\/cbradar\/wp-content\/uploads\/2025\/06\/erva-cidreira_1748965221355-300x169.jpg 300w, https:\/\/www.correiobraziliense.com.br\/cbradar\/wp-content\/uploads\/2025\/06\/erva-cidreira_1748965221355-768x432.jpg 768w, https:\/\/www.correiobraziliense.com.br\/cbradar\/wp-content\/uploads\/2025\/06\/erva-cidreira_1748965221355-750x422.jpg 750w, https:\/\/www.correiobraziliense.com.br\/cbradar\/wp-content\/uploads\/2025\/06\/erva-cidreira_1748965221355-1140x641.jpg 1140w, https:\/\/www.correiobraziliense.com.br\/cbradar\/wp-content\/uploads\/2025\/06\/erva-cidreira_1748965221355.jpg 1280w\" sizes=\"(max-width: 1024px) 100vw, 1024px\" \/><figcaption class=\"wp-element-caption\">Erva-cidreira &#8211; Cr\u00e9ditos: depositphotos.com \/ Nikolay_Donetsk<\/figcaption><\/figure><\/div>\n\n\n<h2 class=\"wp-block-heading\">Qual \u00e9 o impacto da Erva-Cidreira na qualidade do sono?<\/h2>\n\n\n\n<p>A rela\u00e7\u00e3o entre Erva-Cidreira e melhoria na qualidade do sono \u00e9 bem documentada. Seu uso tradicional para induzir o sono e melhorar a sua qualidade est\u00e1 associado \u00e0 sua capacidade de reduzir a lat\u00eancia do sono, ou seja, o tempo necess\u00e1rio para adormecer. Isso \u00e9 particularmente ben\u00e9fico para pessoas que sofrem de ins\u00f4nia relacionada ao estresse.<\/p>\n\n\n\n<p>A erva-cidreira \u00e9 frequentemente combinada com valeriana para aumentar seus efeitos sedativos, tornando-a uma op\u00e7\u00e3o segura e natural para tratar a ins\u00f4nia leve. A utiliza\u00e7\u00e3o de suas folhas em infus\u00e3o noturna pode ser uma forma eficaz de conseguir um descanso reparador sem a necessidade de ingerir medicamentos sint\u00e9ticos.<\/p>\n\n\n\n<h2 class=\"wp-block-heading\">Como Cultivar Erva-Cidreira em Casa?<\/h2>\n\n\n\n<p>Cultivar erva-cidreira em casa \u00e9 uma tarefa simples e recompensadora. A planta se desenvolve bem em vasos ou jardins, desde que receba cuidados adequados. \u00c9 importante garantir que a planta tenha acesso a luz solar indireta e que o solo seja mantido \u00famido, mas bem drenado, para evitar o apodrecimento das ra\u00edzes.<\/p>\n\n\n\n<ul class=\"wp-block-list\">\n<li>Utilize mudas ou sementes e plante em solo rico em mat\u00e9ria org\u00e2nica.<\/li>\n\n\n\n<li>Posicione o vaso em local que receba sol pleno ou meia-sombra, especialmente em climas muito quentes.<\/li>\n\n\n\n<li>Mantenha uma rega regular e fa\u00e7a podas peri\u00f3dicas para estimular o crescimento de novas folhas.<\/li>\n<\/ul>\n\n\n\n<p>Ao seguir estas dicas de cultivo, \u00e9 poss\u00edvel manter a erva-cidreira sempre dispon\u00edvel para consumo fresco, garantindo o m\u00e1ximo benef\u00edcio dos seus princ\u00edpios ativos.<\/p>\n\n\n\n<h2 class=\"wp-block-heading\">Uma Alternativa Natural para o Bem-Estar<\/h2>\n\n\n\n<p>A erva-cidreira destaca-se como uma planta essencial para a promo\u00e7\u00e3o do bem-estar f\u00edsico e mental. Seus compostos bioativos, como o citral e o \u00e1cido rosmar\u00ednico, n\u00e3o apenas auxiliam no manejo da ansiedade e da ins\u00f4nia, mas tamb\u00e9m proporcionam um al\u00edvio natural sem os efeitos colaterais de drogas sint\u00e9ticas. Al\u00e9m disso, o cultivo caseiro da melissa pode ser uma pr\u00e1tica relaxante e sustent\u00e1vel, permitindo um contato direto com a natureza e seus benef\u00edcios.<\/p>\n\n\n<a href=\"https:\/\/www.instagram.com\/dra.annaluisabf\/\" target=\"_blank\" rel=\"noopener\" style=\"text-decoration: none; color: inherit;\">\n    <span style=\"display: inline-block; border: 1px solid #ccc; border-radius: 10px; padding: 15px; max-width: 550px; font-family: sans-serif; box-shadow: 0 2px 5px rgba(0,0,0,0.1); width: 100%;\">\n\n      <!-- T\u00edtulo -->\n      <span style=\"display: block; margin: 0 0 15px 0; font-weight: bold; color: #2c3e50; text-align: center;\">\n        Entre em contato:\n      <\/span>\n\n      <!-- Linha do perfil -->\n      <span style=\"display: flex; align-items: center; gap: 15px;\">\n        <img decoding=\"async\"\n          src=\"https:\/\/www.correiobraziliense.com.br\/cbradar\/wp-content\/uploads\/2025\/08\/dra_anna_luisa.jpeg\"\n          alt=\"Foto da Dra. Anna Lu\u00edsa\"\n          style=\"border-radius: 50%; width: 80px; height: 80px; object-fit: cover;\"\n        \/>\n        <span style=\"display: flex; flex-direction: column;\">\n          <span style=\"font-size: 18px; font-weight: 700; color: #2c3e50;\">Dra. Anna Lu\u00edsa Barbosa Fernandes<\/span>\n          <span style=\"color: #555;\">CRM-GO 33.271<\/span>\n        <\/span>\n      <\/span>\n\n      <!-- Redes -->\n      <span style=\"display: flex; align-items: center; gap: 10px; margin-top: 12px;\">\n        <img decoding=\"async\" src=\"https:\/\/cdn-icons-png.flaticon.com\/24\/1384\/1384063.png\" alt=\"Instagram\" width=\"24\" height=\"24\" \/>\n        <span style=\"text-decoration: underline; color: #2c3e50;\">@dra.annaluisabf<\/span>\n      <\/span>\n\n    <\/span>\n  <\/a>","protected":false},"excerpt":{"rendered":"<p>A Erva-Cidreira (Melissa officinalis), comumente chamada de melissa, possui um papel fundamental na medicina natural devido \u00e0s suas diversas propriedades medicinais. Esta planta, pertencente \u00e0 fam\u00edlia da menta, destaca-se por seu aroma agrad\u00e1vel e por ser uma aliada poderosa no tratamento de condi\u00e7\u00f5es como ansiedade e ins\u00f4nia. Popularizada pelo seu uso milenar, a Erva-Cidreira \u00e9 [&hellip;]<\/p>\n","protected":false},"author":14,"featured_media":47506,"comment_status":"open","ping_status":"open","sticky":false,"template":"","format":"standard","meta":{"_yoast_wpseo_focuskw":"Erva-Cidreira","_yoast_wpseo_title":"","_yoast_wpseo_metadesc":"Ansiedade, estresse e ins\u00f4nia? Veja como a Melissa officinalis pode ser uma aliada natural no bem-estar mental e na qualidade do sono.","jnews-multi-image_gallery":[],"jnews_single_post":{"format":"standard"},"jnews_primary_category":[],"jnews_social_meta":[],"jnews_override_counter":[],"footnotes":""},"categories":[4404],"tags":[281,120,1318],"class_list":["post-155032","post","type-post","status-publish","format-standard","has-post-thumbnail","hentry","category-saude","tag-alimentacao","tag-bem-estar","tag-saude-2"],"yoast_head":"<!-- This site is optimized with the Yoast SEO plugin v24.6 - https:\/\/yoast.com\/wordpress\/plugins\/seo\/ -->\n<title>A erva que acalma a mente e ainda \u00e9 facilmente encontrada - Correio Braziliense - Radar<\/title>\n<meta name=\"description\" content=\"Ansiedade, estresse e ins\u00f4nia? Veja como a Melissa officinalis pode ser uma aliada natural no bem-estar mental e na qualidade do sono.\" \/>\n<meta name=\"robots\" content=\"index, follow, max-snippet:-1, max-image-preview:large, max-video-preview:-1\" \/>\n<link rel=\"canonical\" href=\"https:\/\/www.correiobraziliense.com.br\/cbradar\/a-erva-que-acalma-a-mente-e-ainda-e-facilmente-encontrada\/\" \/>\n<meta property=\"og:locale\" content=\"pt_BR\" \/>\n<meta property=\"og:type\" content=\"article\" \/>\n<meta property=\"og:title\" content=\"A erva que acalma a mente e ainda \u00e9 facilmente encontrada - Correio Braziliense - Radar\" \/>\n<meta property=\"og:description\" content=\"Ansiedade, estresse e ins\u00f4nia? Veja como a Melissa officinalis pode ser uma aliada natural no bem-estar mental e na qualidade do sono.\" \/>\n<meta property=\"og:url\" content=\"https:\/\/www.correiobraziliense.com.br\/cbradar\/a-erva-que-acalma-a-mente-e-ainda-e-facilmente-encontrada\/\" \/>\n<meta property=\"og:site_name\" content=\"Correio Braziliense - Radar\" \/>\n<meta property=\"article:published_time\" content=\"2025-12-13T10:45:00+00:00\" \/>\n<meta property=\"og:image\" content=\"https:\/\/www.correiobraziliense.com.br\/cbradar\/wp-content\/uploads\/2025\/06\/erva-cidreira_1748965294021.jpg\" \/>\n\t<meta property=\"og:image:width\" content=\"1280\" \/>\n\t<meta property=\"og:image:height\" content=\"720\" \/>\n\t<meta property=\"og:image:type\" content=\"image\/jpeg\" \/>\n<meta name=\"author\" content=\"guilherme_saude\" \/>\n<meta name=\"twitter:card\" content=\"summary_large_image\" \/>\n<meta name=\"twitter:label1\" content=\"Escrito por\" \/>\n\t<meta name=\"twitter:data1\" content=\"guilherme_saude\" \/>\n\t<meta name=\"twitter:label2\" content=\"Est. tempo de leitura\" \/>\n\t<meta name=\"twitter:data2\" content=\"4 minutos\" \/>\n<!-- \/ Yoast SEO plugin. -->","yoast_head_json":{"title":"A erva que acalma a mente e ainda \u00e9 facilmente encontrada - Correio Braziliense - Radar","description":"Ansiedade, estresse e ins\u00f4nia? Veja como a Melissa officinalis pode ser uma aliada natural no bem-estar mental e na qualidade do sono.","robots":{"index":"index","follow":"follow","max-snippet":"max-snippet:-1","max-image-preview":"max-image-preview:large","max-video-preview":"max-video-preview:-1"},"canonical":"https:\/\/www.correiobraziliense.com.br\/cbradar\/a-erva-que-acalma-a-mente-e-ainda-e-facilmente-encontrada\/","og_locale":"pt_BR","og_type":"article","og_title":"A erva que acalma a mente e ainda \u00e9 facilmente encontrada - Correio Braziliense - Radar","og_description":"Ansiedade, estresse e ins\u00f4nia? Veja como a Melissa officinalis pode ser uma aliada natural no bem-estar mental e na qualidade do sono.","og_url":"https:\/\/www.correiobraziliense.com.br\/cbradar\/a-erva-que-acalma-a-mente-e-ainda-e-facilmente-encontrada\/","og_site_name":"Correio Braziliense - Radar","article_published_time":"2025-12-13T10:45:00+00:00","og_image":[{"width":1280,"height":720,"url":"https:\/\/www.correiobraziliense.com.br\/cbradar\/wp-content\/uploads\/2025\/06\/erva-cidreira_1748965294021.jpg","type":"image\/jpeg"}],"author":"guilherme_saude","twitter_card":"summary_large_image","twitter_misc":{"Escrito por":"guilherme_saude","Est. tempo de leitura":"4 minutos"},"schema":{"@context":"https:\/\/schema.org","@graph":[{"@type":"WebPage","@id":"https:\/\/www.correiobraziliense.com.br\/cbradar\/a-erva-que-acalma-a-mente-e-ainda-e-facilmente-encontrada\/","url":"https:\/\/www.correiobraziliense.com.br\/cbradar\/a-erva-que-acalma-a-mente-e-ainda-e-facilmente-encontrada\/","name":"A erva que acalma a mente e ainda \u00e9 facilmente encontrada - Correio Braziliense - Radar","isPartOf":{"@id":"https:\/\/www.correiobraziliense.com.br\/cbradar\/#website"},"primaryImageOfPage":{"@id":"https:\/\/www.correiobraziliense.com.br\/cbradar\/a-erva-que-acalma-a-mente-e-ainda-e-facilmente-encontrada\/#primaryimage"},"image":{"@id":"https:\/\/www.correiobraziliense.com.br\/cbradar\/a-erva-que-acalma-a-mente-e-ainda-e-facilmente-encontrada\/#primaryimage"},"thumbnailUrl":"https:\/\/www.correiobraziliense.com.br\/cbradar\/wp-content\/uploads\/2025\/06\/erva-cidreira_1748965294021.jpg","datePublished":"2025-12-13T10:45:00+00:00","author":{"@id":"https:\/\/www.correiobraziliense.com.br\/cbradar\/#\/schema\/person\/5aa4bf3c8fa699c267933611de12978b"},"description":"Ansiedade, estresse e ins\u00f4nia? Veja como a Melissa officinalis pode ser uma aliada natural no bem-estar mental e na qualidade do sono.","breadcrumb":{"@id":"https:\/\/www.correiobraziliense.com.br\/cbradar\/a-erva-que-acalma-a-mente-e-ainda-e-facilmente-encontrada\/#breadcrumb"},"inLanguage":"pt-BR","potentialAction":[{"@type":"ReadAction","target":["https:\/\/www.correiobraziliense.com.br\/cbradar\/a-erva-que-acalma-a-mente-e-ainda-e-facilmente-encontrada\/"]}]},{"@type":"ImageObject","inLanguage":"pt-BR","@id":"https:\/\/www.correiobraziliense.com.br\/cbradar\/a-erva-que-acalma-a-mente-e-ainda-e-facilmente-encontrada\/#primaryimage","url":"https:\/\/www.correiobraziliense.com.br\/cbradar\/wp-content\/uploads\/2025\/06\/erva-cidreira_1748965294021.jpg","contentUrl":"https:\/\/www.correiobraziliense.com.br\/cbradar\/wp-content\/uploads\/2025\/06\/erva-cidreira_1748965294021.jpg","width":1280,"height":720,"caption":"Erva-cidreira - Cr\u00e9ditos: depositphotos.com \/ duskbabe"},{"@type":"BreadcrumbList","@id":"https:\/\/www.correiobraziliense.com.br\/cbradar\/a-erva-que-acalma-a-mente-e-ainda-e-facilmente-encontrada\/#breadcrumb","itemListElement":[{"@type":"ListItem","position":1,"name":"In\u00edcio","item":"https:\/\/www.correiobraziliense.com.br\/cbradar\/"},{"@type":"ListItem","position":2,"name":"A erva que acalma a mente e ainda \u00e9 facilmente encontrada"}]},{"@type":"WebSite","@id":"https:\/\/www.correiobraziliense.com.br\/cbradar\/#website","url":"https:\/\/www.correiobraziliense.com.br\/cbradar\/","name":"Correio Braziliense - Radar","description":"Acompanhe as \u00faltimas not\u00edcias e fique bem informado sobre tudo o que acontece no Brasil e no mundo.","potentialAction":[{"@type":"SearchAction","target":{"@type":"EntryPoint","urlTemplate":"https:\/\/www.correiobraziliense.com.br\/cbradar\/?s={search_term_string}"},"query-input":{"@type":"PropertyValueSpecification","valueRequired":true,"valueName":"search_term_string"}}],"inLanguage":"pt-BR"},{"@type":"Person","@id":"https:\/\/www.correiobraziliense.com.br\/cbradar\/#\/schema\/person\/5aa4bf3c8fa699c267933611de12978b","name":"guilherme_saude","image":{"@type":"ImageObject","inLanguage":"pt-BR","@id":"https:\/\/www.correiobraziliense.com.br\/cbradar\/#\/schema\/person\/image\/","url":"https:\/\/secure.gravatar.com\/avatar\/df9adfb835d344bc0af109d41756253f?s=96&d=mm&r=g","contentUrl":"https:\/\/secure.gravatar.com\/avatar\/df9adfb835d344bc0af109d41756253f?s=96&d=mm&r=g","caption":"guilherme_saude"},"url":"https:\/\/www.correiobraziliense.com.br\/cbradar\/author\/guilherme_saude\/"}]}},"_links":{"self":[{"href":"https:\/\/www.correiobraziliense.com.br\/cbradar\/wp-json\/wp\/v2\/posts\/155032","targetHints":{"allow":["GET"]}}],"collection":[{"href":"https:\/\/www.correiobraziliense.com.br\/cbradar\/wp-json\/wp\/v2\/posts"}],"about":[{"href":"https:\/\/www.correiobraziliense.com.br\/cbradar\/wp-json\/wp\/v2\/types\/post"}],"author":[{"embeddable":true,"href":"https:\/\/www.correiobraziliense.com.br\/cbradar\/wp-json\/wp\/v2\/users\/14"}],"replies":[{"embeddable":true,"href":"https:\/\/www.correiobraziliense.com.br\/cbradar\/wp-json\/wp\/v2\/comments?post=155032"}],"version-history":[{"count":1,"href":"https:\/\/www.correiobraziliense.com.br\/cbradar\/wp-json\/wp\/v2\/posts\/155032\/revisions"}],"predecessor-version":[{"id":155086,"href":"https:\/\/www.correiobraziliense.com.br\/cbradar\/wp-json\/wp\/v2\/posts\/155032\/revisions\/155086"}],"wp:featuredmedia":[{"embeddable":true,"href":"https:\/\/www.correiobraziliense.com.br\/cbradar\/wp-json\/wp\/v2\/media\/47506"}],"wp:attachment":[{"href":"https:\/\/www.correiobraziliense.com.br\/cbradar\/wp-json\/wp\/v2\/media?parent=155032"}],"wp:term":[{"taxonomy":"category","embeddable":true,"href":"https:\/\/www.correiobraziliense.com.br\/cbradar\/wp-json\/wp\/v2\/categories?post=155032"},{"taxonomy":"post_tag","embeddable":true,"href":"https:\/\/www.correiobraziliense.com.br\/cbradar\/wp-json\/wp\/v2\/tags?post=155032"}],"curies":[{"name":"wp","href":"https:\/\/api.w.org\/{rel}","templated":true}]}}