{"id":155087,"date":"2025-12-13T06:05:00","date_gmt":"2025-12-13T09:05:00","guid":{"rendered":"https:\/\/www.correiobraziliense.com.br\/cbradar\/?p=155087"},"modified":"2025-12-12T15:36:41","modified_gmt":"2025-12-12T18:36:41","slug":"a-planta-ideal-para-dores-renais-e-prostata-segundo-a-medicina","status":"publish","type":"post","link":"https:\/\/www.correiobraziliense.com.br\/cbradar\/a-planta-ideal-para-dores-renais-e-prostata-segundo-a-medicina\/","title":{"rendered":"A planta ideal para dores renais e pr\u00f3stata segundo a medicina"},"content":{"rendered":"\n<p>A <strong>Urtiga<\/strong>, uma planta comumente encontrada em regi\u00f5es temperadas, tem ganhado aten\u00e7\u00e3o por suas m\u00faltiplas utilidades e benef\u00edcios para a sa\u00fade. Ricas em nutrientes, as urtigas n\u00e3o s\u00e3o apenas alimentos valiosos, mas tamb\u00e9m possuem propriedades medicinais. Al\u00e9m disso, cultivar urtigas em casa oferece a oportunidade de ter acesso constante a essas folhas ben\u00e9ficas.<\/p>\n\n\n\n<p>Por que a\u00a0<strong>Urtiga<\/strong>\u00a0tem sido destaque em discuss\u00f5es sobre sa\u00fade? Al\u00e9m de fornecer um bom n\u00famero de vitaminas e minerais, como ferro, c\u00e1lcio e vitaminas A e C, a urtiga desempenha um papel importante no fortalecimento do sistema imunol\u00f3gico e no combate \u00e0 anemia. Isso ocorre porque a planta ajuda a aumentar a produ\u00e7\u00e3o de gl\u00f3bulos vermelhos. Estudos tamb\u00e9m indicam que a Urtiga pode atuar no controle glic\u00eamico, auxiliando a regular os n\u00edveis de a\u00e7\u00facar no sangue.<\/p>\n\n\n\n<h2 class=\"wp-block-heading\">Quais s\u00e3o os benef\u00edcios espec\u00edficos da Urtiga para a sa\u00fade?<\/h2>\n\n\n\n<p>As propriedades anti-inflamat\u00f3rias naturais da Urtiga fazem dela uma excelente escolha para o al\u00edvio de dores articulares e inflama\u00e7\u00f5es. Isso a torna popular em prepara\u00e7\u00f5es tradicionais, como ch\u00e1s, especialmente em pa\u00edses onde a fitoterapia \u00e9 amplamente aceita, como Alemanha e Su\u00ed\u00e7a. No entanto, \u00e9 importante lembrar que, apesar de seus muitos benef\u00edcios, o consumo de Urtiga deve ser feito com modera\u00e7\u00e3o e, de prefer\u00eancia, sob supervis\u00e3o m\u00e9dica para evitar efeitos adversos indesejados.<\/p>\n\n\n\n<h2 class=\"wp-block-heading\">Como cultivar Urtiga em casa?<\/h2>\n\n\n<div class=\"wp-block-image\">\n<figure class=\"aligncenter size-large\"><img decoding=\"async\" width=\"1024\" height=\"576\" src=\"https:\/\/www.correiobraziliense.com.br\/cbradar\/wp-content\/uploads\/2025\/08\/Urtiga_1755278524565-1024x576.jpg\" alt=\"\" class=\"wp-image-87123\" srcset=\"https:\/\/www.correiobraziliense.com.br\/cbradar\/wp-content\/uploads\/2025\/08\/Urtiga_1755278524565-1024x576.jpg 1024w, https:\/\/www.correiobraziliense.com.br\/cbradar\/wp-content\/uploads\/2025\/08\/Urtiga_1755278524565-300x169.jpg 300w, https:\/\/www.correiobraziliense.com.br\/cbradar\/wp-content\/uploads\/2025\/08\/Urtiga_1755278524565-768x432.jpg 768w, https:\/\/www.correiobraziliense.com.br\/cbradar\/wp-content\/uploads\/2025\/08\/Urtiga_1755278524565-750x422.jpg 750w, https:\/\/www.correiobraziliense.com.br\/cbradar\/wp-content\/uploads\/2025\/08\/Urtiga_1755278524565-1140x641.jpg 1140w, https:\/\/www.correiobraziliense.com.br\/cbradar\/wp-content\/uploads\/2025\/08\/Urtiga_1755278524565.jpg 1280w\" sizes=\"(max-width: 1024px) 100vw, 1024px\" \/><figcaption class=\"wp-element-caption\">Urtiga &#8211; Cr\u00e9ditos: depositphotos.com \/ KostyaKlimenko<\/figcaption><\/figure><\/div>\n\n\n<p>Plantar Urtiga em casa \u00e9 simples e pode ser muito gratificante. Primeiro, escolha um local bem iluminado e com solo f\u00e9rtil. Mesmo em espa\u00e7os urbanos, como apartamentos em S\u00e3o Paulo ou Rio de Janeiro, \u00e9 poss\u00edvel cultivar Urtiga em vasos. Comece com sementes ou mudas e certifique-se de manter o solo \u00famido e bem nutrido com composto org\u00e2nico. \u00c9 recomend\u00e1vel plantar urtigas em \u00e1reas menos frequentadas do jardim, minimizando o risco de contato acidental, dado que as folhas possuem uma textura que pode causar irrita\u00e7\u00e3o na pele.<\/p>\n\n\n\n<h2 class=\"wp-block-heading\">Quais s\u00e3o algumas dicas para garantir um cultivo de sucesso?<\/h2>\n\n\n\n<p>Para promover um cultivo saud\u00e1vel, \u00e9 importante manter uma rotina regular de rega, evitando encharcar o solo. As urtigas preferem climas temperados e ambientes parcialmente sombreados. Al\u00e9m disso, a aplica\u00e7\u00e3o de cobertura morta pode ajudar a conservar a umidade e a <a href=\"https:\/\/www.correiobraziliense.com.br\/cbradar\/a-fruta-mais-saborosa-que-reduz-inflamacoes-protege-as-celulas-e-fornece-vitamina-c\/\" target=\"_blank\" rel=\"noreferrer noopener\">sa\u00fade <\/a>do solo. Em \u00e1reas com clima mais ameno, como os estados do Paran\u00e1 e Santa Catarina, a Urtiga pode crescer particularmente bem.<\/p>\n\n\n\n<ul class=\"wp-block-list\">\n<li>Manter regas regulares sem encharcar.<\/li>\n\n\n\n<li>Simular climas temperados e meia-sombra.<\/li>\n\n\n\n<li>Utilizar cobertura morta para conservar umidade.<\/li>\n\n\n\n<li>Ajustar as condi\u00e7\u00f5es de cultivo ao ambiente local.<\/li>\n<\/ul>\n\n\n\n<p>Por \u00faltimo, cultivar Urtiga em casa n\u00e3o apenas proporciona uma fonte direta de nutrientes essenciais, mas tamb\u00e9m promove um estilo de vida sustent\u00e1vel. O cultivo dom\u00e9stico de plantas medicinais como a Urtiga incentiva uma vida saud\u00e1vel e mais pr\u00f3xima ao meio ambiente, tudo isso enquanto oferece a possibilidade de colher ingredientes frescos e naturais diretamente de seu quintal ou varanda.<\/p>\n\n\n<a href=\"https:\/\/www.instagram.com\/dra.annaluisabf\/\" target=\"_blank\" rel=\"noopener\" style=\"text-decoration: none; color: inherit;\">\n    <span style=\"display: inline-block; border: 1px solid #ccc; border-radius: 10px; padding: 15px; max-width: 550px; font-family: sans-serif; box-shadow: 0 2px 5px rgba(0,0,0,0.1); width: 100%;\">\n\n      <!-- T\u00edtulo -->\n      <span style=\"display: block; margin: 0 0 15px 0; font-weight: bold; color: #2c3e50; text-align: center;\">\n        Entre em contato:\n      <\/span>\n\n      <!-- Linha do perfil -->\n      <span style=\"display: flex; align-items: center; gap: 15px;\">\n        <img decoding=\"async\"\n          src=\"https:\/\/www.correiobraziliense.com.br\/cbradar\/wp-content\/uploads\/2025\/08\/dra_anna_luisa.jpeg\"\n          alt=\"Foto da Dra. Anna Lu\u00edsa\"\n          style=\"border-radius: 50%; width: 80px; height: 80px; object-fit: cover;\"\n        \/>\n        <span style=\"display: flex; flex-direction: column;\">\n          <span style=\"font-size: 18px; font-weight: 700; color: #2c3e50;\">Dra. Anna Lu\u00edsa Barbosa Fernandes<\/span>\n          <span style=\"color: #555;\">CRM-GO 33.271<\/span>\n        <\/span>\n      <\/span>\n\n      <!-- Redes -->\n      <span style=\"display: flex; align-items: center; gap: 10px; margin-top: 12px;\">\n        <img decoding=\"async\" src=\"https:\/\/cdn-icons-png.flaticon.com\/24\/1384\/1384063.png\" alt=\"Instagram\" width=\"24\" height=\"24\" \/>\n        <span style=\"text-decoration: underline; color: #2c3e50;\">@dra.annaluisabf<\/span>\n      <\/span>\n\n    <\/span>\n  <\/a>","protected":false},"excerpt":{"rendered":"<p>A Urtiga, uma planta comumente encontrada em regi\u00f5es temperadas, tem ganhado aten\u00e7\u00e3o por suas m\u00faltiplas utilidades e benef\u00edcios para a sa\u00fade. Ricas em nutrientes, as urtigas n\u00e3o s\u00e3o apenas alimentos valiosos, mas tamb\u00e9m possuem propriedades medicinais. Al\u00e9m disso, cultivar urtigas em casa oferece a oportunidade de ter acesso constante a essas folhas ben\u00e9ficas. Por que [&hellip;]<\/p>\n","protected":false},"author":14,"featured_media":93789,"comment_status":"open","ping_status":"open","sticky":false,"template":"","format":"standard","meta":{"_yoast_wpseo_focuskw":"Urtiga","_yoast_wpseo_title":"","_yoast_wpseo_metadesc":"Urtiga \u00e9 anti-inflamat\u00f3ria, fortalece o sangue e ajuda na imunidade. Veja como cultivar em vasos e aproveitar suas folhas com seguran\u00e7a.","jnews-multi-image_gallery":[],"jnews_single_post":{"format":"standard"},"jnews_primary_category":[],"jnews_social_meta":[],"jnews_override_counter":[],"footnotes":""},"categories":[4404],"tags":[120,404,247,1318],"class_list":["post-155087","post","type-post","status-publish","format-standard","has-post-thumbnail","hentry","category-saude","tag-bem-estar","tag-psicologia","tag-qualidade-de-vida","tag-saude-2"],"yoast_head":"<!-- This site is optimized with the Yoast SEO plugin v24.6 - https:\/\/yoast.com\/wordpress\/plugins\/seo\/ -->\n<title>A planta ideal para dores renais e pr\u00f3stata segundo a medicina - Correio Braziliense - Radar<\/title>\n<meta name=\"description\" content=\"Urtiga \u00e9 anti-inflamat\u00f3ria, fortalece o sangue e ajuda na imunidade. Veja como cultivar em vasos e aproveitar suas folhas com seguran\u00e7a.\" \/>\n<meta name=\"robots\" content=\"index, follow, max-snippet:-1, max-image-preview:large, max-video-preview:-1\" \/>\n<link rel=\"canonical\" href=\"https:\/\/www.correiobraziliense.com.br\/cbradar\/a-planta-ideal-para-dores-renais-e-prostata-segundo-a-medicina\/\" \/>\n<meta property=\"og:locale\" content=\"pt_BR\" \/>\n<meta property=\"og:type\" content=\"article\" \/>\n<meta property=\"og:title\" content=\"A planta ideal para dores renais e pr\u00f3stata segundo a medicina - Correio Braziliense - Radar\" \/>\n<meta property=\"og:description\" content=\"Urtiga \u00e9 anti-inflamat\u00f3ria, fortalece o sangue e ajuda na imunidade. Veja como cultivar em vasos e aproveitar suas folhas com seguran\u00e7a.\" \/>\n<meta property=\"og:url\" content=\"https:\/\/www.correiobraziliense.com.br\/cbradar\/a-planta-ideal-para-dores-renais-e-prostata-segundo-a-medicina\/\" \/>\n<meta property=\"og:site_name\" content=\"Correio Braziliense - Radar\" \/>\n<meta property=\"article:published_time\" content=\"2025-12-13T09:05:00+00:00\" \/>\n<meta property=\"og:image\" content=\"https:\/\/www.correiobraziliense.com.br\/cbradar\/wp-content\/uploads\/2025\/08\/urtiga_1756244917700.jpg\" \/>\n\t<meta property=\"og:image:width\" content=\"1280\" \/>\n\t<meta property=\"og:image:height\" content=\"720\" \/>\n\t<meta property=\"og:image:type\" content=\"image\/jpeg\" \/>\n<meta name=\"author\" content=\"guilherme_saude\" \/>\n<meta name=\"twitter:card\" content=\"summary_large_image\" \/>\n<meta name=\"twitter:label1\" content=\"Escrito por\" \/>\n\t<meta name=\"twitter:data1\" content=\"guilherme_saude\" \/>\n\t<meta name=\"twitter:label2\" content=\"Est. tempo de leitura\" \/>\n\t<meta name=\"twitter:data2\" content=\"4 minutos\" \/>\n<!-- \/ Yoast SEO plugin. -->","yoast_head_json":{"title":"A planta ideal para dores renais e pr\u00f3stata segundo a medicina - Correio Braziliense - Radar","description":"Urtiga \u00e9 anti-inflamat\u00f3ria, fortalece o sangue e ajuda na imunidade. Veja como cultivar em vasos e aproveitar suas folhas com seguran\u00e7a.","robots":{"index":"index","follow":"follow","max-snippet":"max-snippet:-1","max-image-preview":"max-image-preview:large","max-video-preview":"max-video-preview:-1"},"canonical":"https:\/\/www.correiobraziliense.com.br\/cbradar\/a-planta-ideal-para-dores-renais-e-prostata-segundo-a-medicina\/","og_locale":"pt_BR","og_type":"article","og_title":"A planta ideal para dores renais e pr\u00f3stata segundo a medicina - Correio Braziliense - Radar","og_description":"Urtiga \u00e9 anti-inflamat\u00f3ria, fortalece o sangue e ajuda na imunidade. Veja como cultivar em vasos e aproveitar suas folhas com seguran\u00e7a.","og_url":"https:\/\/www.correiobraziliense.com.br\/cbradar\/a-planta-ideal-para-dores-renais-e-prostata-segundo-a-medicina\/","og_site_name":"Correio Braziliense - Radar","article_published_time":"2025-12-13T09:05:00+00:00","og_image":[{"width":1280,"height":720,"url":"https:\/\/www.correiobraziliense.com.br\/cbradar\/wp-content\/uploads\/2025\/08\/urtiga_1756244917700.jpg","type":"image\/jpeg"}],"author":"guilherme_saude","twitter_card":"summary_large_image","twitter_misc":{"Escrito por":"guilherme_saude","Est. tempo de leitura":"4 minutos"},"schema":{"@context":"https:\/\/schema.org","@graph":[{"@type":"WebPage","@id":"https:\/\/www.correiobraziliense.com.br\/cbradar\/a-planta-ideal-para-dores-renais-e-prostata-segundo-a-medicina\/","url":"https:\/\/www.correiobraziliense.com.br\/cbradar\/a-planta-ideal-para-dores-renais-e-prostata-segundo-a-medicina\/","name":"A planta ideal para dores renais e pr\u00f3stata segundo a medicina - Correio Braziliense - Radar","isPartOf":{"@id":"https:\/\/www.correiobraziliense.com.br\/cbradar\/#website"},"primaryImageOfPage":{"@id":"https:\/\/www.correiobraziliense.com.br\/cbradar\/a-planta-ideal-para-dores-renais-e-prostata-segundo-a-medicina\/#primaryimage"},"image":{"@id":"https:\/\/www.correiobraziliense.com.br\/cbradar\/a-planta-ideal-para-dores-renais-e-prostata-segundo-a-medicina\/#primaryimage"},"thumbnailUrl":"https:\/\/www.correiobraziliense.com.br\/cbradar\/wp-content\/uploads\/2025\/08\/urtiga_1756244917700.jpg","datePublished":"2025-12-13T09:05:00+00:00","author":{"@id":"https:\/\/www.correiobraziliense.com.br\/cbradar\/#\/schema\/person\/5aa4bf3c8fa699c267933611de12978b"},"description":"Urtiga \u00e9 anti-inflamat\u00f3ria, fortalece o sangue e ajuda na imunidade. Veja como cultivar em vasos e aproveitar suas folhas com seguran\u00e7a.","breadcrumb":{"@id":"https:\/\/www.correiobraziliense.com.br\/cbradar\/a-planta-ideal-para-dores-renais-e-prostata-segundo-a-medicina\/#breadcrumb"},"inLanguage":"pt-BR","potentialAction":[{"@type":"ReadAction","target":["https:\/\/www.correiobraziliense.com.br\/cbradar\/a-planta-ideal-para-dores-renais-e-prostata-segundo-a-medicina\/"]}]},{"@type":"ImageObject","inLanguage":"pt-BR","@id":"https:\/\/www.correiobraziliense.com.br\/cbradar\/a-planta-ideal-para-dores-renais-e-prostata-segundo-a-medicina\/#primaryimage","url":"https:\/\/www.correiobraziliense.com.br\/cbradar\/wp-content\/uploads\/2025\/08\/urtiga_1756244917700.jpg","contentUrl":"https:\/\/www.correiobraziliense.com.br\/cbradar\/wp-content\/uploads\/2025\/08\/urtiga_1756244917700.jpg","width":1280,"height":720,"caption":"O segredo natural da urtiga para dor reum\u00e1tica e vitalidade do organismo - Cr\u00e9ditos: depositphotos.com \/ AntonMatyukha"},{"@type":"BreadcrumbList","@id":"https:\/\/www.correiobraziliense.com.br\/cbradar\/a-planta-ideal-para-dores-renais-e-prostata-segundo-a-medicina\/#breadcrumb","itemListElement":[{"@type":"ListItem","position":1,"name":"In\u00edcio","item":"https:\/\/www.correiobraziliense.com.br\/cbradar\/"},{"@type":"ListItem","position":2,"name":"A planta ideal para dores renais e pr\u00f3stata segundo a medicina"}]},{"@type":"WebSite","@id":"https:\/\/www.correiobraziliense.com.br\/cbradar\/#website","url":"https:\/\/www.correiobraziliense.com.br\/cbradar\/","name":"Correio Braziliense - Radar","description":"Acompanhe as \u00faltimas not\u00edcias e fique bem informado sobre tudo o que acontece no Brasil e no mundo.","potentialAction":[{"@type":"SearchAction","target":{"@type":"EntryPoint","urlTemplate":"https:\/\/www.correiobraziliense.com.br\/cbradar\/?s={search_term_string}"},"query-input":{"@type":"PropertyValueSpecification","valueRequired":true,"valueName":"search_term_string"}}],"inLanguage":"pt-BR"},{"@type":"Person","@id":"https:\/\/www.correiobraziliense.com.br\/cbradar\/#\/schema\/person\/5aa4bf3c8fa699c267933611de12978b","name":"guilherme_saude","image":{"@type":"ImageObject","inLanguage":"pt-BR","@id":"https:\/\/www.correiobraziliense.com.br\/cbradar\/#\/schema\/person\/image\/","url":"https:\/\/secure.gravatar.com\/avatar\/df9adfb835d344bc0af109d41756253f?s=96&d=mm&r=g","contentUrl":"https:\/\/secure.gravatar.com\/avatar\/df9adfb835d344bc0af109d41756253f?s=96&d=mm&r=g","caption":"guilherme_saude"},"url":"https:\/\/www.correiobraziliense.com.br\/cbradar\/author\/guilherme_saude\/"}]}},"_links":{"self":[{"href":"https:\/\/www.correiobraziliense.com.br\/cbradar\/wp-json\/wp\/v2\/posts\/155087","targetHints":{"allow":["GET"]}}],"collection":[{"href":"https:\/\/www.correiobraziliense.com.br\/cbradar\/wp-json\/wp\/v2\/posts"}],"about":[{"href":"https:\/\/www.correiobraziliense.com.br\/cbradar\/wp-json\/wp\/v2\/types\/post"}],"author":[{"embeddable":true,"href":"https:\/\/www.correiobraziliense.com.br\/cbradar\/wp-json\/wp\/v2\/users\/14"}],"replies":[{"embeddable":true,"href":"https:\/\/www.correiobraziliense.com.br\/cbradar\/wp-json\/wp\/v2\/comments?post=155087"}],"version-history":[{"count":1,"href":"https:\/\/www.correiobraziliense.com.br\/cbradar\/wp-json\/wp\/v2\/posts\/155087\/revisions"}],"predecessor-version":[{"id":155088,"href":"https:\/\/www.correiobraziliense.com.br\/cbradar\/wp-json\/wp\/v2\/posts\/155087\/revisions\/155088"}],"wp:featuredmedia":[{"embeddable":true,"href":"https:\/\/www.correiobraziliense.com.br\/cbradar\/wp-json\/wp\/v2\/media\/93789"}],"wp:attachment":[{"href":"https:\/\/www.correiobraziliense.com.br\/cbradar\/wp-json\/wp\/v2\/media?parent=155087"}],"wp:term":[{"taxonomy":"category","embeddable":true,"href":"https:\/\/www.correiobraziliense.com.br\/cbradar\/wp-json\/wp\/v2\/categories?post=155087"},{"taxonomy":"post_tag","embeddable":true,"href":"https:\/\/www.correiobraziliense.com.br\/cbradar\/wp-json\/wp\/v2\/tags?post=155087"}],"curies":[{"name":"wp","href":"https:\/\/api.w.org\/{rel}","templated":true}]}}