{"id":155096,"date":"2025-12-13T15:55:00","date_gmt":"2025-12-13T18:55:00","guid":{"rendered":"https:\/\/www.correiobraziliense.com.br\/cbradar\/?p=155096"},"modified":"2025-12-12T16:17:19","modified_gmt":"2025-12-12T19:17:19","slug":"por-que-evitar-refrigerantes-mesmo-sem-acucar","status":"publish","type":"post","link":"https:\/\/www.correiobraziliense.com.br\/cbradar\/por-que-evitar-refrigerantes-mesmo-sem-acucar\/","title":{"rendered":"Por que evitar refrigerantes mesmo sem a\u00e7\u00facar?"},"content":{"rendered":"\n<p>Os <strong>Refrigerantes Sem A\u00e7\u00facar<\/strong> t\u00eam sido amplamente consumidos por pessoas que buscam reduzir a ingest\u00e3o cal\u00f3rica. No entanto, esses produtos est\u00e3o envoltos em controv\u00e9rsias e desinforma\u00e7\u00f5es. Contrariando a ideia de que essas bebidas s\u00e3o completamente inofensivas e eficazes no aux\u00edlio ao emagrecimento, novas pesquisas t\u00eam trazido \u00e0 tona poss\u00edveis riscos associados ao seu consumo. Um estudo recente associa essas bebidas a um aumento de 60% no risco de desenvolver gordura no f\u00edgado, destacando a possibilidade de disfun\u00e7\u00e3o metab\u00f3lica causada pelo consumo excessivo dessas subst\u00e2ncias.<\/p>\n\n\n\n<p>Ademais, o impacto dos ado\u00e7antes no comportamento alimentar \u00e9 motivo de preocupa\u00e7\u00e3o. Por manterem o paladar condicionado ao sabor doce, essas bebidas podem fomentar a chamada \u201ccompensa\u00e7\u00e3o cal\u00f3rica\u201d. Isso pode levar a um aumento do consumo de calorias em outras refei\u00e7\u00f5es, comprometendo a reeduca\u00e7\u00e3o alimentar. Muitos especialistas apontam que, apesar da aus\u00eancia de calorias, essas bebidas n\u00e3o s\u00e3o consideradas saud\u00e1veis ou seguras.<\/p>\n\n\n\n<h2 class=\"wp-block-heading\">O que revelam as pesquisas cient\u00edficas?<\/h2>\n\n\n\n<p>Pesquisas indicam que o consumo frequente de Refrigerantes Sem A\u00e7\u00facar pode trazer diversos preju\u00edzos \u00e0 sa\u00fade, al\u00e9m do f\u00edgado. O impacto negativo \u00e9 vis\u00edvel tamb\u00e9m na sa\u00fade bucal e \u00f3ssea. Esses refrigerantes costumam conter aditivos acidificados e valores baixos de pH, o que pode causar desgaste dent\u00e1rio e um aumento no risco de c\u00e1ries. A densidade \u00f3ssea tamb\u00e9m sofre devido ao \u00e1cido fosf\u00f3rico presente nessas bebidas, particularmente as \u00e0 base de cola.<\/p>\n\n\n<div class=\"wp-block-image\">\n<figure class=\"aligncenter size-large\"><img decoding=\"async\" width=\"1024\" height=\"576\" src=\"https:\/\/www.correiobraziliense.com.br\/cbradar\/wp-content\/uploads\/2025\/06\/Zero-Acucar_1749264899827-1024x576.jpg\" alt=\"\" class=\"wp-image-49328\" srcset=\"https:\/\/www.correiobraziliense.com.br\/cbradar\/wp-content\/uploads\/2025\/06\/Zero-Acucar_1749264899827-1024x576.jpg 1024w, https:\/\/www.correiobraziliense.com.br\/cbradar\/wp-content\/uploads\/2025\/06\/Zero-Acucar_1749264899827-300x169.jpg 300w, https:\/\/www.correiobraziliense.com.br\/cbradar\/wp-content\/uploads\/2025\/06\/Zero-Acucar_1749264899827-768x432.jpg 768w, https:\/\/www.correiobraziliense.com.br\/cbradar\/wp-content\/uploads\/2025\/06\/Zero-Acucar_1749264899827-750x422.jpg 750w, https:\/\/www.correiobraziliense.com.br\/cbradar\/wp-content\/uploads\/2025\/06\/Zero-Acucar_1749264899827-1140x642.jpg 1140w, https:\/\/www.correiobraziliense.com.br\/cbradar\/wp-content\/uploads\/2025\/06\/Zero-Acucar_1749264899827.jpg 1279w\" sizes=\"(max-width: 1024px) 100vw, 1024px\" \/><figcaption class=\"wp-element-caption\">Zero a\u00e7ucar &#8211; Cr\u00e9ditos: depositphotos.com \/ kornienkoalex<\/figcaption><\/figure><\/div>\n\n\n<h2 class=\"wp-block-heading\">Quais os dilemas dos ado\u00e7antes artificiais?<\/h2>\n\n\n\n<p>Os ado\u00e7antes artificiais, usados para preservar o sabor doce dos refrigerantes sem aumentar as calorias, n\u00e3o s\u00e3o metabolizados pelo organismo. No entanto, o sabor doce pode induzir uma resposta indesejada, provocando a libera\u00e7\u00e3o de insulina sob a expectativa de chegada de glicose, a qual n\u00e3o ocorre. Estudos recentes indicam que esses compostos podem desregular o metabolismo e alterar a microbiota intestinal, impactando a gest\u00e3o da glicose e da gordura pelo organismo.<\/p>\n\n\n\n<h2 class=\"wp-block-heading\">Quais alternativas saud\u00e1veis substituem os refrigerantes?<\/h2>\n\n\n\n<p>Uma das estrat\u00e9gias para evitar os riscos dos refrigerantes, sejam eles com ou sem a\u00e7\u00facar, \u00e9 optar por alternativas naturais. O Guia Alimentar para a Popula\u00e7\u00e3o Brasileira n\u00e3o estabelece recomenda\u00e7\u00f5es para o consumo de refrigerantes, enfatizando a import\u00e2ncia de priorizar bebidas que n\u00e3o causem danos \u00e0 <a href=\"https:\/\/www.correiobraziliense.com.br\/cbradar\/dr-cesar-cimonari-neurocirurgiao-como-funciona-o-implante-de-disco-artificial\/\" target=\"_blank\" rel=\"noreferrer noopener\">sa\u00fade<\/a>. Entre as op\u00e7\u00f5es mais saud\u00e1veis est\u00e3o \u00e1guas saborizadas, ch\u00e1s gelados naturais e \u00e1gua de coco.<\/p>\n\n\n\n<p>Por exemplo, a \u00e1gua saborizada de lim\u00e3o e hortel\u00e3 \u00e9 uma alternativa refrescante e saud\u00e1vel. Para prepar\u00e1-la, basta misturar \u00e1gua com suco de lim\u00e3o espremido, fatias de lim\u00e3o e folhas de hortel\u00e3, refrigerando por alguns minutos. Ch\u00e1 gelado de hibisco e canela tamb\u00e9m \u00e9 f\u00e1cil de preparar: basta ferver \u00e1gua com hibisco, canela e gengibre, coar e servir com gelo. Refresco de maracuj\u00e1 \u00e9 outra op\u00e7\u00e3o, feita com polpa de maracuj\u00e1, \u00e1gua com g\u00e1s e hortel\u00e3.<\/p>\n\n\n\n<h2 class=\"wp-block-heading\">Quais as considera\u00e7\u00f5es sobre a reeduca\u00e7\u00e3o alimentar?<\/h2>\n\n\n\n<p>A reeduca\u00e7\u00e3o alimentar orientada por profissionais especializados \u00e9 vital para quem deseja adotar h\u00e1bitos saud\u00e1veis. Evitar bebidas ultraprocessadas \u00e9 um passo crucial nesse processo. Manter prefer\u00eancias por sabores doces pode dificultar essa transi\u00e7\u00e3o, por isso, adotar bebidas naturais ajuda a regular o paladar, promovendo um h\u00e1bito alimentar mais equilibrado e saud\u00e1vel a longo prazo.<\/p>\n\n\n<a href=\"https:\/\/www.instagram.com\/dra.annaluisabf\/\" target=\"_blank\" rel=\"noopener\" style=\"text-decoration: none; color: inherit;\">\n    <span style=\"display: inline-block; border: 1px solid #ccc; border-radius: 10px; padding: 15px; max-width: 550px; font-family: sans-serif; box-shadow: 0 2px 5px rgba(0,0,0,0.1); width: 100%;\">\n\n      <!-- T\u00edtulo -->\n      <span style=\"display: block; margin: 0 0 15px 0; font-weight: bold; color: #2c3e50; text-align: center;\">\n        Entre em contato:\n      <\/span>\n\n      <!-- Linha do perfil -->\n      <span style=\"display: flex; align-items: center; gap: 15px;\">\n        <img decoding=\"async\"\n          src=\"https:\/\/www.correiobraziliense.com.br\/cbradar\/wp-content\/uploads\/2025\/08\/dra_anna_luisa.jpeg\"\n          alt=\"Foto da Dra. Anna Lu\u00edsa\"\n          style=\"border-radius: 50%; width: 80px; height: 80px; object-fit: cover;\"\n        \/>\n        <span style=\"display: flex; flex-direction: column;\">\n          <span style=\"font-size: 18px; font-weight: 700; color: #2c3e50;\">Dra. Anna Lu\u00edsa Barbosa Fernandes<\/span>\n          <span style=\"color: #555;\">CRM-GO 33.271<\/span>\n        <\/span>\n      <\/span>\n\n      <!-- Redes -->\n      <span style=\"display: flex; align-items: center; gap: 10px; margin-top: 12px;\">\n        <img decoding=\"async\" src=\"https:\/\/cdn-icons-png.flaticon.com\/24\/1384\/1384063.png\" alt=\"Instagram\" width=\"24\" height=\"24\" \/>\n        <span style=\"text-decoration: underline; color: #2c3e50;\">@dra.annaluisabf<\/span>\n      <\/span>\n\n    <\/span>\n  <\/a>","protected":false},"excerpt":{"rendered":"<p>Os Refrigerantes Sem A\u00e7\u00facar t\u00eam sido amplamente consumidos por pessoas que buscam reduzir a ingest\u00e3o cal\u00f3rica. No entanto, esses produtos est\u00e3o envoltos em controv\u00e9rsias e desinforma\u00e7\u00f5es. Contrariando a ideia de que essas bebidas s\u00e3o completamente inofensivas e eficazes no aux\u00edlio ao emagrecimento, novas pesquisas t\u00eam trazido \u00e0 tona poss\u00edveis riscos associados ao seu consumo. Um [&hellip;]<\/p>\n","protected":false},"author":14,"featured_media":100426,"comment_status":"open","ping_status":"open","sticky":false,"template":"","format":"standard","meta":{"_yoast_wpseo_focuskw":"Refrigerantes Sem A\u00e7\u00facar","_yoast_wpseo_title":"","_yoast_wpseo_metadesc":"Refrigerantes zero podem parecer inofensivos, mas estudos revelam riscos ao f\u00edgado, dentes e metabolismo. Saiba o que evitar e como substituir.","jnews-multi-image_gallery":[],"jnews_single_post":{"format":"standard"},"jnews_primary_category":[],"jnews_social_meta":[],"jnews_override_counter":[],"footnotes":""},"categories":[4404],"tags":[281,120,1318],"class_list":["post-155096","post","type-post","status-publish","format-standard","has-post-thumbnail","hentry","category-saude","tag-alimentacao","tag-bem-estar","tag-saude-2"],"yoast_head":"<!-- This site is optimized with the Yoast SEO plugin v24.6 - https:\/\/yoast.com\/wordpress\/plugins\/seo\/ -->\n<title>Por que evitar refrigerantes mesmo sem a\u00e7\u00facar? - Correio Braziliense - Radar<\/title>\n<meta name=\"description\" content=\"Refrigerantes zero podem parecer inofensivos, mas estudos revelam riscos ao f\u00edgado, dentes e metabolismo. Saiba o que evitar e como substituir.\" \/>\n<meta name=\"robots\" content=\"index, follow, max-snippet:-1, max-image-preview:large, max-video-preview:-1\" \/>\n<link rel=\"canonical\" href=\"https:\/\/www.correiobraziliense.com.br\/cbradar\/por-que-evitar-refrigerantes-mesmo-sem-acucar\/\" \/>\n<meta property=\"og:locale\" content=\"pt_BR\" \/>\n<meta property=\"og:type\" content=\"article\" \/>\n<meta property=\"og:title\" content=\"Por que evitar refrigerantes mesmo sem a\u00e7\u00facar? - Correio Braziliense - Radar\" \/>\n<meta property=\"og:description\" content=\"Refrigerantes zero podem parecer inofensivos, mas estudos revelam riscos ao f\u00edgado, dentes e metabolismo. Saiba o que evitar e como substituir.\" \/>\n<meta property=\"og:url\" content=\"https:\/\/www.correiobraziliense.com.br\/cbradar\/por-que-evitar-refrigerantes-mesmo-sem-acucar\/\" \/>\n<meta property=\"og:site_name\" content=\"Correio Braziliense - Radar\" \/>\n<meta property=\"article:published_time\" content=\"2025-12-13T18:55:00+00:00\" \/>\n<meta property=\"og:image\" content=\"https:\/\/www.correiobraziliense.com.br\/cbradar\/wp-content\/uploads\/2025\/09\/refrigerante_1757289846523.jpg\" \/>\n\t<meta property=\"og:image:width\" content=\"1280\" \/>\n\t<meta property=\"og:image:height\" content=\"720\" \/>\n\t<meta property=\"og:image:type\" content=\"image\/jpeg\" \/>\n<meta name=\"author\" content=\"guilherme_saude\" \/>\n<meta name=\"twitter:card\" content=\"summary_large_image\" \/>\n<meta name=\"twitter:label1\" content=\"Escrito por\" \/>\n\t<meta name=\"twitter:data1\" content=\"guilherme_saude\" \/>\n\t<meta name=\"twitter:label2\" content=\"Est. tempo de leitura\" \/>\n\t<meta name=\"twitter:data2\" content=\"4 minutos\" \/>\n<!-- \/ Yoast SEO plugin. -->","yoast_head_json":{"title":"Por que evitar refrigerantes mesmo sem a\u00e7\u00facar? - Correio Braziliense - Radar","description":"Refrigerantes zero podem parecer inofensivos, mas estudos revelam riscos ao f\u00edgado, dentes e metabolismo. Saiba o que evitar e como substituir.","robots":{"index":"index","follow":"follow","max-snippet":"max-snippet:-1","max-image-preview":"max-image-preview:large","max-video-preview":"max-video-preview:-1"},"canonical":"https:\/\/www.correiobraziliense.com.br\/cbradar\/por-que-evitar-refrigerantes-mesmo-sem-acucar\/","og_locale":"pt_BR","og_type":"article","og_title":"Por que evitar refrigerantes mesmo sem a\u00e7\u00facar? - Correio Braziliense - Radar","og_description":"Refrigerantes zero podem parecer inofensivos, mas estudos revelam riscos ao f\u00edgado, dentes e metabolismo. Saiba o que evitar e como substituir.","og_url":"https:\/\/www.correiobraziliense.com.br\/cbradar\/por-que-evitar-refrigerantes-mesmo-sem-acucar\/","og_site_name":"Correio Braziliense - Radar","article_published_time":"2025-12-13T18:55:00+00:00","og_image":[{"width":1280,"height":720,"url":"https:\/\/www.correiobraziliense.com.br\/cbradar\/wp-content\/uploads\/2025\/09\/refrigerante_1757289846523.jpg","type":"image\/jpeg"}],"author":"guilherme_saude","twitter_card":"summary_large_image","twitter_misc":{"Escrito por":"guilherme_saude","Est. tempo de leitura":"4 minutos"},"schema":{"@context":"https:\/\/schema.org","@graph":[{"@type":"WebPage","@id":"https:\/\/www.correiobraziliense.com.br\/cbradar\/por-que-evitar-refrigerantes-mesmo-sem-acucar\/","url":"https:\/\/www.correiobraziliense.com.br\/cbradar\/por-que-evitar-refrigerantes-mesmo-sem-acucar\/","name":"Por que evitar refrigerantes mesmo sem a\u00e7\u00facar? - Correio Braziliense - Radar","isPartOf":{"@id":"https:\/\/www.correiobraziliense.com.br\/cbradar\/#website"},"primaryImageOfPage":{"@id":"https:\/\/www.correiobraziliense.com.br\/cbradar\/por-que-evitar-refrigerantes-mesmo-sem-acucar\/#primaryimage"},"image":{"@id":"https:\/\/www.correiobraziliense.com.br\/cbradar\/por-que-evitar-refrigerantes-mesmo-sem-acucar\/#primaryimage"},"thumbnailUrl":"https:\/\/www.correiobraziliense.com.br\/cbradar\/wp-content\/uploads\/2025\/09\/refrigerante_1757289846523.jpg","datePublished":"2025-12-13T18:55:00+00:00","author":{"@id":"https:\/\/www.correiobraziliense.com.br\/cbradar\/#\/schema\/person\/5aa4bf3c8fa699c267933611de12978b"},"description":"Refrigerantes zero podem parecer inofensivos, mas estudos revelam riscos ao f\u00edgado, dentes e metabolismo. Saiba o que evitar e como substituir.","breadcrumb":{"@id":"https:\/\/www.correiobraziliense.com.br\/cbradar\/por-que-evitar-refrigerantes-mesmo-sem-acucar\/#breadcrumb"},"inLanguage":"pt-BR","potentialAction":[{"@type":"ReadAction","target":["https:\/\/www.correiobraziliense.com.br\/cbradar\/por-que-evitar-refrigerantes-mesmo-sem-acucar\/"]}]},{"@type":"ImageObject","inLanguage":"pt-BR","@id":"https:\/\/www.correiobraziliense.com.br\/cbradar\/por-que-evitar-refrigerantes-mesmo-sem-acucar\/#primaryimage","url":"https:\/\/www.correiobraziliense.com.br\/cbradar\/wp-content\/uploads\/2025\/09\/refrigerante_1757289846523.jpg","contentUrl":"https:\/\/www.correiobraziliense.com.br\/cbradar\/wp-content\/uploads\/2025\/09\/refrigerante_1757289846523.jpg","width":1280,"height":720,"caption":"Refrigerante - Cr\u00e9ditos: depositphotos.com \/ SergeBlack"},{"@type":"BreadcrumbList","@id":"https:\/\/www.correiobraziliense.com.br\/cbradar\/por-que-evitar-refrigerantes-mesmo-sem-acucar\/#breadcrumb","itemListElement":[{"@type":"ListItem","position":1,"name":"In\u00edcio","item":"https:\/\/www.correiobraziliense.com.br\/cbradar\/"},{"@type":"ListItem","position":2,"name":"Por que evitar refrigerantes mesmo sem a\u00e7\u00facar?"}]},{"@type":"WebSite","@id":"https:\/\/www.correiobraziliense.com.br\/cbradar\/#website","url":"https:\/\/www.correiobraziliense.com.br\/cbradar\/","name":"Correio Braziliense - Radar","description":"Acompanhe as \u00faltimas not\u00edcias e fique bem informado sobre tudo o que acontece no Brasil e no mundo.","potentialAction":[{"@type":"SearchAction","target":{"@type":"EntryPoint","urlTemplate":"https:\/\/www.correiobraziliense.com.br\/cbradar\/?s={search_term_string}"},"query-input":{"@type":"PropertyValueSpecification","valueRequired":true,"valueName":"search_term_string"}}],"inLanguage":"pt-BR"},{"@type":"Person","@id":"https:\/\/www.correiobraziliense.com.br\/cbradar\/#\/schema\/person\/5aa4bf3c8fa699c267933611de12978b","name":"guilherme_saude","image":{"@type":"ImageObject","inLanguage":"pt-BR","@id":"https:\/\/www.correiobraziliense.com.br\/cbradar\/#\/schema\/person\/image\/","url":"https:\/\/secure.gravatar.com\/avatar\/df9adfb835d344bc0af109d41756253f?s=96&d=mm&r=g","contentUrl":"https:\/\/secure.gravatar.com\/avatar\/df9adfb835d344bc0af109d41756253f?s=96&d=mm&r=g","caption":"guilherme_saude"},"url":"https:\/\/www.correiobraziliense.com.br\/cbradar\/author\/guilherme_saude\/"}]}},"_links":{"self":[{"href":"https:\/\/www.correiobraziliense.com.br\/cbradar\/wp-json\/wp\/v2\/posts\/155096","targetHints":{"allow":["GET"]}}],"collection":[{"href":"https:\/\/www.correiobraziliense.com.br\/cbradar\/wp-json\/wp\/v2\/posts"}],"about":[{"href":"https:\/\/www.correiobraziliense.com.br\/cbradar\/wp-json\/wp\/v2\/types\/post"}],"author":[{"embeddable":true,"href":"https:\/\/www.correiobraziliense.com.br\/cbradar\/wp-json\/wp\/v2\/users\/14"}],"replies":[{"embeddable":true,"href":"https:\/\/www.correiobraziliense.com.br\/cbradar\/wp-json\/wp\/v2\/comments?post=155096"}],"version-history":[{"count":1,"href":"https:\/\/www.correiobraziliense.com.br\/cbradar\/wp-json\/wp\/v2\/posts\/155096\/revisions"}],"predecessor-version":[{"id":155097,"href":"https:\/\/www.correiobraziliense.com.br\/cbradar\/wp-json\/wp\/v2\/posts\/155096\/revisions\/155097"}],"wp:featuredmedia":[{"embeddable":true,"href":"https:\/\/www.correiobraziliense.com.br\/cbradar\/wp-json\/wp\/v2\/media\/100426"}],"wp:attachment":[{"href":"https:\/\/www.correiobraziliense.com.br\/cbradar\/wp-json\/wp\/v2\/media?parent=155096"}],"wp:term":[{"taxonomy":"category","embeddable":true,"href":"https:\/\/www.correiobraziliense.com.br\/cbradar\/wp-json\/wp\/v2\/categories?post=155096"},{"taxonomy":"post_tag","embeddable":true,"href":"https:\/\/www.correiobraziliense.com.br\/cbradar\/wp-json\/wp\/v2\/tags?post=155096"}],"curies":[{"name":"wp","href":"https:\/\/api.w.org\/{rel}","templated":true}]}}