{"id":155099,"date":"2025-12-14T15:55:00","date_gmt":"2025-12-14T18:55:00","guid":{"rendered":"https:\/\/www.correiobraziliense.com.br\/cbradar\/?p=155099"},"modified":"2025-12-12T16:54:55","modified_gmt":"2025-12-12T19:54:55","slug":"conheca-a-fruta-mais-poderosa-para-diabetes-e-inflamacoes","status":"publish","type":"post","link":"https:\/\/www.correiobraziliense.com.br\/cbradar\/conheca-a-fruta-mais-poderosa-para-diabetes-e-inflamacoes\/","title":{"rendered":"Conhe\u00e7a a fruta mais poderosa para diabetes e inflama\u00e7\u00f5es"},"content":{"rendered":"\n<p>A <strong>N\u00easpera <\/strong>\u00e9 rica em uma variedade de compostos bioativos que lhe conferem diversas propriedades terap\u00eauticas. Suas folhas e frutos cont\u00eam triterpenos e compostos fen\u00f3licos, que desempenham pap\u00e9is significativos na sa\u00fade humana, atuando como poderosos agentes anti-inflamat\u00f3rios e antioxidantes.<\/p>\n\n\n\n<p>Os triterpenos, encontrados principalmente nas folhas, ajudam na modula\u00e7\u00e3o da resposta inflamat\u00f3ria do organismo. Diversos estudos indicam que esses compostos podem ser eficazes no al\u00edvio de condi\u00e7\u00f5es inflamat\u00f3rias, promovendo uma a\u00e7\u00e3o calmante e reguladora.<\/p>\n\n\n\n<h2 class=\"wp-block-heading\">Como a N\u00easpera combate os radicais livres?<\/h2>\n\n\n\n<p>Os compostos antioxidantes presentes na N\u00easpera, como os polifen\u00f3is e carotenoides, s\u00e3o fundamentais na prote\u00e7\u00e3o celular contra os efeitos prejudiciais dos radicais livres. O consumo regular de N\u00easpera pode contribuir para a preven\u00e7\u00e3o do estresse oxidativo, um fator que acelera o envelhecimento celular e aumenta o risco de doen\u00e7as cr\u00f4nicas.<\/p>\n\n\n\n<p>A a\u00e7\u00e3o antioxidante dessas subst\u00e2ncias \u00e9 especialmente ben\u00e9fica, pois elas ajudam na defesa do organismo, protegendo-o contra os danos causados pelo ambiente e pelo metabolismo celular natural, promovendo assim uma melhor <a href=\"https:\/\/www.correiobraziliense.com.br\/cbradar\/essa-e-a-fruta-mais-poderosa-para-diabetes-e-inflamacoes\/\" target=\"_blank\" rel=\"noreferrer noopener\">sa\u00fade <\/a>geral.<\/p>\n\n\n\n<h2 class=\"wp-block-heading\">Controle glic\u00eamico: como a N\u00easpera pode ajudar<\/h2>\n\n\n\n<ul class=\"wp-block-list\">\n<li>As folhas de N\u00easpera cont\u00eam componentes hipoglicemiantes que podem ajudar a regular os n\u00edveis de a\u00e7\u00facar no sangue.<\/li>\n\n\n\n<li>A presen\u00e7a de sesquiterpenos \u00e9 destacada em estudos por melhorar a sensibilidade \u00e0 insulina, beneficiando pessoas com diabetes.<\/li>\n\n\n\n<li>Experimentos revelaram que extratos foliares de Eriobotrya japonica auxiliam na redu\u00e7\u00e3o da glicemia em modelos diab\u00e9ticos.<\/li>\n<\/ul>\n\n\n<div class=\"wp-block-image\">\n<figure class=\"aligncenter size-large\"><img decoding=\"async\" width=\"1024\" height=\"576\" src=\"https:\/\/www.correiobraziliense.com.br\/cbradar\/wp-content\/uploads\/2025\/09\/loquat_1757288697693-1024x576.jpg\" alt=\"\" class=\"wp-image-100414\" srcset=\"https:\/\/www.correiobraziliense.com.br\/cbradar\/wp-content\/uploads\/2025\/09\/loquat_1757288697693-1024x576.jpg 1024w, https:\/\/www.correiobraziliense.com.br\/cbradar\/wp-content\/uploads\/2025\/09\/loquat_1757288697693-300x169.jpg 300w, https:\/\/www.correiobraziliense.com.br\/cbradar\/wp-content\/uploads\/2025\/09\/loquat_1757288697693-768x432.jpg 768w, https:\/\/www.correiobraziliense.com.br\/cbradar\/wp-content\/uploads\/2025\/09\/loquat_1757288697693-750x422.jpg 750w, https:\/\/www.correiobraziliense.com.br\/cbradar\/wp-content\/uploads\/2025\/09\/loquat_1757288697693-1140x641.jpg 1140w, https:\/\/www.correiobraziliense.com.br\/cbradar\/wp-content\/uploads\/2025\/09\/loquat_1757288697693.jpg 1280w\" sizes=\"(max-width: 1024px) 100vw, 1024px\" \/><figcaption class=\"wp-element-caption\">N\u00easpera &#8211; Cr\u00e9ditos: depositphotos.com \/ membio<\/figcaption><\/figure><\/div>\n\n\n<p>Esses benef\u00edcios tornam o uso tradicional da N\u00easpera uma pr\u00e1tica v\u00e1lida no manejo do diabetes e em estrat\u00e9gias de dieta para o controle glic\u00eamico.<\/p>\n\n\n\n<h2 class=\"wp-block-heading\">Contribui\u00e7\u00f5es para a sa\u00fade respirat\u00f3ria?<\/h2>\n\n\n\n<p>Na medicina tradicional chinesa, as folhas de N\u00easpera s\u00e3o frequentemente utilizadas para tratar problemas respirat\u00f3rios. Devido \u00e0s suas propriedades emolientes e expectorantes, s\u00e3o eficazes no al\u00edvio de tosse e no tratamento de bronquite.<\/p>\n\n\n\n<p>Os compostos presentes nas folhas da N\u00easpera auxiliam a acalmar a garganta, aliviar a irrita\u00e7\u00e3o e promover a elimina\u00e7\u00e3o de secre\u00e7\u00f5es, sendo uma op\u00e7\u00e3o natural para apoiar a sa\u00fade respirat\u00f3ria.<\/p>\n\n\n\n<h2 class=\"wp-block-heading\">Incorporando a N\u00easpera na dieta?<\/h2>\n\n\n\n<p>A N\u00easpera pode ser consumida de diversas maneiras, desde o consumo direto do fruto at\u00e9 a prepara\u00e7\u00e3o de ch\u00e1s e infus\u00f5es com suas folhas. Essa versatilidade permite que suas propriedades nutricionais e medicinais sejam facilmente incorporadas na dieta di\u00e1ria, promovendo um estilo de vida saud\u00e1vel.<\/p>\n\n\n\n<p>Portanto, al\u00e9m de ser apreciada pelo sabor agrad\u00e1vel, a N\u00easpera e suas folhas oferecem uma ampla gama de benef\u00edcios para a sa\u00fade, validando seu uso cont\u00ednuo tanto em pr\u00e1ticas tradicionais quanto em estilos de vida modernos que buscam o bem-estar por meio de recursos naturais.<\/p>\n\n\n<a href=\"https:\/\/www.instagram.com\/dra.annaluisabf\/\" target=\"_blank\" rel=\"noopener\" style=\"text-decoration: none; color: inherit;\">\n    <span style=\"display: inline-block; border: 1px solid #ccc; border-radius: 10px; padding: 15px; max-width: 550px; font-family: sans-serif; box-shadow: 0 2px 5px rgba(0,0,0,0.1); width: 100%;\">\n\n      <!-- T\u00edtulo -->\n      <span style=\"display: block; margin: 0 0 15px 0; font-weight: bold; color: #2c3e50; text-align: center;\">\n        Entre em contato:\n      <\/span>\n\n      <!-- Linha do perfil -->\n      <span style=\"display: flex; align-items: center; gap: 15px;\">\n        <img decoding=\"async\"\n          src=\"https:\/\/www.correiobraziliense.com.br\/cbradar\/wp-content\/uploads\/2025\/08\/dra_anna_luisa.jpeg\"\n          alt=\"Foto da Dra. Anna Lu\u00edsa\"\n          style=\"border-radius: 50%; width: 80px; height: 80px; object-fit: cover;\"\n        \/>\n        <span style=\"display: flex; flex-direction: column;\">\n          <span style=\"font-size: 18px; font-weight: 700; color: #2c3e50;\">Dra. Anna Lu\u00edsa Barbosa Fernandes<\/span>\n          <span style=\"color: #555;\">CRM-GO 33.271<\/span>\n        <\/span>\n      <\/span>\n\n      <!-- Redes -->\n      <span style=\"display: flex; align-items: center; gap: 10px; margin-top: 12px;\">\n        <img decoding=\"async\" src=\"https:\/\/cdn-icons-png.flaticon.com\/24\/1384\/1384063.png\" alt=\"Instagram\" width=\"24\" height=\"24\" \/>\n        <span style=\"text-decoration: underline; color: #2c3e50;\">@dra.annaluisabf<\/span>\n      <\/span>\n\n    <\/span>\n  <\/a>","protected":false},"excerpt":{"rendered":"<p>A N\u00easpera \u00e9 rica em uma variedade de compostos bioativos que lhe conferem diversas propriedades terap\u00eauticas. Suas folhas e frutos cont\u00eam triterpenos e compostos fen\u00f3licos, que desempenham pap\u00e9is significativos na sa\u00fade humana, atuando como poderosos agentes anti-inflamat\u00f3rios e antioxidantes. Os triterpenos, encontrados principalmente nas folhas, ajudam na modula\u00e7\u00e3o da resposta inflamat\u00f3ria do organismo. Diversos estudos [&hellip;]<\/p>\n","protected":false},"author":14,"featured_media":92945,"comment_status":"open","ping_status":"open","sticky":false,"template":"","format":"standard","meta":{"_yoast_wpseo_focuskw":"N\u00easpera","_yoast_wpseo_title":"","_yoast_wpseo_metadesc":"Rica em compostos bioativos, a n\u00easpera ajuda no controle da diabetes, alivia tosse e fortalece a imunidade. Conhe\u00e7a seus efeitos e usos.","jnews-multi-image_gallery":[],"jnews_single_post":{"format":"standard"},"jnews_primary_category":[],"jnews_social_meta":[],"jnews_override_counter":[],"footnotes":""},"categories":[4404],"tags":[281,120,565],"class_list":["post-155099","post","type-post","status-publish","format-standard","has-post-thumbnail","hentry","category-saude","tag-alimentacao","tag-bem-estar","tag-saude"],"yoast_head":"<!-- This site is optimized with the Yoast SEO plugin v24.6 - https:\/\/yoast.com\/wordpress\/plugins\/seo\/ -->\n<title>Conhe\u00e7a a fruta mais poderosa para diabetes e inflama\u00e7\u00f5es - Correio Braziliense - Radar<\/title>\n<meta name=\"description\" content=\"Rica em compostos bioativos, a n\u00easpera ajuda no controle da diabetes, alivia tosse e fortalece a imunidade. Conhe\u00e7a seus efeitos e usos.\" \/>\n<meta name=\"robots\" content=\"index, follow, max-snippet:-1, max-image-preview:large, max-video-preview:-1\" \/>\n<link rel=\"canonical\" href=\"https:\/\/www.correiobraziliense.com.br\/cbradar\/conheca-a-fruta-mais-poderosa-para-diabetes-e-inflamacoes\/\" \/>\n<meta property=\"og:locale\" content=\"pt_BR\" \/>\n<meta property=\"og:type\" content=\"article\" \/>\n<meta property=\"og:title\" content=\"Conhe\u00e7a a fruta mais poderosa para diabetes e inflama\u00e7\u00f5es - Correio Braziliense - Radar\" \/>\n<meta property=\"og:description\" content=\"Rica em compostos bioativos, a n\u00easpera ajuda no controle da diabetes, alivia tosse e fortalece a imunidade. Conhe\u00e7a seus efeitos e usos.\" \/>\n<meta property=\"og:url\" content=\"https:\/\/www.correiobraziliense.com.br\/cbradar\/conheca-a-fruta-mais-poderosa-para-diabetes-e-inflamacoes\/\" \/>\n<meta property=\"og:site_name\" content=\"Correio Braziliense - Radar\" \/>\n<meta property=\"article:published_time\" content=\"2025-12-14T18:55:00+00:00\" \/>\n<meta property=\"og:image\" content=\"https:\/\/www.correiobraziliense.com.br\/cbradar\/wp-content\/uploads\/2025\/08\/loquat_1756132379949.jpg\" \/>\n\t<meta property=\"og:image:width\" content=\"1280\" \/>\n\t<meta property=\"og:image:height\" content=\"720\" \/>\n\t<meta property=\"og:image:type\" content=\"image\/jpeg\" \/>\n<meta name=\"author\" content=\"guilherme_saude\" \/>\n<meta name=\"twitter:card\" content=\"summary_large_image\" \/>\n<meta name=\"twitter:label1\" content=\"Escrito por\" \/>\n\t<meta name=\"twitter:data1\" content=\"guilherme_saude\" \/>\n\t<meta name=\"twitter:label2\" content=\"Est. tempo de leitura\" \/>\n\t<meta name=\"twitter:data2\" content=\"4 minutos\" \/>\n<!-- \/ Yoast SEO plugin. -->","yoast_head_json":{"title":"Conhe\u00e7a a fruta mais poderosa para diabetes e inflama\u00e7\u00f5es - Correio Braziliense - Radar","description":"Rica em compostos bioativos, a n\u00easpera ajuda no controle da diabetes, alivia tosse e fortalece a imunidade. Conhe\u00e7a seus efeitos e usos.","robots":{"index":"index","follow":"follow","max-snippet":"max-snippet:-1","max-image-preview":"max-image-preview:large","max-video-preview":"max-video-preview:-1"},"canonical":"https:\/\/www.correiobraziliense.com.br\/cbradar\/conheca-a-fruta-mais-poderosa-para-diabetes-e-inflamacoes\/","og_locale":"pt_BR","og_type":"article","og_title":"Conhe\u00e7a a fruta mais poderosa para diabetes e inflama\u00e7\u00f5es - Correio Braziliense - Radar","og_description":"Rica em compostos bioativos, a n\u00easpera ajuda no controle da diabetes, alivia tosse e fortalece a imunidade. Conhe\u00e7a seus efeitos e usos.","og_url":"https:\/\/www.correiobraziliense.com.br\/cbradar\/conheca-a-fruta-mais-poderosa-para-diabetes-e-inflamacoes\/","og_site_name":"Correio Braziliense - Radar","article_published_time":"2025-12-14T18:55:00+00:00","og_image":[{"width":1280,"height":720,"url":"https:\/\/www.correiobraziliense.com.br\/cbradar\/wp-content\/uploads\/2025\/08\/loquat_1756132379949.jpg","type":"image\/jpeg"}],"author":"guilherme_saude","twitter_card":"summary_large_image","twitter_misc":{"Escrito por":"guilherme_saude","Est. tempo de leitura":"4 minutos"},"schema":{"@context":"https:\/\/schema.org","@graph":[{"@type":"WebPage","@id":"https:\/\/www.correiobraziliense.com.br\/cbradar\/conheca-a-fruta-mais-poderosa-para-diabetes-e-inflamacoes\/","url":"https:\/\/www.correiobraziliense.com.br\/cbradar\/conheca-a-fruta-mais-poderosa-para-diabetes-e-inflamacoes\/","name":"Conhe\u00e7a a fruta mais poderosa para diabetes e inflama\u00e7\u00f5es - Correio Braziliense - Radar","isPartOf":{"@id":"https:\/\/www.correiobraziliense.com.br\/cbradar\/#website"},"primaryImageOfPage":{"@id":"https:\/\/www.correiobraziliense.com.br\/cbradar\/conheca-a-fruta-mais-poderosa-para-diabetes-e-inflamacoes\/#primaryimage"},"image":{"@id":"https:\/\/www.correiobraziliense.com.br\/cbradar\/conheca-a-fruta-mais-poderosa-para-diabetes-e-inflamacoes\/#primaryimage"},"thumbnailUrl":"https:\/\/www.correiobraziliense.com.br\/cbradar\/wp-content\/uploads\/2025\/08\/loquat_1756132379949.jpg","datePublished":"2025-12-14T18:55:00+00:00","author":{"@id":"https:\/\/www.correiobraziliense.com.br\/cbradar\/#\/schema\/person\/5aa4bf3c8fa699c267933611de12978b"},"description":"Rica em compostos bioativos, a n\u00easpera ajuda no controle da diabetes, alivia tosse e fortalece a imunidade. Conhe\u00e7a seus efeitos e usos.","breadcrumb":{"@id":"https:\/\/www.correiobraziliense.com.br\/cbradar\/conheca-a-fruta-mais-poderosa-para-diabetes-e-inflamacoes\/#breadcrumb"},"inLanguage":"pt-BR","potentialAction":[{"@type":"ReadAction","target":["https:\/\/www.correiobraziliense.com.br\/cbradar\/conheca-a-fruta-mais-poderosa-para-diabetes-e-inflamacoes\/"]}]},{"@type":"ImageObject","inLanguage":"pt-BR","@id":"https:\/\/www.correiobraziliense.com.br\/cbradar\/conheca-a-fruta-mais-poderosa-para-diabetes-e-inflamacoes\/#primaryimage","url":"https:\/\/www.correiobraziliense.com.br\/cbradar\/wp-content\/uploads\/2025\/08\/loquat_1756132379949.jpg","contentUrl":"https:\/\/www.correiobraziliense.com.br\/cbradar\/wp-content\/uploads\/2025\/08\/loquat_1756132379949.jpg","width":1280,"height":720,"caption":"N\u00easpera - Cr\u00e9ditos: depositphotos.com \/ francescomoufotografo"},{"@type":"BreadcrumbList","@id":"https:\/\/www.correiobraziliense.com.br\/cbradar\/conheca-a-fruta-mais-poderosa-para-diabetes-e-inflamacoes\/#breadcrumb","itemListElement":[{"@type":"ListItem","position":1,"name":"In\u00edcio","item":"https:\/\/www.correiobraziliense.com.br\/cbradar\/"},{"@type":"ListItem","position":2,"name":"Conhe\u00e7a a fruta mais poderosa para diabetes e inflama\u00e7\u00f5es"}]},{"@type":"WebSite","@id":"https:\/\/www.correiobraziliense.com.br\/cbradar\/#website","url":"https:\/\/www.correiobraziliense.com.br\/cbradar\/","name":"Correio Braziliense - Radar","description":"Acompanhe as \u00faltimas not\u00edcias e fique bem informado sobre tudo o que acontece no Brasil e no mundo.","potentialAction":[{"@type":"SearchAction","target":{"@type":"EntryPoint","urlTemplate":"https:\/\/www.correiobraziliense.com.br\/cbradar\/?s={search_term_string}"},"query-input":{"@type":"PropertyValueSpecification","valueRequired":true,"valueName":"search_term_string"}}],"inLanguage":"pt-BR"},{"@type":"Person","@id":"https:\/\/www.correiobraziliense.com.br\/cbradar\/#\/schema\/person\/5aa4bf3c8fa699c267933611de12978b","name":"guilherme_saude","image":{"@type":"ImageObject","inLanguage":"pt-BR","@id":"https:\/\/www.correiobraziliense.com.br\/cbradar\/#\/schema\/person\/image\/","url":"https:\/\/secure.gravatar.com\/avatar\/df9adfb835d344bc0af109d41756253f?s=96&d=mm&r=g","contentUrl":"https:\/\/secure.gravatar.com\/avatar\/df9adfb835d344bc0af109d41756253f?s=96&d=mm&r=g","caption":"guilherme_saude"},"url":"https:\/\/www.correiobraziliense.com.br\/cbradar\/author\/guilherme_saude\/"}]}},"_links":{"self":[{"href":"https:\/\/www.correiobraziliense.com.br\/cbradar\/wp-json\/wp\/v2\/posts\/155099","targetHints":{"allow":["GET"]}}],"collection":[{"href":"https:\/\/www.correiobraziliense.com.br\/cbradar\/wp-json\/wp\/v2\/posts"}],"about":[{"href":"https:\/\/www.correiobraziliense.com.br\/cbradar\/wp-json\/wp\/v2\/types\/post"}],"author":[{"embeddable":true,"href":"https:\/\/www.correiobraziliense.com.br\/cbradar\/wp-json\/wp\/v2\/users\/14"}],"replies":[{"embeddable":true,"href":"https:\/\/www.correiobraziliense.com.br\/cbradar\/wp-json\/wp\/v2\/comments?post=155099"}],"version-history":[{"count":1,"href":"https:\/\/www.correiobraziliense.com.br\/cbradar\/wp-json\/wp\/v2\/posts\/155099\/revisions"}],"predecessor-version":[{"id":155100,"href":"https:\/\/www.correiobraziliense.com.br\/cbradar\/wp-json\/wp\/v2\/posts\/155099\/revisions\/155100"}],"wp:featuredmedia":[{"embeddable":true,"href":"https:\/\/www.correiobraziliense.com.br\/cbradar\/wp-json\/wp\/v2\/media\/92945"}],"wp:attachment":[{"href":"https:\/\/www.correiobraziliense.com.br\/cbradar\/wp-json\/wp\/v2\/media?parent=155099"}],"wp:term":[{"taxonomy":"category","embeddable":true,"href":"https:\/\/www.correiobraziliense.com.br\/cbradar\/wp-json\/wp\/v2\/categories?post=155099"},{"taxonomy":"post_tag","embeddable":true,"href":"https:\/\/www.correiobraziliense.com.br\/cbradar\/wp-json\/wp\/v2\/tags?post=155099"}],"curies":[{"name":"wp","href":"https:\/\/api.w.org\/{rel}","templated":true}]}}