{"id":155104,"date":"2025-12-13T17:15:00","date_gmt":"2025-12-13T20:15:00","guid":{"rendered":"https:\/\/www.correiobraziliense.com.br\/cbradar\/?p=155104"},"modified":"2025-12-12T16:34:18","modified_gmt":"2025-12-12T19:34:18","slug":"a-folha-mais-completa-para-fortalecer-a-imunidade-e-limpar-o-organismo","status":"publish","type":"post","link":"https:\/\/www.correiobraziliense.com.br\/cbradar\/a-folha-mais-completa-para-fortalecer-a-imunidade-e-limpar-o-organismo\/","title":{"rendered":"A folha mais completa para fortalecer a imunidade e limpar o organismo"},"content":{"rendered":"\n<p>A <strong>Couve-Manteiga<\/strong>, conhecida no meio cient\u00edfico como\u00a0<em>Brassica oleracea<\/em>\u00a0var. acephala, \u00e9 uma verdura de folhas verdes escuras bastante apreciada na culin\u00e1ria brasileira. Este vegetal destaca-se n\u00e3o apenas por sua versatilidade gastron\u00f4mica, mas tamb\u00e9m pelos benef\u00edcios que proporciona \u00e0 sa\u00fade, devido ao seu rico perfil nutricional. Nacionalmente, \u00e9 vista como um potencial ingrediente na promo\u00e7\u00e3o do bem-estar, gra\u00e7as \u00e0s suas propriedades medicinais que englobam potentes a\u00e7\u00f5es antioxidantes, anti-inflamat\u00f3rias, e contribui\u00e7\u00f5es significativas para a sa\u00fade dos ossos e do sistema digestivo.<\/p>\n\n\n\n<p>Pode-se enfatizar os efeitos\u00a0<strong>anti-inflamat\u00f3rios<\/strong>\u00a0e\u00a0<strong>desintoxicantes<\/strong>\u00a0da Couve-Manteiga, que s\u00e3o originados de sua abund\u00e2ncia em compostos fen\u00f3licos e glicosinolatos. Tais subst\u00e2ncias Bioativas operam na modula\u00e7\u00e3o das respostas inflamat\u00f3rias do organismo, desempenhando um papel crucial na mitiga\u00e7\u00e3o de inflama\u00e7\u00f5es cr\u00f4nicas. Particularmente, os glicosinolatos se transformam em isotiocianatos, compostos que ativam enzimas respons\u00e1veis pelo processo de desintoxica\u00e7\u00e3o no f\u00edgado, promovendo limpeza e equil\u00edbrio interno do corpo.<\/p>\n\n\n\n<h2 class=\"wp-block-heading\">Como a Couve-Manteiga atua como antioxidante?<\/h2>\n\n\n\n<p>Rica em antioxidantes essenciais como a vitamina C, carotenoides, e flavonoides, a Couve-Manteiga protege as c\u00e9lulas do estresse oxidativo, condicionando as mesmas contra danos resultantes dos radicais livres. A ingest\u00e3o regular dessa verdura robusta fortalece \u201cas defesas naturais\u201d do organismo, ajudando a retardar o processo de envelhecimento celular e prevenindo v\u00e1rias doen\u00e7as cr\u00f4nicas. Estudos revelam que alimentos ricos em vitamina C e compostos fen\u00f3licos, como a couve, intensificam a prote\u00e7\u00e3o das membranas celulares e do DNA.<\/p>\n\n\n\n<figure class=\"wp-block-image size-large\"><img decoding=\"async\" width=\"1024\" height=\"576\" src=\"https:\/\/www.correiobraziliense.com.br\/cbradar\/wp-content\/uploads\/2025\/10\/couve-planta_1760052055212-1024x576.jpg\" alt=\"\" class=\"wp-image-116786\" srcset=\"https:\/\/www.correiobraziliense.com.br\/cbradar\/wp-content\/uploads\/2025\/10\/couve-planta_1760052055212-1024x576.jpg 1024w, https:\/\/www.correiobraziliense.com.br\/cbradar\/wp-content\/uploads\/2025\/10\/couve-planta_1760052055212-300x169.jpg 300w, https:\/\/www.correiobraziliense.com.br\/cbradar\/wp-content\/uploads\/2025\/10\/couve-planta_1760052055212-768x432.jpg 768w, https:\/\/www.correiobraziliense.com.br\/cbradar\/wp-content\/uploads\/2025\/10\/couve-planta_1760052055212-750x422.jpg 750w, https:\/\/www.correiobraziliense.com.br\/cbradar\/wp-content\/uploads\/2025\/10\/couve-planta_1760052055212-1140x641.jpg 1140w, https:\/\/www.correiobraziliense.com.br\/cbradar\/wp-content\/uploads\/2025\/10\/couve-planta_1760052055212.jpg 1280w\" sizes=\"(max-width: 1024px) 100vw, 1024px\" \/><figcaption class=\"wp-element-caption\">Couve &#8211; Cr\u00e9ditos: depositphotos.com \/ ilietus1000.gmail.com<\/figcaption><\/figure>\n\n\n\n<h2 class=\"wp-block-heading\">De que forma a Couve-Manteiga pode beneficiar a sa\u00fade \u00f3ssea e digestiva?<\/h2>\n\n\n\n<p>A <a href=\"https:\/\/www.correiobraziliense.com.br\/cbradar\/wp-admin\/post.php?post=145370&amp;action=edit\" target=\"_blank\" rel=\"noreferrer noopener\">sa\u00fade <\/a>dos ossos e do sistema digestivo \u00e9 fundamentalmente apoiada por alimentos como a Couve-Manteiga. Este vegetal \u00e9 uma das melhores fontes vegetais de c\u00e1lcio e vitamina K, nutrientes indispens\u00e1veis para a manuten\u00e7\u00e3o da densidade \u00f3ssea e preven\u00e7\u00e3o de doen\u00e7as relacionadas a ossos fr\u00e1geis. Ademais, as fibras presentes na couve promovem um ritmo intestinal saud\u00e1vel, evitando problemas como a constipa\u00e7\u00e3o. Essa combina\u00e7\u00e3o de nutrientes faz da couve um alimento relevante para a <a href=\"https:\/\/www.correiobraziliense.com.br\/cbradar\/dr-cesar-cimonari-neurocirurgiao-como-funciona-o-implante-de-disco-artificial\/\" target=\"_blank\" rel=\"noreferrer noopener\">sa\u00fade <\/a>ao longo de diferentes fases da vida.<\/p>\n\n\n\n<h2 class=\"wp-block-heading\">Quais s\u00e3o as melhores maneiras de preparar a Couve-Manteiga?<\/h2>\n\n\n\n<p>Para maximizar os benef\u00edcios da Couve-Manteiga, \u00e9 ideal consumi-la de forma que seus nutrientes sejam preservados. M\u00e9todos de cozimento leves, como a vaporiza\u00e7\u00e3o, s\u00e3o recomendados, pois minimizam a perda de compostos bioativos e preservam tanto a textura quanto o sabor do vegetal. Na culin\u00e1ria, a couve \u00e9 frequentemente preparada refogada com alho e azeite, um acompanhamento tradicional que mant\u00e9m a simplicidade e o valor nutritivo do prato. Outra forma popular de prepara\u00e7\u00e3o \u00e9 em sucos verdes e saladas, promovendo uma incorpora\u00e7\u00e3o saud\u00e1vel no dia a dia alimentar.<\/p>\n\n\n\n<p>A Couve-Manteiga \u00e9 um exemplo claro de como ingredientes naturais podem oferecer m\u00faltiplos benef\u00edcios \u00e0 sa\u00fade, servindo como uma poderosa ferramenta no cuidado di\u00e1rio com o corpo. Dada a variedade de formatos em que pode ser incorporada na dieta e sua acessibilidade, continua a ser um dos componentes mais respeitados na alimenta\u00e7\u00e3o brasileira.<\/p>\n\n\n<a href=\"https:\/\/www.instagram.com\/dra.annaluisabf\/\" target=\"_blank\" rel=\"noopener\" style=\"text-decoration: none; color: inherit;\">\n    <span style=\"display: inline-block; border: 1px solid #ccc; border-radius: 10px; padding: 15px; max-width: 550px; font-family: sans-serif; box-shadow: 0 2px 5px rgba(0,0,0,0.1); width: 100%;\">\n\n      <!-- T\u00edtulo -->\n      <span style=\"display: block; margin: 0 0 15px 0; font-weight: bold; color: #2c3e50; text-align: center;\">\n        Entre em contato:\n      <\/span>\n\n      <!-- Linha do perfil -->\n      <span style=\"display: flex; align-items: center; gap: 15px;\">\n        <img decoding=\"async\"\n          src=\"https:\/\/www.correiobraziliense.com.br\/cbradar\/wp-content\/uploads\/2025\/08\/dra_anna_luisa.jpeg\"\n          alt=\"Foto da Dra. Anna Lu\u00edsa\"\n          style=\"border-radius: 50%; width: 80px; height: 80px; object-fit: cover;\"\n        \/>\n        <span style=\"display: flex; flex-direction: column;\">\n          <span style=\"font-size: 18px; font-weight: 700; color: #2c3e50;\">Dra. Anna Lu\u00edsa Barbosa Fernandes<\/span>\n          <span style=\"color: #555;\">CRM-GO 33.271<\/span>\n        <\/span>\n      <\/span>\n\n      <!-- Redes -->\n      <span style=\"display: flex; align-items: center; gap: 10px; margin-top: 12px;\">\n        <img decoding=\"async\" src=\"https:\/\/cdn-icons-png.flaticon.com\/24\/1384\/1384063.png\" alt=\"Instagram\" width=\"24\" height=\"24\" \/>\n        <span style=\"text-decoration: underline; color: #2c3e50;\">@dra.annaluisabf<\/span>\n      <\/span>\n\n    <\/span>\n  <\/a>","protected":false},"excerpt":{"rendered":"<p>A Couve-Manteiga, conhecida no meio cient\u00edfico como\u00a0Brassica oleracea\u00a0var. acephala, \u00e9 uma verdura de folhas verdes escuras bastante apreciada na culin\u00e1ria brasileira. Este vegetal destaca-se n\u00e3o apenas por sua versatilidade gastron\u00f4mica, mas tamb\u00e9m pelos benef\u00edcios que proporciona \u00e0 sa\u00fade, devido ao seu rico perfil nutricional. Nacionalmente, \u00e9 vista como um potencial ingrediente na promo\u00e7\u00e3o do bem-estar, [&hellip;]<\/p>\n","protected":false},"author":14,"featured_media":116787,"comment_status":"open","ping_status":"open","sticky":false,"template":"","format":"standard","meta":{"_yoast_wpseo_focuskw":"Couve-Manteiga","_yoast_wpseo_title":"","_yoast_wpseo_metadesc":"Couve-manteiga protege contra o envelhecimento celular, melhora a digest\u00e3o e promove desintoxica\u00e7\u00e3o natural.","jnews-multi-image_gallery":[],"jnews_single_post":{"format":"standard"},"jnews_primary_category":[],"jnews_social_meta":[],"jnews_override_counter":[],"footnotes":""},"categories":[4404],"tags":[281,120,1318],"class_list":["post-155104","post","type-post","status-publish","format-standard","has-post-thumbnail","hentry","category-saude","tag-alimentacao","tag-bem-estar","tag-saude-2"],"yoast_head":"<!-- This site is optimized with the Yoast SEO plugin v24.6 - https:\/\/yoast.com\/wordpress\/plugins\/seo\/ -->\n<title>A folha mais completa para fortalecer a imunidade e limpar o organismo - Correio Braziliense - Radar<\/title>\n<meta name=\"description\" content=\"Couve-manteiga protege contra o envelhecimento celular, melhora a digest\u00e3o e promove desintoxica\u00e7\u00e3o natural.\" \/>\n<meta name=\"robots\" content=\"index, follow, max-snippet:-1, max-image-preview:large, max-video-preview:-1\" \/>\n<link rel=\"canonical\" href=\"https:\/\/www.correiobraziliense.com.br\/cbradar\/a-folha-mais-completa-para-fortalecer-a-imunidade-e-limpar-o-organismo\/\" \/>\n<meta property=\"og:locale\" content=\"pt_BR\" \/>\n<meta property=\"og:type\" content=\"article\" \/>\n<meta property=\"og:title\" content=\"A folha mais completa para fortalecer a imunidade e limpar o organismo - Correio Braziliense - Radar\" \/>\n<meta property=\"og:description\" content=\"Couve-manteiga protege contra o envelhecimento celular, melhora a digest\u00e3o e promove desintoxica\u00e7\u00e3o natural.\" \/>\n<meta property=\"og:url\" content=\"https:\/\/www.correiobraziliense.com.br\/cbradar\/a-folha-mais-completa-para-fortalecer-a-imunidade-e-limpar-o-organismo\/\" \/>\n<meta property=\"og:site_name\" content=\"Correio Braziliense - Radar\" \/>\n<meta property=\"article:published_time\" content=\"2025-12-13T20:15:00+00:00\" \/>\n<meta property=\"og:image\" content=\"https:\/\/www.correiobraziliense.com.br\/cbradar\/wp-content\/uploads\/2025\/10\/couve-planta_1760052171163.jpg\" \/>\n\t<meta property=\"og:image:width\" content=\"1280\" \/>\n\t<meta property=\"og:image:height\" content=\"720\" \/>\n\t<meta property=\"og:image:type\" content=\"image\/jpeg\" \/>\n<meta name=\"author\" content=\"guilherme_saude\" \/>\n<meta name=\"twitter:card\" content=\"summary_large_image\" \/>\n<meta name=\"twitter:label1\" content=\"Escrito por\" \/>\n\t<meta name=\"twitter:data1\" content=\"guilherme_saude\" \/>\n\t<meta name=\"twitter:label2\" content=\"Est. tempo de leitura\" \/>\n\t<meta name=\"twitter:data2\" content=\"4 minutos\" \/>\n<!-- \/ Yoast SEO plugin. -->","yoast_head_json":{"title":"A folha mais completa para fortalecer a imunidade e limpar o organismo - Correio Braziliense - Radar","description":"Couve-manteiga protege contra o envelhecimento celular, melhora a digest\u00e3o e promove desintoxica\u00e7\u00e3o natural.","robots":{"index":"index","follow":"follow","max-snippet":"max-snippet:-1","max-image-preview":"max-image-preview:large","max-video-preview":"max-video-preview:-1"},"canonical":"https:\/\/www.correiobraziliense.com.br\/cbradar\/a-folha-mais-completa-para-fortalecer-a-imunidade-e-limpar-o-organismo\/","og_locale":"pt_BR","og_type":"article","og_title":"A folha mais completa para fortalecer a imunidade e limpar o organismo - Correio Braziliense - Radar","og_description":"Couve-manteiga protege contra o envelhecimento celular, melhora a digest\u00e3o e promove desintoxica\u00e7\u00e3o natural.","og_url":"https:\/\/www.correiobraziliense.com.br\/cbradar\/a-folha-mais-completa-para-fortalecer-a-imunidade-e-limpar-o-organismo\/","og_site_name":"Correio Braziliense - Radar","article_published_time":"2025-12-13T20:15:00+00:00","og_image":[{"width":1280,"height":720,"url":"https:\/\/www.correiobraziliense.com.br\/cbradar\/wp-content\/uploads\/2025\/10\/couve-planta_1760052171163.jpg","type":"image\/jpeg"}],"author":"guilherme_saude","twitter_card":"summary_large_image","twitter_misc":{"Escrito por":"guilherme_saude","Est. tempo de leitura":"4 minutos"},"schema":{"@context":"https:\/\/schema.org","@graph":[{"@type":"WebPage","@id":"https:\/\/www.correiobraziliense.com.br\/cbradar\/a-folha-mais-completa-para-fortalecer-a-imunidade-e-limpar-o-organismo\/","url":"https:\/\/www.correiobraziliense.com.br\/cbradar\/a-folha-mais-completa-para-fortalecer-a-imunidade-e-limpar-o-organismo\/","name":"A folha mais completa para fortalecer a imunidade e limpar o organismo - Correio Braziliense - Radar","isPartOf":{"@id":"https:\/\/www.correiobraziliense.com.br\/cbradar\/#website"},"primaryImageOfPage":{"@id":"https:\/\/www.correiobraziliense.com.br\/cbradar\/a-folha-mais-completa-para-fortalecer-a-imunidade-e-limpar-o-organismo\/#primaryimage"},"image":{"@id":"https:\/\/www.correiobraziliense.com.br\/cbradar\/a-folha-mais-completa-para-fortalecer-a-imunidade-e-limpar-o-organismo\/#primaryimage"},"thumbnailUrl":"https:\/\/www.correiobraziliense.com.br\/cbradar\/wp-content\/uploads\/2025\/10\/couve-planta_1760052171163.jpg","datePublished":"2025-12-13T20:15:00+00:00","author":{"@id":"https:\/\/www.correiobraziliense.com.br\/cbradar\/#\/schema\/person\/5aa4bf3c8fa699c267933611de12978b"},"description":"Couve-manteiga protege contra o envelhecimento celular, melhora a digest\u00e3o e promove desintoxica\u00e7\u00e3o natural.","breadcrumb":{"@id":"https:\/\/www.correiobraziliense.com.br\/cbradar\/a-folha-mais-completa-para-fortalecer-a-imunidade-e-limpar-o-organismo\/#breadcrumb"},"inLanguage":"pt-BR","potentialAction":[{"@type":"ReadAction","target":["https:\/\/www.correiobraziliense.com.br\/cbradar\/a-folha-mais-completa-para-fortalecer-a-imunidade-e-limpar-o-organismo\/"]}]},{"@type":"ImageObject","inLanguage":"pt-BR","@id":"https:\/\/www.correiobraziliense.com.br\/cbradar\/a-folha-mais-completa-para-fortalecer-a-imunidade-e-limpar-o-organismo\/#primaryimage","url":"https:\/\/www.correiobraziliense.com.br\/cbradar\/wp-content\/uploads\/2025\/10\/couve-planta_1760052171163.jpg","contentUrl":"https:\/\/www.correiobraziliense.com.br\/cbradar\/wp-content\/uploads\/2025\/10\/couve-planta_1760052171163.jpg","width":1280,"height":720,"caption":"Pouca gente sabe como a couve ajuda no equil\u00edbrio do corpo - Cr\u00e9ditos: depositphotos.com \/ mariakarabella"},{"@type":"BreadcrumbList","@id":"https:\/\/www.correiobraziliense.com.br\/cbradar\/a-folha-mais-completa-para-fortalecer-a-imunidade-e-limpar-o-organismo\/#breadcrumb","itemListElement":[{"@type":"ListItem","position":1,"name":"In\u00edcio","item":"https:\/\/www.correiobraziliense.com.br\/cbradar\/"},{"@type":"ListItem","position":2,"name":"A folha mais completa para fortalecer a imunidade e limpar o organismo"}]},{"@type":"WebSite","@id":"https:\/\/www.correiobraziliense.com.br\/cbradar\/#website","url":"https:\/\/www.correiobraziliense.com.br\/cbradar\/","name":"Correio Braziliense - Radar","description":"Acompanhe as \u00faltimas not\u00edcias e fique bem informado sobre tudo o que acontece no Brasil e no mundo.","potentialAction":[{"@type":"SearchAction","target":{"@type":"EntryPoint","urlTemplate":"https:\/\/www.correiobraziliense.com.br\/cbradar\/?s={search_term_string}"},"query-input":{"@type":"PropertyValueSpecification","valueRequired":true,"valueName":"search_term_string"}}],"inLanguage":"pt-BR"},{"@type":"Person","@id":"https:\/\/www.correiobraziliense.com.br\/cbradar\/#\/schema\/person\/5aa4bf3c8fa699c267933611de12978b","name":"guilherme_saude","image":{"@type":"ImageObject","inLanguage":"pt-BR","@id":"https:\/\/www.correiobraziliense.com.br\/cbradar\/#\/schema\/person\/image\/","url":"https:\/\/secure.gravatar.com\/avatar\/df9adfb835d344bc0af109d41756253f?s=96&d=mm&r=g","contentUrl":"https:\/\/secure.gravatar.com\/avatar\/df9adfb835d344bc0af109d41756253f?s=96&d=mm&r=g","caption":"guilherme_saude"},"url":"https:\/\/www.correiobraziliense.com.br\/cbradar\/author\/guilherme_saude\/"}]}},"_links":{"self":[{"href":"https:\/\/www.correiobraziliense.com.br\/cbradar\/wp-json\/wp\/v2\/posts\/155104","targetHints":{"allow":["GET"]}}],"collection":[{"href":"https:\/\/www.correiobraziliense.com.br\/cbradar\/wp-json\/wp\/v2\/posts"}],"about":[{"href":"https:\/\/www.correiobraziliense.com.br\/cbradar\/wp-json\/wp\/v2\/types\/post"}],"author":[{"embeddable":true,"href":"https:\/\/www.correiobraziliense.com.br\/cbradar\/wp-json\/wp\/v2\/users\/14"}],"replies":[{"embeddable":true,"href":"https:\/\/www.correiobraziliense.com.br\/cbradar\/wp-json\/wp\/v2\/comments?post=155104"}],"version-history":[{"count":1,"href":"https:\/\/www.correiobraziliense.com.br\/cbradar\/wp-json\/wp\/v2\/posts\/155104\/revisions"}],"predecessor-version":[{"id":155105,"href":"https:\/\/www.correiobraziliense.com.br\/cbradar\/wp-json\/wp\/v2\/posts\/155104\/revisions\/155105"}],"wp:featuredmedia":[{"embeddable":true,"href":"https:\/\/www.correiobraziliense.com.br\/cbradar\/wp-json\/wp\/v2\/media\/116787"}],"wp:attachment":[{"href":"https:\/\/www.correiobraziliense.com.br\/cbradar\/wp-json\/wp\/v2\/media?parent=155104"}],"wp:term":[{"taxonomy":"category","embeddable":true,"href":"https:\/\/www.correiobraziliense.com.br\/cbradar\/wp-json\/wp\/v2\/categories?post=155104"},{"taxonomy":"post_tag","embeddable":true,"href":"https:\/\/www.correiobraziliense.com.br\/cbradar\/wp-json\/wp\/v2\/tags?post=155104"}],"curies":[{"name":"wp","href":"https:\/\/api.w.org\/{rel}","templated":true}]}}