{"id":155107,"date":"2025-12-13T18:25:00","date_gmt":"2025-12-13T21:25:00","guid":{"rendered":"https:\/\/www.correiobraziliense.com.br\/cbradar\/?p=155107"},"modified":"2025-12-12T16:40:56","modified_gmt":"2025-12-12T19:40:56","slug":"10-alimentos-que-ajudam-a-dormir-melhor","status":"publish","type":"post","link":"https:\/\/www.correiobraziliense.com.br\/cbradar\/10-alimentos-que-ajudam-a-dormir-melhor\/","title":{"rendered":"10 Alimentos que ajudam a dormir melhor"},"content":{"rendered":"\n<p>No final do ano, h\u00e1 uma tend\u00eancia comum de aumentar as atividades sociais, estendendo compromissos at\u00e9 tarde da noite. Esta sobrecarga de atividades muitas vezes resulta em problemas para dormir, onde mesmo ap\u00f3s v\u00e1rias horas na cama, muitas pessoas sentem que n\u00e3o descansaram adequadamente. Al\u00e9m dos fatores psicol\u00f3gicos, a alimenta\u00e7\u00e3o desempenha um papel crucial na qualidade do <strong>Sono<\/strong>. A escolha dos alimentos certos pode atuar como um mecanismo de relaxamento natural, permitindo ao corpo entrar em um estado de tranquilidade e promover um Sono reparador.<\/p>\n\n\n\n<p>A serotonina e a melatonina s\u00e3o dois neurotransmissores essenciais na regula\u00e7\u00e3o do Sono. Alimentos que incentivam a produ\u00e7\u00e3o dessas subst\u00e2ncias podem ser fundamentais para melhorar a qualidade do descanso. Certos itens alimentares desempenham um papel importante em fornecer os nutrientes necess\u00e1rios que ajudam a induzir o Sono, indo al\u00e9m de simplesmente desligar dispositivos digitais antes de dormir.<\/p>\n\n\n\n<h2 class=\"wp-block-heading\">Quais alimentos podem melhorar o Sono?<\/h2>\n\n\n\n<p>Incorporar alimentos ricos em triptofano e magn\u00e9sio, como a banana, pode ser bastante eficaz. Esta fruta n\u00e3o s\u00f3 ajuda a relaxar os m\u00fasculos como tamb\u00e9m reduz a tens\u00e3o corporal. Quando consumida com canela, torna-se um calmante natural suave. Outro aliado \u00e9 o kiwi, conhecido por aumentar o tempo total de Sono devido \u00e0s suas propriedades que tranquilizam a mente.<\/p>\n\n\n\n<figure class=\"wp-block-image aligncenter size-large\"><img decoding=\"async\" width=\"1024\" height=\"576\" src=\"https:\/\/www.correiobraziliense.com.br\/cbradar\/wp-content\/uploads\/2025\/05\/abacate_1747158574154-1024x576.jpg\" alt=\"\" class=\"wp-image-36329\" srcset=\"https:\/\/www.correiobraziliense.com.br\/cbradar\/wp-content\/uploads\/2025\/05\/abacate_1747158574154-1024x576.jpg 1024w, https:\/\/www.correiobraziliense.com.br\/cbradar\/wp-content\/uploads\/2025\/05\/abacate_1747158574154-300x169.jpg 300w, https:\/\/www.correiobraziliense.com.br\/cbradar\/wp-content\/uploads\/2025\/05\/abacate_1747158574154-768x432.jpg 768w, https:\/\/www.correiobraziliense.com.br\/cbradar\/wp-content\/uploads\/2025\/05\/abacate_1747158574154-750x422.jpg 750w, https:\/\/www.correiobraziliense.com.br\/cbradar\/wp-content\/uploads\/2025\/05\/abacate_1747158574154-1140x641.jpg 1140w, https:\/\/www.correiobraziliense.com.br\/cbradar\/wp-content\/uploads\/2025\/05\/abacate_1747158574154.jpg 1280w\" sizes=\"(max-width: 1024px) 100vw, 1024px\" \/><figcaption class=\"wp-element-caption\">Abacate &#8211; Cr\u00e9ditos: depositphotos.com \/ VadimVasenin\n\n<\/figcaption><\/figure>\n\n\n\n<p>O abacate, fonte de gorduras saud\u00e1veis, estabiliza a glicemia sem pesar, tornando-se uma excelente escolha para uma ceia leve. J\u00e1 o iogurte natural integral proporciona triptofano e probi\u00f3ticos, que favorecem a comunica\u00e7\u00e3o entre o intestino e o c\u00e9rebro, crucial para um Sono mais profundo. A aveia, por suas fibras e triptofano, mant\u00e9m o corpo nutrido \u00e0 noite, prevenindo aquela fome inesperada e indesejada durante o descanso.<\/p>\n\n\n\n<h2 class=\"wp-block-heading\">Como montar uma refei\u00e7\u00e3o noturna eficiente?<\/h2>\n\n\n\n<p>Um jantar eficiente pode ser simples, mas nutriente. Uma boa pr\u00e1tica \u00e9 combinar uma prote\u00edna leve, como ovos ou peixes magros, acompanhados de vegetais e um alimento calmante. Estes \u00faltimos t\u00eam a capacidade de baixar o ritmo do corpo, preparando-o para um descanso mais completo. Um exemplo pr\u00e1tico seria um prato composto por peixe ao vapor com legumes e uma por\u00e7\u00e3o de banana com canela na sobremesa.<\/p>\n\n\n\n<ul class=\"wp-block-list\">\n<li>Evitando refei\u00e7\u00f5es gordurosas e ultraprocessadas, o corpo consegue processar melhor os <a href=\"https:\/\/www.correiobraziliense.com.br\/cbradar\/dr-cesar-cimonari-neurocirurgiao-como-funciona-o-implante-de-disco-artificial\/\" target=\"_blank\" rel=\"noreferrer noopener\">nutrientes <\/a>e focar na repara\u00e7\u00e3o celular durante a noite.<\/li>\n\n\n\n<li>Reduzir a ingest\u00e3o de a\u00e7\u00facares e gorduras \u00e0 noite ajuda a manter o corpo relaxado, sem sobrecarregar o sistema digestivo.<\/li>\n<\/ul>\n\n\n\n<h2 class=\"wp-block-heading\">Qual o efeito de um bom jantar sobre o Sono?<\/h2>\n\n\n\n<p>Durante os dias mais movimentados de dezembro, ajustar o jantar pode trazer in\u00fameros benef\u00edcios. Minimizar o consumo excessivo de a\u00e7\u00facar e comidas pesadas \u00e0 noite n\u00e3o s\u00f3 melhora o humor como tamb\u00e9m reduz a reten\u00e7\u00e3o de l\u00edquidos e garante um despertar mais leve e produtivo. Dormir bem ajuda na reorganiza\u00e7\u00e3o do corpo, permitindo que o dia seguinte seja mais proveitoso e energizado.<\/p>\n\n\n\n<p>A nutri\u00e7\u00e3o correta desempenha um papel insubstitu\u00edvel no alcance de um Sono de qualidade. Quando a alimenta\u00e7\u00e3o n\u00e3o apenas sustenta, mas complementa a regenera\u00e7\u00e3o do corpo \u00e0 noite, os benef\u00edcios s\u00e3o sentidos de m\u00faltiplas maneiras, permitindo acordar revigorado, mesmo nos per\u00edodos mais exigentes do ano.<\/p>\n\n\n<a href=\"https:\/\/www.instagram.com\/dra.annaluisabf\/\" target=\"_blank\" rel=\"noopener\" style=\"text-decoration: none; color: inherit;\">\n    <span style=\"display: inline-block; border: 1px solid #ccc; border-radius: 10px; padding: 15px; max-width: 550px; font-family: sans-serif; box-shadow: 0 2px 5px rgba(0,0,0,0.1); width: 100%;\">\n\n      <!-- T\u00edtulo -->\n      <span style=\"display: block; margin: 0 0 15px 0; font-weight: bold; color: #2c3e50; text-align: center;\">\n        Entre em contato:\n      <\/span>\n\n      <!-- Linha do perfil -->\n      <span style=\"display: flex; align-items: center; gap: 15px;\">\n        <img decoding=\"async\"\n          src=\"https:\/\/www.correiobraziliense.com.br\/cbradar\/wp-content\/uploads\/2025\/08\/dra_anna_luisa.jpeg\"\n          alt=\"Foto da Dra. Anna Lu\u00edsa\"\n          style=\"border-radius: 50%; width: 80px; height: 80px; object-fit: cover;\"\n        \/>\n        <span style=\"display: flex; flex-direction: column;\">\n          <span style=\"font-size: 18px; font-weight: 700; color: #2c3e50;\">Dra. Anna Lu\u00edsa Barbosa Fernandes<\/span>\n          <span style=\"color: #555;\">CRM-GO 33.271<\/span>\n        <\/span>\n      <\/span>\n\n      <!-- Redes -->\n      <span style=\"display: flex; align-items: center; gap: 10px; margin-top: 12px;\">\n        <img decoding=\"async\" src=\"https:\/\/cdn-icons-png.flaticon.com\/24\/1384\/1384063.png\" alt=\"Instagram\" width=\"24\" height=\"24\" \/>\n        <span style=\"text-decoration: underline; color: #2c3e50;\">@dra.annaluisabf<\/span>\n      <\/span>\n\n    <\/span>\n  <\/a>","protected":false},"excerpt":{"rendered":"<p>No final do ano, h\u00e1 uma tend\u00eancia comum de aumentar as atividades sociais, estendendo compromissos at\u00e9 tarde da noite. Esta sobrecarga de atividades muitas vezes resulta em problemas para dormir, onde mesmo ap\u00f3s v\u00e1rias horas na cama, muitas pessoas sentem que n\u00e3o descansaram adequadamente. Al\u00e9m dos fatores psicol\u00f3gicos, a alimenta\u00e7\u00e3o desempenha um papel crucial na [&hellip;]<\/p>\n","protected":false},"author":14,"featured_media":78215,"comment_status":"open","ping_status":"open","sticky":false,"template":"","format":"standard","meta":{"_yoast_wpseo_focuskw":"Sono","_yoast_wpseo_title":"","_yoast_wpseo_metadesc":"Banana com canela, kiwi e aveia: veja como montar uma ceia nutritiva que melhora a qualidade do sono e reduz o cansa\u00e7o do dia seguinte.","jnews-multi-image_gallery":[],"jnews_single_post":{"format":"standard"},"jnews_primary_category":[],"jnews_social_meta":[],"jnews_override_counter":[],"footnotes":""},"categories":[4404],"tags":[281,120,1318],"class_list":["post-155107","post","type-post","status-publish","format-standard","has-post-thumbnail","hentry","category-saude","tag-alimentacao","tag-bem-estar","tag-saude-2"],"yoast_head":"<!-- This site is optimized with the Yoast SEO plugin v24.6 - https:\/\/yoast.com\/wordpress\/plugins\/seo\/ -->\n<title>10 Alimentos que ajudam a dormir melhor - Correio Braziliense - Radar<\/title>\n<meta name=\"description\" content=\"Banana com canela, kiwi e aveia: veja como montar uma ceia nutritiva que melhora a qualidade do sono e reduz o cansa\u00e7o do dia seguinte.\" \/>\n<meta name=\"robots\" content=\"index, follow, max-snippet:-1, max-image-preview:large, max-video-preview:-1\" \/>\n<link rel=\"canonical\" href=\"https:\/\/www.correiobraziliense.com.br\/cbradar\/10-alimentos-que-ajudam-a-dormir-melhor\/\" \/>\n<meta property=\"og:locale\" content=\"pt_BR\" \/>\n<meta property=\"og:type\" content=\"article\" \/>\n<meta property=\"og:title\" content=\"10 Alimentos que ajudam a dormir melhor - Correio Braziliense - Radar\" \/>\n<meta property=\"og:description\" content=\"Banana com canela, kiwi e aveia: veja como montar uma ceia nutritiva que melhora a qualidade do sono e reduz o cansa\u00e7o do dia seguinte.\" \/>\n<meta property=\"og:url\" content=\"https:\/\/www.correiobraziliense.com.br\/cbradar\/10-alimentos-que-ajudam-a-dormir-melhor\/\" \/>\n<meta property=\"og:site_name\" content=\"Correio Braziliense - Radar\" \/>\n<meta property=\"article:published_time\" content=\"2025-12-13T21:25:00+00:00\" \/>\n<meta property=\"og:image\" content=\"https:\/\/www.correiobraziliense.com.br\/cbradar\/wp-content\/uploads\/2025\/07\/gordo-dormindo_1753911109698.jpg\" \/>\n\t<meta property=\"og:image:width\" content=\"1280\" \/>\n\t<meta property=\"og:image:height\" content=\"720\" \/>\n\t<meta property=\"og:image:type\" content=\"image\/jpeg\" \/>\n<meta name=\"author\" content=\"guilherme_saude\" \/>\n<meta name=\"twitter:card\" content=\"summary_large_image\" \/>\n<meta name=\"twitter:label1\" content=\"Escrito por\" \/>\n\t<meta name=\"twitter:data1\" content=\"guilherme_saude\" \/>\n\t<meta name=\"twitter:label2\" content=\"Est. tempo de leitura\" \/>\n\t<meta name=\"twitter:data2\" content=\"4 minutos\" \/>\n<!-- \/ Yoast SEO plugin. -->","yoast_head_json":{"title":"10 Alimentos que ajudam a dormir melhor - Correio Braziliense - Radar","description":"Banana com canela, kiwi e aveia: veja como montar uma ceia nutritiva que melhora a qualidade do sono e reduz o cansa\u00e7o do dia seguinte.","robots":{"index":"index","follow":"follow","max-snippet":"max-snippet:-1","max-image-preview":"max-image-preview:large","max-video-preview":"max-video-preview:-1"},"canonical":"https:\/\/www.correiobraziliense.com.br\/cbradar\/10-alimentos-que-ajudam-a-dormir-melhor\/","og_locale":"pt_BR","og_type":"article","og_title":"10 Alimentos que ajudam a dormir melhor - Correio Braziliense - Radar","og_description":"Banana com canela, kiwi e aveia: veja como montar uma ceia nutritiva que melhora a qualidade do sono e reduz o cansa\u00e7o do dia seguinte.","og_url":"https:\/\/www.correiobraziliense.com.br\/cbradar\/10-alimentos-que-ajudam-a-dormir-melhor\/","og_site_name":"Correio Braziliense - Radar","article_published_time":"2025-12-13T21:25:00+00:00","og_image":[{"width":1280,"height":720,"url":"https:\/\/www.correiobraziliense.com.br\/cbradar\/wp-content\/uploads\/2025\/07\/gordo-dormindo_1753911109698.jpg","type":"image\/jpeg"}],"author":"guilherme_saude","twitter_card":"summary_large_image","twitter_misc":{"Escrito por":"guilherme_saude","Est. tempo de leitura":"4 minutos"},"schema":{"@context":"https:\/\/schema.org","@graph":[{"@type":"WebPage","@id":"https:\/\/www.correiobraziliense.com.br\/cbradar\/10-alimentos-que-ajudam-a-dormir-melhor\/","url":"https:\/\/www.correiobraziliense.com.br\/cbradar\/10-alimentos-que-ajudam-a-dormir-melhor\/","name":"10 Alimentos que ajudam a dormir melhor - Correio Braziliense - Radar","isPartOf":{"@id":"https:\/\/www.correiobraziliense.com.br\/cbradar\/#website"},"primaryImageOfPage":{"@id":"https:\/\/www.correiobraziliense.com.br\/cbradar\/10-alimentos-que-ajudam-a-dormir-melhor\/#primaryimage"},"image":{"@id":"https:\/\/www.correiobraziliense.com.br\/cbradar\/10-alimentos-que-ajudam-a-dormir-melhor\/#primaryimage"},"thumbnailUrl":"https:\/\/www.correiobraziliense.com.br\/cbradar\/wp-content\/uploads\/2025\/07\/gordo-dormindo_1753911109698.jpg","datePublished":"2025-12-13T21:25:00+00:00","author":{"@id":"https:\/\/www.correiobraziliense.com.br\/cbradar\/#\/schema\/person\/5aa4bf3c8fa699c267933611de12978b"},"description":"Banana com canela, kiwi e aveia: veja como montar uma ceia nutritiva que melhora a qualidade do sono e reduz o cansa\u00e7o do dia seguinte.","breadcrumb":{"@id":"https:\/\/www.correiobraziliense.com.br\/cbradar\/10-alimentos-que-ajudam-a-dormir-melhor\/#breadcrumb"},"inLanguage":"pt-BR","potentialAction":[{"@type":"ReadAction","target":["https:\/\/www.correiobraziliense.com.br\/cbradar\/10-alimentos-que-ajudam-a-dormir-melhor\/"]}]},{"@type":"ImageObject","inLanguage":"pt-BR","@id":"https:\/\/www.correiobraziliense.com.br\/cbradar\/10-alimentos-que-ajudam-a-dormir-melhor\/#primaryimage","url":"https:\/\/www.correiobraziliense.com.br\/cbradar\/wp-content\/uploads\/2025\/07\/gordo-dormindo_1753911109698.jpg","contentUrl":"https:\/\/www.correiobraziliense.com.br\/cbradar\/wp-content\/uploads\/2025\/07\/gordo-dormindo_1753911109698.jpg","width":1280,"height":720,"caption":"Priva\u00e7\u00e3o de sono afeta humor e aumenta risco de diabetes de forma preocupante - Cr\u00e9ditos: depositphotos.com \/ IgorVetushko"},{"@type":"BreadcrumbList","@id":"https:\/\/www.correiobraziliense.com.br\/cbradar\/10-alimentos-que-ajudam-a-dormir-melhor\/#breadcrumb","itemListElement":[{"@type":"ListItem","position":1,"name":"In\u00edcio","item":"https:\/\/www.correiobraziliense.com.br\/cbradar\/"},{"@type":"ListItem","position":2,"name":"10 Alimentos que ajudam a dormir melhor"}]},{"@type":"WebSite","@id":"https:\/\/www.correiobraziliense.com.br\/cbradar\/#website","url":"https:\/\/www.correiobraziliense.com.br\/cbradar\/","name":"Correio Braziliense - Radar","description":"Acompanhe as \u00faltimas not\u00edcias e fique bem informado sobre tudo o que acontece no Brasil e no mundo.","potentialAction":[{"@type":"SearchAction","target":{"@type":"EntryPoint","urlTemplate":"https:\/\/www.correiobraziliense.com.br\/cbradar\/?s={search_term_string}"},"query-input":{"@type":"PropertyValueSpecification","valueRequired":true,"valueName":"search_term_string"}}],"inLanguage":"pt-BR"},{"@type":"Person","@id":"https:\/\/www.correiobraziliense.com.br\/cbradar\/#\/schema\/person\/5aa4bf3c8fa699c267933611de12978b","name":"guilherme_saude","image":{"@type":"ImageObject","inLanguage":"pt-BR","@id":"https:\/\/www.correiobraziliense.com.br\/cbradar\/#\/schema\/person\/image\/","url":"https:\/\/secure.gravatar.com\/avatar\/df9adfb835d344bc0af109d41756253f?s=96&d=mm&r=g","contentUrl":"https:\/\/secure.gravatar.com\/avatar\/df9adfb835d344bc0af109d41756253f?s=96&d=mm&r=g","caption":"guilherme_saude"},"url":"https:\/\/www.correiobraziliense.com.br\/cbradar\/author\/guilherme_saude\/"}]}},"_links":{"self":[{"href":"https:\/\/www.correiobraziliense.com.br\/cbradar\/wp-json\/wp\/v2\/posts\/155107","targetHints":{"allow":["GET"]}}],"collection":[{"href":"https:\/\/www.correiobraziliense.com.br\/cbradar\/wp-json\/wp\/v2\/posts"}],"about":[{"href":"https:\/\/www.correiobraziliense.com.br\/cbradar\/wp-json\/wp\/v2\/types\/post"}],"author":[{"embeddable":true,"href":"https:\/\/www.correiobraziliense.com.br\/cbradar\/wp-json\/wp\/v2\/users\/14"}],"replies":[{"embeddable":true,"href":"https:\/\/www.correiobraziliense.com.br\/cbradar\/wp-json\/wp\/v2\/comments?post=155107"}],"version-history":[{"count":1,"href":"https:\/\/www.correiobraziliense.com.br\/cbradar\/wp-json\/wp\/v2\/posts\/155107\/revisions"}],"predecessor-version":[{"id":155108,"href":"https:\/\/www.correiobraziliense.com.br\/cbradar\/wp-json\/wp\/v2\/posts\/155107\/revisions\/155108"}],"wp:featuredmedia":[{"embeddable":true,"href":"https:\/\/www.correiobraziliense.com.br\/cbradar\/wp-json\/wp\/v2\/media\/78215"}],"wp:attachment":[{"href":"https:\/\/www.correiobraziliense.com.br\/cbradar\/wp-json\/wp\/v2\/media?parent=155107"}],"wp:term":[{"taxonomy":"category","embeddable":true,"href":"https:\/\/www.correiobraziliense.com.br\/cbradar\/wp-json\/wp\/v2\/categories?post=155107"},{"taxonomy":"post_tag","embeddable":true,"href":"https:\/\/www.correiobraziliense.com.br\/cbradar\/wp-json\/wp\/v2\/tags?post=155107"}],"curies":[{"name":"wp","href":"https:\/\/api.w.org\/{rel}","templated":true}]}}