{"id":155118,"date":"2025-12-12T21:35:00","date_gmt":"2025-12-13T00:35:00","guid":{"rendered":"https:\/\/www.correiobraziliense.com.br\/cbradar\/?p=155118"},"modified":"2025-12-12T16:53:46","modified_gmt":"2025-12-12T19:53:46","slug":"como-superar-o-plato-na-perda-de-peso","status":"publish","type":"post","link":"https:\/\/www.correiobraziliense.com.br\/cbradar\/como-superar-o-plato-na-perda-de-peso\/","title":{"rendered":"Como superar o plat\u00f4 na perda de peso"},"content":{"rendered":"\n<p>O caminho para o <strong>Emagrecimento <\/strong>pode ser desafiador e, muitas vezes, repleto de altos e baixos. Mesmo com a dedica\u00e7\u00e3o em ajustar a alimenta\u00e7\u00e3o e a rotina de exerc\u00edcios, muitos enfrentam o que \u00e9 conhecido como plat\u00f4. Este est\u00e1gio \u00e9 quando o progresso na perda de peso parece estagnar, gerando frustra\u00e7\u00e3o. Essa fase \u00e9 mais comum do que se imagina e pode ocorrer mesmo para aqueles que seguem h\u00e1bitos saud\u00e1veis rigorosamente.<\/p>\n\n\n\n<p>O plat\u00f4 ocorre quando o organismo, ao perceber uma consistente redu\u00e7\u00e3o de medidas, diminui o gasto energ\u00e9tico como uma forma de autoprote\u00e7\u00e3o. Assim, a mesma estrat\u00e9gia que inicialmente proporcionava perda de peso pode se tornar menos eficaz. No entanto, alguns erros comuns podem ser respons\u00e1veis por essa estagna\u00e7\u00e3o e \u00e9 poss\u00edvel corrigi-los para voltar a reduzir medidas de maneira eficaz e saud\u00e1vel.<\/p>\n\n\n\n<h2 class=\"wp-block-heading\">Quais erros podem levar \u00e0 estagna\u00e7\u00e3o?<\/h2>\n\n\n\n<p>A adapta\u00e7\u00e3o energ\u00e9tica \u00e9 um fator crucial. \u00c0 medida que se perde peso, o corpo passa a necessitar de menos calorias para operar. Se a ingest\u00e3o cal\u00f3rica n\u00e3o for ajustada a essa nova realidade, o d\u00e9ficit energ\u00e9tico diminui, levando \u00e0 estabiliza\u00e7\u00e3o do peso. Variar a intensidade das atividades f\u00edsicas e revisar a alimenta\u00e7\u00e3o pode fazer a diferen\u00e7a. A inclus\u00e3o de prote\u00ednas adequadas tamb\u00e9m ajuda a reativar o metabolismo.<\/p>\n\n\n\n<p>Al\u00e9m das quest\u00f5es f\u00edsicas, o estresse e o sono desempenham pap\u00e9is fundamentais no processo de Emagrecimento. Priva\u00e7\u00e3o de sono e altos n\u00edveis de estresse s\u00e3o conhecidos por aumentar o cortisol, interferindo nos horm\u00f4nios que regulam a fome e a saciedade. Isso pode levar \u00e0 reten\u00e7\u00e3o de l\u00edquido e \u00e0 diminui\u00e7\u00e3o da queima de gordura, destacando a import\u00e2ncia de uma rotina de sono constante e pr\u00e1ticas de relaxamento.<\/p>\n\n\n\n<h2 class=\"wp-block-heading\">Como a fome emocional afeta o Emagrecimento?<\/h2>\n\n\n\n<p>A fome emocional \u00e9 um dos desafios mais sutis na perda de peso. Diferente da fome fisiol\u00f3gica, que emerge gradualmente, a fome emocional surge de forma repentina, muitas vezes acompanhada do desejo por alimentos cal\u00f3ricos e reconfortantes. Esta forma de fome n\u00e3o satisfaz o organismo e est\u00e1 relacionada a estados emocionais como ansiedade ou t\u00e9dio.<\/p>\n\n\n<div class=\"wp-block-image\">\n<figure class=\"aligncenter size-large\"><img decoding=\"async\" width=\"1024\" height=\"576\" src=\"https:\/\/www.correiobraziliense.com.br\/cbradar\/wp-content\/uploads\/2025\/10\/emagrecimento-homem_1761590990736-1024x576.jpg\" alt=\"\" class=\"wp-image-126839\" srcset=\"https:\/\/www.correiobraziliense.com.br\/cbradar\/wp-content\/uploads\/2025\/10\/emagrecimento-homem_1761590990736-1024x576.jpg 1024w, https:\/\/www.correiobraziliense.com.br\/cbradar\/wp-content\/uploads\/2025\/10\/emagrecimento-homem_1761590990736-300x169.jpg 300w, https:\/\/www.correiobraziliense.com.br\/cbradar\/wp-content\/uploads\/2025\/10\/emagrecimento-homem_1761590990736-768x432.jpg 768w, https:\/\/www.correiobraziliense.com.br\/cbradar\/wp-content\/uploads\/2025\/10\/emagrecimento-homem_1761590990736-750x422.jpg 750w, https:\/\/www.correiobraziliense.com.br\/cbradar\/wp-content\/uploads\/2025\/10\/emagrecimento-homem_1761590990736-1140x641.jpg 1140w, https:\/\/www.correiobraziliense.com.br\/cbradar\/wp-content\/uploads\/2025\/10\/emagrecimento-homem_1761590990736.jpg 1280w\" sizes=\"(max-width: 1024px) 100vw, 1024px\" \/><figcaption class=\"wp-element-caption\">Impacto do Emagrecimento na Fertilidade &#8211; Cr\u00e9ditos: depositphotos.com \/ DmitriyAnaniev<\/figcaption><\/figure><\/div>\n\n\n<p>Identificar essa diferen\u00e7a \u00e9 crucial para n\u00e3o consumir calorias desnecess\u00e1rias. A capacidade de distinguir entre a fome real e a emocional ajuda a evitar o consumo impulsivo e a ajustar a dieta de acordo com as necessidades reais do corpo.<\/p>\n\n\n\n<h2 class=\"wp-block-heading\">Por que \u00e9 importante o acompanhamento profissional?<\/h2>\n\n\n\n<p>Tentar conduzir o processo de emagrecimento sozinho pode ser tentador, mas contar com o apoio de um profissional de <a href=\"https:\/\/www.correiobraziliense.com.br\/cbradar\/dr-cesar-cimonari-neurocirurgiao-como-funciona-o-implante-de-disco-artificial\/\" target=\"_blank\" rel=\"noreferrer noopener\">sa\u00fade <\/a>pode ser crucial para superar o plat\u00f4. Nutricionistas podem identificar pequenos padr\u00f5es que passam despercebidos e ajustar a estrat\u00e9gia de forma espec\u00edfica ao estado atual do metabolismo de cada um.<\/p>\n\n\n\n<p>Hoje, o acompanhamento remoto se tornou uma estrat\u00e9gia pr\u00e1tica e eficaz, permitindo orienta\u00e7\u00f5es personalizadas de forma cont\u00ednua e sem a necessidade de deslocamento. Este suporte constante \u00e9 vital para quem precisa de ajustes \u00e0 medida que o organismo se adapta \u00e0 nova realidade de consumo energ\u00e9tico.<\/p>\n\n\n\n<h2 class=\"wp-block-heading\">Quais as estrategias para superar o plat\u00f4?<\/h2>\n\n\n\n<p>Superar o plat\u00f4 na perda de peso requer ajustes e estrat\u00e9gias que muitas vezes envolvem varia\u00e7\u00e3o no treinamento f\u00edsico e na dieta. \u00c9 importante estar sempre atento a sinais do corpo e modificar as pr\u00e1ticas conforme necess\u00e1rio. Pequenos ajustes podem fazer grandes diferen\u00e7as no processo de emagrecimento.<\/p>\n\n\n\n<p>Seja pela adapta\u00e7\u00e3o do consumo energ\u00e9tico, gest\u00e3o do estresse e do sono, ou rica supervis\u00e3o profissional, o importante \u00e9 manter a motiva\u00e7\u00e3o e buscar sempre o equil\u00edbrio. Persistir com a abordagem correta pode reativar a perda de peso e manter o progresso em dire\u00e7\u00e3o \u00e0 sa\u00fade e bem-estar.<\/p>\n\n\n<a href=\"https:\/\/www.instagram.com\/dra.annaluisabf\/\" target=\"_blank\" rel=\"noopener\" style=\"text-decoration: none; color: inherit;\">\n    <span style=\"display: inline-block; border: 1px solid #ccc; border-radius: 10px; padding: 15px; max-width: 550px; font-family: sans-serif; box-shadow: 0 2px 5px rgba(0,0,0,0.1); width: 100%;\">\n\n      <!-- T\u00edtulo -->\n      <span style=\"display: block; margin: 0 0 15px 0; font-weight: bold; color: #2c3e50; text-align: center;\">\n        Entre em contato:\n      <\/span>\n\n      <!-- Linha do perfil -->\n      <span style=\"display: flex; align-items: center; gap: 15px;\">\n        <img decoding=\"async\"\n          src=\"https:\/\/www.correiobraziliense.com.br\/cbradar\/wp-content\/uploads\/2025\/08\/dra_anna_luisa.jpeg\"\n          alt=\"Foto da Dra. Anna Lu\u00edsa\"\n          style=\"border-radius: 50%; width: 80px; height: 80px; object-fit: cover;\"\n        \/>\n        <span style=\"display: flex; flex-direction: column;\">\n          <span style=\"font-size: 18px; font-weight: 700; color: #2c3e50;\">Dra. Anna Lu\u00edsa Barbosa Fernandes<\/span>\n          <span style=\"color: #555;\">CRM-GO 33.271<\/span>\n        <\/span>\n      <\/span>\n\n      <!-- Redes -->\n      <span style=\"display: flex; align-items: center; gap: 10px; margin-top: 12px;\">\n        <img decoding=\"async\" src=\"https:\/\/cdn-icons-png.flaticon.com\/24\/1384\/1384063.png\" alt=\"Instagram\" width=\"24\" height=\"24\" \/>\n        <span style=\"text-decoration: underline; color: #2c3e50;\">@dra.annaluisabf<\/span>\n      <\/span>\n\n    <\/span>\n  <\/a>","protected":false},"excerpt":{"rendered":"<p>O caminho para o Emagrecimento pode ser desafiador e, muitas vezes, repleto de altos e baixos. Mesmo com a dedica\u00e7\u00e3o em ajustar a alimenta\u00e7\u00e3o e a rotina de exerc\u00edcios, muitos enfrentam o que \u00e9 conhecido como plat\u00f4. Este est\u00e1gio \u00e9 quando o progresso na perda de peso parece estagnar, gerando frustra\u00e7\u00e3o. Essa fase \u00e9 mais [&hellip;]<\/p>\n","protected":false},"author":14,"featured_media":42913,"comment_status":"open","ping_status":"open","sticky":false,"template":"","format":"standard","meta":{"_yoast_wpseo_focuskw":"Emagrecimento","_yoast_wpseo_title":"","_yoast_wpseo_metadesc":"Est\u00e1 emagrecendo e parou de perder peso? Saiba o que \u00e9 o plat\u00f4 e como super\u00e1-lo com estrat\u00e9gias simples e eficazes.","jnews-multi-image_gallery":[],"jnews_single_post":{"format":"standard"},"jnews_primary_category":[],"jnews_social_meta":[],"jnews_override_counter":[],"footnotes":""},"categories":[4404],"tags":[281,120,367,1318],"class_list":["post-155118","post","type-post","status-publish","format-standard","has-post-thumbnail","hentry","category-saude","tag-alimentacao","tag-bem-estar","tag-emagrecimento","tag-saude-2"],"yoast_head":"<!-- This site is optimized with the Yoast SEO plugin v24.6 - https:\/\/yoast.com\/wordpress\/plugins\/seo\/ -->\n<title>Como superar o plat\u00f4 na perda de peso - Correio Braziliense - Radar<\/title>\n<meta name=\"description\" content=\"Est\u00e1 emagrecendo e parou de perder peso? Saiba o que \u00e9 o plat\u00f4 e como super\u00e1-lo com estrat\u00e9gias simples e eficazes.\" \/>\n<meta name=\"robots\" content=\"index, follow, max-snippet:-1, max-image-preview:large, max-video-preview:-1\" \/>\n<link rel=\"canonical\" href=\"https:\/\/www.correiobraziliense.com.br\/cbradar\/como-superar-o-plato-na-perda-de-peso\/\" \/>\n<meta property=\"og:locale\" content=\"pt_BR\" \/>\n<meta property=\"og:type\" content=\"article\" \/>\n<meta property=\"og:title\" content=\"Como superar o plat\u00f4 na perda de peso - Correio Braziliense - Radar\" \/>\n<meta property=\"og:description\" content=\"Est\u00e1 emagrecendo e parou de perder peso? Saiba o que \u00e9 o plat\u00f4 e como super\u00e1-lo com estrat\u00e9gias simples e eficazes.\" \/>\n<meta property=\"og:url\" content=\"https:\/\/www.correiobraziliense.com.br\/cbradar\/como-superar-o-plato-na-perda-de-peso\/\" \/>\n<meta property=\"og:site_name\" content=\"Correio Braziliense - Radar\" \/>\n<meta property=\"article:published_time\" content=\"2025-12-13T00:35:00+00:00\" \/>\n<meta property=\"og:image\" content=\"https:\/\/www.correiobraziliense.com.br\/cbradar\/wp-content\/uploads\/2025\/05\/emagrecimento_1748207177548.jpg\" \/>\n\t<meta property=\"og:image:width\" content=\"1280\" \/>\n\t<meta property=\"og:image:height\" content=\"720\" \/>\n\t<meta property=\"og:image:type\" content=\"image\/jpeg\" \/>\n<meta name=\"author\" content=\"guilherme_saude\" \/>\n<meta name=\"twitter:card\" content=\"summary_large_image\" \/>\n<meta name=\"twitter:label1\" content=\"Escrito por\" \/>\n\t<meta name=\"twitter:data1\" content=\"guilherme_saude\" \/>\n\t<meta name=\"twitter:label2\" content=\"Est. tempo de leitura\" \/>\n\t<meta name=\"twitter:data2\" content=\"5 minutos\" \/>\n<!-- \/ Yoast SEO plugin. -->","yoast_head_json":{"title":"Como superar o plat\u00f4 na perda de peso - Correio Braziliense - Radar","description":"Est\u00e1 emagrecendo e parou de perder peso? Saiba o que \u00e9 o plat\u00f4 e como super\u00e1-lo com estrat\u00e9gias simples e eficazes.","robots":{"index":"index","follow":"follow","max-snippet":"max-snippet:-1","max-image-preview":"max-image-preview:large","max-video-preview":"max-video-preview:-1"},"canonical":"https:\/\/www.correiobraziliense.com.br\/cbradar\/como-superar-o-plato-na-perda-de-peso\/","og_locale":"pt_BR","og_type":"article","og_title":"Como superar o plat\u00f4 na perda de peso - Correio Braziliense - Radar","og_description":"Est\u00e1 emagrecendo e parou de perder peso? Saiba o que \u00e9 o plat\u00f4 e como super\u00e1-lo com estrat\u00e9gias simples e eficazes.","og_url":"https:\/\/www.correiobraziliense.com.br\/cbradar\/como-superar-o-plato-na-perda-de-peso\/","og_site_name":"Correio Braziliense - Radar","article_published_time":"2025-12-13T00:35:00+00:00","og_image":[{"width":1280,"height":720,"url":"https:\/\/www.correiobraziliense.com.br\/cbradar\/wp-content\/uploads\/2025\/05\/emagrecimento_1748207177548.jpg","type":"image\/jpeg"}],"author":"guilherme_saude","twitter_card":"summary_large_image","twitter_misc":{"Escrito por":"guilherme_saude","Est. tempo de leitura":"5 minutos"},"schema":{"@context":"https:\/\/schema.org","@graph":[{"@type":"WebPage","@id":"https:\/\/www.correiobraziliense.com.br\/cbradar\/como-superar-o-plato-na-perda-de-peso\/","url":"https:\/\/www.correiobraziliense.com.br\/cbradar\/como-superar-o-plato-na-perda-de-peso\/","name":"Como superar o plat\u00f4 na perda de peso - Correio Braziliense - Radar","isPartOf":{"@id":"https:\/\/www.correiobraziliense.com.br\/cbradar\/#website"},"primaryImageOfPage":{"@id":"https:\/\/www.correiobraziliense.com.br\/cbradar\/como-superar-o-plato-na-perda-de-peso\/#primaryimage"},"image":{"@id":"https:\/\/www.correiobraziliense.com.br\/cbradar\/como-superar-o-plato-na-perda-de-peso\/#primaryimage"},"thumbnailUrl":"https:\/\/www.correiobraziliense.com.br\/cbradar\/wp-content\/uploads\/2025\/05\/emagrecimento_1748207177548.jpg","datePublished":"2025-12-13T00:35:00+00:00","author":{"@id":"https:\/\/www.correiobraziliense.com.br\/cbradar\/#\/schema\/person\/5aa4bf3c8fa699c267933611de12978b"},"description":"Est\u00e1 emagrecendo e parou de perder peso? Saiba o que \u00e9 o plat\u00f4 e como super\u00e1-lo com estrat\u00e9gias simples e eficazes.","breadcrumb":{"@id":"https:\/\/www.correiobraziliense.com.br\/cbradar\/como-superar-o-plato-na-perda-de-peso\/#breadcrumb"},"inLanguage":"pt-BR","potentialAction":[{"@type":"ReadAction","target":["https:\/\/www.correiobraziliense.com.br\/cbradar\/como-superar-o-plato-na-perda-de-peso\/"]}]},{"@type":"ImageObject","inLanguage":"pt-BR","@id":"https:\/\/www.correiobraziliense.com.br\/cbradar\/como-superar-o-plato-na-perda-de-peso\/#primaryimage","url":"https:\/\/www.correiobraziliense.com.br\/cbradar\/wp-content\/uploads\/2025\/05\/emagrecimento_1748207177548.jpg","contentUrl":"https:\/\/www.correiobraziliense.com.br\/cbradar\/wp-content\/uploads\/2025\/05\/emagrecimento_1748207177548.jpg","width":1280,"height":720,"caption":"Emagrecimento - Cr\u00e9ditos: depositphotos.com \/ VaDrobotBO"},{"@type":"BreadcrumbList","@id":"https:\/\/www.correiobraziliense.com.br\/cbradar\/como-superar-o-plato-na-perda-de-peso\/#breadcrumb","itemListElement":[{"@type":"ListItem","position":1,"name":"In\u00edcio","item":"https:\/\/www.correiobraziliense.com.br\/cbradar\/"},{"@type":"ListItem","position":2,"name":"Como superar o plat\u00f4 na perda de peso"}]},{"@type":"WebSite","@id":"https:\/\/www.correiobraziliense.com.br\/cbradar\/#website","url":"https:\/\/www.correiobraziliense.com.br\/cbradar\/","name":"Correio Braziliense - Radar","description":"Acompanhe as \u00faltimas not\u00edcias e fique bem informado sobre tudo o que acontece no Brasil e no mundo.","potentialAction":[{"@type":"SearchAction","target":{"@type":"EntryPoint","urlTemplate":"https:\/\/www.correiobraziliense.com.br\/cbradar\/?s={search_term_string}"},"query-input":{"@type":"PropertyValueSpecification","valueRequired":true,"valueName":"search_term_string"}}],"inLanguage":"pt-BR"},{"@type":"Person","@id":"https:\/\/www.correiobraziliense.com.br\/cbradar\/#\/schema\/person\/5aa4bf3c8fa699c267933611de12978b","name":"guilherme_saude","image":{"@type":"ImageObject","inLanguage":"pt-BR","@id":"https:\/\/www.correiobraziliense.com.br\/cbradar\/#\/schema\/person\/image\/","url":"https:\/\/secure.gravatar.com\/avatar\/df9adfb835d344bc0af109d41756253f?s=96&d=mm&r=g","contentUrl":"https:\/\/secure.gravatar.com\/avatar\/df9adfb835d344bc0af109d41756253f?s=96&d=mm&r=g","caption":"guilherme_saude"},"url":"https:\/\/www.correiobraziliense.com.br\/cbradar\/author\/guilherme_saude\/"}]}},"_links":{"self":[{"href":"https:\/\/www.correiobraziliense.com.br\/cbradar\/wp-json\/wp\/v2\/posts\/155118","targetHints":{"allow":["GET"]}}],"collection":[{"href":"https:\/\/www.correiobraziliense.com.br\/cbradar\/wp-json\/wp\/v2\/posts"}],"about":[{"href":"https:\/\/www.correiobraziliense.com.br\/cbradar\/wp-json\/wp\/v2\/types\/post"}],"author":[{"embeddable":true,"href":"https:\/\/www.correiobraziliense.com.br\/cbradar\/wp-json\/wp\/v2\/users\/14"}],"replies":[{"embeddable":true,"href":"https:\/\/www.correiobraziliense.com.br\/cbradar\/wp-json\/wp\/v2\/comments?post=155118"}],"version-history":[{"count":1,"href":"https:\/\/www.correiobraziliense.com.br\/cbradar\/wp-json\/wp\/v2\/posts\/155118\/revisions"}],"predecessor-version":[{"id":155121,"href":"https:\/\/www.correiobraziliense.com.br\/cbradar\/wp-json\/wp\/v2\/posts\/155118\/revisions\/155121"}],"wp:featuredmedia":[{"embeddable":true,"href":"https:\/\/www.correiobraziliense.com.br\/cbradar\/wp-json\/wp\/v2\/media\/42913"}],"wp:attachment":[{"href":"https:\/\/www.correiobraziliense.com.br\/cbradar\/wp-json\/wp\/v2\/media?parent=155118"}],"wp:term":[{"taxonomy":"category","embeddable":true,"href":"https:\/\/www.correiobraziliense.com.br\/cbradar\/wp-json\/wp\/v2\/categories?post=155118"},{"taxonomy":"post_tag","embeddable":true,"href":"https:\/\/www.correiobraziliense.com.br\/cbradar\/wp-json\/wp\/v2\/tags?post=155118"}],"curies":[{"name":"wp","href":"https:\/\/api.w.org\/{rel}","templated":true}]}}