{"id":155132,"date":"2025-12-13T17:30:00","date_gmt":"2025-12-13T20:30:00","guid":{"rendered":"https:\/\/www.correiobraziliense.com.br\/cbradar\/?p=155132"},"modified":"2025-12-12T17:27:03","modified_gmt":"2025-12-12T20:27:03","slug":"os-paises-em-que-o-natal-e-comemorado-de-uma-forma-diferente-do-brasil","status":"publish","type":"post","link":"https:\/\/www.correiobraziliense.com.br\/cbradar\/os-paises-em-que-o-natal-e-comemorado-de-uma-forma-diferente-do-brasil\/","title":{"rendered":"Os pa\u00edses em que o Natal \u00e9 comemorado de uma forma diferente do Brasil"},"content":{"rendered":"\n<p>Em diferentes partes do mundo, o Natal ganha formas variadas e revela o que cada sociedade valoriza nesta \u00e9poca: <strong>partilha, reflex\u00e3o, romance, mem\u00f3ria e criatividade<\/strong>. Em comum, muitas dessas tradi\u00e7\u00f5es buscam afastar o foco do consumo excessivo e aproximar as pessoas, seja em torno de um livro, de uma refei\u00e7\u00e3o, de um jogo ao ar livre ou de um ritual simb\u00f3lico, mostrando como a celebra\u00e7\u00e3o pode ser adaptada \u00e0 cultura, ao clima e \u00e0 hist\u00f3ria de cada povo.<\/p>\n\n\n\n<h2 class=\"wp-block-heading\">Como as tradi\u00e7\u00f5es de Natal revelam diferentes formas de celebrar<\/h2>\n\n\n\n<p>A express\u00e3o <strong>tradi\u00e7\u00f5es de Natal<\/strong> re\u00fane pr\u00e1ticas que v\u00e3o da escolha da comida ao modo como a noite \u00e9 vivida em fam\u00edlia, entre amigos ou em casal. Em pa\u00edses de <strong>clima frio<\/strong>, a ceia tende a ocorrer em ambientes internos, com luz baixa e velas; j\u00e1 em na\u00e7\u00f5es de <strong>ver\u00e3o<\/strong>, as festas incluem praia, quintal, esportes ao ar livre e encontros descontra\u00eddos.<\/p>\n\n\n\n<p>Essas diferen\u00e7as se explicam por fatores <strong>hist\u00f3ricos, religiosos, econ\u00f4micos e geogr\u00e1ficos<\/strong>, que moldaram costumes ao longo do tempo. Mesmo onde o cristianismo n\u00e3o \u00e9 maioria, o Natal foi ressignificado como momento de confraterniza\u00e7\u00e3o e refor\u00e7o dos la\u00e7os afetivos, muitas vezes valorizando simplicidade, solidariedade e experi\u00eancias compartilhadas.<\/p>\n\n\n\n<p>At\u00e9 mesmo em pa\u00edses como os Estados Unidos possuem tradi\u00e7\u00f5es diferentes, como mostra o perfil @diaadianaamerica:<\/p>\n\n\n\n<blockquote class=\"tiktok-embed\" cite=\"https:\/\/www.tiktok.com\/@diaadianaamerica\/video\/7451739529259519263\" data-video-id=\"7451739529259519263\" style=\"max-width: 605px;min-width: 325px;\" > <section> <a target=\"_blank\" title=\"@diaadianaamerica\" href=\"https:\/\/www.tiktok.com\/@diaadianaamerica?refer=embed\">@diaadianaamerica<\/a> \ud83c\uddfa\ud83c\uddf8 voc\u00ea se acostumaria com esses natal? Essa \u00e9 minha \u00e9poca favorita aqui <a title=\"estadosunidos\" target=\"_blank\" href=\"https:\/\/www.tiktok.com\/tag\/estadosunidos?refer=embed\">#estadosunidos<\/a> <a title=\"eua\" target=\"_blank\" href=\"https:\/\/www.tiktok.com\/tag\/eua?refer=embed\">#eua<\/a> <a title=\"orlando\" target=\"_blank\" href=\"https:\/\/www.tiktok.com\/tag\/orlando?refer=embed\">#orlando<\/a> <a title=\"brasileirosnosestadosunidos\" target=\"_blank\" href=\"https:\/\/www.tiktok.com\/tag\/brasileirosnosestadosunidos?refer=embed\">#brasileirosnosestadosunidos<\/a> <a title=\"natal\" target=\"_blank\" href=\"https:\/\/www.tiktok.com\/tag\/natal?refer=embed\">#natal<\/a> <a target=\"_blank\" title=\"\u266c All I Want For Christmas Is You - Mariah Carey\" href=\"https:\/\/www.tiktok.com\/music\/All-I-Want-For-Christmas-Is-You-6696419964074592258?refer=embed\">\u266c All I Want For Christmas Is You &#8211; Mariah Carey<\/a> <\/section> <\/blockquote> <script async src=\"https:\/\/www.tiktok.com\/embed.js\"><\/script>\n\n\n\n<h2 class=\"wp-block-heading\">Por que os livros s\u00e3o protagonistas no Natal da Isl\u00e2ndia<\/h2>\n\n\n\n<p>Na Isl\u00e2ndia, uma das tradi\u00e7\u00f5es de Natal mais conhecidas \u00e9 o <em>j\u00f3lab\u00f3kafl\u00f3\u00f0<\/em>, ou \u201c<strong>inunda\u00e7\u00e3o de livros de Natal<\/strong>\u201d, quando editoras concentram lan\u00e7amentos e as fam\u00edlias trocam livros como principal presente. Depois da ceia, \u00e9 comum cada pessoa se recolher \u00e0 leitura tranquila, com velas acesas, chocolates e uma bebida quente, transformando o Natal em um momento de <strong>sil\u00eancio compartilhado<\/strong> e descanso mental.<\/p>\n\n\n\n<p>Esse costume ganhou for\u00e7a no s\u00e9culo XX, quando produtos eram racionados e o <strong>papel<\/strong> estava mais dispon\u00edvel do que outros bens. Os livros se tornaram presentes pr\u00e1ticos e valorizados, s\u00edmbolo de <strong>investimento em conhecimento e cultura<\/strong>. Em vez de acumular objetos variados, muitas fam\u00edlias priorizam um \u00fanico item simb\u00f3lico, que acompanha o leitor ao longo do ano e incentiva o h\u00e1bito da leitura.<\/p>\n\n\n\n<ul class=\"wp-block-list\">\n<li><strong>Presente principal:<\/strong> livros rec\u00e9m-lan\u00e7ados e edi\u00e7\u00f5es especiais;<\/li>\n\n\n\n<li><strong>Ambiente:<\/strong> casa aquecida, pouca luz e velas acesas;<\/li>\n\n\n\n<li><strong>Companhia:<\/strong> chocolates, bebidas quentes e leitura;<\/li>\n\n\n\n<li><strong>Foco:<\/strong> descanso mental e enriquecimento intelectual.<\/li>\n<\/ul>\n\n\n\n<h2 class=\"wp-block-heading\">Como Jap\u00e3o, Austr\u00e1lia, Finl\u00e2ndia e Dinamarca vivem o Natal<\/h2>\n\n\n\n<p>No Jap\u00e3o, onde a maioria da popula\u00e7\u00e3o n\u00e3o \u00e9 crist\u00e3, o Natal assume um perfil mais <strong>rom\u00e2ntico<\/strong> do que familiar, lembrando um \u201cDia dos Namorados de inverno\u201d. Casais saem para jantar, reservam mesas em restaurantes com menus especiais, caminham sob ilumina\u00e7\u00f5es natalinas e trocam pequenos presentes, priorizando momentos a dois em vez de rituais religiosos tradicionais.<\/p>\n\n\n\n<p>Na Austr\u00e1lia, o <strong>ver\u00e3o<\/strong> muda completamente o cen\u00e1rio da festa, que costuma acontecer em parques, praias ou quintais, com pratos frios, churrascos e bebidas geladas. A Finl\u00e2ndia associa o Natal \u00e0 <strong>mem\u00f3ria e respeito aos antepassados<\/strong>, com visitas a cemit\u00e9rios iluminados por velas, enquanto na Dinamarca as escolas e lares promovem sess\u00f5es de <strong>artesanato em papel<\/strong>, incentivando o conv\u00edvio intergeracional e a cria\u00e7\u00e3o de enfeites feitos \u00e0 m\u00e3o.<\/p>\n\n\n\n<figure class=\"wp-block-image size-large\"><img decoding=\"async\" width=\"1024\" height=\"572\" src=\"https:\/\/www.correiobraziliense.com.br\/cbradar\/wp-content\/uploads\/2025\/12\/Natal-no-Japao-1-1-1-1024x572.png\" alt=\"Os pa\u00edses em que o Natal \u00e9 comemorado de uma forma diferente do Brasil\" class=\"wp-image-155144\" srcset=\"https:\/\/www.correiobraziliense.com.br\/cbradar\/wp-content\/uploads\/2025\/12\/Natal-no-Japao-1-1-1-1024x572.png 1024w, https:\/\/www.correiobraziliense.com.br\/cbradar\/wp-content\/uploads\/2025\/12\/Natal-no-Japao-1-1-1-300x167.png 300w, https:\/\/www.correiobraziliense.com.br\/cbradar\/wp-content\/uploads\/2025\/12\/Natal-no-Japao-1-1-1-768x429.png 768w, https:\/\/www.correiobraziliense.com.br\/cbradar\/wp-content\/uploads\/2025\/12\/Natal-no-Japao-1-1-1-1536x857.png 1536w, https:\/\/www.correiobraziliense.com.br\/cbradar\/wp-content\/uploads\/2025\/12\/Natal-no-Japao-1-1-1-2048x1143.png 2048w, https:\/\/www.correiobraziliense.com.br\/cbradar\/wp-content\/uploads\/2025\/12\/Natal-no-Japao-1-1-1-750x419.png 750w, https:\/\/www.correiobraziliense.com.br\/cbradar\/wp-content\/uploads\/2025\/12\/Natal-no-Japao-1-1-1-1140x636.png 1140w\" sizes=\"(max-width: 1024px) 100vw, 1024px\" \/><figcaption class=\"wp-element-caption\">Natal divertido e simples! De jogos ao ar livre a refei\u00e7\u00f5es compartilhadas, tradi\u00e7\u00f5es mundiais aproximam cora\u00e7\u00f5es com leveza e alegria cultural.<\/figcaption><\/figure>\n\n\n\n<h2 class=\"wp-block-heading\">Como criar novas tradi\u00e7\u00f5es de Natal mais significativas em fam\u00edlia<\/h2>\n\n\n\n<p>Ao observar essas tradi\u00e7\u00f5es ao redor do mundo, muitas fam\u00edlias passam a repensar a troca de presentes materiais como centro da festa e procuram um Natal com <strong>menos consumo e mais significado<\/strong>. Uma alternativa \u00e9 adotar um \u00fanico presente simb\u00f3lico para cada pessoa e concentrar a noite em atividades compartilhadas, como leituras, jogos de tabuleiro, conversas sobre lembran\u00e7as especiais ou pequenos rituais de gratid\u00e3o.<\/p>\n\n\n\n<ol class=\"wp-block-list\">\n<li>Escolher um tema anual (leitura, jogos, mem\u00f3ria, artesanato) para guiar a celebra\u00e7\u00e3o.<\/li>\n\n\n\n<li>Reservar um hor\u00e1rio da noite para uma atividade comum, sem uso de telas ou celulares.<\/li>\n\n\n\n<li>Substituir parte dos presentes por experi\u00eancias, como passeios, piqueniques ou viagens curtas.<\/li>\n\n\n\n<li>Registrar a cada ano um novo gesto simb\u00f3lico, como uma carta coletiva ou um enfeite feito \u00e0 m\u00e3o.<\/li>\n\n\n\n<li>Envolver crian\u00e7as e adultos nas decis\u00f5es, permitindo que cada um contribua com ideias e desejos.<\/li>\n<\/ol>\n\n\n\n<p>Ao longo do tempo, essas escolhas tendem a se transformar em <strong>rituais familiares<\/strong>, sem imposi\u00e7\u00e3o externa. Inspiradas por pa\u00edses como Isl\u00e2ndia, Jap\u00e3o, Austr\u00e1lia, Finl\u00e2ndia e Dinamarca, muitas pessoas passam a enxergar o Natal n\u00e3o como uma corrida por compras, mas como uma oportunidade de refor\u00e7ar la\u00e7os, lembrar hist\u00f3rias e construir <strong>mem\u00f3rias partilhadas<\/strong>.<\/p>\n","protected":false},"excerpt":{"rendered":"<p>Natal com mais significado: descubra tradi\u00e7\u00f5es de Natal pelo mundo, ideias para ceia, partilha em fam\u00edlia e etiqueta na festa de Natal da empresa.<\/p>\n","protected":false},"author":3,"featured_media":155137,"comment_status":"open","ping_status":"open","sticky":false,"template":"","format":"standard","meta":{"_yoast_wpseo_focuskw":"pa\u00edses natal diferente","_yoast_wpseo_title":"%%title%%","_yoast_wpseo_metadesc":"Natal com mais significado: descubra tradi\u00e7\u00f5es de Natal pelo mundo, ideias para ceia, partilha em fam\u00edlia e etiqueta na festa de Natal da empresa.","jnews-multi-image_gallery":[],"jnews_single_post":{"format":"standard"},"jnews_primary_category":[],"jnews_social_meta":[],"jnews_override_counter":[],"footnotes":""},"categories":[112],"tags":[144,12305,8952,12739],"class_list":["post-155132","post","type-post","status-publish","format-standard","has-post-thumbnail","hentry","category-curiosidades","tag-curiosidades","tag-festas","tag-natal","tag-tradicoes"],"yoast_head":"<!-- This site is optimized with the Yoast SEO plugin v24.6 - https:\/\/yoast.com\/wordpress\/plugins\/seo\/ -->\n<title>Os pa\u00edses em que o Natal \u00e9 comemorado de uma forma diferente do Brasil<\/title>\n<meta name=\"description\" content=\"Natal com mais significado: descubra tradi\u00e7\u00f5es de Natal pelo mundo, ideias para ceia, partilha em fam\u00edlia e etiqueta na festa de Natal da empresa.\" \/>\n<meta name=\"robots\" content=\"index, follow, max-snippet:-1, max-image-preview:large, max-video-preview:-1\" \/>\n<link rel=\"canonical\" href=\"https:\/\/www.correiobraziliense.com.br\/cbradar\/os-paises-em-que-o-natal-e-comemorado-de-uma-forma-diferente-do-brasil\/\" \/>\n<meta property=\"og:locale\" content=\"pt_BR\" \/>\n<meta property=\"og:type\" content=\"article\" \/>\n<meta property=\"og:title\" content=\"Os pa\u00edses em que o Natal \u00e9 comemorado de uma forma diferente do Brasil\" \/>\n<meta property=\"og:description\" content=\"Natal com mais significado: descubra tradi\u00e7\u00f5es de Natal pelo mundo, ideias para ceia, partilha em fam\u00edlia e etiqueta na festa de Natal da empresa.\" \/>\n<meta property=\"og:url\" content=\"https:\/\/www.correiobraziliense.com.br\/cbradar\/os-paises-em-que-o-natal-e-comemorado-de-uma-forma-diferente-do-brasil\/\" \/>\n<meta property=\"og:site_name\" content=\"Correio Braziliense - Radar\" \/>\n<meta property=\"article:published_time\" content=\"2025-12-13T20:30:00+00:00\" \/>\n<meta property=\"og:image\" content=\"https:\/\/www.correiobraziliense.com.br\/cbradar\/wp-content\/uploads\/2025\/12\/Tradicoes-Natalinas-Internacionais-1280x720-1.png\" \/>\n\t<meta property=\"og:image:width\" content=\"1280\" \/>\n\t<meta property=\"og:image:height\" content=\"720\" \/>\n\t<meta property=\"og:image:type\" content=\"image\/png\" \/>\n<meta name=\"author\" content=\"Larissa Carvalho\" \/>\n<meta name=\"twitter:card\" content=\"summary_large_image\" \/>\n<meta name=\"twitter:label1\" content=\"Escrito por\" \/>\n\t<meta name=\"twitter:data1\" content=\"Larissa Carvalho\" \/>\n\t<meta name=\"twitter:label2\" content=\"Est. tempo de leitura\" \/>\n\t<meta name=\"twitter:data2\" content=\"5 minutos\" \/>\n<!-- \/ Yoast SEO plugin. -->","yoast_head_json":{"title":"Os pa\u00edses em que o Natal \u00e9 comemorado de uma forma diferente do Brasil","description":"Natal com mais significado: descubra tradi\u00e7\u00f5es de Natal pelo mundo, ideias para ceia, partilha em fam\u00edlia e etiqueta na festa de Natal da empresa.","robots":{"index":"index","follow":"follow","max-snippet":"max-snippet:-1","max-image-preview":"max-image-preview:large","max-video-preview":"max-video-preview:-1"},"canonical":"https:\/\/www.correiobraziliense.com.br\/cbradar\/os-paises-em-que-o-natal-e-comemorado-de-uma-forma-diferente-do-brasil\/","og_locale":"pt_BR","og_type":"article","og_title":"Os pa\u00edses em que o Natal \u00e9 comemorado de uma forma diferente do Brasil","og_description":"Natal com mais significado: descubra tradi\u00e7\u00f5es de Natal pelo mundo, ideias para ceia, partilha em fam\u00edlia e etiqueta na festa de Natal da empresa.","og_url":"https:\/\/www.correiobraziliense.com.br\/cbradar\/os-paises-em-que-o-natal-e-comemorado-de-uma-forma-diferente-do-brasil\/","og_site_name":"Correio Braziliense - Radar","article_published_time":"2025-12-13T20:30:00+00:00","og_image":[{"width":1280,"height":720,"url":"https:\/\/www.correiobraziliense.com.br\/cbradar\/wp-content\/uploads\/2025\/12\/Tradicoes-Natalinas-Internacionais-1280x720-1.png","type":"image\/png"}],"author":"Larissa Carvalho","twitter_card":"summary_large_image","twitter_misc":{"Escrito por":"Larissa Carvalho","Est. tempo de leitura":"5 minutos"},"schema":{"@context":"https:\/\/schema.org","@graph":[{"@type":"WebPage","@id":"https:\/\/www.correiobraziliense.com.br\/cbradar\/os-paises-em-que-o-natal-e-comemorado-de-uma-forma-diferente-do-brasil\/","url":"https:\/\/www.correiobraziliense.com.br\/cbradar\/os-paises-em-que-o-natal-e-comemorado-de-uma-forma-diferente-do-brasil\/","name":"Os pa\u00edses em que o Natal \u00e9 comemorado de uma forma diferente do Brasil","isPartOf":{"@id":"https:\/\/www.correiobraziliense.com.br\/cbradar\/#website"},"primaryImageOfPage":{"@id":"https:\/\/www.correiobraziliense.com.br\/cbradar\/os-paises-em-que-o-natal-e-comemorado-de-uma-forma-diferente-do-brasil\/#primaryimage"},"image":{"@id":"https:\/\/www.correiobraziliense.com.br\/cbradar\/os-paises-em-que-o-natal-e-comemorado-de-uma-forma-diferente-do-brasil\/#primaryimage"},"thumbnailUrl":"https:\/\/www.correiobraziliense.com.br\/cbradar\/wp-content\/uploads\/2025\/12\/Tradicoes-Natalinas-Internacionais-1280x720-1.png","datePublished":"2025-12-13T20:30:00+00:00","author":{"@id":"https:\/\/www.correiobraziliense.com.br\/cbradar\/#\/schema\/person\/58422787644df994b53a19d3e56c1513"},"description":"Natal com mais significado: descubra tradi\u00e7\u00f5es de Natal pelo mundo, ideias para ceia, partilha em fam\u00edlia e etiqueta na festa de Natal da empresa.","breadcrumb":{"@id":"https:\/\/www.correiobraziliense.com.br\/cbradar\/os-paises-em-que-o-natal-e-comemorado-de-uma-forma-diferente-do-brasil\/#breadcrumb"},"inLanguage":"pt-BR","potentialAction":[{"@type":"ReadAction","target":["https:\/\/www.correiobraziliense.com.br\/cbradar\/os-paises-em-que-o-natal-e-comemorado-de-uma-forma-diferente-do-brasil\/"]}]},{"@type":"ImageObject","inLanguage":"pt-BR","@id":"https:\/\/www.correiobraziliense.com.br\/cbradar\/os-paises-em-que-o-natal-e-comemorado-de-uma-forma-diferente-do-brasil\/#primaryimage","url":"https:\/\/www.correiobraziliense.com.br\/cbradar\/wp-content\/uploads\/2025\/12\/Tradicoes-Natalinas-Internacionais-1280x720-1.png","contentUrl":"https:\/\/www.correiobraziliense.com.br\/cbradar\/wp-content\/uploads\/2025\/12\/Tradicoes-Natalinas-Internacionais-1280x720-1.png","width":1280,"height":720,"caption":"Celebre o Natal com alma! Tradi\u00e7\u00f5es globais inspiram uni\u00e3o em livros, refei\u00e7\u00f5es e rituais, valorizando mem\u00f3ria e criatividade em cada cultura \u00fanica."},{"@type":"BreadcrumbList","@id":"https:\/\/www.correiobraziliense.com.br\/cbradar\/os-paises-em-que-o-natal-e-comemorado-de-uma-forma-diferente-do-brasil\/#breadcrumb","itemListElement":[{"@type":"ListItem","position":1,"name":"In\u00edcio","item":"https:\/\/www.correiobraziliense.com.br\/cbradar\/"},{"@type":"ListItem","position":2,"name":"Os pa\u00edses em que o Natal \u00e9 comemorado de uma forma diferente do Brasil"}]},{"@type":"WebSite","@id":"https:\/\/www.correiobraziliense.com.br\/cbradar\/#website","url":"https:\/\/www.correiobraziliense.com.br\/cbradar\/","name":"Correio Braziliense - Radar","description":"Acompanhe as \u00faltimas not\u00edcias e fique bem informado sobre tudo o que acontece no Brasil e no mundo.","potentialAction":[{"@type":"SearchAction","target":{"@type":"EntryPoint","urlTemplate":"https:\/\/www.correiobraziliense.com.br\/cbradar\/?s={search_term_string}"},"query-input":{"@type":"PropertyValueSpecification","valueRequired":true,"valueName":"search_term_string"}}],"inLanguage":"pt-BR"},{"@type":"Person","@id":"https:\/\/www.correiobraziliense.com.br\/cbradar\/#\/schema\/person\/58422787644df994b53a19d3e56c1513","name":"Larissa Carvalho","image":{"@type":"ImageObject","inLanguage":"pt-BR","@id":"https:\/\/www.correiobraziliense.com.br\/cbradar\/#\/schema\/person\/image\/","url":"https:\/\/secure.gravatar.com\/avatar\/fe4f91a0de32b52a838d0d612abdc1aa?s=96&d=mm&r=g","contentUrl":"https:\/\/secure.gravatar.com\/avatar\/fe4f91a0de32b52a838d0d612abdc1aa?s=96&d=mm&r=g","caption":"Larissa Carvalho"},"url":"https:\/\/www.correiobraziliense.com.br\/cbradar\/author\/larissamyth\/"}]}},"_links":{"self":[{"href":"https:\/\/www.correiobraziliense.com.br\/cbradar\/wp-json\/wp\/v2\/posts\/155132","targetHints":{"allow":["GET"]}}],"collection":[{"href":"https:\/\/www.correiobraziliense.com.br\/cbradar\/wp-json\/wp\/v2\/posts"}],"about":[{"href":"https:\/\/www.correiobraziliense.com.br\/cbradar\/wp-json\/wp\/v2\/types\/post"}],"author":[{"embeddable":true,"href":"https:\/\/www.correiobraziliense.com.br\/cbradar\/wp-json\/wp\/v2\/users\/3"}],"replies":[{"embeddable":true,"href":"https:\/\/www.correiobraziliense.com.br\/cbradar\/wp-json\/wp\/v2\/comments?post=155132"}],"version-history":[{"count":2,"href":"https:\/\/www.correiobraziliense.com.br\/cbradar\/wp-json\/wp\/v2\/posts\/155132\/revisions"}],"predecessor-version":[{"id":155145,"href":"https:\/\/www.correiobraziliense.com.br\/cbradar\/wp-json\/wp\/v2\/posts\/155132\/revisions\/155145"}],"wp:featuredmedia":[{"embeddable":true,"href":"https:\/\/www.correiobraziliense.com.br\/cbradar\/wp-json\/wp\/v2\/media\/155137"}],"wp:attachment":[{"href":"https:\/\/www.correiobraziliense.com.br\/cbradar\/wp-json\/wp\/v2\/media?parent=155132"}],"wp:term":[{"taxonomy":"category","embeddable":true,"href":"https:\/\/www.correiobraziliense.com.br\/cbradar\/wp-json\/wp\/v2\/categories?post=155132"},{"taxonomy":"post_tag","embeddable":true,"href":"https:\/\/www.correiobraziliense.com.br\/cbradar\/wp-json\/wp\/v2\/tags?post=155132"}],"curies":[{"name":"wp","href":"https:\/\/api.w.org\/{rel}","templated":true}]}}