{"id":15516,"date":"2025-03-26T09:30:00","date_gmt":"2025-03-26T12:30:00","guid":{"rendered":"https:\/\/www.correiobraziliense.com.br\/cbradar\/?p=15516"},"modified":"2025-03-25T14:31:52","modified_gmt":"2025-03-25T17:31:52","slug":"conheca-a-cidade-onde-as-calcadas-tocam-sinfonias-quando-pisadas","status":"publish","type":"post","link":"https:\/\/www.correiobraziliense.com.br\/cbradar\/conheca-a-cidade-onde-as-calcadas-tocam-sinfonias-quando-pisadas\/","title":{"rendered":"Conhe\u00e7a a cidade onde as cal\u00e7adas tocam sinfonias quando pisadas"},"content":{"rendered":"\n<p>Na vibrante e futurista <strong>Seul<\/strong>, capital da <strong>Coreia do Sul<\/strong>, caminhar pelas ruas pode ser uma <strong>experi\u00eancia sonora surpreendente<\/strong>. Em certos bairros da cidade, existem <strong>cal\u00e7adas interativas que tocam m\u00fasicas e sinfonias quando s\u00e3o pisadas<\/strong>, transformando um simples passeio em um espet\u00e1culo sensorial.<\/p>\n\n\n\n<p>Essa inova\u00e7\u00e3o faz parte de projetos urbanos que combinam <strong>tecnologia, arte e mobilidade<\/strong>, refor\u00e7ando o compromisso da cidade com <strong>design criativo e experi\u00eancias p\u00fablicas \u00fanicas<\/strong>.<\/p>\n\n\n\n<h2 class=\"wp-block-heading\">Como funcionam as cal\u00e7adas musicais de Seul?<\/h2>\n\n\n\n<p>O projeto foi desenvolvido como parte de uma iniciativa para <strong>tornar os espa\u00e7os p\u00fablicos mais interativos e agrad\u00e1veis<\/strong>, especialmente em \u00e1reas com alto fluxo de pedestres. O funcionamento \u00e9 simples, mas genial:<\/p>\n\n\n\n<ul class=\"wp-block-list\">\n<li><strong>Sensores de press\u00e3o s\u00e3o instalados sob os blocos da cal\u00e7ada.<\/strong><\/li>\n\n\n\n<li>Ao serem pisados, eles ativam <strong>sons programados ou notas musicais<\/strong>.<\/li>\n\n\n\n<li>Dependendo do ritmo da caminhada, o pedestre pode ouvir <strong>m\u00fasicas cl\u00e1ssicas, sinfonias, trilhas tem\u00e1ticas ou composi\u00e7\u00f5es eletr\u00f4nicas<\/strong>.<\/li>\n\n\n\n<li>Algumas cal\u00e7adas tamb\u00e9m acendem luzes em sincronia com o som, criando <strong>um show visual noturno<\/strong>.<\/li>\n<\/ul>\n\n\n\n<p>Esse tipo de tecnologia \u00e9 especialmente comum em <strong>\u00e1reas tur\u00edsticas, parques, centros culturais e arredores de escolas<\/strong>, onde a interatividade transforma a rotina em divers\u00e3o.<\/p>\n\n\n\n<figure class=\"wp-block-image size-large\"><img decoding=\"async\" width=\"1024\" height=\"576\" src=\"https:\/\/www.correiobraziliense.com.br\/cbradar\/wp-content\/uploads\/2025\/03\/Seul-coreia_1742891924121-1024x576.jpg\" alt=\"Conhe\u00e7a a cidade onde as cal\u00e7adas tocam sinfonias quando pisadas\" class=\"wp-image-15518\" srcset=\"https:\/\/www.correiobraziliense.com.br\/cbradar\/wp-content\/uploads\/2025\/03\/Seul-coreia_1742891924121-1024x576.jpg 1024w, https:\/\/www.correiobraziliense.com.br\/cbradar\/wp-content\/uploads\/2025\/03\/Seul-coreia_1742891924121-300x169.jpg 300w, https:\/\/www.correiobraziliense.com.br\/cbradar\/wp-content\/uploads\/2025\/03\/Seul-coreia_1742891924121-768x432.jpg 768w, https:\/\/www.correiobraziliense.com.br\/cbradar\/wp-content\/uploads\/2025\/03\/Seul-coreia_1742891924121-750x422.jpg 750w, https:\/\/www.correiobraziliense.com.br\/cbradar\/wp-content\/uploads\/2025\/03\/Seul-coreia_1742891924121-1140x641.jpg 1140w, https:\/\/www.correiobraziliense.com.br\/cbradar\/wp-content\/uploads\/2025\/03\/Seul-coreia_1742891924121.jpg 1280w\" sizes=\"(max-width: 1024px) 100vw, 1024px\" \/><figcaption class=\"wp-element-caption\">Seul. Cr\u00e9ditos: depositphotos.com \/ sepavone<\/figcaption><\/figure>\n\n\n\n<h2 class=\"wp-block-heading\">Por que a cidade criou cal\u00e7adas musicais?<\/h2>\n\n\n\n<p>A proposta vai al\u00e9m do entretenimento. As cal\u00e7adas musicais de Seul buscam:<\/p>\n\n\n\n<ul class=\"wp-block-list\">\n<li><strong>Estimular a caminhada e a atividade f\u00edsica<\/strong>, com um toque l\u00fadico.<\/li>\n\n\n\n<li><strong>Promover o uso criativo de espa\u00e7os urbanos<\/strong>, aproximando arte e tecnologia do dia a dia.<\/li>\n\n\n\n<li><strong>Reduzir o estresse urbano<\/strong>, transformando o ambiente sonoro da cidade.<\/li>\n\n\n\n<li><strong>Engajar crian\u00e7as, jovens e turistas<\/strong>, criando experi\u00eancias memor\u00e1veis e compartilh\u00e1veis.<\/li>\n<\/ul>\n\n\n\n<p>Esses espa\u00e7os se tornaram <strong>pontos tur\u00edsticos por si s\u00f3<\/strong>, atraindo curiosos que querem &#8220;tocar m\u00fasica com os p\u00e9s&#8221;.<\/p>\n\n\n\n<h2 class=\"wp-block-heading\">Curiosidades sobre Seul e o projeto interativo<\/h2>\n\n\n\n<ul class=\"wp-block-list\">\n<li><strong>Seul \u00e9 uma das cidades mais inteligentes do mundo<\/strong>, com foco em tecnologia urbana e acessibilidade.<\/li>\n\n\n\n<li><strong>A ideia das cal\u00e7adas musicais inspirou projetos semelhantes em T\u00f3quio, Londres e Nova York.<\/strong><\/li>\n\n\n\n<li><strong>Algumas cal\u00e7adas tocam melodias locais ou tradicionais coreanas, refor\u00e7ando a identidade cultural.<\/strong><\/li>\n\n\n\n<li><strong>Os pedestres podem sincronizar seus passos com as m\u00fasicas e at\u00e9 \u201ccompor\u201d pequenas melodias ao caminhar.<\/strong><\/li>\n\n\n\n<li><strong>Al\u00e9m de sons, algumas cal\u00e7adas exibem mensagens educativas ou alertas para seguran\u00e7a.<\/strong><\/li>\n<\/ul>\n\n\n\n<p>Seul mostra que <strong>a tecnologia pode ser divertida, funcional e encantadora ao mesmo tempo<\/strong>, dando um novo significado ao simples ato de caminhar.<\/p>\n","protected":false},"excerpt":{"rendered":"<p>Em Seul, algumas cal\u00e7adas tocam m\u00fasicas quando pisadas. Descubra como a cidade transforma um simples passeio em uma experi\u00eancia sonora!<\/p>\n","protected":false},"author":3,"featured_media":15517,"comment_status":"open","ping_status":"open","sticky":false,"template":"","format":"standard","meta":{"_yoast_wpseo_focuskw":"cidade musica cal\u00e7ada","_yoast_wpseo_title":"%%title%%","_yoast_wpseo_metadesc":"Em Seul, algumas cal\u00e7adas tocam m\u00fasicas quando pisadas. Descubra como a cidade transforma um simples passeio em uma experi\u00eancia sonora!","jnews-multi-image_gallery":[],"jnews_single_post":{"format":"standard"},"jnews_primary_category":[],"jnews_social_meta":[],"jnews_override_counter":[],"footnotes":""},"categories":[108],"tags":[109],"class_list":["post-15516","post","type-post","status-publish","format-standard","has-post-thumbnail","hentry","category-cidades","tag-cidades"],"yoast_head":"<!-- This site is optimized with the Yoast SEO plugin v24.6 - https:\/\/yoast.com\/wordpress\/plugins\/seo\/ -->\n<title>Conhe\u00e7a a cidade onde as cal\u00e7adas tocam sinfonias quando pisadas<\/title>\n<meta name=\"description\" content=\"Em Seul, algumas cal\u00e7adas tocam m\u00fasicas quando pisadas. Descubra como a cidade transforma um simples passeio em uma experi\u00eancia sonora!\" \/>\n<meta name=\"robots\" content=\"index, follow, max-snippet:-1, max-image-preview:large, max-video-preview:-1\" \/>\n<link rel=\"canonical\" href=\"https:\/\/www.correiobraziliense.com.br\/cbradar\/conheca-a-cidade-onde-as-calcadas-tocam-sinfonias-quando-pisadas\/\" \/>\n<meta property=\"og:locale\" content=\"pt_BR\" \/>\n<meta property=\"og:type\" content=\"article\" \/>\n<meta property=\"og:title\" content=\"Conhe\u00e7a a cidade onde as cal\u00e7adas tocam sinfonias quando pisadas\" \/>\n<meta property=\"og:description\" content=\"Em Seul, algumas cal\u00e7adas tocam m\u00fasicas quando pisadas. Descubra como a cidade transforma um simples passeio em uma experi\u00eancia sonora!\" \/>\n<meta property=\"og:url\" content=\"https:\/\/www.correiobraziliense.com.br\/cbradar\/conheca-a-cidade-onde-as-calcadas-tocam-sinfonias-quando-pisadas\/\" \/>\n<meta property=\"og:site_name\" content=\"Correio Braziliense - Radar\" \/>\n<meta property=\"article:published_time\" content=\"2025-03-26T12:30:00+00:00\" \/>\n<meta property=\"og:image\" content=\"https:\/\/www.correiobraziliense.com.br\/cbradar\/wp-content\/uploads\/2025\/03\/Seul-coreia_1742891882674.jpg\" \/>\n\t<meta property=\"og:image:width\" content=\"1280\" \/>\n\t<meta property=\"og:image:height\" content=\"720\" \/>\n\t<meta property=\"og:image:type\" content=\"image\/jpeg\" \/>\n<meta name=\"author\" content=\"Larissa Carvalho\" \/>\n<meta name=\"twitter:card\" content=\"summary_large_image\" \/>\n<meta name=\"twitter:label1\" content=\"Escrito por\" \/>\n\t<meta name=\"twitter:data1\" content=\"Larissa Carvalho\" \/>\n\t<meta name=\"twitter:label2\" content=\"Est. tempo de leitura\" \/>\n\t<meta name=\"twitter:data2\" content=\"3 minutos\" \/>\n<!-- \/ Yoast SEO plugin. -->","yoast_head_json":{"title":"Conhe\u00e7a a cidade onde as cal\u00e7adas tocam sinfonias quando pisadas","description":"Em Seul, algumas cal\u00e7adas tocam m\u00fasicas quando pisadas. Descubra como a cidade transforma um simples passeio em uma experi\u00eancia sonora!","robots":{"index":"index","follow":"follow","max-snippet":"max-snippet:-1","max-image-preview":"max-image-preview:large","max-video-preview":"max-video-preview:-1"},"canonical":"https:\/\/www.correiobraziliense.com.br\/cbradar\/conheca-a-cidade-onde-as-calcadas-tocam-sinfonias-quando-pisadas\/","og_locale":"pt_BR","og_type":"article","og_title":"Conhe\u00e7a a cidade onde as cal\u00e7adas tocam sinfonias quando pisadas","og_description":"Em Seul, algumas cal\u00e7adas tocam m\u00fasicas quando pisadas. Descubra como a cidade transforma um simples passeio em uma experi\u00eancia sonora!","og_url":"https:\/\/www.correiobraziliense.com.br\/cbradar\/conheca-a-cidade-onde-as-calcadas-tocam-sinfonias-quando-pisadas\/","og_site_name":"Correio Braziliense - Radar","article_published_time":"2025-03-26T12:30:00+00:00","og_image":[{"width":1280,"height":720,"url":"https:\/\/www.correiobraziliense.com.br\/cbradar\/wp-content\/uploads\/2025\/03\/Seul-coreia_1742891882674.jpg","type":"image\/jpeg"}],"author":"Larissa Carvalho","twitter_card":"summary_large_image","twitter_misc":{"Escrito por":"Larissa Carvalho","Est. tempo de leitura":"3 minutos"},"schema":{"@context":"https:\/\/schema.org","@graph":[{"@type":"WebPage","@id":"https:\/\/www.correiobraziliense.com.br\/cbradar\/conheca-a-cidade-onde-as-calcadas-tocam-sinfonias-quando-pisadas\/","url":"https:\/\/www.correiobraziliense.com.br\/cbradar\/conheca-a-cidade-onde-as-calcadas-tocam-sinfonias-quando-pisadas\/","name":"Conhe\u00e7a a cidade onde as cal\u00e7adas tocam sinfonias quando pisadas","isPartOf":{"@id":"https:\/\/www.correiobraziliense.com.br\/cbradar\/#website"},"primaryImageOfPage":{"@id":"https:\/\/www.correiobraziliense.com.br\/cbradar\/conheca-a-cidade-onde-as-calcadas-tocam-sinfonias-quando-pisadas\/#primaryimage"},"image":{"@id":"https:\/\/www.correiobraziliense.com.br\/cbradar\/conheca-a-cidade-onde-as-calcadas-tocam-sinfonias-quando-pisadas\/#primaryimage"},"thumbnailUrl":"https:\/\/www.correiobraziliense.com.br\/cbradar\/wp-content\/uploads\/2025\/03\/Seul-coreia_1742891882674.jpg","datePublished":"2025-03-26T12:30:00+00:00","author":{"@id":"https:\/\/www.correiobraziliense.com.br\/cbradar\/#\/schema\/person\/58422787644df994b53a19d3e56c1513"},"description":"Em Seul, algumas cal\u00e7adas tocam m\u00fasicas quando pisadas. Descubra como a cidade transforma um simples passeio em uma experi\u00eancia sonora!","breadcrumb":{"@id":"https:\/\/www.correiobraziliense.com.br\/cbradar\/conheca-a-cidade-onde-as-calcadas-tocam-sinfonias-quando-pisadas\/#breadcrumb"},"inLanguage":"pt-BR","potentialAction":[{"@type":"ReadAction","target":["https:\/\/www.correiobraziliense.com.br\/cbradar\/conheca-a-cidade-onde-as-calcadas-tocam-sinfonias-quando-pisadas\/"]}]},{"@type":"ImageObject","inLanguage":"pt-BR","@id":"https:\/\/www.correiobraziliense.com.br\/cbradar\/conheca-a-cidade-onde-as-calcadas-tocam-sinfonias-quando-pisadas\/#primaryimage","url":"https:\/\/www.correiobraziliense.com.br\/cbradar\/wp-content\/uploads\/2025\/03\/Seul-coreia_1742891882674.jpg","contentUrl":"https:\/\/www.correiobraziliense.com.br\/cbradar\/wp-content\/uploads\/2025\/03\/Seul-coreia_1742891882674.jpg","width":1280,"height":720,"caption":"Seul coreia. Cr\u00e9ditos: depositphotos.com \/ fenlio"},{"@type":"BreadcrumbList","@id":"https:\/\/www.correiobraziliense.com.br\/cbradar\/conheca-a-cidade-onde-as-calcadas-tocam-sinfonias-quando-pisadas\/#breadcrumb","itemListElement":[{"@type":"ListItem","position":1,"name":"In\u00edcio","item":"https:\/\/www.correiobraziliense.com.br\/cbradar\/"},{"@type":"ListItem","position":2,"name":"Conhe\u00e7a a cidade onde as cal\u00e7adas tocam sinfonias quando pisadas"}]},{"@type":"WebSite","@id":"https:\/\/www.correiobraziliense.com.br\/cbradar\/#website","url":"https:\/\/www.correiobraziliense.com.br\/cbradar\/","name":"Correio Braziliense - Radar","description":"Acompanhe as \u00faltimas not\u00edcias e fique bem informado sobre tudo o que acontece no Brasil e no mundo.","potentialAction":[{"@type":"SearchAction","target":{"@type":"EntryPoint","urlTemplate":"https:\/\/www.correiobraziliense.com.br\/cbradar\/?s={search_term_string}"},"query-input":{"@type":"PropertyValueSpecification","valueRequired":true,"valueName":"search_term_string"}}],"inLanguage":"pt-BR"},{"@type":"Person","@id":"https:\/\/www.correiobraziliense.com.br\/cbradar\/#\/schema\/person\/58422787644df994b53a19d3e56c1513","name":"Larissa Carvalho","image":{"@type":"ImageObject","inLanguage":"pt-BR","@id":"https:\/\/www.correiobraziliense.com.br\/cbradar\/#\/schema\/person\/image\/","url":"https:\/\/secure.gravatar.com\/avatar\/fe4f91a0de32b52a838d0d612abdc1aa?s=96&d=mm&r=g","contentUrl":"https:\/\/secure.gravatar.com\/avatar\/fe4f91a0de32b52a838d0d612abdc1aa?s=96&d=mm&r=g","caption":"Larissa Carvalho"},"url":"https:\/\/www.correiobraziliense.com.br\/cbradar\/author\/larissamyth\/"}]}},"_links":{"self":[{"href":"https:\/\/www.correiobraziliense.com.br\/cbradar\/wp-json\/wp\/v2\/posts\/15516","targetHints":{"allow":["GET"]}}],"collection":[{"href":"https:\/\/www.correiobraziliense.com.br\/cbradar\/wp-json\/wp\/v2\/posts"}],"about":[{"href":"https:\/\/www.correiobraziliense.com.br\/cbradar\/wp-json\/wp\/v2\/types\/post"}],"author":[{"embeddable":true,"href":"https:\/\/www.correiobraziliense.com.br\/cbradar\/wp-json\/wp\/v2\/users\/3"}],"replies":[{"embeddable":true,"href":"https:\/\/www.correiobraziliense.com.br\/cbradar\/wp-json\/wp\/v2\/comments?post=15516"}],"version-history":[{"count":1,"href":"https:\/\/www.correiobraziliense.com.br\/cbradar\/wp-json\/wp\/v2\/posts\/15516\/revisions"}],"predecessor-version":[{"id":15519,"href":"https:\/\/www.correiobraziliense.com.br\/cbradar\/wp-json\/wp\/v2\/posts\/15516\/revisions\/15519"}],"wp:featuredmedia":[{"embeddable":true,"href":"https:\/\/www.correiobraziliense.com.br\/cbradar\/wp-json\/wp\/v2\/media\/15517"}],"wp:attachment":[{"href":"https:\/\/www.correiobraziliense.com.br\/cbradar\/wp-json\/wp\/v2\/media?parent=15516"}],"wp:term":[{"taxonomy":"category","embeddable":true,"href":"https:\/\/www.correiobraziliense.com.br\/cbradar\/wp-json\/wp\/v2\/categories?post=15516"},{"taxonomy":"post_tag","embeddable":true,"href":"https:\/\/www.correiobraziliense.com.br\/cbradar\/wp-json\/wp\/v2\/tags?post=15516"}],"curies":[{"name":"wp","href":"https:\/\/api.w.org\/{rel}","templated":true}]}}